{"id":4056,"date":"2013-03-13T20:20:32","date_gmt":"2013-03-13T20:20:32","guid":{"rendered":"http:\/\/www.fieam.org.br\/site\/sesi\/?p=4056"},"modified":"2013-03-13T20:20:32","modified_gmt":"2013-03-13T20:20:32","slug":"acao-global-ja-tem-data-marcada","status":"publish","type":"post","link":"https:\/\/fieam.org.br\/sesi\/acao-global-ja-tem-data-marcada\/","title":{"rendered":"A\u00e7\u00e3o Global j\u00e1 tem data marcada"},"content":{"rendered":"<figure id=\"attachment_4057\" aria-describedby=\"caption-attachment-4057\" style=\"width: 266px\" class=\"wp-caption alignleft\"><a href=\"http:\/\/www.fieam.org.br\/site\/sesi\/acao-global-ja-tem-data-marcada\/shirley-barroso-esta-no-comando-do-evento-acao-global\/\" rel=\"attachment wp-att-4057\"><img fetchpriority=\"high\" decoding=\"async\" class=\"size-medium wp-image-4057 \" alt=\"Shirley Barroso est\u00e1 no Comando do Evento A\u00e7\u00e3o Global\" src=\"http:\/\/www.fieam.org.br\/2015\/sesi\/wp-content\/uploads\/sites\/2\/2013\/03\/Shirley-Barroso-est\u00e1-no-Comando-do-Evento-A\u00e7\u00e3o-Global-266x300.jpg\" width=\"266\" height=\"300\" \/><\/a><figcaption id=\"caption-attachment-4057\" class=\"wp-caption-text\">Shirley Barroso est\u00e1 no Comando do Evento A\u00e7\u00e3o Global<\/figcaption><\/figure>\n<p style=\"text-align: left\" align=\"center\"><a href=\"http:\/\/www.fieam.org.br\/site\/sesi\/institucional\/\" target=\"_blank\" rel=\"noopener\">O SESI Amazonas<\/a>\u00a0realizou ontem (12) a 1\u00aa reuni\u00e3o interna de planejamento e alinhamento das a\u00e7\u00f5es que ser\u00e3o oferecidas na 20\u00aa edi\u00e7\u00e3o da A\u00e7\u00e3o Global. O programa de cidadania e inclus\u00e3o social ser\u00e1 realizado em 18 de maio, das 8h \u00e0s 17h, no Clube do Trabalhador do Amazonas.<\/p>\n<p>A A\u00e7\u00e3o Global \u00e9 uma promo\u00e7\u00e3o efetiva do SESI e\u00a0<a href=\"http:\/\/redeglobo.globo.com\/\" target=\"_blank\" rel=\"noopener\">Rede Globo<\/a>, que beneficia milhares de pessoas com servi\u00e7os gratuitos de educa\u00e7\u00e3o, sa\u00fade, esporte, cultura, lazer e cidadania.<\/p>\n<p>Na edi\u00e7\u00e3o de 2012, mais de 45 mil pessoas receberam consultas m\u00e9dicas e odontol\u00f3gicas, emiss\u00e3o de documentos, de curr\u00edculos vitae, informa\u00e7\u00f5es sobre benef\u00edcios\u00a0 previdenci\u00e1rios, realizaram cadastro no programa Bolsa Fam\u00edlia, entre outros, com totaliza\u00e7\u00e3o de 90.235 atendimentos.<\/p>\n<p>Durante a reuni\u00e3o, a coordenadora t\u00e9cnica do evento, Shirley Barroso, anunciou o tema \u201cMulher\u201d para edi\u00e7\u00e3o deste ano. A tem\u00e1tica foi escolhida pelo SESI e a Rede Globo, em virtude das diversas situa\u00e7\u00f5es em que a mulher \u00e9 vulner\u00e1vel, como a viol\u00eancia, explora\u00e7\u00e3o sexual, problemas de sa\u00fade e a falta de empregabilidade.<\/p>\n<p>Por isso, a A\u00e7\u00e3o Global prev\u00ea atendimento m\u00e9dico, cadastro para capacita\u00e7\u00e3o profissional e servi\u00e7os voltados para beleza do p\u00fablico feminino.<\/p>\n<p>O pr\u00f3ximo passo ser\u00e1 a reuni\u00e3o com os parceiros externos, institui\u00e7\u00f5es p\u00fablicas e privadas no dia 26 de mar\u00e7o, no Clube do Trabalhador, S\u00e3o Jos\u00e9<\/p>\n<p>&nbsp;<\/p>\n<p>[nggallery id=163]<\/p>\n","protected":false},"excerpt":{"rendered":"<p>O SESI Amazonas\u00a0realizou ontem (12) a 1\u00aa reuni\u00e3o interna de planejamento e alinhamento das a\u00e7\u00f5es que ser\u00e3o oferecidas na 20\u00aa edi\u00e7\u00e3o da A\u00e7\u00e3o Global. O programa de cidadania e inclus\u00e3o social ser\u00e1 realizado em 18 de maio, das 8h \u00e0s 17h, no Clube do Trabalhador do Amazonas. A A\u00e7\u00e3o Global \u00e9 uma promo\u00e7\u00e3o efetiva do [&hellip;]<\/p>\n","protected":false},"author":1,"featured_media":0,"comment_status":"open","ping_status":"open","sticky":false,"template":"","format":"standard","meta":{"footnotes":""},"categories":[25],"tags":[],"class_list":["post-4056","post","type-post","status-publish","format-standard","hentry","category-news"],"yoast_head":"<!-- This site is optimized with the Yoast SEO plugin v28.2 - https:\/\/yoast.com\/product\/yoast-seo-wordpress\/ -->\n<title>A\u00e7\u00e3o Global j\u00e1 tem data marcada - SESI<\/title>\n<meta name=\"robots\" content=\"index, follow, max-snippet:-1, max-image-preview:large, max-video-preview:-1\" \/>\n<link rel=\"canonical\" href=\"https:\/\/fieam.org.br\/sesi\/acao-global-ja-tem-data-marcada\/\" \/>\n<meta property=\"og:locale\" content=\"pt_BR\" \/>\n<meta property=\"og:type\" content=\"article\" \/>\n<meta property=\"og:title\" content=\"A\u00e7\u00e3o Global j\u00e1 tem data marcada - SESI\" \/>\n<meta property=\"og:description\" content=\"O SESI Amazonas\u00a0realizou ontem (12) a 1\u00aa reuni\u00e3o interna de planejamento e alinhamento das a\u00e7\u00f5es que ser\u00e3o oferecidas na 20\u00aa edi\u00e7\u00e3o da A\u00e7\u00e3o Global. O programa de cidadania e inclus\u00e3o social ser\u00e1 realizado em 18 de maio, das 8h \u00e0s 17h, no Clube do Trabalhador do Amazonas. A A\u00e7\u00e3o Global \u00e9 uma promo\u00e7\u00e3o efetiva do [&hellip;]\" \/>\n<meta property=\"og:url\" content=\"https:\/\/fieam.org.br\/sesi\/acao-global-ja-tem-data-marcada\/\" \/>\n<meta property=\"og:site_name\" content=\"SESI\" \/>\n<meta property=\"article:published_time\" content=\"2013-03-13T20:20:32+00:00\" \/>\n<meta name=\"author\" content=\"Autor\" \/>\n<meta name=\"twitter:card\" content=\"summary_large_image\" \/>\n<meta name=\"twitter:label1\" content=\"Escrito por\" \/>\n\t<meta name=\"twitter:data1\" content=\"Autor\" \/>\n\t<meta name=\"twitter:label2\" content=\"Est. tempo de leitura\" \/>\n\t<meta name=\"twitter:data2\" content=\"1 minuto\" \/>\n<script type=\"application\/ld+json\" class=\"yoast-schema-graph\">{\"@context\":\"https:\\\/\\\/schema.org\",\"@graph\":[{\"@type\":\"Article\",\"@id\":\"https:\\\/\\\/fieam.org.br\\\/sesi\\\/acao-global-ja-tem-data-marcada\\\/#article\",\"isPartOf\":{\"@id\":\"https:\\\/\\\/fieam.org.br\\\/sesi\\\/acao-global-ja-tem-data-marcada\\\/\"},\"author\":{\"name\":\"Autor\",\"@id\":\"https:\\\/\\\/fieam.org.br\\\/sesi\\\/#\\\/schema\\\/person\\\/f54998dd14d5f0695b41444f2b01c31e\"},\"headline\":\"A\u00e7\u00e3o Global j\u00e1 tem data marcada\",\"datePublished\":\"2013-03-13T20:20:32+00:00\",\"mainEntityOfPage\":{\"@id\":\"https:\\\/\\\/fieam.org.br\\\/sesi\\\/acao-global-ja-tem-data-marcada\\\/\"},\"wordCount\":268,\"commentCount\":0,\"publisher\":{\"@id\":\"https:\\\/\\\/fieam.org.br\\\/sesi\\\/#organization\"},\"articleSection\":[\"News\"],\"inLanguage\":\"pt-BR\",\"potentialAction\":[{\"@type\":\"CommentAction\",\"name\":\"Comment\",\"target\":[\"https:\\\/\\\/fieam.org.br\\\/sesi\\\/acao-global-ja-tem-data-marcada\\\/#respond\"]}]},{\"@type\":\"WebPage\",\"@id\":\"https:\\\/\\\/fieam.org.br\\\/sesi\\\/acao-global-ja-tem-data-marcada\\\/\",\"url\":\"https:\\\/\\\/fieam.org.br\\\/sesi\\\/acao-global-ja-tem-data-marcada\\\/\",\"name\":\"A\u00e7\u00e3o Global j\u00e1 tem data marcada - SESI\",\"isPartOf\":{\"@id\":\"https:\\\/\\\/fieam.org.br\\\/sesi\\\/#website\"},\"datePublished\":\"2013-03-13T20:20:32+00:00\",\"breadcrumb\":{\"@id\":\"https:\\\/\\\/fieam.org.br\\\/sesi\\\/acao-global-ja-tem-data-marcada\\\/#breadcrumb\"},\"inLanguage\":\"pt-BR\",\"potentialAction\":[{\"@type\":\"ReadAction\",\"target\":[\"https:\\\/\\\/fieam.org.br\\\/sesi\\\/acao-global-ja-tem-data-marcada\\\/\"]}]},{\"@type\":\"BreadcrumbList\",\"@id\":\"https:\\\/\\\/fieam.org.br\\\/sesi\\\/acao-global-ja-tem-data-marcada\\\/#breadcrumb\",\"itemListElement\":[{\"@type\":\"ListItem\",\"position\":1,\"name\":\"In\u00edcio\",\"item\":\"https:\\\/\\\/fieam.org.br\\\/sesi\\\/\"},{\"@type\":\"ListItem\",\"position\":2,\"name\":\"A\u00e7\u00e3o Global j\u00e1 tem data marcada\"}]},{\"@type\":\"WebSite\",\"@id\":\"https:\\\/\\\/fieam.org.br\\\/sesi\\\/#website\",\"url\":\"https:\\\/\\\/fieam.org.br\\\/sesi\\\/\",\"name\":\"SESI\",\"description\":\"Site Oficial!\",\"publisher\":{\"@id\":\"https:\\\/\\\/fieam.org.br\\\/sesi\\\/#organization\"},\"potentialAction\":[{\"@type\":\"SearchAction\",\"target\":{\"@type\":\"EntryPoint\",\"urlTemplate\":\"https:\\\/\\\/fieam.org.br\\\/sesi\\\/?s={search_term_string}\"},\"query-input\":{\"@type\":\"PropertyValueSpecification\",\"valueRequired\":true,\"valueName\":\"search_term_string\"}}],\"inLanguage\":\"pt-BR\"},{\"@type\":\"Organization\",\"@id\":\"https:\\\/\\\/fieam.org.br\\\/sesi\\\/#organization\",\"name\":\"SESI\",\"url\":\"https:\\\/\\\/fieam.org.br\\\/sesi\\\/\",\"logo\":{\"@type\":\"ImageObject\",\"inLanguage\":\"pt-BR\",\"@id\":\"https:\\\/\\\/fieam.org.br\\\/sesi\\\/#\\\/schema\\\/logo\\\/image\\\/\",\"url\":\"https:\\\/\\\/fieam.org.br\\\/sesi\\\/wp-content\\\/uploads\\\/sites\\\/14\\\/2024\\\/03\\\/cropped-fav.png\",\"contentUrl\":\"https:\\\/\\\/fieam.org.br\\\/sesi\\\/wp-content\\\/uploads\\\/sites\\\/14\\\/2024\\\/03\\\/cropped-fav.png\",\"width\":610,\"height\":589,\"caption\":\"SESI\"},\"image\":{\"@id\":\"https:\\\/\\\/fieam.org.br\\\/sesi\\\/#\\\/schema\\\/logo\\\/image\\\/\"}},{\"@type\":\"Person\",\"@id\":\"https:\\\/\\\/fieam.org.br\\\/sesi\\\/#\\\/schema\\\/person\\\/f54998dd14d5f0695b41444f2b01c31e\",\"name\":\"Autor\",\"image\":{\"@type\":\"ImageObject\",\"inLanguage\":\"pt-BR\",\"@id\":\"https:\\\/\\\/secure.gravatar.com\\\/avatar\\\/3732c223e0e1fad69062a8f770955c9068d37b055204f310a0be18d4069fe380?s=96&d=mm&r=g\",\"url\":\"https:\\\/\\\/secure.gravatar.com\\\/avatar\\\/3732c223e0e1fad69062a8f770955c9068d37b055204f310a0be18d4069fe380?s=96&d=mm&r=g\",\"contentUrl\":\"https:\\\/\\\/secure.gravatar.com\\\/avatar\\\/3732c223e0e1fad69062a8f770955c9068d37b055204f310a0be18d4069fe380?s=96&d=mm&r=g\",\"caption\":\"Autor\"},\"sameAs\":[\"https:\\\/\\\/marketingmassivo.com.br\"],\"url\":\"https:\\\/\\\/fieam.org.br\\\/sesi\\\/author\\\/admin\\\/\"}]}<\/script>\n<!-- \/ Yoast SEO plugin. -->","yoast_head_json":{"title":"A\u00e7\u00e3o Global j\u00e1 tem data marcada - SESI","robots":{"index":"index","follow":"follow","max-snippet":"max-snippet:-1","max-image-preview":"max-image-preview:large","max-video-preview":"max-video-preview:-1"},"canonical":"https:\/\/fieam.org.br\/sesi\/acao-global-ja-tem-data-marcada\/","og_locale":"pt_BR","og_type":"article","og_title":"A\u00e7\u00e3o Global j\u00e1 tem data marcada - SESI","og_description":"O SESI Amazonas\u00a0realizou ontem (12) a 1\u00aa reuni\u00e3o interna de planejamento e alinhamento das a\u00e7\u00f5es que ser\u00e3o oferecidas na 20\u00aa edi\u00e7\u00e3o da A\u00e7\u00e3o Global. O programa de cidadania e inclus\u00e3o social ser\u00e1 realizado em 18 de maio, das 8h \u00e0s 17h, no Clube do Trabalhador do Amazonas. A A\u00e7\u00e3o Global \u00e9 uma promo\u00e7\u00e3o efetiva do [&hellip;]","og_url":"https:\/\/fieam.org.br\/sesi\/acao-global-ja-tem-data-marcada\/","og_site_name":"SESI","article_published_time":"2013-03-13T20:20:32+00:00","author":"Autor","twitter_card":"summary_large_image","twitter_misc":{"Escrito por":"Autor","Est. tempo de leitura":"1 minuto"},"schema":{"@context":"https:\/\/schema.org","@graph":[{"@type":"Article","@id":"https:\/\/fieam.org.br\/sesi\/acao-global-ja-tem-data-marcada\/#article","isPartOf":{"@id":"https:\/\/fieam.org.br\/sesi\/acao-global-ja-tem-data-marcada\/"},"author":{"name":"Autor","@id":"https:\/\/fieam.org.br\/sesi\/#\/schema\/person\/f54998dd14d5f0695b41444f2b01c31e"},"headline":"A\u00e7\u00e3o Global j\u00e1 tem data marcada","datePublished":"2013-03-13T20:20:32+00:00","mainEntityOfPage":{"@id":"https:\/\/fieam.org.br\/sesi\/acao-global-ja-tem-data-marcada\/"},"wordCount":268,"commentCount":0,"publisher":{"@id":"https:\/\/fieam.org.br\/sesi\/#organization"},"articleSection":["News"],"inLanguage":"pt-BR","potentialAction":[{"@type":"CommentAction","name":"Comment","target":["https:\/\/fieam.org.br\/sesi\/acao-global-ja-tem-data-marcada\/#respond"]}]},{"@type":"WebPage","@id":"https:\/\/fieam.org.br\/sesi\/acao-global-ja-tem-data-marcada\/","url":"https:\/\/fieam.org.br\/sesi\/acao-global-ja-tem-data-marcada\/","name":"A\u00e7\u00e3o Global j\u00e1 tem data marcada - SESI","isPartOf":{"@id":"https:\/\/fieam.org.br\/sesi\/#website"},"datePublished":"2013-03-13T20:20:32+00:00","breadcrumb":{"@id":"https:\/\/fieam.org.br\/sesi\/acao-global-ja-tem-data-marcada\/#breadcrumb"},"inLanguage":"pt-BR","potentialAction":[{"@type":"ReadAction","target":["https:\/\/fieam.org.br\/sesi\/acao-global-ja-tem-data-marcada\/"]}]},{"@type":"BreadcrumbList","@id":"https:\/\/fieam.org.br\/sesi\/acao-global-ja-tem-data-marcada\/#breadcrumb","itemListElement":[{"@type":"ListItem","position":1,"name":"In\u00edcio","item":"https:\/\/fieam.org.br\/sesi\/"},{"@type":"ListItem","position":2,"name":"A\u00e7\u00e3o Global j\u00e1 tem data marcada"}]},{"@type":"WebSite","@id":"https:\/\/fieam.org.br\/sesi\/#website","url":"https:\/\/fieam.org.br\/sesi\/","name":"SESI","description":"Site Oficial!","publisher":{"@id":"https:\/\/fieam.org.br\/sesi\/#organization"},"potentialAction":[{"@type":"SearchAction","target":{"@type":"EntryPoint","urlTemplate":"https:\/\/fieam.org.br\/sesi\/?s={search_term_string}"},"query-input":{"@type":"PropertyValueSpecification","valueRequired":true,"valueName":"search_term_string"}}],"inLanguage":"pt-BR"},{"@type":"Organization","@id":"https:\/\/fieam.org.br\/sesi\/#organization","name":"SESI","url":"https:\/\/fieam.org.br\/sesi\/","logo":{"@type":"ImageObject","inLanguage":"pt-BR","@id":"https:\/\/fieam.org.br\/sesi\/#\/schema\/logo\/image\/","url":"https:\/\/fieam.org.br\/sesi\/wp-content\/uploads\/sites\/14\/2024\/03\/cropped-fav.png","contentUrl":"https:\/\/fieam.org.br\/sesi\/wp-content\/uploads\/sites\/14\/2024\/03\/cropped-fav.png","width":610,"height":589,"caption":"SESI"},"image":{"@id":"https:\/\/fieam.org.br\/sesi\/#\/schema\/logo\/image\/"}},{"@type":"Person","@id":"https:\/\/fieam.org.br\/sesi\/#\/schema\/person\/f54998dd14d5f0695b41444f2b01c31e","name":"Autor","image":{"@type":"ImageObject","inLanguage":"pt-BR","@id":"https:\/\/secure.gravatar.com\/avatar\/3732c223e0e1fad69062a8f770955c9068d37b055204f310a0be18d4069fe380?s=96&d=mm&r=g","url":"https:\/\/secure.gravatar.com\/avatar\/3732c223e0e1fad69062a8f770955c9068d37b055204f310a0be18d4069fe380?s=96&d=mm&r=g","contentUrl":"https:\/\/secure.gravatar.com\/avatar\/3732c223e0e1fad69062a8f770955c9068d37b055204f310a0be18d4069fe380?s=96&d=mm&r=g","caption":"Autor"},"sameAs":["https:\/\/marketingmassivo.com.br"],"url":"https:\/\/fieam.org.br\/sesi\/author\/admin\/"}]}},"_links":{"self":[{"href":"https:\/\/fieam.org.br\/sesi\/wp-json\/wp\/v2\/posts\/4056","targetHints":{"allow":["GET"]}}],"collection":[{"href":"https:\/\/fieam.org.br\/sesi\/wp-json\/wp\/v2\/posts"}],"about":[{"href":"https:\/\/fieam.org.br\/sesi\/wp-json\/wp\/v2\/types\/post"}],"author":[{"embeddable":true,"href":"https:\/\/fieam.org.br\/sesi\/wp-json\/wp\/v2\/users\/1"}],"replies":[{"embeddable":true,"href":"https:\/\/fieam.org.br\/sesi\/wp-json\/wp\/v2\/comments?post=4056"}],"version-history":[{"count":0,"href":"https:\/\/fieam.org.br\/sesi\/wp-json\/wp\/v2\/posts\/4056\/revisions"}],"wp:attachment":[{"href":"https:\/\/fieam.org.br\/sesi\/wp-json\/wp\/v2\/media?parent=4056"}],"wp:term":[{"taxonomy":"category","embeddable":true,"href":"https:\/\/fieam.org.br\/sesi\/wp-json\/wp\/v2\/categories?post=4056"},{"taxonomy":"post_tag","embeddable":true,"href":"https:\/\/fieam.org.br\/sesi\/wp-json\/wp\/v2\/tags?post=4056"}],"curies":[{"name":"wp","href":"https:\/\/api.w.org\/{rel}","templated":true}]}}