{"id":4011,"date":"2013-03-13T13:18:14","date_gmt":"2013-03-13T13:18:14","guid":{"rendered":"http:\/\/www.fieam.org.br\/site\/sesi\/?p=4011"},"modified":"2013-03-13T13:18:14","modified_gmt":"2013-03-13T13:18:14","slug":"saude-do-sesi-recebe-certificacao-iso-90012008-2","status":"publish","type":"post","link":"https:\/\/fieam.org.br\/sesi\/saude-do-sesi-recebe-certificacao-iso-90012008-2\/","title":{"rendered":"Sa\u00fade do SESI recebe certifica\u00e7\u00e3o ISO 9001\/2008"},"content":{"rendered":"<p style=\"text-align: left\" align=\"center\">\n<figure id=\"attachment_4012\" aria-describedby=\"caption-attachment-4012\" style=\"width: 300px\" class=\"wp-caption alignleft\"><a href=\"http:\/\/www.fieam.org.br\/site\/sesi\/saude-do-sesi-recebe-certificacao-iso-90012008-2\/presidente-do-sistema-fieam-antonio-silva-recebeu-junto-com-seus-colaboradores-o-certificado\/\" rel=\"attachment wp-att-4012\"><img decoding=\"async\" class=\"size-medium wp-image-4012 \" alt=\"Presidente do Sistema FIEAM, Antonio Silva, recebeu junto com seus colaboradores o certificado\" src=\"http:\/\/www.fieam.org.br\/2015\/sesi\/wp-content\/uploads\/sites\/2\/2013\/03\/Presidente-do-Sistema-FIEAM-Antonio-Silva-recebeu-junto-com-seus-colaboradores-o-certificado-300x142.jpg\" width=\"300\" height=\"142\" \/><\/a><figcaption id=\"caption-attachment-4012\" class=\"wp-caption-text\">Presidente do Sistema FIEAM, Antonio Silva, recebeu junto com seus colaboradores o certificado<\/figcaption><\/figure>\n<p style=\"text-align: left\" align=\"center\"><a href=\"http:\/\/www.fieam.org.br\/site\/sesi\/institucional\/\" target=\"_blank\" rel=\"noopener\">A \u00e1rea de Sa\u00fade Assistencial do Servi\u00e7o Social da Ind\u00fastria (SESI)<\/a>\u00a0no Amazonas recebeu ontem (11) a certifica\u00e7\u00e3o ISO 9001\/2008 nos servi\u00e7os de atendimento m\u00e9dico, atendimento de enfermagem, odontologia e apoio ao diagn\u00f3stico-laborat\u00f3rio.<\/p>\n<p>A solenidade de entrega reuniu o presidente do Sistema FIEAM e diretor regional do SESI, Antonio Silva, diretores, gestores e auditores, al\u00e9m de colaboradores da \u00e1rea de Sa\u00fade.<\/p>\n<p>Desde agosto, ap\u00f3s receber a certifica\u00e7\u00e3o na \u00e1rea de Educa\u00e7\u00e3o, a institui\u00e7\u00e3o iniciou processo de prepara\u00e7\u00e3o para a certifica\u00e7\u00e3o tamb\u00e9m na Sa\u00fade.<\/p>\n<p>Na ocasi\u00e3o, o gerente de contas da TUV Rheinland, empresa avaliadora, Evander Bravim Zanoli, falou sobre que a certifica\u00e7\u00e3o \u00e9 uma confirma\u00e7\u00e3o da qualidade do SESI.<\/p>\n<p>\u201cO SESI confirma hoje que \u00e9 uma marca, uma institui\u00e7\u00e3o de confian\u00e7a, de seguran\u00e7a e de compromisso com o ser humano\u201d, disse Zanoli.<\/p>\n<p>Antonio Silva entregou a placa \u00e0 colaboradora Jamile Bichara, que h\u00e1 38 anos trabalha no SESI, sendo 25 destes como gestora da \u00e1rea de odontologia.<\/p>\n<p>\u201cAgradecemos e parabenizamos a todos pelo empenho e esfor\u00e7o que permitiram a conquista de hoje. O SESI \u00e9 um centro de refer\u00eancia em sa\u00fade para a Ind\u00fastria e para nosso Estado. N\u00e3o iremos parar por aqui, com nosso comprometimento com a qualidade, pois o mais dif\u00edcil e a recertifica\u00e7\u00e3o\u201d, disse o presidente.<\/p>\n<p>Jamile agradeceu e disse que a \u00e1rea de odontologia sempre foi um exemplo para os outros Departamentos Regionais do SESI e que sua dedica\u00e7\u00e3o em prol da institui\u00e7\u00e3o contribuiu para essa conquista.<\/p>\n<p>A diretora t\u00e9cnica do SESI, Rosana Vasconcelos, disse que o desafio se estende as \u00e1reas de Lazer e Responsabilidade Social do SESI e tamb\u00e9m a \u00e1rea de Sa\u00fade e Seguran\u00e7a no Trabalho (SST). \u201cNa \u00e1rea de SST, estamos prevendo uma reengenharia nos processos, buscando sermos mais \u00e1geis, assertivos, com pre\u00e7os mais justos, competitivos, que atendam cada vez mais a ind\u00fastria\u201d, disse Rosana.<\/p>\n<p><b>Mais sobre a Sa\u00fade Assist\u00eancia do SESI<\/b><\/p>\n<p>A Sa\u00fade Assistencial do SESI conta com 12 especialidades m\u00e9dicas e 13 odontol\u00f3gicas, al\u00e9m do apoio ao diagn\u00f3stico. Em 2012, o n\u00famero de atendimentos no ano chegou a 478.228. Os investimentos na medicina assistencial, entre 2011 e 2012, foram fundamentais para que o atendimento no laborat\u00f3rio da institui\u00e7\u00e3o saltasse de 9 mil ao m\u00eas para 14 mil.<\/p>\n<p>&nbsp;<\/p>\n<p><strong>ATENDIMENTO \u00c0 IMPRENSA<\/strong><\/p>\n<p><strong>Diretoria de Comunica\u00e7\u00e3o e Marketing do Sistema FIEAM<\/strong><br \/>\nTel: (92) 3186-6576 Fax: (92) 3233-5594<br \/>\nE-mail: imprensa@fieam.org.br<br \/>\nhttp:\/\/www.fieam.org.br<br \/>\nhttp:\/\/www.facebook.com\/sistemafieam<br \/>\nTwitter: @fieam @sesiamazonas @senaiamazonas @ielamazonas<\/p>\n<p>&nbsp;<\/p>\n<p>[nggallery id=160]<\/p>\n","protected":false},"excerpt":{"rendered":"<p>A \u00e1rea de Sa\u00fade Assistencial do Servi\u00e7o Social da Ind\u00fastria (SESI)\u00a0no Amazonas recebeu ontem (11) a certifica\u00e7\u00e3o ISO 9001\/2008 nos servi\u00e7os de atendimento m\u00e9dico, atendimento de enfermagem, odontologia e apoio ao diagn\u00f3stico-laborat\u00f3rio. A solenidade de entrega reuniu o presidente do Sistema FIEAM e diretor regional do SESI, Antonio Silva, diretores, gestores e auditores, al\u00e9m de [&hellip;]<\/p>\n","protected":false},"author":1,"featured_media":0,"comment_status":"open","ping_status":"open","sticky":false,"template":"","format":"standard","meta":{"footnotes":""},"categories":[25],"tags":[],"class_list":["post-4011","post","type-post","status-publish","format-standard","hentry","category-news"],"yoast_head":"<!-- This site is optimized with the Yoast SEO plugin v28.2 - https:\/\/yoast.com\/product\/yoast-seo-wordpress\/ -->\n<title>Sa\u00fade do SESI recebe certifica\u00e7\u00e3o ISO 9001\/2008 - SESI<\/title>\n<meta name=\"robots\" content=\"index, follow, max-snippet:-1, max-image-preview:large, max-video-preview:-1\" \/>\n<link rel=\"canonical\" href=\"https:\/\/fieam.org.br\/sesi\/saude-do-sesi-recebe-certificacao-iso-90012008-2\/\" \/>\n<meta property=\"og:locale\" content=\"pt_BR\" \/>\n<meta property=\"og:type\" content=\"article\" \/>\n<meta property=\"og:title\" content=\"Sa\u00fade do SESI recebe certifica\u00e7\u00e3o ISO 9001\/2008 - SESI\" \/>\n<meta property=\"og:description\" content=\"A \u00e1rea de Sa\u00fade Assistencial do Servi\u00e7o Social da Ind\u00fastria (SESI)\u00a0no Amazonas recebeu ontem (11) a certifica\u00e7\u00e3o ISO 9001\/2008 nos servi\u00e7os de atendimento m\u00e9dico, atendimento de enfermagem, odontologia e apoio ao diagn\u00f3stico-laborat\u00f3rio. A solenidade de entrega reuniu o presidente do Sistema FIEAM e diretor regional do SESI, Antonio Silva, diretores, gestores e auditores, al\u00e9m de [&hellip;]\" \/>\n<meta property=\"og:url\" content=\"https:\/\/fieam.org.br\/sesi\/saude-do-sesi-recebe-certificacao-iso-90012008-2\/\" \/>\n<meta property=\"og:site_name\" content=\"SESI\" \/>\n<meta property=\"article:published_time\" content=\"2013-03-13T13:18:14+00:00\" \/>\n<meta property=\"og:image\" content=\"https:\/\/fieam.org.br\/sesi\/wp-content\/uploads\/sites\/14\/2013\/03\/Presidente-do-Sistema-FIEAM-Antonio-Silva-recebeu-junto-com-seus-colaboradores-o-certificado.jpg\" \/>\n\t<meta property=\"og:image:width\" content=\"1024\" \/>\n\t<meta property=\"og:image:height\" content=\"488\" \/>\n\t<meta property=\"og:image:type\" content=\"image\/jpeg\" \/>\n<meta name=\"author\" content=\"Autor\" \/>\n<meta name=\"twitter:card\" content=\"summary_large_image\" \/>\n<meta name=\"twitter:label1\" content=\"Escrito por\" \/>\n\t<meta name=\"twitter:data1\" content=\"Autor\" \/>\n\t<meta name=\"twitter:label2\" content=\"Est. tempo de leitura\" \/>\n\t<meta name=\"twitter:data2\" content=\"2 minutos\" \/>\n<script type=\"application\/ld+json\" class=\"yoast-schema-graph\">{\"@context\":\"https:\\\/\\\/schema.org\",\"@graph\":[{\"@type\":\"Article\",\"@id\":\"https:\\\/\\\/fieam.org.br\\\/sesi\\\/saude-do-sesi-recebe-certificacao-iso-90012008-2\\\/#article\",\"isPartOf\":{\"@id\":\"https:\\\/\\\/fieam.org.br\\\/sesi\\\/saude-do-sesi-recebe-certificacao-iso-90012008-2\\\/\"},\"author\":{\"name\":\"Autor\",\"@id\":\"https:\\\/\\\/fieam.org.br\\\/sesi\\\/#\\\/schema\\\/person\\\/f54998dd14d5f0695b41444f2b01c31e\"},\"headline\":\"Sa\u00fade do SESI recebe certifica\u00e7\u00e3o ISO 9001\\\/2008\",\"datePublished\":\"2013-03-13T13:18:14+00:00\",\"mainEntityOfPage\":{\"@id\":\"https:\\\/\\\/fieam.org.br\\\/sesi\\\/saude-do-sesi-recebe-certificacao-iso-90012008-2\\\/\"},\"wordCount\":468,\"commentCount\":0,\"publisher\":{\"@id\":\"https:\\\/\\\/fieam.org.br\\\/sesi\\\/#organization\"},\"image\":{\"@id\":\"https:\\\/\\\/fieam.org.br\\\/sesi\\\/saude-do-sesi-recebe-certificacao-iso-90012008-2\\\/#primaryimage\"},\"thumbnailUrl\":\"http:\\\/\\\/www.fieam.org.br\\\/2015\\\/sesi\\\/wp-content\\\/uploads\\\/sites\\\/2\\\/2013\\\/03\\\/Presidente-do-Sistema-FIEAM-Antonio-Silva-recebeu-junto-com-seus-colaboradores-o-certificado-300x142.jpg\",\"articleSection\":[\"News\"],\"inLanguage\":\"pt-BR\",\"potentialAction\":[{\"@type\":\"CommentAction\",\"name\":\"Comment\",\"target\":[\"https:\\\/\\\/fieam.org.br\\\/sesi\\\/saude-do-sesi-recebe-certificacao-iso-90012008-2\\\/#respond\"]}]},{\"@type\":\"WebPage\",\"@id\":\"https:\\\/\\\/fieam.org.br\\\/sesi\\\/saude-do-sesi-recebe-certificacao-iso-90012008-2\\\/\",\"url\":\"https:\\\/\\\/fieam.org.br\\\/sesi\\\/saude-do-sesi-recebe-certificacao-iso-90012008-2\\\/\",\"name\":\"Sa\u00fade do SESI recebe certifica\u00e7\u00e3o ISO 9001\\\/2008 - SESI\",\"isPartOf\":{\"@id\":\"https:\\\/\\\/fieam.org.br\\\/sesi\\\/#website\"},\"primaryImageOfPage\":{\"@id\":\"https:\\\/\\\/fieam.org.br\\\/sesi\\\/saude-do-sesi-recebe-certificacao-iso-90012008-2\\\/#primaryimage\"},\"image\":{\"@id\":\"https:\\\/\\\/fieam.org.br\\\/sesi\\\/saude-do-sesi-recebe-certificacao-iso-90012008-2\\\/#primaryimage\"},\"thumbnailUrl\":\"http:\\\/\\\/www.fieam.org.br\\\/2015\\\/sesi\\\/wp-content\\\/uploads\\\/sites\\\/2\\\/2013\\\/03\\\/Presidente-do-Sistema-FIEAM-Antonio-Silva-recebeu-junto-com-seus-colaboradores-o-certificado-300x142.jpg\",\"datePublished\":\"2013-03-13T13:18:14+00:00\",\"breadcrumb\":{\"@id\":\"https:\\\/\\\/fieam.org.br\\\/sesi\\\/saude-do-sesi-recebe-certificacao-iso-90012008-2\\\/#breadcrumb\"},\"inLanguage\":\"pt-BR\",\"potentialAction\":[{\"@type\":\"ReadAction\",\"target\":[\"https:\\\/\\\/fieam.org.br\\\/sesi\\\/saude-do-sesi-recebe-certificacao-iso-90012008-2\\\/\"]}]},{\"@type\":\"ImageObject\",\"inLanguage\":\"pt-BR\",\"@id\":\"https:\\\/\\\/fieam.org.br\\\/sesi\\\/saude-do-sesi-recebe-certificacao-iso-90012008-2\\\/#primaryimage\",\"url\":\"http:\\\/\\\/www.fieam.org.br\\\/2015\\\/sesi\\\/wp-content\\\/uploads\\\/sites\\\/2\\\/2013\\\/03\\\/Presidente-do-Sistema-FIEAM-Antonio-Silva-recebeu-junto-com-seus-colaboradores-o-certificado-300x142.jpg\",\"contentUrl\":\"http:\\\/\\\/www.fieam.org.br\\\/2015\\\/sesi\\\/wp-content\\\/uploads\\\/sites\\\/2\\\/2013\\\/03\\\/Presidente-do-Sistema-FIEAM-Antonio-Silva-recebeu-junto-com-seus-colaboradores-o-certificado-300x142.jpg\"},{\"@type\":\"BreadcrumbList\",\"@id\":\"https:\\\/\\\/fieam.org.br\\\/sesi\\\/saude-do-sesi-recebe-certificacao-iso-90012008-2\\\/#breadcrumb\",\"itemListElement\":[{\"@type\":\"ListItem\",\"position\":1,\"name\":\"In\u00edcio\",\"item\":\"https:\\\/\\\/fieam.org.br\\\/sesi\\\/\"},{\"@type\":\"ListItem\",\"position\":2,\"name\":\"Sa\u00fade do SESI recebe certifica\u00e7\u00e3o ISO 9001\\\/2008\"}]},{\"@type\":\"WebSite\",\"@id\":\"https:\\\/\\\/fieam.org.br\\\/sesi\\\/#website\",\"url\":\"https:\\\/\\\/fieam.org.br\\\/sesi\\\/\",\"name\":\"SESI\",\"description\":\"Site Oficial!\",\"publisher\":{\"@id\":\"https:\\\/\\\/fieam.org.br\\\/sesi\\\/#organization\"},\"potentialAction\":[{\"@type\":\"SearchAction\",\"target\":{\"@type\":\"EntryPoint\",\"urlTemplate\":\"https:\\\/\\\/fieam.org.br\\\/sesi\\\/?s={search_term_string}\"},\"query-input\":{\"@type\":\"PropertyValueSpecification\",\"valueRequired\":true,\"valueName\":\"search_term_string\"}}],\"inLanguage\":\"pt-BR\"},{\"@type\":\"Organization\",\"@id\":\"https:\\\/\\\/fieam.org.br\\\/sesi\\\/#organization\",\"name\":\"SESI\",\"url\":\"https:\\\/\\\/fieam.org.br\\\/sesi\\\/\",\"logo\":{\"@type\":\"ImageObject\",\"inLanguage\":\"pt-BR\",\"@id\":\"https:\\\/\\\/fieam.org.br\\\/sesi\\\/#\\\/schema\\\/logo\\\/image\\\/\",\"url\":\"https:\\\/\\\/fieam.org.br\\\/sesi\\\/wp-content\\\/uploads\\\/sites\\\/14\\\/2024\\\/03\\\/cropped-fav.png\",\"contentUrl\":\"https:\\\/\\\/fieam.org.br\\\/sesi\\\/wp-content\\\/uploads\\\/sites\\\/14\\\/2024\\\/03\\\/cropped-fav.png\",\"width\":610,\"height\":589,\"caption\":\"SESI\"},\"image\":{\"@id\":\"https:\\\/\\\/fieam.org.br\\\/sesi\\\/#\\\/schema\\\/logo\\\/image\\\/\"}},{\"@type\":\"Person\",\"@id\":\"https:\\\/\\\/fieam.org.br\\\/sesi\\\/#\\\/schema\\\/person\\\/f54998dd14d5f0695b41444f2b01c31e\",\"name\":\"Autor\",\"image\":{\"@type\":\"ImageObject\",\"inLanguage\":\"pt-BR\",\"@id\":\"https:\\\/\\\/secure.gravatar.com\\\/avatar\\\/3732c223e0e1fad69062a8f770955c9068d37b055204f310a0be18d4069fe380?s=96&d=mm&r=g\",\"url\":\"https:\\\/\\\/secure.gravatar.com\\\/avatar\\\/3732c223e0e1fad69062a8f770955c9068d37b055204f310a0be18d4069fe380?s=96&d=mm&r=g\",\"contentUrl\":\"https:\\\/\\\/secure.gravatar.com\\\/avatar\\\/3732c223e0e1fad69062a8f770955c9068d37b055204f310a0be18d4069fe380?s=96&d=mm&r=g\",\"caption\":\"Autor\"},\"sameAs\":[\"https:\\\/\\\/marketingmassivo.com.br\"],\"url\":\"https:\\\/\\\/fieam.org.br\\\/sesi\\\/author\\\/admin\\\/\"}]}<\/script>\n<!-- \/ Yoast SEO plugin. -->","yoast_head_json":{"title":"Sa\u00fade do SESI recebe certifica\u00e7\u00e3o ISO 9001\/2008 - SESI","robots":{"index":"index","follow":"follow","max-snippet":"max-snippet:-1","max-image-preview":"max-image-preview:large","max-video-preview":"max-video-preview:-1"},"canonical":"https:\/\/fieam.org.br\/sesi\/saude-do-sesi-recebe-certificacao-iso-90012008-2\/","og_locale":"pt_BR","og_type":"article","og_title":"Sa\u00fade do SESI recebe certifica\u00e7\u00e3o ISO 9001\/2008 - SESI","og_description":"A \u00e1rea de Sa\u00fade Assistencial do Servi\u00e7o Social da Ind\u00fastria (SESI)\u00a0no Amazonas recebeu ontem (11) a certifica\u00e7\u00e3o ISO 9001\/2008 nos servi\u00e7os de atendimento m\u00e9dico, atendimento de enfermagem, odontologia e apoio ao diagn\u00f3stico-laborat\u00f3rio. A solenidade de entrega reuniu o presidente do Sistema FIEAM e diretor regional do SESI, Antonio Silva, diretores, gestores e auditores, al\u00e9m de [&hellip;]","og_url":"https:\/\/fieam.org.br\/sesi\/saude-do-sesi-recebe-certificacao-iso-90012008-2\/","og_site_name":"SESI","article_published_time":"2013-03-13T13:18:14+00:00","og_image":[{"width":1024,"height":488,"url":"https:\/\/fieam.org.br\/sesi\/wp-content\/uploads\/sites\/14\/2013\/03\/Presidente-do-Sistema-FIEAM-Antonio-Silva-recebeu-junto-com-seus-colaboradores-o-certificado.jpg","type":"image\/jpeg"}],"author":"Autor","twitter_card":"summary_large_image","twitter_misc":{"Escrito por":"Autor","Est. tempo de leitura":"2 minutos"},"schema":{"@context":"https:\/\/schema.org","@graph":[{"@type":"Article","@id":"https:\/\/fieam.org.br\/sesi\/saude-do-sesi-recebe-certificacao-iso-90012008-2\/#article","isPartOf":{"@id":"https:\/\/fieam.org.br\/sesi\/saude-do-sesi-recebe-certificacao-iso-90012008-2\/"},"author":{"name":"Autor","@id":"https:\/\/fieam.org.br\/sesi\/#\/schema\/person\/f54998dd14d5f0695b41444f2b01c31e"},"headline":"Sa\u00fade do SESI recebe certifica\u00e7\u00e3o ISO 9001\/2008","datePublished":"2013-03-13T13:18:14+00:00","mainEntityOfPage":{"@id":"https:\/\/fieam.org.br\/sesi\/saude-do-sesi-recebe-certificacao-iso-90012008-2\/"},"wordCount":468,"commentCount":0,"publisher":{"@id":"https:\/\/fieam.org.br\/sesi\/#organization"},"image":{"@id":"https:\/\/fieam.org.br\/sesi\/saude-do-sesi-recebe-certificacao-iso-90012008-2\/#primaryimage"},"thumbnailUrl":"http:\/\/www.fieam.org.br\/2015\/sesi\/wp-content\/uploads\/sites\/2\/2013\/03\/Presidente-do-Sistema-FIEAM-Antonio-Silva-recebeu-junto-com-seus-colaboradores-o-certificado-300x142.jpg","articleSection":["News"],"inLanguage":"pt-BR","potentialAction":[{"@type":"CommentAction","name":"Comment","target":["https:\/\/fieam.org.br\/sesi\/saude-do-sesi-recebe-certificacao-iso-90012008-2\/#respond"]}]},{"@type":"WebPage","@id":"https:\/\/fieam.org.br\/sesi\/saude-do-sesi-recebe-certificacao-iso-90012008-2\/","url":"https:\/\/fieam.org.br\/sesi\/saude-do-sesi-recebe-certificacao-iso-90012008-2\/","name":"Sa\u00fade do SESI recebe certifica\u00e7\u00e3o ISO 9001\/2008 - SESI","isPartOf":{"@id":"https:\/\/fieam.org.br\/sesi\/#website"},"primaryImageOfPage":{"@id":"https:\/\/fieam.org.br\/sesi\/saude-do-sesi-recebe-certificacao-iso-90012008-2\/#primaryimage"},"image":{"@id":"https:\/\/fieam.org.br\/sesi\/saude-do-sesi-recebe-certificacao-iso-90012008-2\/#primaryimage"},"thumbnailUrl":"http:\/\/www.fieam.org.br\/2015\/sesi\/wp-content\/uploads\/sites\/2\/2013\/03\/Presidente-do-Sistema-FIEAM-Antonio-Silva-recebeu-junto-com-seus-colaboradores-o-certificado-300x142.jpg","datePublished":"2013-03-13T13:18:14+00:00","breadcrumb":{"@id":"https:\/\/fieam.org.br\/sesi\/saude-do-sesi-recebe-certificacao-iso-90012008-2\/#breadcrumb"},"inLanguage":"pt-BR","potentialAction":[{"@type":"ReadAction","target":["https:\/\/fieam.org.br\/sesi\/saude-do-sesi-recebe-certificacao-iso-90012008-2\/"]}]},{"@type":"ImageObject","inLanguage":"pt-BR","@id":"https:\/\/fieam.org.br\/sesi\/saude-do-sesi-recebe-certificacao-iso-90012008-2\/#primaryimage","url":"http:\/\/www.fieam.org.br\/2015\/sesi\/wp-content\/uploads\/sites\/2\/2013\/03\/Presidente-do-Sistema-FIEAM-Antonio-Silva-recebeu-junto-com-seus-colaboradores-o-certificado-300x142.jpg","contentUrl":"http:\/\/www.fieam.org.br\/2015\/sesi\/wp-content\/uploads\/sites\/2\/2013\/03\/Presidente-do-Sistema-FIEAM-Antonio-Silva-recebeu-junto-com-seus-colaboradores-o-certificado-300x142.jpg"},{"@type":"BreadcrumbList","@id":"https:\/\/fieam.org.br\/sesi\/saude-do-sesi-recebe-certificacao-iso-90012008-2\/#breadcrumb","itemListElement":[{"@type":"ListItem","position":1,"name":"In\u00edcio","item":"https:\/\/fieam.org.br\/sesi\/"},{"@type":"ListItem","position":2,"name":"Sa\u00fade do SESI recebe certifica\u00e7\u00e3o ISO 9001\/2008"}]},{"@type":"WebSite","@id":"https:\/\/fieam.org.br\/sesi\/#website","url":"https:\/\/fieam.org.br\/sesi\/","name":"SESI","description":"Site Oficial!","publisher":{"@id":"https:\/\/fieam.org.br\/sesi\/#organization"},"potentialAction":[{"@type":"SearchAction","target":{"@type":"EntryPoint","urlTemplate":"https:\/\/fieam.org.br\/sesi\/?s={search_term_string}"},"query-input":{"@type":"PropertyValueSpecification","valueRequired":true,"valueName":"search_term_string"}}],"inLanguage":"pt-BR"},{"@type":"Organization","@id":"https:\/\/fieam.org.br\/sesi\/#organization","name":"SESI","url":"https:\/\/fieam.org.br\/sesi\/","logo":{"@type":"ImageObject","inLanguage":"pt-BR","@id":"https:\/\/fieam.org.br\/sesi\/#\/schema\/logo\/image\/","url":"https:\/\/fieam.org.br\/sesi\/wp-content\/uploads\/sites\/14\/2024\/03\/cropped-fav.png","contentUrl":"https:\/\/fieam.org.br\/sesi\/wp-content\/uploads\/sites\/14\/2024\/03\/cropped-fav.png","width":610,"height":589,"caption":"SESI"},"image":{"@id":"https:\/\/fieam.org.br\/sesi\/#\/schema\/logo\/image\/"}},{"@type":"Person","@id":"https:\/\/fieam.org.br\/sesi\/#\/schema\/person\/f54998dd14d5f0695b41444f2b01c31e","name":"Autor","image":{"@type":"ImageObject","inLanguage":"pt-BR","@id":"https:\/\/secure.gravatar.com\/avatar\/3732c223e0e1fad69062a8f770955c9068d37b055204f310a0be18d4069fe380?s=96&d=mm&r=g","url":"https:\/\/secure.gravatar.com\/avatar\/3732c223e0e1fad69062a8f770955c9068d37b055204f310a0be18d4069fe380?s=96&d=mm&r=g","contentUrl":"https:\/\/secure.gravatar.com\/avatar\/3732c223e0e1fad69062a8f770955c9068d37b055204f310a0be18d4069fe380?s=96&d=mm&r=g","caption":"Autor"},"sameAs":["https:\/\/marketingmassivo.com.br"],"url":"https:\/\/fieam.org.br\/sesi\/author\/admin\/"}]}},"_links":{"self":[{"href":"https:\/\/fieam.org.br\/sesi\/wp-json\/wp\/v2\/posts\/4011","targetHints":{"allow":["GET"]}}],"collection":[{"href":"https:\/\/fieam.org.br\/sesi\/wp-json\/wp\/v2\/posts"}],"about":[{"href":"https:\/\/fieam.org.br\/sesi\/wp-json\/wp\/v2\/types\/post"}],"author":[{"embeddable":true,"href":"https:\/\/fieam.org.br\/sesi\/wp-json\/wp\/v2\/users\/1"}],"replies":[{"embeddable":true,"href":"https:\/\/fieam.org.br\/sesi\/wp-json\/wp\/v2\/comments?post=4011"}],"version-history":[{"count":0,"href":"https:\/\/fieam.org.br\/sesi\/wp-json\/wp\/v2\/posts\/4011\/revisions"}],"wp:attachment":[{"href":"https:\/\/fieam.org.br\/sesi\/wp-json\/wp\/v2\/media?parent=4011"}],"wp:term":[{"taxonomy":"category","embeddable":true,"href":"https:\/\/fieam.org.br\/sesi\/wp-json\/wp\/v2\/categories?post=4011"},{"taxonomy":"post_tag","embeddable":true,"href":"https:\/\/fieam.org.br\/sesi\/wp-json\/wp\/v2\/tags?post=4011"}],"curies":[{"name":"wp","href":"https:\/\/api.w.org\/{rel}","templated":true}]}}