{"id":3979,"date":"2013-03-07T13:50:01","date_gmt":"2013-03-07T13:50:01","guid":{"rendered":"http:\/\/www.fieam.org.br\/site\/sesi\/?p=3979"},"modified":"2013-03-07T13:50:01","modified_gmt":"2013-03-07T13:50:01","slug":"sesi-amplia-programa-atleta-do-futuro-2","status":"publish","type":"post","link":"https:\/\/fieam.org.br\/sesi\/sesi-amplia-programa-atleta-do-futuro-2\/","title":{"rendered":"SESI amplia programa Atleta do Futuro"},"content":{"rendered":"<p>O Programa SESI Atleta do Futuro, realizado pelo\u00a0<a href=\"http:\/\/www.fieam.org.br\/site\/sesi\/institucional\/\" target=\"_blank\" rel=\"noopener\">Servi\u00e7o Social da Ind\u00fastria<\/a>, em parceria com a\u00a0<a href=\"http:\/\/www.seduc.am.gov.br\/\" target=\"_blank\" rel=\"noopener\">Secretaria do Estado de Educa\u00e7\u00e3o do Amazonas (Seduc)<\/a>e a\u00a0<a href=\"http:\/\/semdej.manaus.am.gov.br\/\" target=\"_blank\" rel=\"noopener\">Secretaria Municipal de Desporto e Lazer (Semdej)<\/a>, e a\u00a0<a href=\"http:\/\/www.cocacolabrasil.com.br\/\" target=\"_blank\" rel=\"noopener\">empresa Recofarma<\/a>, este ano ter\u00e1 amplia\u00e7\u00e3o de parceiros, as empresas Manaus Ambiental e Salcomp, e do n\u00famero de modalidades esportivas.<\/p>\n<p>Os alunos das Escolas Estaduais Myrthes Trigueiro (Coroado II) e General Sampaio (S\u00e3o Jorge), alvos do programa, come\u00e7aram os treinos com as modalidades de dan\u00e7a e futsal masculino e t\u00eanis de mesa. Com a amplia\u00e7\u00e3o, haver\u00e1 aulas de atletismo, handebol, futsal feminino e jiu-j\u00edtsu.<\/p>\n<p>O lan\u00e7amento das modalidades e assinatura de contrato de parceria ser\u00e1 realizado, nesta sexta-feira (8), \u00e0s 19 horas, no Clube do Trabalhador, bairro S\u00e3o Jos\u00e9 I, zona Leste. De acordo com o contrato, que tem validade de um ano, as empresas ficam respons\u00e1veis pelo repasse de dinheiro para aquisi\u00e7\u00e3o de material esportivo utilizado pelos atletas.<\/p>\n<p>O Projeto SESI Atleta do Futuro atende hoje cerca de 1,2 mil alunos com idade entre 6 e 17 anos, matriculados\u00a0 nas\u00a0 Escolas estaduais, General Sampaio, no bairro de S\u00e3o Jorge e Mirtes Trigueiro. De acordo com a gerente de lazer, cultura e esporte do SESI, Nelsi Luni\u00e8re, o SAF \u00e9 um projeto pedag\u00f3gico que complementa a forma\u00e7\u00e3o do cidad\u00e3o, usando o esporte como ferramenta.<\/p>\n<p>Segundo Luni\u00e8re, o programa disp\u00f5e de equipe multidisciplinar com assistente social, psic\u00f3logo, profissionais de educa\u00e7\u00e3o f\u00edsica e t\u00e9cnicos da \u00e1rea de lazer, e beneficia os alunos com as modalidades esportivas.<\/p>\n","protected":false},"excerpt":{"rendered":"<p>O Programa SESI Atleta do Futuro, realizado pelo\u00a0Servi\u00e7o Social da Ind\u00fastria, em parceria com a\u00a0Secretaria do Estado de Educa\u00e7\u00e3o do Amazonas (Seduc)e a\u00a0Secretaria Municipal de Desporto e Lazer (Semdej), e a\u00a0empresa Recofarma, este ano ter\u00e1 amplia\u00e7\u00e3o de parceiros, as empresas Manaus Ambiental e Salcomp, e do n\u00famero de modalidades esportivas. Os alunos das Escolas Estaduais [&hellip;]<\/p>\n","protected":false},"author":1,"featured_media":0,"comment_status":"open","ping_status":"open","sticky":false,"template":"","format":"standard","meta":{"footnotes":""},"categories":[25],"tags":[],"class_list":["post-3979","post","type-post","status-publish","format-standard","hentry","category-news"],"yoast_head":"<!-- This site is optimized with the Yoast SEO plugin v28.2 - https:\/\/yoast.com\/product\/yoast-seo-wordpress\/ -->\n<title>SESI amplia programa Atleta do Futuro - SESI<\/title>\n<meta name=\"robots\" content=\"index, follow, max-snippet:-1, max-image-preview:large, max-video-preview:-1\" \/>\n<link rel=\"canonical\" href=\"https:\/\/fieam.org.br\/sesi\/sesi-amplia-programa-atleta-do-futuro-2\/\" \/>\n<meta property=\"og:locale\" content=\"pt_BR\" \/>\n<meta property=\"og:type\" content=\"article\" \/>\n<meta property=\"og:title\" content=\"SESI amplia programa Atleta do Futuro - SESI\" \/>\n<meta property=\"og:description\" content=\"O Programa SESI Atleta do Futuro, realizado pelo\u00a0Servi\u00e7o Social da Ind\u00fastria, em parceria com a\u00a0Secretaria do Estado de Educa\u00e7\u00e3o do Amazonas (Seduc)e a\u00a0Secretaria Municipal de Desporto e Lazer (Semdej), e a\u00a0empresa Recofarma, este ano ter\u00e1 amplia\u00e7\u00e3o de parceiros, as empresas Manaus Ambiental e Salcomp, e do n\u00famero de modalidades esportivas. Os alunos das Escolas Estaduais [&hellip;]\" \/>\n<meta property=\"og:url\" content=\"https:\/\/fieam.org.br\/sesi\/sesi-amplia-programa-atleta-do-futuro-2\/\" \/>\n<meta property=\"og:site_name\" content=\"SESI\" \/>\n<meta property=\"article:published_time\" content=\"2013-03-07T13:50:01+00:00\" \/>\n<meta name=\"author\" content=\"Autor\" \/>\n<meta name=\"twitter:card\" content=\"summary_large_image\" \/>\n<meta name=\"twitter:label1\" content=\"Escrito por\" \/>\n\t<meta name=\"twitter:data1\" content=\"Autor\" \/>\n\t<meta name=\"twitter:label2\" content=\"Est. tempo de leitura\" \/>\n\t<meta name=\"twitter:data2\" content=\"1 minuto\" \/>\n<script type=\"application\/ld+json\" class=\"yoast-schema-graph\">{\"@context\":\"https:\\\/\\\/schema.org\",\"@graph\":[{\"@type\":\"Article\",\"@id\":\"https:\\\/\\\/fieam.org.br\\\/sesi\\\/sesi-amplia-programa-atleta-do-futuro-2\\\/#article\",\"isPartOf\":{\"@id\":\"https:\\\/\\\/fieam.org.br\\\/sesi\\\/sesi-amplia-programa-atleta-do-futuro-2\\\/\"},\"author\":{\"name\":\"Autor\",\"@id\":\"https:\\\/\\\/fieam.org.br\\\/sesi\\\/#\\\/schema\\\/person\\\/f54998dd14d5f0695b41444f2b01c31e\"},\"headline\":\"SESI amplia programa Atleta do Futuro\",\"datePublished\":\"2013-03-07T13:50:01+00:00\",\"mainEntityOfPage\":{\"@id\":\"https:\\\/\\\/fieam.org.br\\\/sesi\\\/sesi-amplia-programa-atleta-do-futuro-2\\\/\"},\"wordCount\":275,\"commentCount\":0,\"publisher\":{\"@id\":\"https:\\\/\\\/fieam.org.br\\\/sesi\\\/#organization\"},\"articleSection\":[\"News\"],\"inLanguage\":\"pt-BR\",\"potentialAction\":[{\"@type\":\"CommentAction\",\"name\":\"Comment\",\"target\":[\"https:\\\/\\\/fieam.org.br\\\/sesi\\\/sesi-amplia-programa-atleta-do-futuro-2\\\/#respond\"]}]},{\"@type\":\"WebPage\",\"@id\":\"https:\\\/\\\/fieam.org.br\\\/sesi\\\/sesi-amplia-programa-atleta-do-futuro-2\\\/\",\"url\":\"https:\\\/\\\/fieam.org.br\\\/sesi\\\/sesi-amplia-programa-atleta-do-futuro-2\\\/\",\"name\":\"SESI amplia programa Atleta do Futuro - SESI\",\"isPartOf\":{\"@id\":\"https:\\\/\\\/fieam.org.br\\\/sesi\\\/#website\"},\"datePublished\":\"2013-03-07T13:50:01+00:00\",\"breadcrumb\":{\"@id\":\"https:\\\/\\\/fieam.org.br\\\/sesi\\\/sesi-amplia-programa-atleta-do-futuro-2\\\/#breadcrumb\"},\"inLanguage\":\"pt-BR\",\"potentialAction\":[{\"@type\":\"ReadAction\",\"target\":[\"https:\\\/\\\/fieam.org.br\\\/sesi\\\/sesi-amplia-programa-atleta-do-futuro-2\\\/\"]}]},{\"@type\":\"BreadcrumbList\",\"@id\":\"https:\\\/\\\/fieam.org.br\\\/sesi\\\/sesi-amplia-programa-atleta-do-futuro-2\\\/#breadcrumb\",\"itemListElement\":[{\"@type\":\"ListItem\",\"position\":1,\"name\":\"In\u00edcio\",\"item\":\"https:\\\/\\\/fieam.org.br\\\/sesi\\\/\"},{\"@type\":\"ListItem\",\"position\":2,\"name\":\"SESI amplia programa Atleta do Futuro\"}]},{\"@type\":\"WebSite\",\"@id\":\"https:\\\/\\\/fieam.org.br\\\/sesi\\\/#website\",\"url\":\"https:\\\/\\\/fieam.org.br\\\/sesi\\\/\",\"name\":\"SESI\",\"description\":\"Site Oficial!\",\"publisher\":{\"@id\":\"https:\\\/\\\/fieam.org.br\\\/sesi\\\/#organization\"},\"potentialAction\":[{\"@type\":\"SearchAction\",\"target\":{\"@type\":\"EntryPoint\",\"urlTemplate\":\"https:\\\/\\\/fieam.org.br\\\/sesi\\\/?s={search_term_string}\"},\"query-input\":{\"@type\":\"PropertyValueSpecification\",\"valueRequired\":true,\"valueName\":\"search_term_string\"}}],\"inLanguage\":\"pt-BR\"},{\"@type\":\"Organization\",\"@id\":\"https:\\\/\\\/fieam.org.br\\\/sesi\\\/#organization\",\"name\":\"SESI\",\"url\":\"https:\\\/\\\/fieam.org.br\\\/sesi\\\/\",\"logo\":{\"@type\":\"ImageObject\",\"inLanguage\":\"pt-BR\",\"@id\":\"https:\\\/\\\/fieam.org.br\\\/sesi\\\/#\\\/schema\\\/logo\\\/image\\\/\",\"url\":\"https:\\\/\\\/fieam.org.br\\\/sesi\\\/wp-content\\\/uploads\\\/sites\\\/14\\\/2024\\\/03\\\/cropped-fav.png\",\"contentUrl\":\"https:\\\/\\\/fieam.org.br\\\/sesi\\\/wp-content\\\/uploads\\\/sites\\\/14\\\/2024\\\/03\\\/cropped-fav.png\",\"width\":610,\"height\":589,\"caption\":\"SESI\"},\"image\":{\"@id\":\"https:\\\/\\\/fieam.org.br\\\/sesi\\\/#\\\/schema\\\/logo\\\/image\\\/\"}},{\"@type\":\"Person\",\"@id\":\"https:\\\/\\\/fieam.org.br\\\/sesi\\\/#\\\/schema\\\/person\\\/f54998dd14d5f0695b41444f2b01c31e\",\"name\":\"Autor\",\"image\":{\"@type\":\"ImageObject\",\"inLanguage\":\"pt-BR\",\"@id\":\"https:\\\/\\\/secure.gravatar.com\\\/avatar\\\/3732c223e0e1fad69062a8f770955c9068d37b055204f310a0be18d4069fe380?s=96&d=mm&r=g\",\"url\":\"https:\\\/\\\/secure.gravatar.com\\\/avatar\\\/3732c223e0e1fad69062a8f770955c9068d37b055204f310a0be18d4069fe380?s=96&d=mm&r=g\",\"contentUrl\":\"https:\\\/\\\/secure.gravatar.com\\\/avatar\\\/3732c223e0e1fad69062a8f770955c9068d37b055204f310a0be18d4069fe380?s=96&d=mm&r=g\",\"caption\":\"Autor\"},\"sameAs\":[\"https:\\\/\\\/marketingmassivo.com.br\"],\"url\":\"https:\\\/\\\/fieam.org.br\\\/sesi\\\/author\\\/admin\\\/\"}]}<\/script>\n<!-- \/ Yoast SEO plugin. -->","yoast_head_json":{"title":"SESI amplia programa Atleta do Futuro - SESI","robots":{"index":"index","follow":"follow","max-snippet":"max-snippet:-1","max-image-preview":"max-image-preview:large","max-video-preview":"max-video-preview:-1"},"canonical":"https:\/\/fieam.org.br\/sesi\/sesi-amplia-programa-atleta-do-futuro-2\/","og_locale":"pt_BR","og_type":"article","og_title":"SESI amplia programa Atleta do Futuro - SESI","og_description":"O Programa SESI Atleta do Futuro, realizado pelo\u00a0Servi\u00e7o Social da Ind\u00fastria, em parceria com a\u00a0Secretaria do Estado de Educa\u00e7\u00e3o do Amazonas (Seduc)e a\u00a0Secretaria Municipal de Desporto e Lazer (Semdej), e a\u00a0empresa Recofarma, este ano ter\u00e1 amplia\u00e7\u00e3o de parceiros, as empresas Manaus Ambiental e Salcomp, e do n\u00famero de modalidades esportivas. Os alunos das Escolas Estaduais [&hellip;]","og_url":"https:\/\/fieam.org.br\/sesi\/sesi-amplia-programa-atleta-do-futuro-2\/","og_site_name":"SESI","article_published_time":"2013-03-07T13:50:01+00:00","author":"Autor","twitter_card":"summary_large_image","twitter_misc":{"Escrito por":"Autor","Est. tempo de leitura":"1 minuto"},"schema":{"@context":"https:\/\/schema.org","@graph":[{"@type":"Article","@id":"https:\/\/fieam.org.br\/sesi\/sesi-amplia-programa-atleta-do-futuro-2\/#article","isPartOf":{"@id":"https:\/\/fieam.org.br\/sesi\/sesi-amplia-programa-atleta-do-futuro-2\/"},"author":{"name":"Autor","@id":"https:\/\/fieam.org.br\/sesi\/#\/schema\/person\/f54998dd14d5f0695b41444f2b01c31e"},"headline":"SESI amplia programa Atleta do Futuro","datePublished":"2013-03-07T13:50:01+00:00","mainEntityOfPage":{"@id":"https:\/\/fieam.org.br\/sesi\/sesi-amplia-programa-atleta-do-futuro-2\/"},"wordCount":275,"commentCount":0,"publisher":{"@id":"https:\/\/fieam.org.br\/sesi\/#organization"},"articleSection":["News"],"inLanguage":"pt-BR","potentialAction":[{"@type":"CommentAction","name":"Comment","target":["https:\/\/fieam.org.br\/sesi\/sesi-amplia-programa-atleta-do-futuro-2\/#respond"]}]},{"@type":"WebPage","@id":"https:\/\/fieam.org.br\/sesi\/sesi-amplia-programa-atleta-do-futuro-2\/","url":"https:\/\/fieam.org.br\/sesi\/sesi-amplia-programa-atleta-do-futuro-2\/","name":"SESI amplia programa Atleta do Futuro - SESI","isPartOf":{"@id":"https:\/\/fieam.org.br\/sesi\/#website"},"datePublished":"2013-03-07T13:50:01+00:00","breadcrumb":{"@id":"https:\/\/fieam.org.br\/sesi\/sesi-amplia-programa-atleta-do-futuro-2\/#breadcrumb"},"inLanguage":"pt-BR","potentialAction":[{"@type":"ReadAction","target":["https:\/\/fieam.org.br\/sesi\/sesi-amplia-programa-atleta-do-futuro-2\/"]}]},{"@type":"BreadcrumbList","@id":"https:\/\/fieam.org.br\/sesi\/sesi-amplia-programa-atleta-do-futuro-2\/#breadcrumb","itemListElement":[{"@type":"ListItem","position":1,"name":"In\u00edcio","item":"https:\/\/fieam.org.br\/sesi\/"},{"@type":"ListItem","position":2,"name":"SESI amplia programa Atleta do Futuro"}]},{"@type":"WebSite","@id":"https:\/\/fieam.org.br\/sesi\/#website","url":"https:\/\/fieam.org.br\/sesi\/","name":"SESI","description":"Site Oficial!","publisher":{"@id":"https:\/\/fieam.org.br\/sesi\/#organization"},"potentialAction":[{"@type":"SearchAction","target":{"@type":"EntryPoint","urlTemplate":"https:\/\/fieam.org.br\/sesi\/?s={search_term_string}"},"query-input":{"@type":"PropertyValueSpecification","valueRequired":true,"valueName":"search_term_string"}}],"inLanguage":"pt-BR"},{"@type":"Organization","@id":"https:\/\/fieam.org.br\/sesi\/#organization","name":"SESI","url":"https:\/\/fieam.org.br\/sesi\/","logo":{"@type":"ImageObject","inLanguage":"pt-BR","@id":"https:\/\/fieam.org.br\/sesi\/#\/schema\/logo\/image\/","url":"https:\/\/fieam.org.br\/sesi\/wp-content\/uploads\/sites\/14\/2024\/03\/cropped-fav.png","contentUrl":"https:\/\/fieam.org.br\/sesi\/wp-content\/uploads\/sites\/14\/2024\/03\/cropped-fav.png","width":610,"height":589,"caption":"SESI"},"image":{"@id":"https:\/\/fieam.org.br\/sesi\/#\/schema\/logo\/image\/"}},{"@type":"Person","@id":"https:\/\/fieam.org.br\/sesi\/#\/schema\/person\/f54998dd14d5f0695b41444f2b01c31e","name":"Autor","image":{"@type":"ImageObject","inLanguage":"pt-BR","@id":"https:\/\/secure.gravatar.com\/avatar\/3732c223e0e1fad69062a8f770955c9068d37b055204f310a0be18d4069fe380?s=96&d=mm&r=g","url":"https:\/\/secure.gravatar.com\/avatar\/3732c223e0e1fad69062a8f770955c9068d37b055204f310a0be18d4069fe380?s=96&d=mm&r=g","contentUrl":"https:\/\/secure.gravatar.com\/avatar\/3732c223e0e1fad69062a8f770955c9068d37b055204f310a0be18d4069fe380?s=96&d=mm&r=g","caption":"Autor"},"sameAs":["https:\/\/marketingmassivo.com.br"],"url":"https:\/\/fieam.org.br\/sesi\/author\/admin\/"}]}},"_links":{"self":[{"href":"https:\/\/fieam.org.br\/sesi\/wp-json\/wp\/v2\/posts\/3979","targetHints":{"allow":["GET"]}}],"collection":[{"href":"https:\/\/fieam.org.br\/sesi\/wp-json\/wp\/v2\/posts"}],"about":[{"href":"https:\/\/fieam.org.br\/sesi\/wp-json\/wp\/v2\/types\/post"}],"author":[{"embeddable":true,"href":"https:\/\/fieam.org.br\/sesi\/wp-json\/wp\/v2\/users\/1"}],"replies":[{"embeddable":true,"href":"https:\/\/fieam.org.br\/sesi\/wp-json\/wp\/v2\/comments?post=3979"}],"version-history":[{"count":0,"href":"https:\/\/fieam.org.br\/sesi\/wp-json\/wp\/v2\/posts\/3979\/revisions"}],"wp:attachment":[{"href":"https:\/\/fieam.org.br\/sesi\/wp-json\/wp\/v2\/media?parent=3979"}],"wp:term":[{"taxonomy":"category","embeddable":true,"href":"https:\/\/fieam.org.br\/sesi\/wp-json\/wp\/v2\/categories?post=3979"},{"taxonomy":"post_tag","embeddable":true,"href":"https:\/\/fieam.org.br\/sesi\/wp-json\/wp\/v2\/tags?post=3979"}],"curies":[{"name":"wp","href":"https:\/\/api.w.org\/{rel}","templated":true}]}}