{"id":3967,"date":"2013-03-05T12:47:44","date_gmt":"2013-03-05T12:47:44","guid":{"rendered":"http:\/\/www.fieam.org.br\/site\/sesi\/?p=3967"},"modified":"2013-03-05T12:47:44","modified_gmt":"2013-03-05T12:47:44","slug":"sesi-emite-carteiras-de-saude-in-company","status":"publish","type":"post","link":"https:\/\/fieam.org.br\/sesi\/sesi-emite-carteiras-de-saude-in-company\/","title":{"rendered":"SESI emite carteiras de sa\u00fade in company"},"content":{"rendered":"<figure id=\"attachment_3968\" aria-describedby=\"caption-attachment-3968\" style=\"width: 300px\" class=\"wp-caption alignleft\"><a href=\"http:\/\/www.fieam.org.br\/site\/sesi\/sesi-emite-carteiras-de-saude-in-company\/ronan-ferreira-gerente-de-qmssrs-e-milene-de-souza-assistente-social-acompanham-colaboradores-na-emissao-de-carteiras-ao-centro\/\" rel=\"attachment wp-att-3968\"><img fetchpriority=\"high\" decoding=\"async\" class=\"size-medium wp-image-3968 \" alt=\"Ronan Ferreira, Gerente de QMSSRS, e Milene de Souza, Assistente Social, acompanham colaboradores na emiss\u00e3o de carteiras (ao centro)\" src=\"http:\/\/www.fieam.org.br\/2015\/sesi\/wp-content\/uploads\/sites\/2\/2013\/03\/Ronan-Ferreira-Gerente-de-QMSSRS-e-Milene-de-Souza-Assistente-Social-acompanham-colaboradores-na-emiss\u00e3o-de-carteiras-ao-centro-300x200.jpg\" width=\"300\" height=\"200\" \/><\/a><figcaption id=\"caption-attachment-3968\" class=\"wp-caption-text\">Ronan Ferreira, Gerente de QMSSRS, e Milene de Souza, Assistente Social, acompanham colaboradores na emiss\u00e3o de carteiras (ao centro)<\/figcaption><\/figure>\n<p style=\"text-align: left\" align=\"center\"><a href=\"http:\/\/www.fieam.org.br\/site\/sesi\/institucional\/\" target=\"_blank\" rel=\"noopener\">O Servi\u00e7o Social da Ind\u00fastria (SESI Amazonas)<\/a>\u00a0come\u00e7a novo projeto de relacionamento com as empresas do\u00a0<a href=\"http:\/\/www.suframa.gov.br\/suframa_cas.cfm\" target=\"_blank\" rel=\"noopener\">Polo Industrial de Manaus (PIM)<\/a>. Por meio do \u201cStand SESI de Informa\u00e7\u00f5es\u201d, a institui\u00e7\u00e3o vai \u00e0s ind\u00fastrias para divulgar servi\u00e7os e captar novos clientes, a partir da emiss\u00e3o de carteiras do SESI. A Poliamazon,\u00a0<a href=\"http:\/\/www.pastore.com.br\/\" target=\"_blank\" rel=\"noopener\">Pastore<\/a>, Manuliti e\u00a0<a href=\"http:\/\/multiplast.net.br\/\" target=\"_blank\" rel=\"noopener\">Multiplast<\/a>\u00a0foram as primeiras empresas a receber o SESI.<\/p>\n<p>Na \u00faltima sexta-feira (1\u00ba), o Stand SESI de Informa\u00e7\u00f5es chegou \u00e0 obra da Usina Termel\u00e9trica Mau\u00e1 II, da empresa Andrade Gutierrez, localizada na Avenida Solim\u00f5es, s\/n, bairro Mauazinho, zona Sul de Manaus, com a meta de atender, at\u00e9 esta ter\u00e7a-feira (5), os 100 funcion\u00e1rios que atuam no local.<\/p>\n<p>De acordo com a assistente social Milene Silva de Souza, 43, a parceria \u00e9 v\u00e1lida porque os funcion\u00e1rios de ch\u00e3o da constru\u00e7\u00e3o n\u00e3o possuem plano de sa\u00fade e, agora, poder\u00e3o contar com o SESI como facilitador. \u201cCom o SESI o colaborador n\u00e3o precisa perder um dia de trabalho para ir ao\u00a0<a href=\"http:\/\/www.saude.gov.br\/\" target=\"_blank\" rel=\"noopener\">SUS<\/a>, ele pode utilizar o s\u00e1bado para realizar consultas e cuidar da sa\u00fade\u201d. Para Milene, os servi\u00e7os de sa\u00fade na \u00e1rea da constru\u00e7\u00e3o civil s\u00e3o uma novidade. As empresas, segundo ela, est\u00e3o mostrando, por meio da pr\u00e1tica da responsabilidade social, que n\u00e3o \u00e9 s\u00f3 construir, tem que construir com qualidade de vida.<\/p>\n<p>Para o gerente de Qualidade, Meio Ambiente, Seguran\u00e7a, Sa\u00fade e Responsabilidade Social da empresa, Ronan Ferreira, a parceria com o SESI acontece a partir da necessidade de oferecer conhecimento aos funcion\u00e1rios por meio de palestras e treinamento, principalmente relacionados \u00e0 Sa\u00fade e Seguran\u00e7a no Trabalho. \u201cA parceria com o SESI \u00e9 uma forma de melhorar as condi\u00e7\u00f5es de trabalho e motiva\u00e7\u00e3o dos funcion\u00e1rios para continuar conosco\u201d, disse Ronan.<\/p>\n<p>Para o auxiliar de topografia, Odaci Costa de Carvalho, 33, que est\u00e1 h\u00e1 dois meses na Andrade Gutierrez, e vai utilizar os servi\u00e7os do SESI pela primeira vez, a expectativa \u00e9 grande para iniciar o tratamento odontol\u00f3gico e ampliar o benef\u00edcio aos seus filhos. \u201cPretendo cuidar dos meus dentes e daqui a um ano incluir meus dependentes\u201d, disse.<\/p>\n<p>O servi\u00e7o oferecido\u00a0<i>in company<\/i>\u00a0para empresas com mais de 20 industri\u00e1rios, com foco em colaboradores que ir\u00e3o obter a carteira pela primeira vez, ter\u00e1 continuidade na empresa\u00a0<a href=\"http:\/\/www.essilor.com.br\/\" target=\"_blank\" rel=\"noopener\">Essilor<\/a>, onde o SESI deve emitir mais de 300 carteirinhas. O stand permanece na empresa em m\u00e9dia dois dias, dependendo da demanda. O SESI presta atendimento em sa\u00fade assistencial, ocupacional, servi\u00e7os odontol\u00f3gicos e de apoio ao diagn\u00f3stico, de segunda a s\u00e1bado, no SESISA\u00daDE, na Avenida Get\u00falio vargas, 1116, centro.<\/p>\n<p>As empresas interessadas no projeto podem entrar em contato com o SESI atrav\u00e9s do email\u00a0<a href=\"mailto:serem.saude@sesiam.org.br\" target=\"_blank\" rel=\"noopener\">serem.saude@sesiam.org.br<\/a>, ou pelo telefones 3186-6509 ou 3186-6621.<\/p>\n<p><strong>[nggallery id=157]<\/strong><\/p>\n","protected":false},"excerpt":{"rendered":"<p>O Servi\u00e7o Social da Ind\u00fastria (SESI Amazonas)\u00a0come\u00e7a novo projeto de relacionamento com as empresas do\u00a0Polo Industrial de Manaus (PIM). Por meio do \u201cStand SESI de Informa\u00e7\u00f5es\u201d, a institui\u00e7\u00e3o vai \u00e0s ind\u00fastrias para divulgar servi\u00e7os e captar novos clientes, a partir da emiss\u00e3o de carteiras do SESI. A Poliamazon,\u00a0Pastore, Manuliti e\u00a0Multiplast\u00a0foram as primeiras empresas a receber [&hellip;]<\/p>\n","protected":false},"author":1,"featured_media":0,"comment_status":"open","ping_status":"open","sticky":false,"template":"","format":"standard","meta":{"footnotes":""},"categories":[25],"tags":[],"class_list":["post-3967","post","type-post","status-publish","format-standard","hentry","category-news"],"yoast_head":"<!-- This site is optimized with the Yoast SEO plugin v28.2 - https:\/\/yoast.com\/product\/yoast-seo-wordpress\/ -->\n<title>SESI emite carteiras de sa\u00fade in company - SESI<\/title>\n<meta name=\"robots\" content=\"index, follow, max-snippet:-1, max-image-preview:large, max-video-preview:-1\" \/>\n<link rel=\"canonical\" href=\"https:\/\/fieam.org.br\/sesi\/sesi-emite-carteiras-de-saude-in-company\/\" \/>\n<meta property=\"og:locale\" content=\"pt_BR\" \/>\n<meta property=\"og:type\" content=\"article\" \/>\n<meta property=\"og:title\" content=\"SESI emite carteiras de sa\u00fade in company - SESI\" \/>\n<meta property=\"og:description\" content=\"O Servi\u00e7o Social da Ind\u00fastria (SESI Amazonas)\u00a0come\u00e7a novo projeto de relacionamento com as empresas do\u00a0Polo Industrial de Manaus (PIM). Por meio do \u201cStand SESI de Informa\u00e7\u00f5es\u201d, a institui\u00e7\u00e3o vai \u00e0s ind\u00fastrias para divulgar servi\u00e7os e captar novos clientes, a partir da emiss\u00e3o de carteiras do SESI. A Poliamazon,\u00a0Pastore, Manuliti e\u00a0Multiplast\u00a0foram as primeiras empresas a receber [&hellip;]\" \/>\n<meta property=\"og:url\" content=\"https:\/\/fieam.org.br\/sesi\/sesi-emite-carteiras-de-saude-in-company\/\" \/>\n<meta property=\"og:site_name\" content=\"SESI\" \/>\n<meta property=\"article:published_time\" content=\"2013-03-05T12:47:44+00:00\" \/>\n<meta name=\"author\" content=\"Autor\" \/>\n<meta name=\"twitter:card\" content=\"summary_large_image\" \/>\n<meta name=\"twitter:label1\" content=\"Escrito por\" \/>\n\t<meta name=\"twitter:data1\" content=\"Autor\" \/>\n\t<meta name=\"twitter:label2\" content=\"Est. tempo de leitura\" \/>\n\t<meta name=\"twitter:data2\" content=\"3 minutos\" \/>\n<script type=\"application\/ld+json\" class=\"yoast-schema-graph\">{\"@context\":\"https:\\\/\\\/schema.org\",\"@graph\":[{\"@type\":\"Article\",\"@id\":\"https:\\\/\\\/fieam.org.br\\\/sesi\\\/sesi-emite-carteiras-de-saude-in-company\\\/#article\",\"isPartOf\":{\"@id\":\"https:\\\/\\\/fieam.org.br\\\/sesi\\\/sesi-emite-carteiras-de-saude-in-company\\\/\"},\"author\":{\"name\":\"Autor\",\"@id\":\"https:\\\/\\\/fieam.org.br\\\/sesi\\\/#\\\/schema\\\/person\\\/f54998dd14d5f0695b41444f2b01c31e\"},\"headline\":\"SESI emite carteiras de sa\u00fade in company\",\"datePublished\":\"2013-03-05T12:47:44+00:00\",\"mainEntityOfPage\":{\"@id\":\"https:\\\/\\\/fieam.org.br\\\/sesi\\\/sesi-emite-carteiras-de-saude-in-company\\\/\"},\"wordCount\":519,\"commentCount\":0,\"publisher\":{\"@id\":\"https:\\\/\\\/fieam.org.br\\\/sesi\\\/#organization\"},\"articleSection\":[\"News\"],\"inLanguage\":\"pt-BR\",\"potentialAction\":[{\"@type\":\"CommentAction\",\"name\":\"Comment\",\"target\":[\"https:\\\/\\\/fieam.org.br\\\/sesi\\\/sesi-emite-carteiras-de-saude-in-company\\\/#respond\"]}]},{\"@type\":\"WebPage\",\"@id\":\"https:\\\/\\\/fieam.org.br\\\/sesi\\\/sesi-emite-carteiras-de-saude-in-company\\\/\",\"url\":\"https:\\\/\\\/fieam.org.br\\\/sesi\\\/sesi-emite-carteiras-de-saude-in-company\\\/\",\"name\":\"SESI emite carteiras de sa\u00fade in company - SESI\",\"isPartOf\":{\"@id\":\"https:\\\/\\\/fieam.org.br\\\/sesi\\\/#website\"},\"datePublished\":\"2013-03-05T12:47:44+00:00\",\"breadcrumb\":{\"@id\":\"https:\\\/\\\/fieam.org.br\\\/sesi\\\/sesi-emite-carteiras-de-saude-in-company\\\/#breadcrumb\"},\"inLanguage\":\"pt-BR\",\"potentialAction\":[{\"@type\":\"ReadAction\",\"target\":[\"https:\\\/\\\/fieam.org.br\\\/sesi\\\/sesi-emite-carteiras-de-saude-in-company\\\/\"]}]},{\"@type\":\"BreadcrumbList\",\"@id\":\"https:\\\/\\\/fieam.org.br\\\/sesi\\\/sesi-emite-carteiras-de-saude-in-company\\\/#breadcrumb\",\"itemListElement\":[{\"@type\":\"ListItem\",\"position\":1,\"name\":\"In\u00edcio\",\"item\":\"https:\\\/\\\/fieam.org.br\\\/sesi\\\/\"},{\"@type\":\"ListItem\",\"position\":2,\"name\":\"SESI emite carteiras de sa\u00fade in company\"}]},{\"@type\":\"WebSite\",\"@id\":\"https:\\\/\\\/fieam.org.br\\\/sesi\\\/#website\",\"url\":\"https:\\\/\\\/fieam.org.br\\\/sesi\\\/\",\"name\":\"SESI\",\"description\":\"Site Oficial!\",\"publisher\":{\"@id\":\"https:\\\/\\\/fieam.org.br\\\/sesi\\\/#organization\"},\"potentialAction\":[{\"@type\":\"SearchAction\",\"target\":{\"@type\":\"EntryPoint\",\"urlTemplate\":\"https:\\\/\\\/fieam.org.br\\\/sesi\\\/?s={search_term_string}\"},\"query-input\":{\"@type\":\"PropertyValueSpecification\",\"valueRequired\":true,\"valueName\":\"search_term_string\"}}],\"inLanguage\":\"pt-BR\"},{\"@type\":\"Organization\",\"@id\":\"https:\\\/\\\/fieam.org.br\\\/sesi\\\/#organization\",\"name\":\"SESI\",\"url\":\"https:\\\/\\\/fieam.org.br\\\/sesi\\\/\",\"logo\":{\"@type\":\"ImageObject\",\"inLanguage\":\"pt-BR\",\"@id\":\"https:\\\/\\\/fieam.org.br\\\/sesi\\\/#\\\/schema\\\/logo\\\/image\\\/\",\"url\":\"https:\\\/\\\/fieam.org.br\\\/sesi\\\/wp-content\\\/uploads\\\/sites\\\/14\\\/2024\\\/03\\\/cropped-fav.png\",\"contentUrl\":\"https:\\\/\\\/fieam.org.br\\\/sesi\\\/wp-content\\\/uploads\\\/sites\\\/14\\\/2024\\\/03\\\/cropped-fav.png\",\"width\":610,\"height\":589,\"caption\":\"SESI\"},\"image\":{\"@id\":\"https:\\\/\\\/fieam.org.br\\\/sesi\\\/#\\\/schema\\\/logo\\\/image\\\/\"}},{\"@type\":\"Person\",\"@id\":\"https:\\\/\\\/fieam.org.br\\\/sesi\\\/#\\\/schema\\\/person\\\/f54998dd14d5f0695b41444f2b01c31e\",\"name\":\"Autor\",\"image\":{\"@type\":\"ImageObject\",\"inLanguage\":\"pt-BR\",\"@id\":\"https:\\\/\\\/secure.gravatar.com\\\/avatar\\\/3732c223e0e1fad69062a8f770955c9068d37b055204f310a0be18d4069fe380?s=96&d=mm&r=g\",\"url\":\"https:\\\/\\\/secure.gravatar.com\\\/avatar\\\/3732c223e0e1fad69062a8f770955c9068d37b055204f310a0be18d4069fe380?s=96&d=mm&r=g\",\"contentUrl\":\"https:\\\/\\\/secure.gravatar.com\\\/avatar\\\/3732c223e0e1fad69062a8f770955c9068d37b055204f310a0be18d4069fe380?s=96&d=mm&r=g\",\"caption\":\"Autor\"},\"sameAs\":[\"https:\\\/\\\/marketingmassivo.com.br\"],\"url\":\"https:\\\/\\\/fieam.org.br\\\/sesi\\\/author\\\/admin\\\/\"}]}<\/script>\n<!-- \/ Yoast SEO plugin. -->","yoast_head_json":{"title":"SESI emite carteiras de sa\u00fade in company - SESI","robots":{"index":"index","follow":"follow","max-snippet":"max-snippet:-1","max-image-preview":"max-image-preview:large","max-video-preview":"max-video-preview:-1"},"canonical":"https:\/\/fieam.org.br\/sesi\/sesi-emite-carteiras-de-saude-in-company\/","og_locale":"pt_BR","og_type":"article","og_title":"SESI emite carteiras de sa\u00fade in company - SESI","og_description":"O Servi\u00e7o Social da Ind\u00fastria (SESI Amazonas)\u00a0come\u00e7a novo projeto de relacionamento com as empresas do\u00a0Polo Industrial de Manaus (PIM). Por meio do \u201cStand SESI de Informa\u00e7\u00f5es\u201d, a institui\u00e7\u00e3o vai \u00e0s ind\u00fastrias para divulgar servi\u00e7os e captar novos clientes, a partir da emiss\u00e3o de carteiras do SESI. A Poliamazon,\u00a0Pastore, Manuliti e\u00a0Multiplast\u00a0foram as primeiras empresas a receber [&hellip;]","og_url":"https:\/\/fieam.org.br\/sesi\/sesi-emite-carteiras-de-saude-in-company\/","og_site_name":"SESI","article_published_time":"2013-03-05T12:47:44+00:00","author":"Autor","twitter_card":"summary_large_image","twitter_misc":{"Escrito por":"Autor","Est. tempo de leitura":"3 minutos"},"schema":{"@context":"https:\/\/schema.org","@graph":[{"@type":"Article","@id":"https:\/\/fieam.org.br\/sesi\/sesi-emite-carteiras-de-saude-in-company\/#article","isPartOf":{"@id":"https:\/\/fieam.org.br\/sesi\/sesi-emite-carteiras-de-saude-in-company\/"},"author":{"name":"Autor","@id":"https:\/\/fieam.org.br\/sesi\/#\/schema\/person\/f54998dd14d5f0695b41444f2b01c31e"},"headline":"SESI emite carteiras de sa\u00fade in company","datePublished":"2013-03-05T12:47:44+00:00","mainEntityOfPage":{"@id":"https:\/\/fieam.org.br\/sesi\/sesi-emite-carteiras-de-saude-in-company\/"},"wordCount":519,"commentCount":0,"publisher":{"@id":"https:\/\/fieam.org.br\/sesi\/#organization"},"articleSection":["News"],"inLanguage":"pt-BR","potentialAction":[{"@type":"CommentAction","name":"Comment","target":["https:\/\/fieam.org.br\/sesi\/sesi-emite-carteiras-de-saude-in-company\/#respond"]}]},{"@type":"WebPage","@id":"https:\/\/fieam.org.br\/sesi\/sesi-emite-carteiras-de-saude-in-company\/","url":"https:\/\/fieam.org.br\/sesi\/sesi-emite-carteiras-de-saude-in-company\/","name":"SESI emite carteiras de sa\u00fade in company - SESI","isPartOf":{"@id":"https:\/\/fieam.org.br\/sesi\/#website"},"datePublished":"2013-03-05T12:47:44+00:00","breadcrumb":{"@id":"https:\/\/fieam.org.br\/sesi\/sesi-emite-carteiras-de-saude-in-company\/#breadcrumb"},"inLanguage":"pt-BR","potentialAction":[{"@type":"ReadAction","target":["https:\/\/fieam.org.br\/sesi\/sesi-emite-carteiras-de-saude-in-company\/"]}]},{"@type":"BreadcrumbList","@id":"https:\/\/fieam.org.br\/sesi\/sesi-emite-carteiras-de-saude-in-company\/#breadcrumb","itemListElement":[{"@type":"ListItem","position":1,"name":"In\u00edcio","item":"https:\/\/fieam.org.br\/sesi\/"},{"@type":"ListItem","position":2,"name":"SESI emite carteiras de sa\u00fade in company"}]},{"@type":"WebSite","@id":"https:\/\/fieam.org.br\/sesi\/#website","url":"https:\/\/fieam.org.br\/sesi\/","name":"SESI","description":"Site Oficial!","publisher":{"@id":"https:\/\/fieam.org.br\/sesi\/#organization"},"potentialAction":[{"@type":"SearchAction","target":{"@type":"EntryPoint","urlTemplate":"https:\/\/fieam.org.br\/sesi\/?s={search_term_string}"},"query-input":{"@type":"PropertyValueSpecification","valueRequired":true,"valueName":"search_term_string"}}],"inLanguage":"pt-BR"},{"@type":"Organization","@id":"https:\/\/fieam.org.br\/sesi\/#organization","name":"SESI","url":"https:\/\/fieam.org.br\/sesi\/","logo":{"@type":"ImageObject","inLanguage":"pt-BR","@id":"https:\/\/fieam.org.br\/sesi\/#\/schema\/logo\/image\/","url":"https:\/\/fieam.org.br\/sesi\/wp-content\/uploads\/sites\/14\/2024\/03\/cropped-fav.png","contentUrl":"https:\/\/fieam.org.br\/sesi\/wp-content\/uploads\/sites\/14\/2024\/03\/cropped-fav.png","width":610,"height":589,"caption":"SESI"},"image":{"@id":"https:\/\/fieam.org.br\/sesi\/#\/schema\/logo\/image\/"}},{"@type":"Person","@id":"https:\/\/fieam.org.br\/sesi\/#\/schema\/person\/f54998dd14d5f0695b41444f2b01c31e","name":"Autor","image":{"@type":"ImageObject","inLanguage":"pt-BR","@id":"https:\/\/secure.gravatar.com\/avatar\/3732c223e0e1fad69062a8f770955c9068d37b055204f310a0be18d4069fe380?s=96&d=mm&r=g","url":"https:\/\/secure.gravatar.com\/avatar\/3732c223e0e1fad69062a8f770955c9068d37b055204f310a0be18d4069fe380?s=96&d=mm&r=g","contentUrl":"https:\/\/secure.gravatar.com\/avatar\/3732c223e0e1fad69062a8f770955c9068d37b055204f310a0be18d4069fe380?s=96&d=mm&r=g","caption":"Autor"},"sameAs":["https:\/\/marketingmassivo.com.br"],"url":"https:\/\/fieam.org.br\/sesi\/author\/admin\/"}]}},"_links":{"self":[{"href":"https:\/\/fieam.org.br\/sesi\/wp-json\/wp\/v2\/posts\/3967","targetHints":{"allow":["GET"]}}],"collection":[{"href":"https:\/\/fieam.org.br\/sesi\/wp-json\/wp\/v2\/posts"}],"about":[{"href":"https:\/\/fieam.org.br\/sesi\/wp-json\/wp\/v2\/types\/post"}],"author":[{"embeddable":true,"href":"https:\/\/fieam.org.br\/sesi\/wp-json\/wp\/v2\/users\/1"}],"replies":[{"embeddable":true,"href":"https:\/\/fieam.org.br\/sesi\/wp-json\/wp\/v2\/comments?post=3967"}],"version-history":[{"count":0,"href":"https:\/\/fieam.org.br\/sesi\/wp-json\/wp\/v2\/posts\/3967\/revisions"}],"wp:attachment":[{"href":"https:\/\/fieam.org.br\/sesi\/wp-json\/wp\/v2\/media?parent=3967"}],"wp:term":[{"taxonomy":"category","embeddable":true,"href":"https:\/\/fieam.org.br\/sesi\/wp-json\/wp\/v2\/categories?post=3967"},{"taxonomy":"post_tag","embeddable":true,"href":"https:\/\/fieam.org.br\/sesi\/wp-json\/wp\/v2\/tags?post=3967"}],"curies":[{"name":"wp","href":"https:\/\/api.w.org\/{rel}","templated":true}]}}