{"id":3959,"date":"2013-03-04T12:35:49","date_gmt":"2013-03-04T12:35:49","guid":{"rendered":"http:\/\/www.fieam.org.br\/site\/sesi\/?p=3959"},"modified":"2013-03-04T12:35:49","modified_gmt":"2013-03-04T12:35:49","slug":"cozinha-brasil-leva-educacao-alimentar-as-empresas","status":"publish","type":"post","link":"https:\/\/fieam.org.br\/sesi\/cozinha-brasil-leva-educacao-alimentar-as-empresas\/","title":{"rendered":"Cozinha Brasil leva educa\u00e7\u00e3o alimentar \u00e0s empresas"},"content":{"rendered":"<figure id=\"attachment_3961\" aria-describedby=\"caption-attachment-3961\" style=\"width: 225px\" class=\"wp-caption alignleft\"><a href=\"http:\/\/www.fieam.org.br\/site\/sesi\/cozinha-brasil-leva-educacao-alimentar-as-empresas\/flyer_cb_tempere_sua_empresa-2\/\" rel=\"attachment wp-att-3961\"><img fetchpriority=\"high\" decoding=\"async\" class=\"size-medium wp-image-3961 \" alt=\"FLYER CB TEMPERE SUA EMPRESA\" src=\"http:\/\/www.fieam.org.br\/2015\/sesi\/wp-content\/uploads\/sites\/2\/2013\/03\/FLYER_CB_TEMPERE_SUA_EMPRESA-225x300.jpg\" width=\"225\" height=\"300\" srcset=\"https:\/\/fieam.org.br\/sesi\/wp-content\/uploads\/sites\/14\/2013\/03\/FLYER_CB_TEMPERE_SUA_EMPRESA-225x300.jpg 225w, https:\/\/fieam.org.br\/sesi\/wp-content\/uploads\/sites\/14\/2013\/03\/FLYER_CB_TEMPERE_SUA_EMPRESA.jpg 600w\" sizes=\"(max-width: 225px) 100vw, 225px\" \/><\/a><figcaption id=\"caption-attachment-3961\" class=\"wp-caption-text\">FLYER CB TEMPERE SUA EMPRESA<\/figcaption><\/figure>\n<p style=\"text-align: left\" align=\"center\">Saber alimentar-se \u00e9 um ingrediente fundamental para quem quer manter a sa\u00fade em dia. Sabendo disso, o\u00a0<a href=\"http:\/\/www.fieam.org.br\/site\/sesi\/institucional\/\" target=\"_blank\" rel=\"noopener\">Servi\u00e7o Social da Ind\u00fastria (SESI Amazonas)<\/a>\u00a0oferece para a ind\u00fastria amazonense, por meio do Programa Cozinha Brasil, cursos gratuitos sobre educa\u00e7\u00e3o alimentar. As aulas podem ser realizadas\u00a0<i>in company<\/i>, facilitando o acesso do trabalhador da ind\u00fastria ao curso.<\/p>\n<p>Quando h\u00e1 espa\u00e7o dispon\u00edvel, o SESI leva o caminh\u00e3o do Cozinha Brasil para as depend\u00eancias da empresa e oferece aulas pr\u00e1ticas com degusta\u00e7\u00e3o dos alimentos produzidos. Mas caso o espa\u00e7o seja reduzido, as aulas tamb\u00e9m podem ser ministradas em salas disponibilizadas pela empresa.<\/p>\n<p>Dentro da programa\u00e7\u00e3o, a metodologia aborda de maneira l\u00fadica conceitos e dicas sobre higieniza\u00e7\u00e3o dos alimentos, al\u00e9m de receitas saborosas e econ\u00f4micas, e tudo de forma gratuita.<\/p>\n<p>A gerente de Responsabilidade Social do SESI Amazonas, Sim\u00f4nica Sidrim, destaca que o Programa \u00e9 uma excelente ferramenta para o combate e redu\u00e7\u00e3o de obesidade, uma das doen\u00e7as que mais afetam a sociedade. \u201cEstamos planejando a agenda 2013 do Cozinha Brasil\u201d.<\/p>\n<p>As empresas interessadas em oferecer estes cursos para seus trabalhadores ou comunidades vizinhas podem entrar em contato conosco. Os cursos podem ser ajustados ao tempo dispon\u00edvel de cada empresa\u201d, disse a gerente de Responsabilidade Social do SESI, Sim\u00f4nica Sidrim.<\/p>\n<p>Um dos diferenciais do Cozinha Brasil \u00e9 o reaproveitamento dos alimentos. O que geralmente \u00e9 descartado, como caule, cascas, folhas e sementes, tornam-se ingredientes saborosos e nutritivos das receitas. Para agendar uma visita do Cozinha Brasil a sua empresa, entre em contato 3186 \u2013 6573\/ 3216-1013 ou<a href=\"mailto:serem.rse@sesiam.org.br\" target=\"_blank\" rel=\"noopener\">serem.rse@sesiam.org.br<\/a><\/p>\n","protected":false},"excerpt":{"rendered":"<p>Saber alimentar-se \u00e9 um ingrediente fundamental para quem quer manter a sa\u00fade em dia. Sabendo disso, o\u00a0Servi\u00e7o Social da Ind\u00fastria (SESI Amazonas)\u00a0oferece para a ind\u00fastria amazonense, por meio do Programa Cozinha Brasil, cursos gratuitos sobre educa\u00e7\u00e3o alimentar. As aulas podem ser realizadas\u00a0in company, facilitando o acesso do trabalhador da ind\u00fastria ao curso. Quando h\u00e1 espa\u00e7o [&hellip;]<\/p>\n","protected":false},"author":1,"featured_media":0,"comment_status":"open","ping_status":"open","sticky":false,"template":"","format":"standard","meta":{"footnotes":""},"categories":[25],"tags":[],"class_list":["post-3959","post","type-post","status-publish","format-standard","hentry","category-news"],"yoast_head":"<!-- This site is optimized with the Yoast SEO plugin v28.2 - https:\/\/yoast.com\/product\/yoast-seo-wordpress\/ -->\n<title>Cozinha Brasil leva educa\u00e7\u00e3o alimentar \u00e0s empresas - SESI<\/title>\n<meta name=\"robots\" content=\"index, follow, max-snippet:-1, max-image-preview:large, max-video-preview:-1\" \/>\n<link rel=\"canonical\" href=\"https:\/\/fieam.org.br\/sesi\/cozinha-brasil-leva-educacao-alimentar-as-empresas\/\" \/>\n<meta property=\"og:locale\" content=\"pt_BR\" \/>\n<meta property=\"og:type\" content=\"article\" \/>\n<meta property=\"og:title\" content=\"Cozinha Brasil leva educa\u00e7\u00e3o alimentar \u00e0s empresas - SESI\" \/>\n<meta property=\"og:description\" content=\"Saber alimentar-se \u00e9 um ingrediente fundamental para quem quer manter a sa\u00fade em dia. Sabendo disso, o\u00a0Servi\u00e7o Social da Ind\u00fastria (SESI Amazonas)\u00a0oferece para a ind\u00fastria amazonense, por meio do Programa Cozinha Brasil, cursos gratuitos sobre educa\u00e7\u00e3o alimentar. As aulas podem ser realizadas\u00a0in company, facilitando o acesso do trabalhador da ind\u00fastria ao curso. Quando h\u00e1 espa\u00e7o [&hellip;]\" \/>\n<meta property=\"og:url\" content=\"https:\/\/fieam.org.br\/sesi\/cozinha-brasil-leva-educacao-alimentar-as-empresas\/\" \/>\n<meta property=\"og:site_name\" content=\"SESI\" \/>\n<meta property=\"article:published_time\" content=\"2013-03-04T12:35:49+00:00\" \/>\n<meta property=\"og:image\" content=\"https:\/\/fieam.org.br\/sesi\/wp-content\/uploads\/sites\/14\/2013\/03\/FLYER_CB_TEMPERE_SUA_EMPRESA.jpg\" \/>\n\t<meta property=\"og:image:width\" content=\"600\" \/>\n\t<meta property=\"og:image:height\" content=\"800\" \/>\n\t<meta property=\"og:image:type\" content=\"image\/jpeg\" \/>\n<meta name=\"author\" content=\"Autor\" \/>\n<meta name=\"twitter:card\" content=\"summary_large_image\" \/>\n<meta name=\"twitter:label1\" content=\"Escrito por\" \/>\n\t<meta name=\"twitter:data1\" content=\"Autor\" \/>\n\t<meta name=\"twitter:label2\" content=\"Est. tempo de leitura\" \/>\n\t<meta name=\"twitter:data2\" content=\"1 minuto\" \/>\n<script type=\"application\/ld+json\" class=\"yoast-schema-graph\">{\"@context\":\"https:\\\/\\\/schema.org\",\"@graph\":[{\"@type\":\"Article\",\"@id\":\"https:\\\/\\\/fieam.org.br\\\/sesi\\\/cozinha-brasil-leva-educacao-alimentar-as-empresas\\\/#article\",\"isPartOf\":{\"@id\":\"https:\\\/\\\/fieam.org.br\\\/sesi\\\/cozinha-brasil-leva-educacao-alimentar-as-empresas\\\/\"},\"author\":{\"name\":\"Autor\",\"@id\":\"https:\\\/\\\/fieam.org.br\\\/sesi\\\/#\\\/schema\\\/person\\\/f54998dd14d5f0695b41444f2b01c31e\"},\"headline\":\"Cozinha Brasil leva educa\u00e7\u00e3o alimentar \u00e0s empresas\",\"datePublished\":\"2013-03-04T12:35:49+00:00\",\"mainEntityOfPage\":{\"@id\":\"https:\\\/\\\/fieam.org.br\\\/sesi\\\/cozinha-brasil-leva-educacao-alimentar-as-empresas\\\/\"},\"wordCount\":292,\"commentCount\":0,\"publisher\":{\"@id\":\"https:\\\/\\\/fieam.org.br\\\/sesi\\\/#organization\"},\"image\":{\"@id\":\"https:\\\/\\\/fieam.org.br\\\/sesi\\\/cozinha-brasil-leva-educacao-alimentar-as-empresas\\\/#primaryimage\"},\"thumbnailUrl\":\"http:\\\/\\\/www.fieam.org.br\\\/2015\\\/sesi\\\/wp-content\\\/uploads\\\/sites\\\/2\\\/2013\\\/03\\\/FLYER_CB_TEMPERE_SUA_EMPRESA-225x300.jpg\",\"articleSection\":[\"News\"],\"inLanguage\":\"pt-BR\",\"potentialAction\":[{\"@type\":\"CommentAction\",\"name\":\"Comment\",\"target\":[\"https:\\\/\\\/fieam.org.br\\\/sesi\\\/cozinha-brasil-leva-educacao-alimentar-as-empresas\\\/#respond\"]}]},{\"@type\":\"WebPage\",\"@id\":\"https:\\\/\\\/fieam.org.br\\\/sesi\\\/cozinha-brasil-leva-educacao-alimentar-as-empresas\\\/\",\"url\":\"https:\\\/\\\/fieam.org.br\\\/sesi\\\/cozinha-brasil-leva-educacao-alimentar-as-empresas\\\/\",\"name\":\"Cozinha Brasil leva educa\u00e7\u00e3o alimentar \u00e0s empresas - SESI\",\"isPartOf\":{\"@id\":\"https:\\\/\\\/fieam.org.br\\\/sesi\\\/#website\"},\"primaryImageOfPage\":{\"@id\":\"https:\\\/\\\/fieam.org.br\\\/sesi\\\/cozinha-brasil-leva-educacao-alimentar-as-empresas\\\/#primaryimage\"},\"image\":{\"@id\":\"https:\\\/\\\/fieam.org.br\\\/sesi\\\/cozinha-brasil-leva-educacao-alimentar-as-empresas\\\/#primaryimage\"},\"thumbnailUrl\":\"http:\\\/\\\/www.fieam.org.br\\\/2015\\\/sesi\\\/wp-content\\\/uploads\\\/sites\\\/2\\\/2013\\\/03\\\/FLYER_CB_TEMPERE_SUA_EMPRESA-225x300.jpg\",\"datePublished\":\"2013-03-04T12:35:49+00:00\",\"breadcrumb\":{\"@id\":\"https:\\\/\\\/fieam.org.br\\\/sesi\\\/cozinha-brasil-leva-educacao-alimentar-as-empresas\\\/#breadcrumb\"},\"inLanguage\":\"pt-BR\",\"potentialAction\":[{\"@type\":\"ReadAction\",\"target\":[\"https:\\\/\\\/fieam.org.br\\\/sesi\\\/cozinha-brasil-leva-educacao-alimentar-as-empresas\\\/\"]}]},{\"@type\":\"ImageObject\",\"inLanguage\":\"pt-BR\",\"@id\":\"https:\\\/\\\/fieam.org.br\\\/sesi\\\/cozinha-brasil-leva-educacao-alimentar-as-empresas\\\/#primaryimage\",\"url\":\"http:\\\/\\\/www.fieam.org.br\\\/2015\\\/sesi\\\/wp-content\\\/uploads\\\/sites\\\/2\\\/2013\\\/03\\\/FLYER_CB_TEMPERE_SUA_EMPRESA-225x300.jpg\",\"contentUrl\":\"http:\\\/\\\/www.fieam.org.br\\\/2015\\\/sesi\\\/wp-content\\\/uploads\\\/sites\\\/2\\\/2013\\\/03\\\/FLYER_CB_TEMPERE_SUA_EMPRESA-225x300.jpg\"},{\"@type\":\"BreadcrumbList\",\"@id\":\"https:\\\/\\\/fieam.org.br\\\/sesi\\\/cozinha-brasil-leva-educacao-alimentar-as-empresas\\\/#breadcrumb\",\"itemListElement\":[{\"@type\":\"ListItem\",\"position\":1,\"name\":\"In\u00edcio\",\"item\":\"https:\\\/\\\/fieam.org.br\\\/sesi\\\/\"},{\"@type\":\"ListItem\",\"position\":2,\"name\":\"Cozinha Brasil leva educa\u00e7\u00e3o alimentar \u00e0s empresas\"}]},{\"@type\":\"WebSite\",\"@id\":\"https:\\\/\\\/fieam.org.br\\\/sesi\\\/#website\",\"url\":\"https:\\\/\\\/fieam.org.br\\\/sesi\\\/\",\"name\":\"SESI\",\"description\":\"Site Oficial!\",\"publisher\":{\"@id\":\"https:\\\/\\\/fieam.org.br\\\/sesi\\\/#organization\"},\"potentialAction\":[{\"@type\":\"SearchAction\",\"target\":{\"@type\":\"EntryPoint\",\"urlTemplate\":\"https:\\\/\\\/fieam.org.br\\\/sesi\\\/?s={search_term_string}\"},\"query-input\":{\"@type\":\"PropertyValueSpecification\",\"valueRequired\":true,\"valueName\":\"search_term_string\"}}],\"inLanguage\":\"pt-BR\"},{\"@type\":\"Organization\",\"@id\":\"https:\\\/\\\/fieam.org.br\\\/sesi\\\/#organization\",\"name\":\"SESI\",\"url\":\"https:\\\/\\\/fieam.org.br\\\/sesi\\\/\",\"logo\":{\"@type\":\"ImageObject\",\"inLanguage\":\"pt-BR\",\"@id\":\"https:\\\/\\\/fieam.org.br\\\/sesi\\\/#\\\/schema\\\/logo\\\/image\\\/\",\"url\":\"https:\\\/\\\/fieam.org.br\\\/sesi\\\/wp-content\\\/uploads\\\/sites\\\/14\\\/2024\\\/03\\\/cropped-fav.png\",\"contentUrl\":\"https:\\\/\\\/fieam.org.br\\\/sesi\\\/wp-content\\\/uploads\\\/sites\\\/14\\\/2024\\\/03\\\/cropped-fav.png\",\"width\":610,\"height\":589,\"caption\":\"SESI\"},\"image\":{\"@id\":\"https:\\\/\\\/fieam.org.br\\\/sesi\\\/#\\\/schema\\\/logo\\\/image\\\/\"}},{\"@type\":\"Person\",\"@id\":\"https:\\\/\\\/fieam.org.br\\\/sesi\\\/#\\\/schema\\\/person\\\/f54998dd14d5f0695b41444f2b01c31e\",\"name\":\"Autor\",\"image\":{\"@type\":\"ImageObject\",\"inLanguage\":\"pt-BR\",\"@id\":\"https:\\\/\\\/secure.gravatar.com\\\/avatar\\\/3732c223e0e1fad69062a8f770955c9068d37b055204f310a0be18d4069fe380?s=96&d=mm&r=g\",\"url\":\"https:\\\/\\\/secure.gravatar.com\\\/avatar\\\/3732c223e0e1fad69062a8f770955c9068d37b055204f310a0be18d4069fe380?s=96&d=mm&r=g\",\"contentUrl\":\"https:\\\/\\\/secure.gravatar.com\\\/avatar\\\/3732c223e0e1fad69062a8f770955c9068d37b055204f310a0be18d4069fe380?s=96&d=mm&r=g\",\"caption\":\"Autor\"},\"sameAs\":[\"https:\\\/\\\/marketingmassivo.com.br\"],\"url\":\"https:\\\/\\\/fieam.org.br\\\/sesi\\\/author\\\/admin\\\/\"}]}<\/script>\n<!-- \/ Yoast SEO plugin. -->","yoast_head_json":{"title":"Cozinha Brasil leva educa\u00e7\u00e3o alimentar \u00e0s empresas - SESI","robots":{"index":"index","follow":"follow","max-snippet":"max-snippet:-1","max-image-preview":"max-image-preview:large","max-video-preview":"max-video-preview:-1"},"canonical":"https:\/\/fieam.org.br\/sesi\/cozinha-brasil-leva-educacao-alimentar-as-empresas\/","og_locale":"pt_BR","og_type":"article","og_title":"Cozinha Brasil leva educa\u00e7\u00e3o alimentar \u00e0s empresas - SESI","og_description":"Saber alimentar-se \u00e9 um ingrediente fundamental para quem quer manter a sa\u00fade em dia. Sabendo disso, o\u00a0Servi\u00e7o Social da Ind\u00fastria (SESI Amazonas)\u00a0oferece para a ind\u00fastria amazonense, por meio do Programa Cozinha Brasil, cursos gratuitos sobre educa\u00e7\u00e3o alimentar. As aulas podem ser realizadas\u00a0in company, facilitando o acesso do trabalhador da ind\u00fastria ao curso. Quando h\u00e1 espa\u00e7o [&hellip;]","og_url":"https:\/\/fieam.org.br\/sesi\/cozinha-brasil-leva-educacao-alimentar-as-empresas\/","og_site_name":"SESI","article_published_time":"2013-03-04T12:35:49+00:00","og_image":[{"width":600,"height":800,"url":"https:\/\/fieam.org.br\/sesi\/wp-content\/uploads\/sites\/14\/2013\/03\/FLYER_CB_TEMPERE_SUA_EMPRESA.jpg","type":"image\/jpeg"}],"author":"Autor","twitter_card":"summary_large_image","twitter_misc":{"Escrito por":"Autor","Est. tempo de leitura":"1 minuto"},"schema":{"@context":"https:\/\/schema.org","@graph":[{"@type":"Article","@id":"https:\/\/fieam.org.br\/sesi\/cozinha-brasil-leva-educacao-alimentar-as-empresas\/#article","isPartOf":{"@id":"https:\/\/fieam.org.br\/sesi\/cozinha-brasil-leva-educacao-alimentar-as-empresas\/"},"author":{"name":"Autor","@id":"https:\/\/fieam.org.br\/sesi\/#\/schema\/person\/f54998dd14d5f0695b41444f2b01c31e"},"headline":"Cozinha Brasil leva educa\u00e7\u00e3o alimentar \u00e0s empresas","datePublished":"2013-03-04T12:35:49+00:00","mainEntityOfPage":{"@id":"https:\/\/fieam.org.br\/sesi\/cozinha-brasil-leva-educacao-alimentar-as-empresas\/"},"wordCount":292,"commentCount":0,"publisher":{"@id":"https:\/\/fieam.org.br\/sesi\/#organization"},"image":{"@id":"https:\/\/fieam.org.br\/sesi\/cozinha-brasil-leva-educacao-alimentar-as-empresas\/#primaryimage"},"thumbnailUrl":"http:\/\/www.fieam.org.br\/2015\/sesi\/wp-content\/uploads\/sites\/2\/2013\/03\/FLYER_CB_TEMPERE_SUA_EMPRESA-225x300.jpg","articleSection":["News"],"inLanguage":"pt-BR","potentialAction":[{"@type":"CommentAction","name":"Comment","target":["https:\/\/fieam.org.br\/sesi\/cozinha-brasil-leva-educacao-alimentar-as-empresas\/#respond"]}]},{"@type":"WebPage","@id":"https:\/\/fieam.org.br\/sesi\/cozinha-brasil-leva-educacao-alimentar-as-empresas\/","url":"https:\/\/fieam.org.br\/sesi\/cozinha-brasil-leva-educacao-alimentar-as-empresas\/","name":"Cozinha Brasil leva educa\u00e7\u00e3o alimentar \u00e0s empresas - SESI","isPartOf":{"@id":"https:\/\/fieam.org.br\/sesi\/#website"},"primaryImageOfPage":{"@id":"https:\/\/fieam.org.br\/sesi\/cozinha-brasil-leva-educacao-alimentar-as-empresas\/#primaryimage"},"image":{"@id":"https:\/\/fieam.org.br\/sesi\/cozinha-brasil-leva-educacao-alimentar-as-empresas\/#primaryimage"},"thumbnailUrl":"http:\/\/www.fieam.org.br\/2015\/sesi\/wp-content\/uploads\/sites\/2\/2013\/03\/FLYER_CB_TEMPERE_SUA_EMPRESA-225x300.jpg","datePublished":"2013-03-04T12:35:49+00:00","breadcrumb":{"@id":"https:\/\/fieam.org.br\/sesi\/cozinha-brasil-leva-educacao-alimentar-as-empresas\/#breadcrumb"},"inLanguage":"pt-BR","potentialAction":[{"@type":"ReadAction","target":["https:\/\/fieam.org.br\/sesi\/cozinha-brasil-leva-educacao-alimentar-as-empresas\/"]}]},{"@type":"ImageObject","inLanguage":"pt-BR","@id":"https:\/\/fieam.org.br\/sesi\/cozinha-brasil-leva-educacao-alimentar-as-empresas\/#primaryimage","url":"http:\/\/www.fieam.org.br\/2015\/sesi\/wp-content\/uploads\/sites\/2\/2013\/03\/FLYER_CB_TEMPERE_SUA_EMPRESA-225x300.jpg","contentUrl":"http:\/\/www.fieam.org.br\/2015\/sesi\/wp-content\/uploads\/sites\/2\/2013\/03\/FLYER_CB_TEMPERE_SUA_EMPRESA-225x300.jpg"},{"@type":"BreadcrumbList","@id":"https:\/\/fieam.org.br\/sesi\/cozinha-brasil-leva-educacao-alimentar-as-empresas\/#breadcrumb","itemListElement":[{"@type":"ListItem","position":1,"name":"In\u00edcio","item":"https:\/\/fieam.org.br\/sesi\/"},{"@type":"ListItem","position":2,"name":"Cozinha Brasil leva educa\u00e7\u00e3o alimentar \u00e0s empresas"}]},{"@type":"WebSite","@id":"https:\/\/fieam.org.br\/sesi\/#website","url":"https:\/\/fieam.org.br\/sesi\/","name":"SESI","description":"Site Oficial!","publisher":{"@id":"https:\/\/fieam.org.br\/sesi\/#organization"},"potentialAction":[{"@type":"SearchAction","target":{"@type":"EntryPoint","urlTemplate":"https:\/\/fieam.org.br\/sesi\/?s={search_term_string}"},"query-input":{"@type":"PropertyValueSpecification","valueRequired":true,"valueName":"search_term_string"}}],"inLanguage":"pt-BR"},{"@type":"Organization","@id":"https:\/\/fieam.org.br\/sesi\/#organization","name":"SESI","url":"https:\/\/fieam.org.br\/sesi\/","logo":{"@type":"ImageObject","inLanguage":"pt-BR","@id":"https:\/\/fieam.org.br\/sesi\/#\/schema\/logo\/image\/","url":"https:\/\/fieam.org.br\/sesi\/wp-content\/uploads\/sites\/14\/2024\/03\/cropped-fav.png","contentUrl":"https:\/\/fieam.org.br\/sesi\/wp-content\/uploads\/sites\/14\/2024\/03\/cropped-fav.png","width":610,"height":589,"caption":"SESI"},"image":{"@id":"https:\/\/fieam.org.br\/sesi\/#\/schema\/logo\/image\/"}},{"@type":"Person","@id":"https:\/\/fieam.org.br\/sesi\/#\/schema\/person\/f54998dd14d5f0695b41444f2b01c31e","name":"Autor","image":{"@type":"ImageObject","inLanguage":"pt-BR","@id":"https:\/\/secure.gravatar.com\/avatar\/3732c223e0e1fad69062a8f770955c9068d37b055204f310a0be18d4069fe380?s=96&d=mm&r=g","url":"https:\/\/secure.gravatar.com\/avatar\/3732c223e0e1fad69062a8f770955c9068d37b055204f310a0be18d4069fe380?s=96&d=mm&r=g","contentUrl":"https:\/\/secure.gravatar.com\/avatar\/3732c223e0e1fad69062a8f770955c9068d37b055204f310a0be18d4069fe380?s=96&d=mm&r=g","caption":"Autor"},"sameAs":["https:\/\/marketingmassivo.com.br"],"url":"https:\/\/fieam.org.br\/sesi\/author\/admin\/"}]}},"_links":{"self":[{"href":"https:\/\/fieam.org.br\/sesi\/wp-json\/wp\/v2\/posts\/3959","targetHints":{"allow":["GET"]}}],"collection":[{"href":"https:\/\/fieam.org.br\/sesi\/wp-json\/wp\/v2\/posts"}],"about":[{"href":"https:\/\/fieam.org.br\/sesi\/wp-json\/wp\/v2\/types\/post"}],"author":[{"embeddable":true,"href":"https:\/\/fieam.org.br\/sesi\/wp-json\/wp\/v2\/users\/1"}],"replies":[{"embeddable":true,"href":"https:\/\/fieam.org.br\/sesi\/wp-json\/wp\/v2\/comments?post=3959"}],"version-history":[{"count":0,"href":"https:\/\/fieam.org.br\/sesi\/wp-json\/wp\/v2\/posts\/3959\/revisions"}],"wp:attachment":[{"href":"https:\/\/fieam.org.br\/sesi\/wp-json\/wp\/v2\/media?parent=3959"}],"wp:term":[{"taxonomy":"category","embeddable":true,"href":"https:\/\/fieam.org.br\/sesi\/wp-json\/wp\/v2\/categories?post=3959"},{"taxonomy":"post_tag","embeddable":true,"href":"https:\/\/fieam.org.br\/sesi\/wp-json\/wp\/v2\/tags?post=3959"}],"curies":[{"name":"wp","href":"https:\/\/api.w.org\/{rel}","templated":true}]}}