{"id":3956,"date":"2013-03-04T12:29:23","date_gmt":"2013-03-04T12:29:23","guid":{"rendered":"http:\/\/www.fieam.org.br\/site\/sesi\/?p=3956"},"modified":"2013-03-04T12:29:23","modified_gmt":"2013-03-04T12:29:23","slug":"sesi-amplia-prazo-para-empresas-aderirem-a-campanha-de-vacinacao-de-combate-a-gripe","status":"publish","type":"post","link":"https:\/\/fieam.org.br\/sesi\/sesi-amplia-prazo-para-empresas-aderirem-a-campanha-de-vacinacao-de-combate-a-gripe\/","title":{"rendered":"SESI amplia prazo para empresas aderirem \u00e0 Campanha de Vacina\u00e7\u00e3o de Combate a Gripe"},"content":{"rendered":"<p align=\"center\"><i>Empresas devem aderir at\u00e9 11 de mar\u00e7o<\/i><b><\/b><\/p>\n<p><b>\u00a0<\/b><a href=\"http:\/\/www.fieam.org.br\/site\/sesi\/institucional\/\" target=\"_blank\" rel=\"noopener\">O Servi\u00e7o Social da Ind\u00fastria (SESI)<\/a>\u00a0estendeu o prazo para ades\u00e3o de empresas \u00e0 Campanha de Vacina\u00e7\u00e3o de Combate \u00e0 Gripe. As empresas interessadas em imunizar trabalhadores devem procurar o SESI at\u00e9 11 de mar\u00e7o.<\/p>\n<p>A campanha, que vai imunizar mais de 10 mil trabalhadores de 91 empresas at\u00e9 junho, \u00e9 realizada em parceria com a Sanofi Pasteur. Al\u00e9m da aplica\u00e7\u00e3o das doses de vacina, as empresas ter\u00e3o orienta\u00e7\u00f5es sobre a campanha e os efeitos da vacina. Receber\u00e3o ainda um estudo que avaliar\u00e1 a redu\u00e7\u00e3o dos casos de absente\u00edsmo por gripe e se houve diminui\u00e7\u00e3o de custos por afastamentos pela doen\u00e7a.<\/p>\n<p>A campanha de vacina\u00e7\u00e3o na ind\u00fastria complementa a que \u00e9 realizada anualmente pelo governo federal, que imuniza grupos de maior risco, como crian\u00e7as de at\u00e9 2 anos, gestantes, profissionais de sa\u00fade, idosos, \u00edndios e doentes cr\u00f4nicos.<\/p>\n<p>A vacina\u00e7\u00e3o \u2013 adotada na ind\u00fastria pelos departamentos regionais do SESI h\u00e1 cinco anos \u2013 \u00e9 a principal estrat\u00e9gia para evitar as faltas ao trabalho e a queda de produtividade dos profissionais relacionadas \u00e0 gripe. A a\u00e7\u00e3o ainda pode reduzir os gastos com consultas m\u00e9dicas e compra de medicamentos.<\/p>\n<p><b>O impacto econ\u00f4mico da gripe<\/b><\/p>\n<p>A gripe afeta cerca de 600 milh\u00f5es de pessoas por ano. De acordo com estimativas da\u00a0<a href=\"http:\/\/www.who.int\/en\/\" target=\"_blank\" rel=\"noopener\">Organiza\u00e7\u00e3o Mundial da Sa\u00fade (OMS)<\/a>, essa doen\u00e7a causada pelo v\u00edrus Influenza atinge entre 5% e 10% da popula\u00e7\u00e3o adulta e entre 20% e 30% das crian\u00e7as mundialmente. Por ano, ocorrem entre 3 a 5 milh\u00f5es de casos graves e de 250 mil a 500 mil mortes em todo o mundo.<\/p>\n<p>Com base na incid\u00eancia da gripe sobre a popula\u00e7\u00e3o adulta estimada pela OMS, a m\u00e9dica Isabella Ballalai, diretora da\u00a0<a href=\"http:\/\/www.sbim.org.br\/\" target=\"_blank\" rel=\"noopener\">Associa\u00e7\u00e3o Brasileira de Imuniza\u00e7\u00f5es<\/a>, acredita que no Brasil a gripe afete por ano entre sete a 14 milh\u00f5es de pessoas em idade produtiva.<\/p>\n","protected":false},"excerpt":{"rendered":"<p>Empresas devem aderir at\u00e9 11 de mar\u00e7o \u00a0O Servi\u00e7o Social da Ind\u00fastria (SESI)\u00a0estendeu o prazo para ades\u00e3o de empresas \u00e0 Campanha de Vacina\u00e7\u00e3o de Combate \u00e0 Gripe. As empresas interessadas em imunizar trabalhadores devem procurar o SESI at\u00e9 11 de mar\u00e7o. A campanha, que vai imunizar mais de 10 mil trabalhadores de 91 empresas at\u00e9 [&hellip;]<\/p>\n","protected":false},"author":1,"featured_media":0,"comment_status":"open","ping_status":"open","sticky":false,"template":"","format":"standard","meta":{"footnotes":""},"categories":[25],"tags":[],"class_list":["post-3956","post","type-post","status-publish","format-standard","hentry","category-news"],"yoast_head":"<!-- This site is optimized with the Yoast SEO plugin v28.2 - https:\/\/yoast.com\/product\/yoast-seo-wordpress\/ -->\n<title>SESI amplia prazo para empresas aderirem \u00e0 Campanha de Vacina\u00e7\u00e3o de Combate a Gripe - SESI<\/title>\n<meta name=\"robots\" content=\"index, follow, max-snippet:-1, max-image-preview:large, max-video-preview:-1\" \/>\n<link rel=\"canonical\" href=\"https:\/\/fieam.org.br\/sesi\/sesi-amplia-prazo-para-empresas-aderirem-a-campanha-de-vacinacao-de-combate-a-gripe\/\" \/>\n<meta property=\"og:locale\" content=\"pt_BR\" \/>\n<meta property=\"og:type\" content=\"article\" \/>\n<meta property=\"og:title\" content=\"SESI amplia prazo para empresas aderirem \u00e0 Campanha de Vacina\u00e7\u00e3o de Combate a Gripe - SESI\" \/>\n<meta property=\"og:description\" content=\"Empresas devem aderir at\u00e9 11 de mar\u00e7o \u00a0O Servi\u00e7o Social da Ind\u00fastria (SESI)\u00a0estendeu o prazo para ades\u00e3o de empresas \u00e0 Campanha de Vacina\u00e7\u00e3o de Combate \u00e0 Gripe. As empresas interessadas em imunizar trabalhadores devem procurar o SESI at\u00e9 11 de mar\u00e7o. A campanha, que vai imunizar mais de 10 mil trabalhadores de 91 empresas at\u00e9 [&hellip;]\" \/>\n<meta property=\"og:url\" content=\"https:\/\/fieam.org.br\/sesi\/sesi-amplia-prazo-para-empresas-aderirem-a-campanha-de-vacinacao-de-combate-a-gripe\/\" \/>\n<meta property=\"og:site_name\" content=\"SESI\" \/>\n<meta property=\"article:published_time\" content=\"2013-03-04T12:29:23+00:00\" \/>\n<meta name=\"author\" content=\"Autor\" \/>\n<meta name=\"twitter:card\" content=\"summary_large_image\" \/>\n<meta name=\"twitter:label1\" content=\"Escrito por\" \/>\n\t<meta name=\"twitter:data1\" content=\"Autor\" \/>\n\t<meta name=\"twitter:label2\" content=\"Est. tempo de leitura\" \/>\n\t<meta name=\"twitter:data2\" content=\"2 minutos\" \/>\n<script type=\"application\/ld+json\" class=\"yoast-schema-graph\">{\"@context\":\"https:\\\/\\\/schema.org\",\"@graph\":[{\"@type\":\"Article\",\"@id\":\"https:\\\/\\\/fieam.org.br\\\/sesi\\\/sesi-amplia-prazo-para-empresas-aderirem-a-campanha-de-vacinacao-de-combate-a-gripe\\\/#article\",\"isPartOf\":{\"@id\":\"https:\\\/\\\/fieam.org.br\\\/sesi\\\/sesi-amplia-prazo-para-empresas-aderirem-a-campanha-de-vacinacao-de-combate-a-gripe\\\/\"},\"author\":{\"name\":\"Autor\",\"@id\":\"https:\\\/\\\/fieam.org.br\\\/sesi\\\/#\\\/schema\\\/person\\\/f54998dd14d5f0695b41444f2b01c31e\"},\"headline\":\"SESI amplia prazo para empresas aderirem \u00e0 Campanha de Vacina\u00e7\u00e3o de Combate a Gripe\",\"datePublished\":\"2013-03-04T12:29:23+00:00\",\"mainEntityOfPage\":{\"@id\":\"https:\\\/\\\/fieam.org.br\\\/sesi\\\/sesi-amplia-prazo-para-empresas-aderirem-a-campanha-de-vacinacao-de-combate-a-gripe\\\/\"},\"wordCount\":337,\"commentCount\":0,\"publisher\":{\"@id\":\"https:\\\/\\\/fieam.org.br\\\/sesi\\\/#organization\"},\"articleSection\":[\"News\"],\"inLanguage\":\"pt-BR\",\"potentialAction\":[{\"@type\":\"CommentAction\",\"name\":\"Comment\",\"target\":[\"https:\\\/\\\/fieam.org.br\\\/sesi\\\/sesi-amplia-prazo-para-empresas-aderirem-a-campanha-de-vacinacao-de-combate-a-gripe\\\/#respond\"]}]},{\"@type\":\"WebPage\",\"@id\":\"https:\\\/\\\/fieam.org.br\\\/sesi\\\/sesi-amplia-prazo-para-empresas-aderirem-a-campanha-de-vacinacao-de-combate-a-gripe\\\/\",\"url\":\"https:\\\/\\\/fieam.org.br\\\/sesi\\\/sesi-amplia-prazo-para-empresas-aderirem-a-campanha-de-vacinacao-de-combate-a-gripe\\\/\",\"name\":\"SESI amplia prazo para empresas aderirem \u00e0 Campanha de Vacina\u00e7\u00e3o de Combate a Gripe - SESI\",\"isPartOf\":{\"@id\":\"https:\\\/\\\/fieam.org.br\\\/sesi\\\/#website\"},\"datePublished\":\"2013-03-04T12:29:23+00:00\",\"breadcrumb\":{\"@id\":\"https:\\\/\\\/fieam.org.br\\\/sesi\\\/sesi-amplia-prazo-para-empresas-aderirem-a-campanha-de-vacinacao-de-combate-a-gripe\\\/#breadcrumb\"},\"inLanguage\":\"pt-BR\",\"potentialAction\":[{\"@type\":\"ReadAction\",\"target\":[\"https:\\\/\\\/fieam.org.br\\\/sesi\\\/sesi-amplia-prazo-para-empresas-aderirem-a-campanha-de-vacinacao-de-combate-a-gripe\\\/\"]}]},{\"@type\":\"BreadcrumbList\",\"@id\":\"https:\\\/\\\/fieam.org.br\\\/sesi\\\/sesi-amplia-prazo-para-empresas-aderirem-a-campanha-de-vacinacao-de-combate-a-gripe\\\/#breadcrumb\",\"itemListElement\":[{\"@type\":\"ListItem\",\"position\":1,\"name\":\"In\u00edcio\",\"item\":\"https:\\\/\\\/fieam.org.br\\\/sesi\\\/\"},{\"@type\":\"ListItem\",\"position\":2,\"name\":\"SESI amplia prazo para empresas aderirem \u00e0 Campanha de Vacina\u00e7\u00e3o de Combate a Gripe\"}]},{\"@type\":\"WebSite\",\"@id\":\"https:\\\/\\\/fieam.org.br\\\/sesi\\\/#website\",\"url\":\"https:\\\/\\\/fieam.org.br\\\/sesi\\\/\",\"name\":\"SESI\",\"description\":\"Site Oficial!\",\"publisher\":{\"@id\":\"https:\\\/\\\/fieam.org.br\\\/sesi\\\/#organization\"},\"potentialAction\":[{\"@type\":\"SearchAction\",\"target\":{\"@type\":\"EntryPoint\",\"urlTemplate\":\"https:\\\/\\\/fieam.org.br\\\/sesi\\\/?s={search_term_string}\"},\"query-input\":{\"@type\":\"PropertyValueSpecification\",\"valueRequired\":true,\"valueName\":\"search_term_string\"}}],\"inLanguage\":\"pt-BR\"},{\"@type\":\"Organization\",\"@id\":\"https:\\\/\\\/fieam.org.br\\\/sesi\\\/#organization\",\"name\":\"SESI\",\"url\":\"https:\\\/\\\/fieam.org.br\\\/sesi\\\/\",\"logo\":{\"@type\":\"ImageObject\",\"inLanguage\":\"pt-BR\",\"@id\":\"https:\\\/\\\/fieam.org.br\\\/sesi\\\/#\\\/schema\\\/logo\\\/image\\\/\",\"url\":\"https:\\\/\\\/fieam.org.br\\\/sesi\\\/wp-content\\\/uploads\\\/sites\\\/14\\\/2024\\\/03\\\/cropped-fav.png\",\"contentUrl\":\"https:\\\/\\\/fieam.org.br\\\/sesi\\\/wp-content\\\/uploads\\\/sites\\\/14\\\/2024\\\/03\\\/cropped-fav.png\",\"width\":610,\"height\":589,\"caption\":\"SESI\"},\"image\":{\"@id\":\"https:\\\/\\\/fieam.org.br\\\/sesi\\\/#\\\/schema\\\/logo\\\/image\\\/\"}},{\"@type\":\"Person\",\"@id\":\"https:\\\/\\\/fieam.org.br\\\/sesi\\\/#\\\/schema\\\/person\\\/f54998dd14d5f0695b41444f2b01c31e\",\"name\":\"Autor\",\"image\":{\"@type\":\"ImageObject\",\"inLanguage\":\"pt-BR\",\"@id\":\"https:\\\/\\\/secure.gravatar.com\\\/avatar\\\/3732c223e0e1fad69062a8f770955c9068d37b055204f310a0be18d4069fe380?s=96&d=mm&r=g\",\"url\":\"https:\\\/\\\/secure.gravatar.com\\\/avatar\\\/3732c223e0e1fad69062a8f770955c9068d37b055204f310a0be18d4069fe380?s=96&d=mm&r=g\",\"contentUrl\":\"https:\\\/\\\/secure.gravatar.com\\\/avatar\\\/3732c223e0e1fad69062a8f770955c9068d37b055204f310a0be18d4069fe380?s=96&d=mm&r=g\",\"caption\":\"Autor\"},\"sameAs\":[\"https:\\\/\\\/marketingmassivo.com.br\"],\"url\":\"https:\\\/\\\/fieam.org.br\\\/sesi\\\/author\\\/admin\\\/\"}]}<\/script>\n<!-- \/ Yoast SEO plugin. -->","yoast_head_json":{"title":"SESI amplia prazo para empresas aderirem \u00e0 Campanha de Vacina\u00e7\u00e3o de Combate a Gripe - SESI","robots":{"index":"index","follow":"follow","max-snippet":"max-snippet:-1","max-image-preview":"max-image-preview:large","max-video-preview":"max-video-preview:-1"},"canonical":"https:\/\/fieam.org.br\/sesi\/sesi-amplia-prazo-para-empresas-aderirem-a-campanha-de-vacinacao-de-combate-a-gripe\/","og_locale":"pt_BR","og_type":"article","og_title":"SESI amplia prazo para empresas aderirem \u00e0 Campanha de Vacina\u00e7\u00e3o de Combate a Gripe - SESI","og_description":"Empresas devem aderir at\u00e9 11 de mar\u00e7o \u00a0O Servi\u00e7o Social da Ind\u00fastria (SESI)\u00a0estendeu o prazo para ades\u00e3o de empresas \u00e0 Campanha de Vacina\u00e7\u00e3o de Combate \u00e0 Gripe. As empresas interessadas em imunizar trabalhadores devem procurar o SESI at\u00e9 11 de mar\u00e7o. A campanha, que vai imunizar mais de 10 mil trabalhadores de 91 empresas at\u00e9 [&hellip;]","og_url":"https:\/\/fieam.org.br\/sesi\/sesi-amplia-prazo-para-empresas-aderirem-a-campanha-de-vacinacao-de-combate-a-gripe\/","og_site_name":"SESI","article_published_time":"2013-03-04T12:29:23+00:00","author":"Autor","twitter_card":"summary_large_image","twitter_misc":{"Escrito por":"Autor","Est. tempo de leitura":"2 minutos"},"schema":{"@context":"https:\/\/schema.org","@graph":[{"@type":"Article","@id":"https:\/\/fieam.org.br\/sesi\/sesi-amplia-prazo-para-empresas-aderirem-a-campanha-de-vacinacao-de-combate-a-gripe\/#article","isPartOf":{"@id":"https:\/\/fieam.org.br\/sesi\/sesi-amplia-prazo-para-empresas-aderirem-a-campanha-de-vacinacao-de-combate-a-gripe\/"},"author":{"name":"Autor","@id":"https:\/\/fieam.org.br\/sesi\/#\/schema\/person\/f54998dd14d5f0695b41444f2b01c31e"},"headline":"SESI amplia prazo para empresas aderirem \u00e0 Campanha de Vacina\u00e7\u00e3o de Combate a Gripe","datePublished":"2013-03-04T12:29:23+00:00","mainEntityOfPage":{"@id":"https:\/\/fieam.org.br\/sesi\/sesi-amplia-prazo-para-empresas-aderirem-a-campanha-de-vacinacao-de-combate-a-gripe\/"},"wordCount":337,"commentCount":0,"publisher":{"@id":"https:\/\/fieam.org.br\/sesi\/#organization"},"articleSection":["News"],"inLanguage":"pt-BR","potentialAction":[{"@type":"CommentAction","name":"Comment","target":["https:\/\/fieam.org.br\/sesi\/sesi-amplia-prazo-para-empresas-aderirem-a-campanha-de-vacinacao-de-combate-a-gripe\/#respond"]}]},{"@type":"WebPage","@id":"https:\/\/fieam.org.br\/sesi\/sesi-amplia-prazo-para-empresas-aderirem-a-campanha-de-vacinacao-de-combate-a-gripe\/","url":"https:\/\/fieam.org.br\/sesi\/sesi-amplia-prazo-para-empresas-aderirem-a-campanha-de-vacinacao-de-combate-a-gripe\/","name":"SESI amplia prazo para empresas aderirem \u00e0 Campanha de Vacina\u00e7\u00e3o de Combate a Gripe - SESI","isPartOf":{"@id":"https:\/\/fieam.org.br\/sesi\/#website"},"datePublished":"2013-03-04T12:29:23+00:00","breadcrumb":{"@id":"https:\/\/fieam.org.br\/sesi\/sesi-amplia-prazo-para-empresas-aderirem-a-campanha-de-vacinacao-de-combate-a-gripe\/#breadcrumb"},"inLanguage":"pt-BR","potentialAction":[{"@type":"ReadAction","target":["https:\/\/fieam.org.br\/sesi\/sesi-amplia-prazo-para-empresas-aderirem-a-campanha-de-vacinacao-de-combate-a-gripe\/"]}]},{"@type":"BreadcrumbList","@id":"https:\/\/fieam.org.br\/sesi\/sesi-amplia-prazo-para-empresas-aderirem-a-campanha-de-vacinacao-de-combate-a-gripe\/#breadcrumb","itemListElement":[{"@type":"ListItem","position":1,"name":"In\u00edcio","item":"https:\/\/fieam.org.br\/sesi\/"},{"@type":"ListItem","position":2,"name":"SESI amplia prazo para empresas aderirem \u00e0 Campanha de Vacina\u00e7\u00e3o de Combate a Gripe"}]},{"@type":"WebSite","@id":"https:\/\/fieam.org.br\/sesi\/#website","url":"https:\/\/fieam.org.br\/sesi\/","name":"SESI","description":"Site Oficial!","publisher":{"@id":"https:\/\/fieam.org.br\/sesi\/#organization"},"potentialAction":[{"@type":"SearchAction","target":{"@type":"EntryPoint","urlTemplate":"https:\/\/fieam.org.br\/sesi\/?s={search_term_string}"},"query-input":{"@type":"PropertyValueSpecification","valueRequired":true,"valueName":"search_term_string"}}],"inLanguage":"pt-BR"},{"@type":"Organization","@id":"https:\/\/fieam.org.br\/sesi\/#organization","name":"SESI","url":"https:\/\/fieam.org.br\/sesi\/","logo":{"@type":"ImageObject","inLanguage":"pt-BR","@id":"https:\/\/fieam.org.br\/sesi\/#\/schema\/logo\/image\/","url":"https:\/\/fieam.org.br\/sesi\/wp-content\/uploads\/sites\/14\/2024\/03\/cropped-fav.png","contentUrl":"https:\/\/fieam.org.br\/sesi\/wp-content\/uploads\/sites\/14\/2024\/03\/cropped-fav.png","width":610,"height":589,"caption":"SESI"},"image":{"@id":"https:\/\/fieam.org.br\/sesi\/#\/schema\/logo\/image\/"}},{"@type":"Person","@id":"https:\/\/fieam.org.br\/sesi\/#\/schema\/person\/f54998dd14d5f0695b41444f2b01c31e","name":"Autor","image":{"@type":"ImageObject","inLanguage":"pt-BR","@id":"https:\/\/secure.gravatar.com\/avatar\/3732c223e0e1fad69062a8f770955c9068d37b055204f310a0be18d4069fe380?s=96&d=mm&r=g","url":"https:\/\/secure.gravatar.com\/avatar\/3732c223e0e1fad69062a8f770955c9068d37b055204f310a0be18d4069fe380?s=96&d=mm&r=g","contentUrl":"https:\/\/secure.gravatar.com\/avatar\/3732c223e0e1fad69062a8f770955c9068d37b055204f310a0be18d4069fe380?s=96&d=mm&r=g","caption":"Autor"},"sameAs":["https:\/\/marketingmassivo.com.br"],"url":"https:\/\/fieam.org.br\/sesi\/author\/admin\/"}]}},"_links":{"self":[{"href":"https:\/\/fieam.org.br\/sesi\/wp-json\/wp\/v2\/posts\/3956","targetHints":{"allow":["GET"]}}],"collection":[{"href":"https:\/\/fieam.org.br\/sesi\/wp-json\/wp\/v2\/posts"}],"about":[{"href":"https:\/\/fieam.org.br\/sesi\/wp-json\/wp\/v2\/types\/post"}],"author":[{"embeddable":true,"href":"https:\/\/fieam.org.br\/sesi\/wp-json\/wp\/v2\/users\/1"}],"replies":[{"embeddable":true,"href":"https:\/\/fieam.org.br\/sesi\/wp-json\/wp\/v2\/comments?post=3956"}],"version-history":[{"count":0,"href":"https:\/\/fieam.org.br\/sesi\/wp-json\/wp\/v2\/posts\/3956\/revisions"}],"wp:attachment":[{"href":"https:\/\/fieam.org.br\/sesi\/wp-json\/wp\/v2\/media?parent=3956"}],"wp:term":[{"taxonomy":"category","embeddable":true,"href":"https:\/\/fieam.org.br\/sesi\/wp-json\/wp\/v2\/categories?post=3956"},{"taxonomy":"post_tag","embeddable":true,"href":"https:\/\/fieam.org.br\/sesi\/wp-json\/wp\/v2\/tags?post=3956"}],"curies":[{"name":"wp","href":"https:\/\/api.w.org\/{rel}","templated":true}]}}