{"id":3942,"date":"2013-02-26T17:40:23","date_gmt":"2013-02-26T17:40:23","guid":{"rendered":"http:\/\/www.fieam.org.br\/site\/sesi\/?p=3942"},"modified":"2013-02-26T17:40:23","modified_gmt":"2013-02-26T17:40:23","slug":"sesi-seleciona-adolescentes-e-jovens-para-o-projeto-viravida","status":"publish","type":"post","link":"https:\/\/fieam.org.br\/sesi\/sesi-seleciona-adolescentes-e-jovens-para-o-projeto-viravida\/","title":{"rendered":"SESI seleciona adolescentes e jovens para o Projeto ViraVida"},"content":{"rendered":"<p align=\"center\">V\u00edtimas de situa\u00e7\u00e3o de explora\u00e7\u00e3o sexual t\u00eam oportunidade de inser\u00e7\u00e3o no mercado de trabalho.<\/p>\n<figure id=\"attachment_3945\" aria-describedby=\"caption-attachment-3945\" style=\"width: 300px\" class=\"wp-caption alignleft\"><a href=\"http:\/\/www.fieam.org.br\/site\/sesi\/sesi-seleciona-adolescentes-e-jovens-para-o-projeto-viravida\/redacao-sobre-a-vida-sonhos-e-perspetivas-dos-adolescentes-e-jovens-e-tema-de-redacao\/\" rel=\"attachment wp-att-3945\"><img fetchpriority=\"high\" decoding=\"async\" class=\"size-medium wp-image-3945 \" alt=\"Reda\u00e7\u00e3o sobre a vida, sonhos e perspetivas dos adolescentes e jovens \u00e9 tema de reda\u00e7\u00e3o\" src=\"http:\/\/www.fieam.org.br\/2015\/sesi\/wp-content\/uploads\/sites\/2\/2013\/02\/Reda\u00e7\u00e3o-sobre-a-vida-sonhos-e-perspetivas-dos-adolescentes-e-jovens-\u00e9-tema-de-reda\u00e7\u00e3o-300x205.jpg\" width=\"300\" height=\"205\" \/><\/a><figcaption id=\"caption-attachment-3945\" class=\"wp-caption-text\">Reda\u00e7\u00e3o sobre a vida, sonhos e perspetivas dos adolescentes e jovens \u00e9 tema de reda\u00e7\u00e3o.<\/figcaption><\/figure>\n<p>Cerca de 50 jovens que passaram por situa\u00e7\u00e3o de explora\u00e7\u00e3o sexual participam, at\u00e9 pr\u00f3xima quinta-feira (28), do processo de sele\u00e7\u00e3o para a inser\u00e7\u00e3o no\u00a0<a href=\"http:\/\/www.viravida.org.br\/\" target=\"_blank\" rel=\"noopener\">projeto ViraVida<\/a>, do\u00a0<a href=\"http:\/\/www.fieam.org.br\/site\/sesi\/institucional\/\" target=\"_blank\" rel=\"noopener\">Servi\u00e7o Social da Ind\u00fastria (SESI Amazonas)<\/a>. A iniciativa visa identificar e indicar os candidatos que se enquadram no perfil de p\u00fablico pr\u00e9-estabelecido para a participa\u00e7\u00e3o no projeto.<\/p>\n<p>O ViraVida \u00e9 um programa do\u00a0<a href=\"http:\/\/www.conselhonacionaldosesi.org.br\/\" target=\"_blank\" rel=\"noopener\">Conselho Nacional do SESI<\/a>, que oferece capacita\u00e7\u00e3o profissional, educa\u00e7\u00e3o b\u00e1sica, atendimento psicossocial, m\u00e9dico e odontol\u00f3gico \u00e0 jovens e adolescentes, entre 16 e 21 anos de idade, que foram ou s\u00e3o v\u00edtimas de explora\u00e7\u00e3o sexual. No amazonas, o projeto foi lan\u00e7ado em julho de 2012, pelo presidente do Conselho Nacional do SESI, Jair Meneguelli.<\/p>\n<p>Nesta segunda-feira (25), al\u00e9m da recep\u00e7\u00e3o, acolhida e apresenta\u00e7\u00e3o do projeto aos jovens, foi aplicada uma reda\u00e7\u00e3o e din\u00e2mica com o objetivo de identificar projetos de vida, sonhos, expectativas de futuro.<\/p>\n<p>Segundo a assessora do Conselho Nacional do SESI, Catarina Sabino, essas etapas buscam identificar interesses para o curso, conhecer as hist\u00f3rias de vida, al\u00e9m de verificar se o n\u00edvel de conhecimento corresponde \u00e0 escolaridade apresentada, al\u00e9m de conhecer a vis\u00e3o de mundo dos jovens.<\/p>\n<p>Catarina afirma ainda que os jovens do projeto podem optar por cursos profissionais ou por abrir seu neg\u00f3cio.<\/p>\n<figure id=\"attachment_3946\" aria-describedby=\"caption-attachment-3946\" style=\"width: 300px\" class=\"wp-caption alignleft\"><a href=\"http:\/\/www.fieam.org.br\/site\/sesi\/sesi-seleciona-adolescentes-e-jovens-para-o-projeto-viravida\/canditados-participam-de-1a-etapa-do-viravida\/\" rel=\"attachment wp-att-3946\"><img decoding=\"async\" class=\"size-medium wp-image-3946 \" alt=\"Canditados participam de 1\u00aa etapa do ViraVida\" src=\"http:\/\/www.fieam.org.br\/2015\/sesi\/wp-content\/uploads\/sites\/2\/2013\/02\/Canditados-participam-de-1\u00aa-etapa-do-ViraVida-300x191.jpg\" width=\"300\" height=\"191\" \/><\/a><figcaption id=\"caption-attachment-3946\" class=\"wp-caption-text\">Canditados participam de 1\u00aa etapa do ViraVida<\/figcaption><\/figure>\n<p>Durante a din\u00e2mica, percebeu-se entre os jovens algo em comum, a vontade de mudar de vida e a necessidade de esquecer o passado. A maioria sonha em cursar uma faculdade como a pequena Mariana Bentes* 16, que deseja ser engenheira mec\u00e2nica. \u201cEu gosto de pe\u00e7as de carro, prefiro o trabalho duro. Estou muito feliz com essa oportunidade e tenho certeza que vai dar certo. O que mais quero \u00e9 me dar bem no mercado de trabalho e mudar de vida\u201d, disse.<\/p>\n<p>Mariana \u00e9 uma dos 20 jovens vindos da Associa\u00e7\u00e3o Comunit\u00e1ria Vila da Felicidade, localizada pr\u00f3ximo ao Encontro das \u00c1guas e da BR-319. \u201cOs jovens dessa comunidade est\u00e3o muito vulner\u00e1veis, pois l\u00e1 passam de 8 a 10 mil pessoas por dia. Eles s\u00e3o alvos-f\u00e1ceis da explora\u00e7\u00e3o sexual. Essa oportunidade \u00e9 a realiza\u00e7\u00e3o de um sonho\u201d, disse o l\u00edder comunit\u00e1rio J\u00falio Santos.<\/p>\n<p>Os jovens foram encaminhados pelo SEAS, por meio do Projeto Crian\u00e7a Cidad\u00e3 e Ame a Vida; Associa\u00e7\u00e3o Comunit\u00e1ria Vila Felicidade, por meio da\u00a0<a href=\"http:\/\/www.esbam.edu.br\/site\/?page_id=98\" target=\"_blank\" rel=\"noopener\">ESBAM<\/a>, o Centro de Refer\u00eancia Especializado da Assist\u00eancia Social (CREAS) da Nossa Senhora das Gra\u00e7as, o Instituto de Assist\u00eancia a Crian\u00e7a e ao Adolescente Santo Ant\u00f4nio (IACAS), pelo Servi\u00e7o de Atendimento a Vitimas de Viola\u00e7\u00e3o Sexual (SAVVIS), por meio da Policl\u00ednica Dr. Ant\u00f4nio Reis, e\u00a0 pela Casa Mam\u00e3e Margarida.<\/p>\n<p>A psic\u00f3loga Soraia de Ara\u00fajo, da Casa da Mam\u00e3e Margarida, levou 20 jovens da institui\u00e7\u00e3o e disse que come\u00e7a um novo ciclo no combate a explora\u00e7\u00e3o sexual no Estado.<\/p>\n<p>\u201cQuando chega esse per\u00edodo que eles deixam de ser crian\u00e7a, n\u00f3s ficamos de m\u00e3os atadas por que n\u00e3o temos para onde encaminh\u00e1-los. Hoje eles est\u00e3o com medo e ang\u00fastia, mas amanh\u00e3 colher\u00e3o os frutos. Eu vislumbro a mudan\u00e7a de vida de cada um deles. S\u00f3 tenho a agradecer ao SESI pela parceria nesse sonho\u201d, disse emocionada.<\/p>\n<p>Em todo o Brasil, mais de dois mil jovens passaram pelo projeto, dos quais 900 est\u00e3o inseridos no mercado de trabalho.<\/p>\n<p>A meta do SESI Amazonas \u00e9 transformar a vida de 200 jovens at\u00e9 2014. Em agosto est\u00e1 previsto in\u00edcio de nova turma, com mais 50 beneficiados. O SESI est\u00e1 articulando importantes parcerias e o investimento no projeto, custeado pelo Conselho Nacional do SESI, \u00e9 na ordem de R$2 milh\u00f5es por ano.<\/p>\n<p>O projeto firmou parceria com o Sistema S:\u00a0<a href=\"http:\/\/www.fieam.org.br\/site\/senai\/institucional\/\" target=\"_blank\" rel=\"noopener\">SENAI<\/a>,\u00a0<a href=\"http:\/\/www.senar.org.br\/\" target=\"_blank\" rel=\"noopener\">SENAR<\/a>,\u00a0<a href=\"http:\/\/www.sesc-am.com.br\/\" target=\"_blank\" rel=\"noopener\">SESC<\/a>,\u00a0<a href=\"http:\/\/www.fieam.org.br\/site\/iel\/institucional\/\" target=\"_blank\" rel=\"noopener\">IEL<\/a>,\u00a0<a href=\"http:\/\/www.am.senac.br\/\" target=\"_blank\" rel=\"noopener\">SENAC<\/a>, SESCOOP,\u00a0<a href=\"http:\/\/www.sestsenat.org.br\/Paginas\/Index.aspx\" target=\"_blank\" rel=\"noopener\">SEST-SENAT<\/a>,<a href=\"http:\/\/www.sebrae.com.br\/uf\/amazonas\" target=\"_blank\" rel=\"noopener\">SEBRAE<\/a>\u00a0e\u00a0<a href=\"http:\/\/www.fieam.org.br\/site\/sesi\/institucional\/\" target=\"_blank\" rel=\"noopener\">SESI<\/a>\u00a0(EJA e NIEC). Para denunciar situa\u00e7\u00f5es dessa natureza, disque 100 (nacional) ou 0800-921407 (local).<\/p>\n<p>*<em>Nomes fict\u00edcios<\/em>\u00a0criados para preservar a identidade dos alunos.<\/p>\n","protected":false},"excerpt":{"rendered":"<p>V\u00edtimas de situa\u00e7\u00e3o de explora\u00e7\u00e3o sexual t\u00eam oportunidade de inser\u00e7\u00e3o no mercado de trabalho. Cerca de 50 jovens que passaram por situa\u00e7\u00e3o de explora\u00e7\u00e3o sexual participam, at\u00e9 pr\u00f3xima quinta-feira (28), do processo de sele\u00e7\u00e3o para a inser\u00e7\u00e3o no\u00a0projeto ViraVida, do\u00a0Servi\u00e7o Social da Ind\u00fastria (SESI Amazonas). A iniciativa visa identificar e indicar os candidatos que se [&hellip;]<\/p>\n","protected":false},"author":1,"featured_media":0,"comment_status":"open","ping_status":"open","sticky":false,"template":"","format":"standard","meta":{"footnotes":""},"categories":[25],"tags":[],"class_list":["post-3942","post","type-post","status-publish","format-standard","hentry","category-news"],"yoast_head":"<!-- This site is optimized with the Yoast SEO plugin v28.2 - https:\/\/yoast.com\/product\/yoast-seo-wordpress\/ -->\n<title>SESI seleciona adolescentes e jovens para o Projeto ViraVida - SESI<\/title>\n<meta name=\"robots\" content=\"index, follow, max-snippet:-1, max-image-preview:large, max-video-preview:-1\" \/>\n<link rel=\"canonical\" href=\"https:\/\/fieam.org.br\/sesi\/sesi-seleciona-adolescentes-e-jovens-para-o-projeto-viravida\/\" \/>\n<meta property=\"og:locale\" content=\"pt_BR\" \/>\n<meta property=\"og:type\" content=\"article\" \/>\n<meta property=\"og:title\" content=\"SESI seleciona adolescentes e jovens para o Projeto ViraVida - SESI\" \/>\n<meta property=\"og:description\" content=\"V\u00edtimas de situa\u00e7\u00e3o de explora\u00e7\u00e3o sexual t\u00eam oportunidade de inser\u00e7\u00e3o no mercado de trabalho. Cerca de 50 jovens que passaram por situa\u00e7\u00e3o de explora\u00e7\u00e3o sexual participam, at\u00e9 pr\u00f3xima quinta-feira (28), do processo de sele\u00e7\u00e3o para a inser\u00e7\u00e3o no\u00a0projeto ViraVida, do\u00a0Servi\u00e7o Social da Ind\u00fastria (SESI Amazonas). A iniciativa visa identificar e indicar os candidatos que se [&hellip;]\" \/>\n<meta property=\"og:url\" content=\"https:\/\/fieam.org.br\/sesi\/sesi-seleciona-adolescentes-e-jovens-para-o-projeto-viravida\/\" \/>\n<meta property=\"og:site_name\" content=\"SESI\" \/>\n<meta property=\"article:published_time\" content=\"2013-02-26T17:40:23+00:00\" \/>\n<meta name=\"author\" content=\"Autor\" \/>\n<meta name=\"twitter:card\" content=\"summary_large_image\" \/>\n<meta name=\"twitter:label1\" content=\"Escrito por\" \/>\n\t<meta name=\"twitter:data1\" content=\"Autor\" \/>\n\t<meta name=\"twitter:label2\" content=\"Est. tempo de leitura\" \/>\n\t<meta name=\"twitter:data2\" content=\"4 minutos\" \/>\n<script type=\"application\/ld+json\" class=\"yoast-schema-graph\">{\"@context\":\"https:\\\/\\\/schema.org\",\"@graph\":[{\"@type\":\"Article\",\"@id\":\"https:\\\/\\\/fieam.org.br\\\/sesi\\\/sesi-seleciona-adolescentes-e-jovens-para-o-projeto-viravida\\\/#article\",\"isPartOf\":{\"@id\":\"https:\\\/\\\/fieam.org.br\\\/sesi\\\/sesi-seleciona-adolescentes-e-jovens-para-o-projeto-viravida\\\/\"},\"author\":{\"name\":\"Autor\",\"@id\":\"https:\\\/\\\/fieam.org.br\\\/sesi\\\/#\\\/schema\\\/person\\\/f54998dd14d5f0695b41444f2b01c31e\"},\"headline\":\"SESI seleciona adolescentes e jovens para o Projeto ViraVida\",\"datePublished\":\"2013-02-26T17:40:23+00:00\",\"mainEntityOfPage\":{\"@id\":\"https:\\\/\\\/fieam.org.br\\\/sesi\\\/sesi-seleciona-adolescentes-e-jovens-para-o-projeto-viravida\\\/\"},\"wordCount\":737,\"commentCount\":0,\"publisher\":{\"@id\":\"https:\\\/\\\/fieam.org.br\\\/sesi\\\/#organization\"},\"articleSection\":[\"News\"],\"inLanguage\":\"pt-BR\",\"potentialAction\":[{\"@type\":\"CommentAction\",\"name\":\"Comment\",\"target\":[\"https:\\\/\\\/fieam.org.br\\\/sesi\\\/sesi-seleciona-adolescentes-e-jovens-para-o-projeto-viravida\\\/#respond\"]}]},{\"@type\":\"WebPage\",\"@id\":\"https:\\\/\\\/fieam.org.br\\\/sesi\\\/sesi-seleciona-adolescentes-e-jovens-para-o-projeto-viravida\\\/\",\"url\":\"https:\\\/\\\/fieam.org.br\\\/sesi\\\/sesi-seleciona-adolescentes-e-jovens-para-o-projeto-viravida\\\/\",\"name\":\"SESI seleciona adolescentes e jovens para o Projeto ViraVida - SESI\",\"isPartOf\":{\"@id\":\"https:\\\/\\\/fieam.org.br\\\/sesi\\\/#website\"},\"datePublished\":\"2013-02-26T17:40:23+00:00\",\"breadcrumb\":{\"@id\":\"https:\\\/\\\/fieam.org.br\\\/sesi\\\/sesi-seleciona-adolescentes-e-jovens-para-o-projeto-viravida\\\/#breadcrumb\"},\"inLanguage\":\"pt-BR\",\"potentialAction\":[{\"@type\":\"ReadAction\",\"target\":[\"https:\\\/\\\/fieam.org.br\\\/sesi\\\/sesi-seleciona-adolescentes-e-jovens-para-o-projeto-viravida\\\/\"]}]},{\"@type\":\"BreadcrumbList\",\"@id\":\"https:\\\/\\\/fieam.org.br\\\/sesi\\\/sesi-seleciona-adolescentes-e-jovens-para-o-projeto-viravida\\\/#breadcrumb\",\"itemListElement\":[{\"@type\":\"ListItem\",\"position\":1,\"name\":\"In\u00edcio\",\"item\":\"https:\\\/\\\/fieam.org.br\\\/sesi\\\/\"},{\"@type\":\"ListItem\",\"position\":2,\"name\":\"SESI seleciona adolescentes e jovens para o Projeto ViraVida\"}]},{\"@type\":\"WebSite\",\"@id\":\"https:\\\/\\\/fieam.org.br\\\/sesi\\\/#website\",\"url\":\"https:\\\/\\\/fieam.org.br\\\/sesi\\\/\",\"name\":\"SESI\",\"description\":\"Site Oficial!\",\"publisher\":{\"@id\":\"https:\\\/\\\/fieam.org.br\\\/sesi\\\/#organization\"},\"potentialAction\":[{\"@type\":\"SearchAction\",\"target\":{\"@type\":\"EntryPoint\",\"urlTemplate\":\"https:\\\/\\\/fieam.org.br\\\/sesi\\\/?s={search_term_string}\"},\"query-input\":{\"@type\":\"PropertyValueSpecification\",\"valueRequired\":true,\"valueName\":\"search_term_string\"}}],\"inLanguage\":\"pt-BR\"},{\"@type\":\"Organization\",\"@id\":\"https:\\\/\\\/fieam.org.br\\\/sesi\\\/#organization\",\"name\":\"SESI\",\"url\":\"https:\\\/\\\/fieam.org.br\\\/sesi\\\/\",\"logo\":{\"@type\":\"ImageObject\",\"inLanguage\":\"pt-BR\",\"@id\":\"https:\\\/\\\/fieam.org.br\\\/sesi\\\/#\\\/schema\\\/logo\\\/image\\\/\",\"url\":\"https:\\\/\\\/fieam.org.br\\\/sesi\\\/wp-content\\\/uploads\\\/sites\\\/14\\\/2024\\\/03\\\/cropped-fav.png\",\"contentUrl\":\"https:\\\/\\\/fieam.org.br\\\/sesi\\\/wp-content\\\/uploads\\\/sites\\\/14\\\/2024\\\/03\\\/cropped-fav.png\",\"width\":610,\"height\":589,\"caption\":\"SESI\"},\"image\":{\"@id\":\"https:\\\/\\\/fieam.org.br\\\/sesi\\\/#\\\/schema\\\/logo\\\/image\\\/\"}},{\"@type\":\"Person\",\"@id\":\"https:\\\/\\\/fieam.org.br\\\/sesi\\\/#\\\/schema\\\/person\\\/f54998dd14d5f0695b41444f2b01c31e\",\"name\":\"Autor\",\"image\":{\"@type\":\"ImageObject\",\"inLanguage\":\"pt-BR\",\"@id\":\"https:\\\/\\\/secure.gravatar.com\\\/avatar\\\/3732c223e0e1fad69062a8f770955c9068d37b055204f310a0be18d4069fe380?s=96&d=mm&r=g\",\"url\":\"https:\\\/\\\/secure.gravatar.com\\\/avatar\\\/3732c223e0e1fad69062a8f770955c9068d37b055204f310a0be18d4069fe380?s=96&d=mm&r=g\",\"contentUrl\":\"https:\\\/\\\/secure.gravatar.com\\\/avatar\\\/3732c223e0e1fad69062a8f770955c9068d37b055204f310a0be18d4069fe380?s=96&d=mm&r=g\",\"caption\":\"Autor\"},\"sameAs\":[\"https:\\\/\\\/marketingmassivo.com.br\"],\"url\":\"https:\\\/\\\/fieam.org.br\\\/sesi\\\/author\\\/admin\\\/\"}]}<\/script>\n<!-- \/ Yoast SEO plugin. -->","yoast_head_json":{"title":"SESI seleciona adolescentes e jovens para o Projeto ViraVida - SESI","robots":{"index":"index","follow":"follow","max-snippet":"max-snippet:-1","max-image-preview":"max-image-preview:large","max-video-preview":"max-video-preview:-1"},"canonical":"https:\/\/fieam.org.br\/sesi\/sesi-seleciona-adolescentes-e-jovens-para-o-projeto-viravida\/","og_locale":"pt_BR","og_type":"article","og_title":"SESI seleciona adolescentes e jovens para o Projeto ViraVida - SESI","og_description":"V\u00edtimas de situa\u00e7\u00e3o de explora\u00e7\u00e3o sexual t\u00eam oportunidade de inser\u00e7\u00e3o no mercado de trabalho. Cerca de 50 jovens que passaram por situa\u00e7\u00e3o de explora\u00e7\u00e3o sexual participam, at\u00e9 pr\u00f3xima quinta-feira (28), do processo de sele\u00e7\u00e3o para a inser\u00e7\u00e3o no\u00a0projeto ViraVida, do\u00a0Servi\u00e7o Social da Ind\u00fastria (SESI Amazonas). A iniciativa visa identificar e indicar os candidatos que se [&hellip;]","og_url":"https:\/\/fieam.org.br\/sesi\/sesi-seleciona-adolescentes-e-jovens-para-o-projeto-viravida\/","og_site_name":"SESI","article_published_time":"2013-02-26T17:40:23+00:00","author":"Autor","twitter_card":"summary_large_image","twitter_misc":{"Escrito por":"Autor","Est. tempo de leitura":"4 minutos"},"schema":{"@context":"https:\/\/schema.org","@graph":[{"@type":"Article","@id":"https:\/\/fieam.org.br\/sesi\/sesi-seleciona-adolescentes-e-jovens-para-o-projeto-viravida\/#article","isPartOf":{"@id":"https:\/\/fieam.org.br\/sesi\/sesi-seleciona-adolescentes-e-jovens-para-o-projeto-viravida\/"},"author":{"name":"Autor","@id":"https:\/\/fieam.org.br\/sesi\/#\/schema\/person\/f54998dd14d5f0695b41444f2b01c31e"},"headline":"SESI seleciona adolescentes e jovens para o Projeto ViraVida","datePublished":"2013-02-26T17:40:23+00:00","mainEntityOfPage":{"@id":"https:\/\/fieam.org.br\/sesi\/sesi-seleciona-adolescentes-e-jovens-para-o-projeto-viravida\/"},"wordCount":737,"commentCount":0,"publisher":{"@id":"https:\/\/fieam.org.br\/sesi\/#organization"},"articleSection":["News"],"inLanguage":"pt-BR","potentialAction":[{"@type":"CommentAction","name":"Comment","target":["https:\/\/fieam.org.br\/sesi\/sesi-seleciona-adolescentes-e-jovens-para-o-projeto-viravida\/#respond"]}]},{"@type":"WebPage","@id":"https:\/\/fieam.org.br\/sesi\/sesi-seleciona-adolescentes-e-jovens-para-o-projeto-viravida\/","url":"https:\/\/fieam.org.br\/sesi\/sesi-seleciona-adolescentes-e-jovens-para-o-projeto-viravida\/","name":"SESI seleciona adolescentes e jovens para o Projeto ViraVida - SESI","isPartOf":{"@id":"https:\/\/fieam.org.br\/sesi\/#website"},"datePublished":"2013-02-26T17:40:23+00:00","breadcrumb":{"@id":"https:\/\/fieam.org.br\/sesi\/sesi-seleciona-adolescentes-e-jovens-para-o-projeto-viravida\/#breadcrumb"},"inLanguage":"pt-BR","potentialAction":[{"@type":"ReadAction","target":["https:\/\/fieam.org.br\/sesi\/sesi-seleciona-adolescentes-e-jovens-para-o-projeto-viravida\/"]}]},{"@type":"BreadcrumbList","@id":"https:\/\/fieam.org.br\/sesi\/sesi-seleciona-adolescentes-e-jovens-para-o-projeto-viravida\/#breadcrumb","itemListElement":[{"@type":"ListItem","position":1,"name":"In\u00edcio","item":"https:\/\/fieam.org.br\/sesi\/"},{"@type":"ListItem","position":2,"name":"SESI seleciona adolescentes e jovens para o Projeto ViraVida"}]},{"@type":"WebSite","@id":"https:\/\/fieam.org.br\/sesi\/#website","url":"https:\/\/fieam.org.br\/sesi\/","name":"SESI","description":"Site Oficial!","publisher":{"@id":"https:\/\/fieam.org.br\/sesi\/#organization"},"potentialAction":[{"@type":"SearchAction","target":{"@type":"EntryPoint","urlTemplate":"https:\/\/fieam.org.br\/sesi\/?s={search_term_string}"},"query-input":{"@type":"PropertyValueSpecification","valueRequired":true,"valueName":"search_term_string"}}],"inLanguage":"pt-BR"},{"@type":"Organization","@id":"https:\/\/fieam.org.br\/sesi\/#organization","name":"SESI","url":"https:\/\/fieam.org.br\/sesi\/","logo":{"@type":"ImageObject","inLanguage":"pt-BR","@id":"https:\/\/fieam.org.br\/sesi\/#\/schema\/logo\/image\/","url":"https:\/\/fieam.org.br\/sesi\/wp-content\/uploads\/sites\/14\/2024\/03\/cropped-fav.png","contentUrl":"https:\/\/fieam.org.br\/sesi\/wp-content\/uploads\/sites\/14\/2024\/03\/cropped-fav.png","width":610,"height":589,"caption":"SESI"},"image":{"@id":"https:\/\/fieam.org.br\/sesi\/#\/schema\/logo\/image\/"}},{"@type":"Person","@id":"https:\/\/fieam.org.br\/sesi\/#\/schema\/person\/f54998dd14d5f0695b41444f2b01c31e","name":"Autor","image":{"@type":"ImageObject","inLanguage":"pt-BR","@id":"https:\/\/secure.gravatar.com\/avatar\/3732c223e0e1fad69062a8f770955c9068d37b055204f310a0be18d4069fe380?s=96&d=mm&r=g","url":"https:\/\/secure.gravatar.com\/avatar\/3732c223e0e1fad69062a8f770955c9068d37b055204f310a0be18d4069fe380?s=96&d=mm&r=g","contentUrl":"https:\/\/secure.gravatar.com\/avatar\/3732c223e0e1fad69062a8f770955c9068d37b055204f310a0be18d4069fe380?s=96&d=mm&r=g","caption":"Autor"},"sameAs":["https:\/\/marketingmassivo.com.br"],"url":"https:\/\/fieam.org.br\/sesi\/author\/admin\/"}]}},"_links":{"self":[{"href":"https:\/\/fieam.org.br\/sesi\/wp-json\/wp\/v2\/posts\/3942","targetHints":{"allow":["GET"]}}],"collection":[{"href":"https:\/\/fieam.org.br\/sesi\/wp-json\/wp\/v2\/posts"}],"about":[{"href":"https:\/\/fieam.org.br\/sesi\/wp-json\/wp\/v2\/types\/post"}],"author":[{"embeddable":true,"href":"https:\/\/fieam.org.br\/sesi\/wp-json\/wp\/v2\/users\/1"}],"replies":[{"embeddable":true,"href":"https:\/\/fieam.org.br\/sesi\/wp-json\/wp\/v2\/comments?post=3942"}],"version-history":[{"count":0,"href":"https:\/\/fieam.org.br\/sesi\/wp-json\/wp\/v2\/posts\/3942\/revisions"}],"wp:attachment":[{"href":"https:\/\/fieam.org.br\/sesi\/wp-json\/wp\/v2\/media?parent=3942"}],"wp:term":[{"taxonomy":"category","embeddable":true,"href":"https:\/\/fieam.org.br\/sesi\/wp-json\/wp\/v2\/categories?post=3942"},{"taxonomy":"post_tag","embeddable":true,"href":"https:\/\/fieam.org.br\/sesi\/wp-json\/wp\/v2\/tags?post=3942"}],"curies":[{"name":"wp","href":"https:\/\/api.w.org\/{rel}","templated":true}]}}