{"id":3902,"date":"2013-02-05T15:47:06","date_gmt":"2013-02-05T15:47:06","guid":{"rendered":"http:\/\/www.fieam.org.br\/site\/sesi\/?p=3902"},"modified":"2013-02-05T15:47:06","modified_gmt":"2013-02-05T15:47:06","slug":"cinco-mil-alunos-do-sesi-voltam-as-aulas","status":"publish","type":"post","link":"https:\/\/fieam.org.br\/sesi\/cinco-mil-alunos-do-sesi-voltam-as-aulas\/","title":{"rendered":"Cinco mil alunos do SESI voltam \u00e0s aulas"},"content":{"rendered":"<p>Pedagoga d\u00e1 dica aos pais sobre 1\u00ba dia de aula<\/p>\n<figure id=\"attachment_3905\" aria-describedby=\"caption-attachment-3905\" style=\"width: 200px\" class=\"wp-caption alignleft\"><a href=\"http:\/\/www.fieam.org.br\/site\/sesi\/cinco-mil-alunos-do-sesi-voltam-as-aulas\/familia-oliveira-em-primeiro-dia-de-aula-no-sesi\/\" rel=\"attachment wp-att-3905\"><img fetchpriority=\"high\" decoding=\"async\" class=\"size-medium wp-image-3905 \" alt=\"Fam\u00edlia Oliveira em primeiro dia de aula no SESI\/AM.\" src=\"http:\/\/www.fieam.org.br\/2015\/sesi\/wp-content\/uploads\/sites\/2\/2013\/02\/Fam\u00edlia-Oliveira-em-primeiro-dia-de-Aula-no-SESI-200x300.jpg\" width=\"200\" height=\"300\" \/><\/a><figcaption id=\"caption-attachment-3905\" class=\"wp-caption-text\">Fam\u00edlia Oliveira em primeiro dia de aula no SESI\/AM.<\/figcaption><\/figure>\n<p>Acompanhados pelos pais ou por monitores, em rotas, de carro ou mesmo a p\u00e9, uns chorosos e desconfiados, e outros bem animados e ansiosos. Assim chegaram, desde \u00e0s 5h30, os mais de 1.950 alunos da <a href=\"http:\/\/www.fieam.org.br\/site\/sesi\/educacao-cria\/\">Unidade de Educa\u00e7\u00e3o 8 (UE)<\/a> do SESI \u201cDr. Francisco Garcia\u201d, localizada no Distrito Industrial de Manaus.<br \/>\nA Unidade de Educa\u00e7\u00e3o, que atende alunos na faixa dos 4 meses a 5 anos em Educa\u00e7\u00e3o Infantil (Creche e Pr\u00e9 \u2013 Escola), recebeu nesta segunda-feira (4), os alunos da pr\u00e9-escola, os \u00faltimos a retornarem \u00e0s aulas na Rede SESI de Educa\u00e7\u00e3o \u2013 desde o dia 23 de janeiro, os demais j\u00e1 retornaram \u00e0s aulas, em suas respectivas unidades.<br \/>\nNo caso da fam\u00edlia Oliveira, o choro ficou com a mam\u00e3e Vanessa, gerente administrativo da empresa <a href=\"http:\/\/www.orientnet.com.br\/\">Orient Rel\u00f3gios da Amaz\u00f4nia<\/a> que, emocionada com o retorno de Igor (4) \u00e0s aulas, mostrava-se mais ansiosa que as crian\u00e7as. O pai, Andre Moura de Oliveira, 31, coordenador de produ\u00e7\u00e3o da Masa da Amaz\u00f4nia, disse que h\u00e1 uma semana que, juntamente com a mulher, passou pela mesma situa\u00e7\u00e3o com o retorno \u00e0s aulas da pequena Isabela (7 meses).<br \/>\n\u201cEu fico bem tranq\u00fcilo, pois confio no SESI. Meus filhos est\u00e3o se desenvolvendo bem, o ensino \u00e9 bom e as professoras s\u00e3o \u00f3timas. O Igor estuda aqui desde os dois anos e a Isabela come\u00e7ou agora. Eu recomendo sempre que posso. A m\u00e3e que est\u00e1 com o cora\u00e7\u00e3o apertado e j\u00e1 chorou bastante antes de sair de casa\u201d, disse.<br \/>\nApesar de t\u00edmido, Igor chegou \u00e0 sala de aula, onde cursa a pr\u00e9-escola, organizou sua mochila e, logo, participou da primeira atividade l\u00fadica do dia, a montagem de um quebra-cabe\u00e7a. Em seguida foi tomar caf\u00e9, onde realizou sua primeira refei\u00e7\u00e3o do dia. Enquanto isso, sua irm\u00e3zinha recebeu sua mamada e depois caiu numa deliciosa soneca.<br \/>\nO funcion\u00e1rio p\u00fablico da <a href=\"http:\/\/www.aleam.gov.br\/\">Assembleia Legislativa do Estado do Amazonas (Aleam)<\/a>, Eduardo Cogo, 35, marido da analista de sistemas da <a href=\"http:\/\/www.honda.com.br\/sobre-a-honda\/no-brasil\/Paginas\/moto-honda-da-amazonia.aspx\">Moto Honda da Amaz\u00f4nia<\/a>, Aise Cogo, ficou com a miss\u00e3o de levar as crian\u00e7as \u00e0 escola. H\u00e1 uma semana, Tiago, de 1 ano e sete meses, e nesta segunda, Pedro, 4, aluno da pr\u00e9-escola.<br \/>\n\u201cPedro estuda no SESI desde os 3 anos e Tiago desde os 9 meses. Estamos muito satisfeitos, por isso, repetimos a dose. Estamos muito orgulhosos com as crian\u00e7as que est\u00e3o evoluindo bem. O Pedro \u00e9 muito extrovertido e estava contando as horas para retornar \u00e0 escola\u201d, disse.<br \/>\nA primeira coisa que Pedro fez foi cair na divers\u00e3o com os brinquedos, logo depois, seguiu com as atividades planejadas e tomou seu caf\u00e9.<br \/>\nAo todo, s\u00e3o quatro refei\u00e7\u00f5es (caf\u00e9, lanche, almo\u00e7o e um segundo lanche), que varia de acordo com a faixa et\u00e1ria. Os meninos ainda tiveram uma rotina com aulas de coordena\u00e7\u00e3o motora, pintura, atividades l\u00fadicas e hora do descanso.<br \/>\nDe acordo com a pedagoga, Ivoneide Freire, respons\u00e1vel pela supervis\u00e3o de crian\u00e7as de 4 meses a 1 ano e meio, as crian\u00e7as t\u00eam hor\u00e1rio para todas as atividades, hora do banho, da mamada. \u201cA escola n\u00e3o s\u00f3 cuida da crian\u00e7a, ela tem um trabalho pedag\u00f3gico que \u00e9 fundamental\u201d, disse.<br \/>\nIvoneide d\u00e1 dicas de comportamento aos pais nesses primeiros dias de aulas. Ela afirma que o choro \u00e9 o vil\u00e3o do primeiro dia. \u201cOs pais n\u00e3o devem se assustar com o choro, ele \u00e9 normal. A crian\u00e7a sai desde \u00e0s 4 da manh\u00e3, est\u00e3o estressados, alguns com fome, e ainda est\u00e3o saindo do seio da fam\u00edlia. Meu conselho aos pais \u00e9 ficarem seguros e passarem essa seguran\u00e7a para a crian\u00e7a, pois eles sentem. Al\u00e9m disso, \u00e9 importante tamb\u00e9m a quest\u00e3o da organiza\u00e7\u00e3o do material did\u00e1tico. Essa organiza\u00e7\u00e3o facilita nosso trabalho de identifica\u00e7\u00e3o\u201d, alertou.<br \/>\nObserva ainda a educadora que a crian\u00e7a que frequenta creche \u00e9 mais esperta, falante, interage mais. \u201c\u00c9 muito gratificante trabalhar com essa faixa et\u00e1ria, pois sabemos identificar quando o chorinho \u00e9 de dor, de saudade, somos um pouco m\u00e3es, tamb\u00e9m\u201d, revelou a pedagoga.<br \/>\nMais de cinco mil alunos das cinco unidades da Rede SESI Amazonas de Educa\u00e7\u00e3o come\u00e7aram o ano letivo. Al\u00e9m da UE 8, em Manaus, funcionam tr\u00eas unidades de educa\u00e7\u00e3o do SESI: a UE 2 (Dr. Adalberto Valle), no Conjunto Ica \u2013 Para\u00edba, zona Centro-Sul, que oferece ensino de Educa\u00e7\u00e3o Infantil e Ensino Fundamental do 1\u00ba ao 5\u00ba ano; a UE 3 (Dra. Emina Mustafa), zona Leste, que disponibiliza Educa\u00e7\u00e3o Infantil (a partir de 3 anos), Ensino Fundamental (at\u00e9 o 9\u00ba ano) e Ensino M\u00e9dio. Al\u00e9m disso, tem mais duas unidades Itacoatiara e Iranduba.<br \/>\nO Ensino Fundamental II e Ensino M\u00e9dio (UE3) tiveram aulas iniciadas no dia 23 de janeiro, o Ensino Fundamental I (UE2 e UE3) no dia 24, a Educa\u00e7\u00e3o Infantil (UE2, UE3 e UE8), dia 28, Educa\u00e7\u00e3o Infantil, Ensino Fundamental I e II (Iranduba e Itacoatiara) no dia 31, todos de janeiro. E por \u00faltimo, dia 4 de fevereiro -Educa\u00e7\u00e3o Infantil \u2013 Pr\u00e9-Escola (UE8).<\/p>\n<p>Rede SESI de Educa\u00e7\u00e3o<\/p>\n<p>Salto em qualidade e amplia\u00e7\u00e3o no atendimento<br \/>\nO 1\u00ba ano do Ensino M\u00e9dio \u00e9 a grande novidade do ano de 2013 para a Rede SESI de Educa\u00e7\u00e3o. A modalidade de ensino est\u00e1 sendo ministrada da Unidade 03 \u201cDra. Emina Barbosa Mustafa\u201d, localizada no Bairro do S\u00e3o Jos\u00e9 I, com duas turmas totalizando 57 alunos. A Unidade de Educa\u00e7\u00e3o Vicente de Mendon\u00e7a Lima \u2013 Escola Abrah\u00e3o Sabb\u00e1, em Itacoatiara, que s\u00f3 atendia at\u00e9 o 5\u00ba ano, estender\u00e1 at\u00e9 o 9\u00ba ano, do Ensino Fundamental. Enquanto que a Unidade de Educa\u00e7\u00e3o David N\u00f3voa (UE09), em Iranduba, passar\u00e1 a atender as turmas de 1\u00ba e 2\u00ba Ano do Fundamental I.<br \/>\nAl\u00e9m disso, a gerente de Educa\u00e7\u00e3o, Rita Machado, apontou como novidades do Sistema de Educa\u00e7\u00e3o, a mudan\u00e7a do material did\u00e1tico e reestrutura do planejamento escolar.<br \/>\n\u201cAt\u00e9 2012 t\u00ednhamos parceria com o Sistema de Ensino Pit\u00e1goras e a partir de 2013 iniciaremos uma nova parceria com o Sistema de ensino Dom Bosco que pertence ao sistema Pearson, uma institui\u00e7\u00e3o Internacional muito focada no desenvolvimento cognitivo dos alunos, um material inovador para ser trabalhado empreendedorismo com certifica\u00e7\u00e3o internacional\u201d, disse.<br \/>\nAinda s\u00e3o desafios reduzir o \u00edndice de inadimpl\u00eancia e colocar em funcionamento a sala de recursos, voltada para o desenvolvimento dos alunos com necessidade especial.<\/p>\n<p><strong>[nggallery id=155]<\/strong><\/p>\n","protected":false},"excerpt":{"rendered":"<p>Pedagoga d\u00e1 dica aos pais sobre 1\u00ba dia de aula Acompanhados pelos pais ou por monitores, em rotas, de carro ou mesmo a p\u00e9, uns chorosos e desconfiados, e outros bem animados e ansiosos. Assim chegaram, desde \u00e0s 5h30, os mais de 1.950 alunos da Unidade de Educa\u00e7\u00e3o 8 (UE) do SESI \u201cDr. Francisco Garcia\u201d, [&hellip;]<\/p>\n","protected":false},"author":1,"featured_media":0,"comment_status":"open","ping_status":"open","sticky":false,"template":"","format":"standard","meta":{"footnotes":""},"categories":[25],"tags":[],"class_list":["post-3902","post","type-post","status-publish","format-standard","hentry","category-news"],"yoast_head":"<!-- This site is optimized with the Yoast SEO plugin v28.2 - https:\/\/yoast.com\/product\/yoast-seo-wordpress\/ -->\n<title>Cinco mil alunos do SESI voltam \u00e0s aulas - SESI<\/title>\n<meta name=\"robots\" content=\"index, follow, max-snippet:-1, max-image-preview:large, max-video-preview:-1\" \/>\n<link rel=\"canonical\" href=\"https:\/\/fieam.org.br\/sesi\/cinco-mil-alunos-do-sesi-voltam-as-aulas\/\" \/>\n<meta property=\"og:locale\" content=\"pt_BR\" \/>\n<meta property=\"og:type\" content=\"article\" \/>\n<meta property=\"og:title\" content=\"Cinco mil alunos do SESI voltam \u00e0s aulas - SESI\" \/>\n<meta property=\"og:description\" content=\"Pedagoga d\u00e1 dica aos pais sobre 1\u00ba dia de aula Acompanhados pelos pais ou por monitores, em rotas, de carro ou mesmo a p\u00e9, uns chorosos e desconfiados, e outros bem animados e ansiosos. Assim chegaram, desde \u00e0s 5h30, os mais de 1.950 alunos da Unidade de Educa\u00e7\u00e3o 8 (UE) do SESI \u201cDr. Francisco Garcia\u201d, [&hellip;]\" \/>\n<meta property=\"og:url\" content=\"https:\/\/fieam.org.br\/sesi\/cinco-mil-alunos-do-sesi-voltam-as-aulas\/\" \/>\n<meta property=\"og:site_name\" content=\"SESI\" \/>\n<meta property=\"article:published_time\" content=\"2013-02-05T15:47:06+00:00\" \/>\n<meta name=\"author\" content=\"Autor\" \/>\n<meta name=\"twitter:card\" content=\"summary_large_image\" \/>\n<meta name=\"twitter:label1\" content=\"Escrito por\" \/>\n\t<meta name=\"twitter:data1\" content=\"Autor\" \/>\n\t<meta name=\"twitter:label2\" content=\"Est. tempo de leitura\" \/>\n\t<meta name=\"twitter:data2\" content=\"5 minutos\" \/>\n<script type=\"application\/ld+json\" class=\"yoast-schema-graph\">{\"@context\":\"https:\\\/\\\/schema.org\",\"@graph\":[{\"@type\":\"Article\",\"@id\":\"https:\\\/\\\/fieam.org.br\\\/sesi\\\/cinco-mil-alunos-do-sesi-voltam-as-aulas\\\/#article\",\"isPartOf\":{\"@id\":\"https:\\\/\\\/fieam.org.br\\\/sesi\\\/cinco-mil-alunos-do-sesi-voltam-as-aulas\\\/\"},\"author\":{\"name\":\"Autor\",\"@id\":\"https:\\\/\\\/fieam.org.br\\\/sesi\\\/#\\\/schema\\\/person\\\/f54998dd14d5f0695b41444f2b01c31e\"},\"headline\":\"Cinco mil alunos do SESI voltam \u00e0s aulas\",\"datePublished\":\"2013-02-05T15:47:06+00:00\",\"mainEntityOfPage\":{\"@id\":\"https:\\\/\\\/fieam.org.br\\\/sesi\\\/cinco-mil-alunos-do-sesi-voltam-as-aulas\\\/\"},\"wordCount\":1098,\"commentCount\":0,\"publisher\":{\"@id\":\"https:\\\/\\\/fieam.org.br\\\/sesi\\\/#organization\"},\"articleSection\":[\"News\"],\"inLanguage\":\"pt-BR\",\"potentialAction\":[{\"@type\":\"CommentAction\",\"name\":\"Comment\",\"target\":[\"https:\\\/\\\/fieam.org.br\\\/sesi\\\/cinco-mil-alunos-do-sesi-voltam-as-aulas\\\/#respond\"]}]},{\"@type\":\"WebPage\",\"@id\":\"https:\\\/\\\/fieam.org.br\\\/sesi\\\/cinco-mil-alunos-do-sesi-voltam-as-aulas\\\/\",\"url\":\"https:\\\/\\\/fieam.org.br\\\/sesi\\\/cinco-mil-alunos-do-sesi-voltam-as-aulas\\\/\",\"name\":\"Cinco mil alunos do SESI voltam \u00e0s aulas - SESI\",\"isPartOf\":{\"@id\":\"https:\\\/\\\/fieam.org.br\\\/sesi\\\/#website\"},\"datePublished\":\"2013-02-05T15:47:06+00:00\",\"breadcrumb\":{\"@id\":\"https:\\\/\\\/fieam.org.br\\\/sesi\\\/cinco-mil-alunos-do-sesi-voltam-as-aulas\\\/#breadcrumb\"},\"inLanguage\":\"pt-BR\",\"potentialAction\":[{\"@type\":\"ReadAction\",\"target\":[\"https:\\\/\\\/fieam.org.br\\\/sesi\\\/cinco-mil-alunos-do-sesi-voltam-as-aulas\\\/\"]}]},{\"@type\":\"BreadcrumbList\",\"@id\":\"https:\\\/\\\/fieam.org.br\\\/sesi\\\/cinco-mil-alunos-do-sesi-voltam-as-aulas\\\/#breadcrumb\",\"itemListElement\":[{\"@type\":\"ListItem\",\"position\":1,\"name\":\"In\u00edcio\",\"item\":\"https:\\\/\\\/fieam.org.br\\\/sesi\\\/\"},{\"@type\":\"ListItem\",\"position\":2,\"name\":\"Cinco mil alunos do SESI voltam \u00e0s aulas\"}]},{\"@type\":\"WebSite\",\"@id\":\"https:\\\/\\\/fieam.org.br\\\/sesi\\\/#website\",\"url\":\"https:\\\/\\\/fieam.org.br\\\/sesi\\\/\",\"name\":\"SESI\",\"description\":\"Site Oficial!\",\"publisher\":{\"@id\":\"https:\\\/\\\/fieam.org.br\\\/sesi\\\/#organization\"},\"potentialAction\":[{\"@type\":\"SearchAction\",\"target\":{\"@type\":\"EntryPoint\",\"urlTemplate\":\"https:\\\/\\\/fieam.org.br\\\/sesi\\\/?s={search_term_string}\"},\"query-input\":{\"@type\":\"PropertyValueSpecification\",\"valueRequired\":true,\"valueName\":\"search_term_string\"}}],\"inLanguage\":\"pt-BR\"},{\"@type\":\"Organization\",\"@id\":\"https:\\\/\\\/fieam.org.br\\\/sesi\\\/#organization\",\"name\":\"SESI\",\"url\":\"https:\\\/\\\/fieam.org.br\\\/sesi\\\/\",\"logo\":{\"@type\":\"ImageObject\",\"inLanguage\":\"pt-BR\",\"@id\":\"https:\\\/\\\/fieam.org.br\\\/sesi\\\/#\\\/schema\\\/logo\\\/image\\\/\",\"url\":\"https:\\\/\\\/fieam.org.br\\\/sesi\\\/wp-content\\\/uploads\\\/sites\\\/14\\\/2024\\\/03\\\/cropped-fav.png\",\"contentUrl\":\"https:\\\/\\\/fieam.org.br\\\/sesi\\\/wp-content\\\/uploads\\\/sites\\\/14\\\/2024\\\/03\\\/cropped-fav.png\",\"width\":610,\"height\":589,\"caption\":\"SESI\"},\"image\":{\"@id\":\"https:\\\/\\\/fieam.org.br\\\/sesi\\\/#\\\/schema\\\/logo\\\/image\\\/\"}},{\"@type\":\"Person\",\"@id\":\"https:\\\/\\\/fieam.org.br\\\/sesi\\\/#\\\/schema\\\/person\\\/f54998dd14d5f0695b41444f2b01c31e\",\"name\":\"Autor\",\"image\":{\"@type\":\"ImageObject\",\"inLanguage\":\"pt-BR\",\"@id\":\"https:\\\/\\\/secure.gravatar.com\\\/avatar\\\/3732c223e0e1fad69062a8f770955c9068d37b055204f310a0be18d4069fe380?s=96&d=mm&r=g\",\"url\":\"https:\\\/\\\/secure.gravatar.com\\\/avatar\\\/3732c223e0e1fad69062a8f770955c9068d37b055204f310a0be18d4069fe380?s=96&d=mm&r=g\",\"contentUrl\":\"https:\\\/\\\/secure.gravatar.com\\\/avatar\\\/3732c223e0e1fad69062a8f770955c9068d37b055204f310a0be18d4069fe380?s=96&d=mm&r=g\",\"caption\":\"Autor\"},\"sameAs\":[\"https:\\\/\\\/marketingmassivo.com.br\"],\"url\":\"https:\\\/\\\/fieam.org.br\\\/sesi\\\/author\\\/admin\\\/\"}]}<\/script>\n<!-- \/ Yoast SEO plugin. -->","yoast_head_json":{"title":"Cinco mil alunos do SESI voltam \u00e0s aulas - SESI","robots":{"index":"index","follow":"follow","max-snippet":"max-snippet:-1","max-image-preview":"max-image-preview:large","max-video-preview":"max-video-preview:-1"},"canonical":"https:\/\/fieam.org.br\/sesi\/cinco-mil-alunos-do-sesi-voltam-as-aulas\/","og_locale":"pt_BR","og_type":"article","og_title":"Cinco mil alunos do SESI voltam \u00e0s aulas - SESI","og_description":"Pedagoga d\u00e1 dica aos pais sobre 1\u00ba dia de aula Acompanhados pelos pais ou por monitores, em rotas, de carro ou mesmo a p\u00e9, uns chorosos e desconfiados, e outros bem animados e ansiosos. Assim chegaram, desde \u00e0s 5h30, os mais de 1.950 alunos da Unidade de Educa\u00e7\u00e3o 8 (UE) do SESI \u201cDr. Francisco Garcia\u201d, [&hellip;]","og_url":"https:\/\/fieam.org.br\/sesi\/cinco-mil-alunos-do-sesi-voltam-as-aulas\/","og_site_name":"SESI","article_published_time":"2013-02-05T15:47:06+00:00","author":"Autor","twitter_card":"summary_large_image","twitter_misc":{"Escrito por":"Autor","Est. tempo de leitura":"5 minutos"},"schema":{"@context":"https:\/\/schema.org","@graph":[{"@type":"Article","@id":"https:\/\/fieam.org.br\/sesi\/cinco-mil-alunos-do-sesi-voltam-as-aulas\/#article","isPartOf":{"@id":"https:\/\/fieam.org.br\/sesi\/cinco-mil-alunos-do-sesi-voltam-as-aulas\/"},"author":{"name":"Autor","@id":"https:\/\/fieam.org.br\/sesi\/#\/schema\/person\/f54998dd14d5f0695b41444f2b01c31e"},"headline":"Cinco mil alunos do SESI voltam \u00e0s aulas","datePublished":"2013-02-05T15:47:06+00:00","mainEntityOfPage":{"@id":"https:\/\/fieam.org.br\/sesi\/cinco-mil-alunos-do-sesi-voltam-as-aulas\/"},"wordCount":1098,"commentCount":0,"publisher":{"@id":"https:\/\/fieam.org.br\/sesi\/#organization"},"articleSection":["News"],"inLanguage":"pt-BR","potentialAction":[{"@type":"CommentAction","name":"Comment","target":["https:\/\/fieam.org.br\/sesi\/cinco-mil-alunos-do-sesi-voltam-as-aulas\/#respond"]}]},{"@type":"WebPage","@id":"https:\/\/fieam.org.br\/sesi\/cinco-mil-alunos-do-sesi-voltam-as-aulas\/","url":"https:\/\/fieam.org.br\/sesi\/cinco-mil-alunos-do-sesi-voltam-as-aulas\/","name":"Cinco mil alunos do SESI voltam \u00e0s aulas - SESI","isPartOf":{"@id":"https:\/\/fieam.org.br\/sesi\/#website"},"datePublished":"2013-02-05T15:47:06+00:00","breadcrumb":{"@id":"https:\/\/fieam.org.br\/sesi\/cinco-mil-alunos-do-sesi-voltam-as-aulas\/#breadcrumb"},"inLanguage":"pt-BR","potentialAction":[{"@type":"ReadAction","target":["https:\/\/fieam.org.br\/sesi\/cinco-mil-alunos-do-sesi-voltam-as-aulas\/"]}]},{"@type":"BreadcrumbList","@id":"https:\/\/fieam.org.br\/sesi\/cinco-mil-alunos-do-sesi-voltam-as-aulas\/#breadcrumb","itemListElement":[{"@type":"ListItem","position":1,"name":"In\u00edcio","item":"https:\/\/fieam.org.br\/sesi\/"},{"@type":"ListItem","position":2,"name":"Cinco mil alunos do SESI voltam \u00e0s aulas"}]},{"@type":"WebSite","@id":"https:\/\/fieam.org.br\/sesi\/#website","url":"https:\/\/fieam.org.br\/sesi\/","name":"SESI","description":"Site Oficial!","publisher":{"@id":"https:\/\/fieam.org.br\/sesi\/#organization"},"potentialAction":[{"@type":"SearchAction","target":{"@type":"EntryPoint","urlTemplate":"https:\/\/fieam.org.br\/sesi\/?s={search_term_string}"},"query-input":{"@type":"PropertyValueSpecification","valueRequired":true,"valueName":"search_term_string"}}],"inLanguage":"pt-BR"},{"@type":"Organization","@id":"https:\/\/fieam.org.br\/sesi\/#organization","name":"SESI","url":"https:\/\/fieam.org.br\/sesi\/","logo":{"@type":"ImageObject","inLanguage":"pt-BR","@id":"https:\/\/fieam.org.br\/sesi\/#\/schema\/logo\/image\/","url":"https:\/\/fieam.org.br\/sesi\/wp-content\/uploads\/sites\/14\/2024\/03\/cropped-fav.png","contentUrl":"https:\/\/fieam.org.br\/sesi\/wp-content\/uploads\/sites\/14\/2024\/03\/cropped-fav.png","width":610,"height":589,"caption":"SESI"},"image":{"@id":"https:\/\/fieam.org.br\/sesi\/#\/schema\/logo\/image\/"}},{"@type":"Person","@id":"https:\/\/fieam.org.br\/sesi\/#\/schema\/person\/f54998dd14d5f0695b41444f2b01c31e","name":"Autor","image":{"@type":"ImageObject","inLanguage":"pt-BR","@id":"https:\/\/secure.gravatar.com\/avatar\/3732c223e0e1fad69062a8f770955c9068d37b055204f310a0be18d4069fe380?s=96&d=mm&r=g","url":"https:\/\/secure.gravatar.com\/avatar\/3732c223e0e1fad69062a8f770955c9068d37b055204f310a0be18d4069fe380?s=96&d=mm&r=g","contentUrl":"https:\/\/secure.gravatar.com\/avatar\/3732c223e0e1fad69062a8f770955c9068d37b055204f310a0be18d4069fe380?s=96&d=mm&r=g","caption":"Autor"},"sameAs":["https:\/\/marketingmassivo.com.br"],"url":"https:\/\/fieam.org.br\/sesi\/author\/admin\/"}]}},"_links":{"self":[{"href":"https:\/\/fieam.org.br\/sesi\/wp-json\/wp\/v2\/posts\/3902","targetHints":{"allow":["GET"]}}],"collection":[{"href":"https:\/\/fieam.org.br\/sesi\/wp-json\/wp\/v2\/posts"}],"about":[{"href":"https:\/\/fieam.org.br\/sesi\/wp-json\/wp\/v2\/types\/post"}],"author":[{"embeddable":true,"href":"https:\/\/fieam.org.br\/sesi\/wp-json\/wp\/v2\/users\/1"}],"replies":[{"embeddable":true,"href":"https:\/\/fieam.org.br\/sesi\/wp-json\/wp\/v2\/comments?post=3902"}],"version-history":[{"count":0,"href":"https:\/\/fieam.org.br\/sesi\/wp-json\/wp\/v2\/posts\/3902\/revisions"}],"wp:attachment":[{"href":"https:\/\/fieam.org.br\/sesi\/wp-json\/wp\/v2\/media?parent=3902"}],"wp:term":[{"taxonomy":"category","embeddable":true,"href":"https:\/\/fieam.org.br\/sesi\/wp-json\/wp\/v2\/categories?post=3902"},{"taxonomy":"post_tag","embeddable":true,"href":"https:\/\/fieam.org.br\/sesi\/wp-json\/wp\/v2\/tags?post=3902"}],"curies":[{"name":"wp","href":"https:\/\/api.w.org\/{rel}","templated":true}]}}