{"id":3881,"date":"2013-01-30T13:28:10","date_gmt":"2013-01-30T13:28:10","guid":{"rendered":"http:\/\/www.fieam.org.br\/site\/sesi\/?p=3881"},"modified":"2013-01-30T13:28:10","modified_gmt":"2013-01-30T13:28:10","slug":"sesi-pretende-atender-10-mil-empregados-com-campanha-de-vacinacao","status":"publish","type":"post","link":"https:\/\/fieam.org.br\/sesi\/sesi-pretende-atender-10-mil-empregados-com-campanha-de-vacinacao\/","title":{"rendered":"SESI pretende atender 10 mil empregados com Campanha de Vacina\u00e7\u00e3o"},"content":{"rendered":"<p><a href=\"http:\/\/www.fieam.org.br\/site\/sesi\/3876\/p1300511\/\" rel=\"attachment wp-att-3877\"><img fetchpriority=\"high\" decoding=\"async\" class=\"size-medium wp-image-3877 alignleft\" alt=\"P1300511\" src=\"http:\/\/www.fieam.org.br\/2015\/sesi\/wp-content\/uploads\/sites\/2\/2013\/01\/P1300511-300x225.jpg\" width=\"300\" height=\"225\" srcset=\"https:\/\/fieam.org.br\/sesi\/wp-content\/uploads\/sites\/14\/2013\/01\/P1300511-300x225.jpg 300w, https:\/\/fieam.org.br\/sesi\/wp-content\/uploads\/sites\/14\/2013\/01\/P1300511-768x576.jpg 768w, https:\/\/fieam.org.br\/sesi\/wp-content\/uploads\/sites\/14\/2013\/01\/P1300511.jpg 1024w\" sizes=\"(max-width: 300px) 100vw, 300px\" \/><\/a>Promover sa\u00fade do trabalhador da ind\u00fastria. Esse \u00e9 o lema da Campanha de Vacina\u00e7\u00e3o contra a Gripe, que o <a href=\"http:\/\/www.fieam.org.br\/site\/sesi\/institucional\/\">Servi\u00e7o Social da Ind\u00fastria do Amazonas (SESI)<\/a> levar\u00e1 \u00e0s empresas do <a href=\"http:\/\/www.suframa.gov.br\/\">Polo Industrial de Manaus (PIM)<\/a> em mar\u00e7o deste ano.<br \/>\nA not\u00edcia foi repassada por meio de videoconfer\u00eancia, realizada nesta ter\u00e7a-feira (29), no audit\u00f3rio Auton Furtado Junior, no pr\u00e9dio da FIEAM, para representantes do Setor de Rela\u00e7\u00f5es com o Mercado (Serem), Sa\u00fade, Comunica\u00e7\u00e3o e Marketing, com objetivo de esclarecer detalhes da campanha.<\/p>\n<p>De acordo com os coordenadores da campanha, o SESI tem o per\u00edodo de 28 de janeiro a 28 de fevereiro para contatar as empresas que queiram participar da campanha. Cada vacina custar\u00e1 R$ 11,00 para empresa parceira. No SESI Amazonas, a respons\u00e1vel pela campanha \u00e9 a enfermeira do trabalho, Dagmar Silva.<\/p>\n<p>&nbsp;<\/p>\n","protected":false},"excerpt":{"rendered":"<p>Promover sa\u00fade do trabalhador da ind\u00fastria. Esse \u00e9 o lema da Campanha de Vacina\u00e7\u00e3o contra a Gripe, que o Servi\u00e7o Social da Ind\u00fastria do Amazonas (SESI) levar\u00e1 \u00e0s empresas do Polo Industrial de Manaus (PIM) em mar\u00e7o deste ano. A not\u00edcia foi repassada por meio de videoconfer\u00eancia, realizada nesta ter\u00e7a-feira (29), no audit\u00f3rio Auton Furtado [&hellip;]<\/p>\n","protected":false},"author":1,"featured_media":0,"comment_status":"open","ping_status":"open","sticky":false,"template":"","format":"standard","meta":{"footnotes":""},"categories":[25],"tags":[],"class_list":["post-3881","post","type-post","status-publish","format-standard","hentry","category-news"],"yoast_head":"<!-- This site is optimized with the Yoast SEO plugin v28.2 - https:\/\/yoast.com\/product\/yoast-seo-wordpress\/ -->\n<title>SESI pretende atender 10 mil empregados com Campanha de Vacina\u00e7\u00e3o - SESI<\/title>\n<meta name=\"robots\" content=\"index, follow, max-snippet:-1, max-image-preview:large, max-video-preview:-1\" \/>\n<link rel=\"canonical\" href=\"https:\/\/fieam.org.br\/sesi\/sesi-pretende-atender-10-mil-empregados-com-campanha-de-vacinacao\/\" \/>\n<meta property=\"og:locale\" content=\"pt_BR\" \/>\n<meta property=\"og:type\" content=\"article\" \/>\n<meta property=\"og:title\" content=\"SESI pretende atender 10 mil empregados com Campanha de Vacina\u00e7\u00e3o - SESI\" \/>\n<meta property=\"og:description\" content=\"Promover sa\u00fade do trabalhador da ind\u00fastria. Esse \u00e9 o lema da Campanha de Vacina\u00e7\u00e3o contra a Gripe, que o Servi\u00e7o Social da Ind\u00fastria do Amazonas (SESI) levar\u00e1 \u00e0s empresas do Polo Industrial de Manaus (PIM) em mar\u00e7o deste ano. A not\u00edcia foi repassada por meio de videoconfer\u00eancia, realizada nesta ter\u00e7a-feira (29), no audit\u00f3rio Auton Furtado [&hellip;]\" \/>\n<meta property=\"og:url\" content=\"https:\/\/fieam.org.br\/sesi\/sesi-pretende-atender-10-mil-empregados-com-campanha-de-vacinacao\/\" \/>\n<meta property=\"og:site_name\" content=\"SESI\" \/>\n<meta property=\"article:published_time\" content=\"2013-01-30T13:28:10+00:00\" \/>\n<meta property=\"og:image\" content=\"https:\/\/fieam.org.br\/sesi\/wp-content\/uploads\/sites\/14\/2013\/01\/P1300511.jpg\" \/>\n\t<meta property=\"og:image:width\" content=\"1024\" \/>\n\t<meta property=\"og:image:height\" content=\"768\" \/>\n\t<meta property=\"og:image:type\" content=\"image\/jpeg\" \/>\n<meta name=\"author\" content=\"Autor\" \/>\n<meta name=\"twitter:card\" content=\"summary_large_image\" \/>\n<meta name=\"twitter:label1\" content=\"Escrito por\" \/>\n\t<meta name=\"twitter:data1\" content=\"Autor\" \/>\n\t<meta name=\"twitter:label2\" content=\"Est. tempo de leitura\" \/>\n\t<meta name=\"twitter:data2\" content=\"1 minuto\" \/>\n<script type=\"application\/ld+json\" class=\"yoast-schema-graph\">{\"@context\":\"https:\\\/\\\/schema.org\",\"@graph\":[{\"@type\":\"Article\",\"@id\":\"https:\\\/\\\/fieam.org.br\\\/sesi\\\/sesi-pretende-atender-10-mil-empregados-com-campanha-de-vacinacao\\\/#article\",\"isPartOf\":{\"@id\":\"https:\\\/\\\/fieam.org.br\\\/sesi\\\/sesi-pretende-atender-10-mil-empregados-com-campanha-de-vacinacao\\\/\"},\"author\":{\"name\":\"Autor\",\"@id\":\"https:\\\/\\\/fieam.org.br\\\/sesi\\\/#\\\/schema\\\/person\\\/f54998dd14d5f0695b41444f2b01c31e\"},\"headline\":\"SESI pretende atender 10 mil empregados com Campanha de Vacina\u00e7\u00e3o\",\"datePublished\":\"2013-01-30T13:28:10+00:00\",\"mainEntityOfPage\":{\"@id\":\"https:\\\/\\\/fieam.org.br\\\/sesi\\\/sesi-pretende-atender-10-mil-empregados-com-campanha-de-vacinacao\\\/\"},\"wordCount\":153,\"commentCount\":0,\"publisher\":{\"@id\":\"https:\\\/\\\/fieam.org.br\\\/sesi\\\/#organization\"},\"image\":{\"@id\":\"https:\\\/\\\/fieam.org.br\\\/sesi\\\/sesi-pretende-atender-10-mil-empregados-com-campanha-de-vacinacao\\\/#primaryimage\"},\"thumbnailUrl\":\"http:\\\/\\\/www.fieam.org.br\\\/2015\\\/sesi\\\/wp-content\\\/uploads\\\/sites\\\/2\\\/2013\\\/01\\\/P1300511-300x225.jpg\",\"articleSection\":[\"News\"],\"inLanguage\":\"pt-BR\",\"potentialAction\":[{\"@type\":\"CommentAction\",\"name\":\"Comment\",\"target\":[\"https:\\\/\\\/fieam.org.br\\\/sesi\\\/sesi-pretende-atender-10-mil-empregados-com-campanha-de-vacinacao\\\/#respond\"]}]},{\"@type\":\"WebPage\",\"@id\":\"https:\\\/\\\/fieam.org.br\\\/sesi\\\/sesi-pretende-atender-10-mil-empregados-com-campanha-de-vacinacao\\\/\",\"url\":\"https:\\\/\\\/fieam.org.br\\\/sesi\\\/sesi-pretende-atender-10-mil-empregados-com-campanha-de-vacinacao\\\/\",\"name\":\"SESI pretende atender 10 mil empregados com Campanha de Vacina\u00e7\u00e3o - SESI\",\"isPartOf\":{\"@id\":\"https:\\\/\\\/fieam.org.br\\\/sesi\\\/#website\"},\"primaryImageOfPage\":{\"@id\":\"https:\\\/\\\/fieam.org.br\\\/sesi\\\/sesi-pretende-atender-10-mil-empregados-com-campanha-de-vacinacao\\\/#primaryimage\"},\"image\":{\"@id\":\"https:\\\/\\\/fieam.org.br\\\/sesi\\\/sesi-pretende-atender-10-mil-empregados-com-campanha-de-vacinacao\\\/#primaryimage\"},\"thumbnailUrl\":\"http:\\\/\\\/www.fieam.org.br\\\/2015\\\/sesi\\\/wp-content\\\/uploads\\\/sites\\\/2\\\/2013\\\/01\\\/P1300511-300x225.jpg\",\"datePublished\":\"2013-01-30T13:28:10+00:00\",\"breadcrumb\":{\"@id\":\"https:\\\/\\\/fieam.org.br\\\/sesi\\\/sesi-pretende-atender-10-mil-empregados-com-campanha-de-vacinacao\\\/#breadcrumb\"},\"inLanguage\":\"pt-BR\",\"potentialAction\":[{\"@type\":\"ReadAction\",\"target\":[\"https:\\\/\\\/fieam.org.br\\\/sesi\\\/sesi-pretende-atender-10-mil-empregados-com-campanha-de-vacinacao\\\/\"]}]},{\"@type\":\"ImageObject\",\"inLanguage\":\"pt-BR\",\"@id\":\"https:\\\/\\\/fieam.org.br\\\/sesi\\\/sesi-pretende-atender-10-mil-empregados-com-campanha-de-vacinacao\\\/#primaryimage\",\"url\":\"http:\\\/\\\/www.fieam.org.br\\\/2015\\\/sesi\\\/wp-content\\\/uploads\\\/sites\\\/2\\\/2013\\\/01\\\/P1300511-300x225.jpg\",\"contentUrl\":\"http:\\\/\\\/www.fieam.org.br\\\/2015\\\/sesi\\\/wp-content\\\/uploads\\\/sites\\\/2\\\/2013\\\/01\\\/P1300511-300x225.jpg\"},{\"@type\":\"BreadcrumbList\",\"@id\":\"https:\\\/\\\/fieam.org.br\\\/sesi\\\/sesi-pretende-atender-10-mil-empregados-com-campanha-de-vacinacao\\\/#breadcrumb\",\"itemListElement\":[{\"@type\":\"ListItem\",\"position\":1,\"name\":\"In\u00edcio\",\"item\":\"https:\\\/\\\/fieam.org.br\\\/sesi\\\/\"},{\"@type\":\"ListItem\",\"position\":2,\"name\":\"SESI pretende atender 10 mil empregados com Campanha de Vacina\u00e7\u00e3o\"}]},{\"@type\":\"WebSite\",\"@id\":\"https:\\\/\\\/fieam.org.br\\\/sesi\\\/#website\",\"url\":\"https:\\\/\\\/fieam.org.br\\\/sesi\\\/\",\"name\":\"SESI\",\"description\":\"Site Oficial!\",\"publisher\":{\"@id\":\"https:\\\/\\\/fieam.org.br\\\/sesi\\\/#organization\"},\"potentialAction\":[{\"@type\":\"SearchAction\",\"target\":{\"@type\":\"EntryPoint\",\"urlTemplate\":\"https:\\\/\\\/fieam.org.br\\\/sesi\\\/?s={search_term_string}\"},\"query-input\":{\"@type\":\"PropertyValueSpecification\",\"valueRequired\":true,\"valueName\":\"search_term_string\"}}],\"inLanguage\":\"pt-BR\"},{\"@type\":\"Organization\",\"@id\":\"https:\\\/\\\/fieam.org.br\\\/sesi\\\/#organization\",\"name\":\"SESI\",\"url\":\"https:\\\/\\\/fieam.org.br\\\/sesi\\\/\",\"logo\":{\"@type\":\"ImageObject\",\"inLanguage\":\"pt-BR\",\"@id\":\"https:\\\/\\\/fieam.org.br\\\/sesi\\\/#\\\/schema\\\/logo\\\/image\\\/\",\"url\":\"https:\\\/\\\/fieam.org.br\\\/sesi\\\/wp-content\\\/uploads\\\/sites\\\/14\\\/2024\\\/03\\\/cropped-fav.png\",\"contentUrl\":\"https:\\\/\\\/fieam.org.br\\\/sesi\\\/wp-content\\\/uploads\\\/sites\\\/14\\\/2024\\\/03\\\/cropped-fav.png\",\"width\":610,\"height\":589,\"caption\":\"SESI\"},\"image\":{\"@id\":\"https:\\\/\\\/fieam.org.br\\\/sesi\\\/#\\\/schema\\\/logo\\\/image\\\/\"}},{\"@type\":\"Person\",\"@id\":\"https:\\\/\\\/fieam.org.br\\\/sesi\\\/#\\\/schema\\\/person\\\/f54998dd14d5f0695b41444f2b01c31e\",\"name\":\"Autor\",\"image\":{\"@type\":\"ImageObject\",\"inLanguage\":\"pt-BR\",\"@id\":\"https:\\\/\\\/secure.gravatar.com\\\/avatar\\\/3732c223e0e1fad69062a8f770955c9068d37b055204f310a0be18d4069fe380?s=96&d=mm&r=g\",\"url\":\"https:\\\/\\\/secure.gravatar.com\\\/avatar\\\/3732c223e0e1fad69062a8f770955c9068d37b055204f310a0be18d4069fe380?s=96&d=mm&r=g\",\"contentUrl\":\"https:\\\/\\\/secure.gravatar.com\\\/avatar\\\/3732c223e0e1fad69062a8f770955c9068d37b055204f310a0be18d4069fe380?s=96&d=mm&r=g\",\"caption\":\"Autor\"},\"sameAs\":[\"https:\\\/\\\/marketingmassivo.com.br\"],\"url\":\"https:\\\/\\\/fieam.org.br\\\/sesi\\\/author\\\/admin\\\/\"}]}<\/script>\n<!-- \/ Yoast SEO plugin. -->","yoast_head_json":{"title":"SESI pretende atender 10 mil empregados com Campanha de Vacina\u00e7\u00e3o - SESI","robots":{"index":"index","follow":"follow","max-snippet":"max-snippet:-1","max-image-preview":"max-image-preview:large","max-video-preview":"max-video-preview:-1"},"canonical":"https:\/\/fieam.org.br\/sesi\/sesi-pretende-atender-10-mil-empregados-com-campanha-de-vacinacao\/","og_locale":"pt_BR","og_type":"article","og_title":"SESI pretende atender 10 mil empregados com Campanha de Vacina\u00e7\u00e3o - SESI","og_description":"Promover sa\u00fade do trabalhador da ind\u00fastria. Esse \u00e9 o lema da Campanha de Vacina\u00e7\u00e3o contra a Gripe, que o Servi\u00e7o Social da Ind\u00fastria do Amazonas (SESI) levar\u00e1 \u00e0s empresas do Polo Industrial de Manaus (PIM) em mar\u00e7o deste ano. A not\u00edcia foi repassada por meio de videoconfer\u00eancia, realizada nesta ter\u00e7a-feira (29), no audit\u00f3rio Auton Furtado [&hellip;]","og_url":"https:\/\/fieam.org.br\/sesi\/sesi-pretende-atender-10-mil-empregados-com-campanha-de-vacinacao\/","og_site_name":"SESI","article_published_time":"2013-01-30T13:28:10+00:00","og_image":[{"width":1024,"height":768,"url":"https:\/\/fieam.org.br\/sesi\/wp-content\/uploads\/sites\/14\/2013\/01\/P1300511.jpg","type":"image\/jpeg"}],"author":"Autor","twitter_card":"summary_large_image","twitter_misc":{"Escrito por":"Autor","Est. tempo de leitura":"1 minuto"},"schema":{"@context":"https:\/\/schema.org","@graph":[{"@type":"Article","@id":"https:\/\/fieam.org.br\/sesi\/sesi-pretende-atender-10-mil-empregados-com-campanha-de-vacinacao\/#article","isPartOf":{"@id":"https:\/\/fieam.org.br\/sesi\/sesi-pretende-atender-10-mil-empregados-com-campanha-de-vacinacao\/"},"author":{"name":"Autor","@id":"https:\/\/fieam.org.br\/sesi\/#\/schema\/person\/f54998dd14d5f0695b41444f2b01c31e"},"headline":"SESI pretende atender 10 mil empregados com Campanha de Vacina\u00e7\u00e3o","datePublished":"2013-01-30T13:28:10+00:00","mainEntityOfPage":{"@id":"https:\/\/fieam.org.br\/sesi\/sesi-pretende-atender-10-mil-empregados-com-campanha-de-vacinacao\/"},"wordCount":153,"commentCount":0,"publisher":{"@id":"https:\/\/fieam.org.br\/sesi\/#organization"},"image":{"@id":"https:\/\/fieam.org.br\/sesi\/sesi-pretende-atender-10-mil-empregados-com-campanha-de-vacinacao\/#primaryimage"},"thumbnailUrl":"http:\/\/www.fieam.org.br\/2015\/sesi\/wp-content\/uploads\/sites\/2\/2013\/01\/P1300511-300x225.jpg","articleSection":["News"],"inLanguage":"pt-BR","potentialAction":[{"@type":"CommentAction","name":"Comment","target":["https:\/\/fieam.org.br\/sesi\/sesi-pretende-atender-10-mil-empregados-com-campanha-de-vacinacao\/#respond"]}]},{"@type":"WebPage","@id":"https:\/\/fieam.org.br\/sesi\/sesi-pretende-atender-10-mil-empregados-com-campanha-de-vacinacao\/","url":"https:\/\/fieam.org.br\/sesi\/sesi-pretende-atender-10-mil-empregados-com-campanha-de-vacinacao\/","name":"SESI pretende atender 10 mil empregados com Campanha de Vacina\u00e7\u00e3o - SESI","isPartOf":{"@id":"https:\/\/fieam.org.br\/sesi\/#website"},"primaryImageOfPage":{"@id":"https:\/\/fieam.org.br\/sesi\/sesi-pretende-atender-10-mil-empregados-com-campanha-de-vacinacao\/#primaryimage"},"image":{"@id":"https:\/\/fieam.org.br\/sesi\/sesi-pretende-atender-10-mil-empregados-com-campanha-de-vacinacao\/#primaryimage"},"thumbnailUrl":"http:\/\/www.fieam.org.br\/2015\/sesi\/wp-content\/uploads\/sites\/2\/2013\/01\/P1300511-300x225.jpg","datePublished":"2013-01-30T13:28:10+00:00","breadcrumb":{"@id":"https:\/\/fieam.org.br\/sesi\/sesi-pretende-atender-10-mil-empregados-com-campanha-de-vacinacao\/#breadcrumb"},"inLanguage":"pt-BR","potentialAction":[{"@type":"ReadAction","target":["https:\/\/fieam.org.br\/sesi\/sesi-pretende-atender-10-mil-empregados-com-campanha-de-vacinacao\/"]}]},{"@type":"ImageObject","inLanguage":"pt-BR","@id":"https:\/\/fieam.org.br\/sesi\/sesi-pretende-atender-10-mil-empregados-com-campanha-de-vacinacao\/#primaryimage","url":"http:\/\/www.fieam.org.br\/2015\/sesi\/wp-content\/uploads\/sites\/2\/2013\/01\/P1300511-300x225.jpg","contentUrl":"http:\/\/www.fieam.org.br\/2015\/sesi\/wp-content\/uploads\/sites\/2\/2013\/01\/P1300511-300x225.jpg"},{"@type":"BreadcrumbList","@id":"https:\/\/fieam.org.br\/sesi\/sesi-pretende-atender-10-mil-empregados-com-campanha-de-vacinacao\/#breadcrumb","itemListElement":[{"@type":"ListItem","position":1,"name":"In\u00edcio","item":"https:\/\/fieam.org.br\/sesi\/"},{"@type":"ListItem","position":2,"name":"SESI pretende atender 10 mil empregados com Campanha de Vacina\u00e7\u00e3o"}]},{"@type":"WebSite","@id":"https:\/\/fieam.org.br\/sesi\/#website","url":"https:\/\/fieam.org.br\/sesi\/","name":"SESI","description":"Site Oficial!","publisher":{"@id":"https:\/\/fieam.org.br\/sesi\/#organization"},"potentialAction":[{"@type":"SearchAction","target":{"@type":"EntryPoint","urlTemplate":"https:\/\/fieam.org.br\/sesi\/?s={search_term_string}"},"query-input":{"@type":"PropertyValueSpecification","valueRequired":true,"valueName":"search_term_string"}}],"inLanguage":"pt-BR"},{"@type":"Organization","@id":"https:\/\/fieam.org.br\/sesi\/#organization","name":"SESI","url":"https:\/\/fieam.org.br\/sesi\/","logo":{"@type":"ImageObject","inLanguage":"pt-BR","@id":"https:\/\/fieam.org.br\/sesi\/#\/schema\/logo\/image\/","url":"https:\/\/fieam.org.br\/sesi\/wp-content\/uploads\/sites\/14\/2024\/03\/cropped-fav.png","contentUrl":"https:\/\/fieam.org.br\/sesi\/wp-content\/uploads\/sites\/14\/2024\/03\/cropped-fav.png","width":610,"height":589,"caption":"SESI"},"image":{"@id":"https:\/\/fieam.org.br\/sesi\/#\/schema\/logo\/image\/"}},{"@type":"Person","@id":"https:\/\/fieam.org.br\/sesi\/#\/schema\/person\/f54998dd14d5f0695b41444f2b01c31e","name":"Autor","image":{"@type":"ImageObject","inLanguage":"pt-BR","@id":"https:\/\/secure.gravatar.com\/avatar\/3732c223e0e1fad69062a8f770955c9068d37b055204f310a0be18d4069fe380?s=96&d=mm&r=g","url":"https:\/\/secure.gravatar.com\/avatar\/3732c223e0e1fad69062a8f770955c9068d37b055204f310a0be18d4069fe380?s=96&d=mm&r=g","contentUrl":"https:\/\/secure.gravatar.com\/avatar\/3732c223e0e1fad69062a8f770955c9068d37b055204f310a0be18d4069fe380?s=96&d=mm&r=g","caption":"Autor"},"sameAs":["https:\/\/marketingmassivo.com.br"],"url":"https:\/\/fieam.org.br\/sesi\/author\/admin\/"}]}},"_links":{"self":[{"href":"https:\/\/fieam.org.br\/sesi\/wp-json\/wp\/v2\/posts\/3881","targetHints":{"allow":["GET"]}}],"collection":[{"href":"https:\/\/fieam.org.br\/sesi\/wp-json\/wp\/v2\/posts"}],"about":[{"href":"https:\/\/fieam.org.br\/sesi\/wp-json\/wp\/v2\/types\/post"}],"author":[{"embeddable":true,"href":"https:\/\/fieam.org.br\/sesi\/wp-json\/wp\/v2\/users\/1"}],"replies":[{"embeddable":true,"href":"https:\/\/fieam.org.br\/sesi\/wp-json\/wp\/v2\/comments?post=3881"}],"version-history":[{"count":0,"href":"https:\/\/fieam.org.br\/sesi\/wp-json\/wp\/v2\/posts\/3881\/revisions"}],"wp:attachment":[{"href":"https:\/\/fieam.org.br\/sesi\/wp-json\/wp\/v2\/media?parent=3881"}],"wp:term":[{"taxonomy":"category","embeddable":true,"href":"https:\/\/fieam.org.br\/sesi\/wp-json\/wp\/v2\/categories?post=3881"},{"taxonomy":"post_tag","embeddable":true,"href":"https:\/\/fieam.org.br\/sesi\/wp-json\/wp\/v2\/tags?post=3881"}],"curies":[{"name":"wp","href":"https:\/\/api.w.org\/{rel}","templated":true}]}}