{"id":3784,"date":"2012-12-06T12:47:13","date_gmt":"2012-12-06T12:47:13","guid":{"rendered":"http:\/\/www.fieam.org.br\/site\/sesi\/?p=3784"},"modified":"2012-12-06T12:47:13","modified_gmt":"2012-12-06T12:47:13","slug":"sesi-promove-forum-sobre-aspectos-psicossociais-no-trabalho","status":"publish","type":"post","link":"https:\/\/fieam.org.br\/sesi\/sesi-promove-forum-sobre-aspectos-psicossociais-no-trabalho\/","title":{"rendered":"SESI promove F\u00f3rum sobre Aspectos Psicossociais no Trabalho"},"content":{"rendered":"<p>Hoje (6), o <a href=\"..\/institucional\/\" target=\"_blank\" rel=\"noopener\">Servi\u00e7o Social da Ind\u00fastria (SESI Amazonas)<\/a> promove o II F\u00f3rum em Aspectos Psicossociais no Trabalho, das 14h \u00e0s 18h, no <a href=\"http:\/\/www.teatrodirecional.com.br\/\" target=\"_blank\" rel=\"noopener\">Teatro Direcional<\/a> do <a href=\"http:\/\/www.manauarashopping.com.br\/\" target=\"_blank\" rel=\"noopener\">Manauara Shopping<\/a>. O evento vai debater quest\u00f5es relacionadas a uma das principais causas de afastamento do trabalho: a depress\u00e3o e doen\u00e7as associadas \u00e0 sa\u00fade mental.<\/p>\n<p>O p\u00fablico priorit\u00e1rio do f\u00f3rum s\u00e3o os m\u00e9dicos e enfermeiros do trabalho, mas o evento \u00e9 aberto aos demais interessados no tema. Na programa\u00e7\u00e3o, destaque para a palestra da especialista Edith Selligman, doutora em medicina pela Universidade de S\u00e3o Paulo, que abordar\u00e1 a tem\u00e1tica da sa\u00fade mental. O m\u00e9dico do trabalho Ricardo Turenko tamb\u00e9m integra a programa\u00e7\u00e3o de palestras.<\/p>\n<p>Na oportunidade, a assistente social do SESI, Veremity Pereira, apresentar\u00e1 o Programa SESI Sa\u00fade Psicossocial que ser\u00e1 implantado nas empresas em breve. Segundo Pereira, o programa do SESI atuar\u00e1 tanto no campo preventivo como no terap\u00eautico. \u201cNosso p\u00fablico s\u00e3o os trabalhadores da ind\u00fastria e todo atendimento ser\u00e1 in company, por meio de equipe interprofissional de psic\u00f3logo, especialista em depend\u00eancia qu\u00edmica, psiquiatra, e assistentes sociais\u201d disse.<\/p>\n<p>Dentre as a\u00e7\u00f5es previstas no programa est\u00e3o as entrevistas para tra\u00e7ar o perfil do trabalhador, terapia individual e grupal, aten\u00e7\u00e3o a depend\u00eancia qu\u00edmica, consultas psiqui\u00e1tricas, encaminhamentos, al\u00e9m das a\u00e7\u00f5es educativas como palestras, oficinas e viv\u00eancias.<\/p>\n<p>O II F\u00f3rum de Aspectos Psicossociais contar\u00e1 ainda com a apresenta\u00e7\u00e3o do Programa Sa\u00fade da Mulher pelo mastologista do SESI, Luciano Brand\u00e3o. Tamb\u00e9m do SESISA\u00daDE, o urologista Andr\u00e9 Mancini apresentar\u00e1 o Programa Homem Saud\u00e1vel.<\/p>\n<p>As inscri\u00e7\u00f5es est\u00e3o abertas no site <a href=\"..\/..\/sesi\" target=\"_blank\" rel=\"noopener\">www.fieam.org.br\/site\/sesi<\/a>. Basta clicar no banner de divulga\u00e7\u00e3o do evento, preencher o formul\u00e1rio de inscri\u00e7\u00e3o e encaminhar para o e-mail <a href=\"mailto:eventos.saude@sesiam.org.br\" target=\"_blank\" rel=\"noopener\">eventos.saude@sesiam.org.br<\/a>. A entrada no evento \u00e9 a doa\u00e7\u00e3o de um kit de higiene pessoal com 4 itens. Mais informa\u00e7\u00f5es: 3186-6622\/3238-8888.<\/p>\n<p><a href=\"http:\/\/www.fieam.org.br\/site\/sesi\/files\/2012\/12\/II-FORUM-ASPECTOS-SOCIAIS-FLYER-DIVULGA%C3%87%C3%83O-l-FICHA-small.jpg\"><img fetchpriority=\"high\" decoding=\"async\" class=\"alignleft size-full wp-image-3788\" src=\"http:\/\/www.fieam.org.br\/site\/sesi\/files\/2012\/12\/II-FORUM-ASPECTOS-SOCIAIS-FLYER-DIVULGA%C3%87%C3%83O-l-FICHA-small.jpg\" alt=\"\" width=\"600\" height=\"841\" \/><\/a><\/p>\n","protected":false},"excerpt":{"rendered":"<p>Hoje (6), o SESI Amazonas promove o II F\u00f3rum em Aspectos Psicossociais no Trabalho, das 14h \u00e0s 18h no Teatro Direcional do Manauara Shopping.<\/p>\n","protected":false},"author":1,"featured_media":0,"comment_status":"open","ping_status":"open","sticky":false,"template":"","format":"standard","meta":{"footnotes":""},"categories":[25],"tags":[],"class_list":["post-3784","post","type-post","status-publish","format-standard","hentry","category-news"],"yoast_head":"<!-- This site is optimized with the Yoast SEO plugin v28.2 - https:\/\/yoast.com\/product\/yoast-seo-wordpress\/ -->\n<title>SESI promove F\u00f3rum sobre Aspectos Psicossociais no Trabalho - SESI<\/title>\n<meta name=\"robots\" content=\"index, follow, max-snippet:-1, max-image-preview:large, max-video-preview:-1\" \/>\n<link rel=\"canonical\" href=\"https:\/\/fieam.org.br\/sesi\/sesi-promove-forum-sobre-aspectos-psicossociais-no-trabalho\/\" \/>\n<meta property=\"og:locale\" content=\"pt_BR\" \/>\n<meta property=\"og:type\" content=\"article\" \/>\n<meta property=\"og:title\" content=\"SESI promove F\u00f3rum sobre Aspectos Psicossociais no Trabalho - SESI\" \/>\n<meta property=\"og:description\" content=\"Hoje (6), o SESI Amazonas promove o II F\u00f3rum em Aspectos Psicossociais no Trabalho, das 14h \u00e0s 18h no Teatro Direcional do Manauara Shopping.\" \/>\n<meta property=\"og:url\" content=\"https:\/\/fieam.org.br\/sesi\/sesi-promove-forum-sobre-aspectos-psicossociais-no-trabalho\/\" \/>\n<meta property=\"og:site_name\" content=\"SESI\" \/>\n<meta property=\"article:published_time\" content=\"2012-12-06T12:47:13+00:00\" \/>\n<meta name=\"author\" content=\"Autor\" \/>\n<meta name=\"twitter:card\" content=\"summary_large_image\" \/>\n<meta name=\"twitter:label1\" content=\"Escrito por\" \/>\n\t<meta name=\"twitter:data1\" content=\"Autor\" \/>\n\t<meta name=\"twitter:label2\" content=\"Est. tempo de leitura\" \/>\n\t<meta name=\"twitter:data2\" content=\"2 minutos\" \/>\n<script type=\"application\/ld+json\" class=\"yoast-schema-graph\">{\"@context\":\"https:\\\/\\\/schema.org\",\"@graph\":[{\"@type\":\"Article\",\"@id\":\"https:\\\/\\\/fieam.org.br\\\/sesi\\\/sesi-promove-forum-sobre-aspectos-psicossociais-no-trabalho\\\/#article\",\"isPartOf\":{\"@id\":\"https:\\\/\\\/fieam.org.br\\\/sesi\\\/sesi-promove-forum-sobre-aspectos-psicossociais-no-trabalho\\\/\"},\"author\":{\"name\":\"Autor\",\"@id\":\"https:\\\/\\\/fieam.org.br\\\/sesi\\\/#\\\/schema\\\/person\\\/f54998dd14d5f0695b41444f2b01c31e\"},\"headline\":\"SESI promove F\u00f3rum sobre Aspectos Psicossociais no Trabalho\",\"datePublished\":\"2012-12-06T12:47:13+00:00\",\"mainEntityOfPage\":{\"@id\":\"https:\\\/\\\/fieam.org.br\\\/sesi\\\/sesi-promove-forum-sobre-aspectos-psicossociais-no-trabalho\\\/\"},\"wordCount\":354,\"commentCount\":0,\"publisher\":{\"@id\":\"https:\\\/\\\/fieam.org.br\\\/sesi\\\/#organization\"},\"image\":{\"@id\":\"https:\\\/\\\/fieam.org.br\\\/sesi\\\/sesi-promove-forum-sobre-aspectos-psicossociais-no-trabalho\\\/#primaryimage\"},\"thumbnailUrl\":\"http:\\\/\\\/www.fieam.org.br\\\/site\\\/sesi\\\/files\\\/2012\\\/12\\\/II-FORUM-ASPECTOS-SOCIAIS-FLYER-DIVULGA%C3%87%C3%83O-l-FICHA-small.jpg\",\"articleSection\":[\"News\"],\"inLanguage\":\"pt-BR\",\"potentialAction\":[{\"@type\":\"CommentAction\",\"name\":\"Comment\",\"target\":[\"https:\\\/\\\/fieam.org.br\\\/sesi\\\/sesi-promove-forum-sobre-aspectos-psicossociais-no-trabalho\\\/#respond\"]}]},{\"@type\":\"WebPage\",\"@id\":\"https:\\\/\\\/fieam.org.br\\\/sesi\\\/sesi-promove-forum-sobre-aspectos-psicossociais-no-trabalho\\\/\",\"url\":\"https:\\\/\\\/fieam.org.br\\\/sesi\\\/sesi-promove-forum-sobre-aspectos-psicossociais-no-trabalho\\\/\",\"name\":\"SESI promove F\u00f3rum sobre Aspectos Psicossociais no Trabalho - SESI\",\"isPartOf\":{\"@id\":\"https:\\\/\\\/fieam.org.br\\\/sesi\\\/#website\"},\"primaryImageOfPage\":{\"@id\":\"https:\\\/\\\/fieam.org.br\\\/sesi\\\/sesi-promove-forum-sobre-aspectos-psicossociais-no-trabalho\\\/#primaryimage\"},\"image\":{\"@id\":\"https:\\\/\\\/fieam.org.br\\\/sesi\\\/sesi-promove-forum-sobre-aspectos-psicossociais-no-trabalho\\\/#primaryimage\"},\"thumbnailUrl\":\"http:\\\/\\\/www.fieam.org.br\\\/site\\\/sesi\\\/files\\\/2012\\\/12\\\/II-FORUM-ASPECTOS-SOCIAIS-FLYER-DIVULGA%C3%87%C3%83O-l-FICHA-small.jpg\",\"datePublished\":\"2012-12-06T12:47:13+00:00\",\"breadcrumb\":{\"@id\":\"https:\\\/\\\/fieam.org.br\\\/sesi\\\/sesi-promove-forum-sobre-aspectos-psicossociais-no-trabalho\\\/#breadcrumb\"},\"inLanguage\":\"pt-BR\",\"potentialAction\":[{\"@type\":\"ReadAction\",\"target\":[\"https:\\\/\\\/fieam.org.br\\\/sesi\\\/sesi-promove-forum-sobre-aspectos-psicossociais-no-trabalho\\\/\"]}]},{\"@type\":\"ImageObject\",\"inLanguage\":\"pt-BR\",\"@id\":\"https:\\\/\\\/fieam.org.br\\\/sesi\\\/sesi-promove-forum-sobre-aspectos-psicossociais-no-trabalho\\\/#primaryimage\",\"url\":\"http:\\\/\\\/www.fieam.org.br\\\/site\\\/sesi\\\/files\\\/2012\\\/12\\\/II-FORUM-ASPECTOS-SOCIAIS-FLYER-DIVULGA%C3%87%C3%83O-l-FICHA-small.jpg\",\"contentUrl\":\"http:\\\/\\\/www.fieam.org.br\\\/site\\\/sesi\\\/files\\\/2012\\\/12\\\/II-FORUM-ASPECTOS-SOCIAIS-FLYER-DIVULGA%C3%87%C3%83O-l-FICHA-small.jpg\"},{\"@type\":\"BreadcrumbList\",\"@id\":\"https:\\\/\\\/fieam.org.br\\\/sesi\\\/sesi-promove-forum-sobre-aspectos-psicossociais-no-trabalho\\\/#breadcrumb\",\"itemListElement\":[{\"@type\":\"ListItem\",\"position\":1,\"name\":\"In\u00edcio\",\"item\":\"https:\\\/\\\/fieam.org.br\\\/sesi\\\/\"},{\"@type\":\"ListItem\",\"position\":2,\"name\":\"SESI promove F\u00f3rum sobre Aspectos Psicossociais no Trabalho\"}]},{\"@type\":\"WebSite\",\"@id\":\"https:\\\/\\\/fieam.org.br\\\/sesi\\\/#website\",\"url\":\"https:\\\/\\\/fieam.org.br\\\/sesi\\\/\",\"name\":\"SESI\",\"description\":\"Site Oficial!\",\"publisher\":{\"@id\":\"https:\\\/\\\/fieam.org.br\\\/sesi\\\/#organization\"},\"potentialAction\":[{\"@type\":\"SearchAction\",\"target\":{\"@type\":\"EntryPoint\",\"urlTemplate\":\"https:\\\/\\\/fieam.org.br\\\/sesi\\\/?s={search_term_string}\"},\"query-input\":{\"@type\":\"PropertyValueSpecification\",\"valueRequired\":true,\"valueName\":\"search_term_string\"}}],\"inLanguage\":\"pt-BR\"},{\"@type\":\"Organization\",\"@id\":\"https:\\\/\\\/fieam.org.br\\\/sesi\\\/#organization\",\"name\":\"SESI\",\"url\":\"https:\\\/\\\/fieam.org.br\\\/sesi\\\/\",\"logo\":{\"@type\":\"ImageObject\",\"inLanguage\":\"pt-BR\",\"@id\":\"https:\\\/\\\/fieam.org.br\\\/sesi\\\/#\\\/schema\\\/logo\\\/image\\\/\",\"url\":\"https:\\\/\\\/fieam.org.br\\\/sesi\\\/wp-content\\\/uploads\\\/sites\\\/14\\\/2024\\\/03\\\/cropped-fav.png\",\"contentUrl\":\"https:\\\/\\\/fieam.org.br\\\/sesi\\\/wp-content\\\/uploads\\\/sites\\\/14\\\/2024\\\/03\\\/cropped-fav.png\",\"width\":610,\"height\":589,\"caption\":\"SESI\"},\"image\":{\"@id\":\"https:\\\/\\\/fieam.org.br\\\/sesi\\\/#\\\/schema\\\/logo\\\/image\\\/\"}},{\"@type\":\"Person\",\"@id\":\"https:\\\/\\\/fieam.org.br\\\/sesi\\\/#\\\/schema\\\/person\\\/f54998dd14d5f0695b41444f2b01c31e\",\"name\":\"Autor\",\"image\":{\"@type\":\"ImageObject\",\"inLanguage\":\"pt-BR\",\"@id\":\"https:\\\/\\\/secure.gravatar.com\\\/avatar\\\/3732c223e0e1fad69062a8f770955c9068d37b055204f310a0be18d4069fe380?s=96&d=mm&r=g\",\"url\":\"https:\\\/\\\/secure.gravatar.com\\\/avatar\\\/3732c223e0e1fad69062a8f770955c9068d37b055204f310a0be18d4069fe380?s=96&d=mm&r=g\",\"contentUrl\":\"https:\\\/\\\/secure.gravatar.com\\\/avatar\\\/3732c223e0e1fad69062a8f770955c9068d37b055204f310a0be18d4069fe380?s=96&d=mm&r=g\",\"caption\":\"Autor\"},\"sameAs\":[\"https:\\\/\\\/marketingmassivo.com.br\"],\"url\":\"https:\\\/\\\/fieam.org.br\\\/sesi\\\/author\\\/admin\\\/\"}]}<\/script>\n<!-- \/ Yoast SEO plugin. -->","yoast_head_json":{"title":"SESI promove F\u00f3rum sobre Aspectos Psicossociais no Trabalho - SESI","robots":{"index":"index","follow":"follow","max-snippet":"max-snippet:-1","max-image-preview":"max-image-preview:large","max-video-preview":"max-video-preview:-1"},"canonical":"https:\/\/fieam.org.br\/sesi\/sesi-promove-forum-sobre-aspectos-psicossociais-no-trabalho\/","og_locale":"pt_BR","og_type":"article","og_title":"SESI promove F\u00f3rum sobre Aspectos Psicossociais no Trabalho - SESI","og_description":"Hoje (6), o SESI Amazonas promove o II F\u00f3rum em Aspectos Psicossociais no Trabalho, das 14h \u00e0s 18h no Teatro Direcional do Manauara Shopping.","og_url":"https:\/\/fieam.org.br\/sesi\/sesi-promove-forum-sobre-aspectos-psicossociais-no-trabalho\/","og_site_name":"SESI","article_published_time":"2012-12-06T12:47:13+00:00","author":"Autor","twitter_card":"summary_large_image","twitter_misc":{"Escrito por":"Autor","Est. tempo de leitura":"2 minutos"},"schema":{"@context":"https:\/\/schema.org","@graph":[{"@type":"Article","@id":"https:\/\/fieam.org.br\/sesi\/sesi-promove-forum-sobre-aspectos-psicossociais-no-trabalho\/#article","isPartOf":{"@id":"https:\/\/fieam.org.br\/sesi\/sesi-promove-forum-sobre-aspectos-psicossociais-no-trabalho\/"},"author":{"name":"Autor","@id":"https:\/\/fieam.org.br\/sesi\/#\/schema\/person\/f54998dd14d5f0695b41444f2b01c31e"},"headline":"SESI promove F\u00f3rum sobre Aspectos Psicossociais no Trabalho","datePublished":"2012-12-06T12:47:13+00:00","mainEntityOfPage":{"@id":"https:\/\/fieam.org.br\/sesi\/sesi-promove-forum-sobre-aspectos-psicossociais-no-trabalho\/"},"wordCount":354,"commentCount":0,"publisher":{"@id":"https:\/\/fieam.org.br\/sesi\/#organization"},"image":{"@id":"https:\/\/fieam.org.br\/sesi\/sesi-promove-forum-sobre-aspectos-psicossociais-no-trabalho\/#primaryimage"},"thumbnailUrl":"http:\/\/www.fieam.org.br\/site\/sesi\/files\/2012\/12\/II-FORUM-ASPECTOS-SOCIAIS-FLYER-DIVULGA%C3%87%C3%83O-l-FICHA-small.jpg","articleSection":["News"],"inLanguage":"pt-BR","potentialAction":[{"@type":"CommentAction","name":"Comment","target":["https:\/\/fieam.org.br\/sesi\/sesi-promove-forum-sobre-aspectos-psicossociais-no-trabalho\/#respond"]}]},{"@type":"WebPage","@id":"https:\/\/fieam.org.br\/sesi\/sesi-promove-forum-sobre-aspectos-psicossociais-no-trabalho\/","url":"https:\/\/fieam.org.br\/sesi\/sesi-promove-forum-sobre-aspectos-psicossociais-no-trabalho\/","name":"SESI promove F\u00f3rum sobre Aspectos Psicossociais no Trabalho - SESI","isPartOf":{"@id":"https:\/\/fieam.org.br\/sesi\/#website"},"primaryImageOfPage":{"@id":"https:\/\/fieam.org.br\/sesi\/sesi-promove-forum-sobre-aspectos-psicossociais-no-trabalho\/#primaryimage"},"image":{"@id":"https:\/\/fieam.org.br\/sesi\/sesi-promove-forum-sobre-aspectos-psicossociais-no-trabalho\/#primaryimage"},"thumbnailUrl":"http:\/\/www.fieam.org.br\/site\/sesi\/files\/2012\/12\/II-FORUM-ASPECTOS-SOCIAIS-FLYER-DIVULGA%C3%87%C3%83O-l-FICHA-small.jpg","datePublished":"2012-12-06T12:47:13+00:00","breadcrumb":{"@id":"https:\/\/fieam.org.br\/sesi\/sesi-promove-forum-sobre-aspectos-psicossociais-no-trabalho\/#breadcrumb"},"inLanguage":"pt-BR","potentialAction":[{"@type":"ReadAction","target":["https:\/\/fieam.org.br\/sesi\/sesi-promove-forum-sobre-aspectos-psicossociais-no-trabalho\/"]}]},{"@type":"ImageObject","inLanguage":"pt-BR","@id":"https:\/\/fieam.org.br\/sesi\/sesi-promove-forum-sobre-aspectos-psicossociais-no-trabalho\/#primaryimage","url":"http:\/\/www.fieam.org.br\/site\/sesi\/files\/2012\/12\/II-FORUM-ASPECTOS-SOCIAIS-FLYER-DIVULGA%C3%87%C3%83O-l-FICHA-small.jpg","contentUrl":"http:\/\/www.fieam.org.br\/site\/sesi\/files\/2012\/12\/II-FORUM-ASPECTOS-SOCIAIS-FLYER-DIVULGA%C3%87%C3%83O-l-FICHA-small.jpg"},{"@type":"BreadcrumbList","@id":"https:\/\/fieam.org.br\/sesi\/sesi-promove-forum-sobre-aspectos-psicossociais-no-trabalho\/#breadcrumb","itemListElement":[{"@type":"ListItem","position":1,"name":"In\u00edcio","item":"https:\/\/fieam.org.br\/sesi\/"},{"@type":"ListItem","position":2,"name":"SESI promove F\u00f3rum sobre Aspectos Psicossociais no Trabalho"}]},{"@type":"WebSite","@id":"https:\/\/fieam.org.br\/sesi\/#website","url":"https:\/\/fieam.org.br\/sesi\/","name":"SESI","description":"Site Oficial!","publisher":{"@id":"https:\/\/fieam.org.br\/sesi\/#organization"},"potentialAction":[{"@type":"SearchAction","target":{"@type":"EntryPoint","urlTemplate":"https:\/\/fieam.org.br\/sesi\/?s={search_term_string}"},"query-input":{"@type":"PropertyValueSpecification","valueRequired":true,"valueName":"search_term_string"}}],"inLanguage":"pt-BR"},{"@type":"Organization","@id":"https:\/\/fieam.org.br\/sesi\/#organization","name":"SESI","url":"https:\/\/fieam.org.br\/sesi\/","logo":{"@type":"ImageObject","inLanguage":"pt-BR","@id":"https:\/\/fieam.org.br\/sesi\/#\/schema\/logo\/image\/","url":"https:\/\/fieam.org.br\/sesi\/wp-content\/uploads\/sites\/14\/2024\/03\/cropped-fav.png","contentUrl":"https:\/\/fieam.org.br\/sesi\/wp-content\/uploads\/sites\/14\/2024\/03\/cropped-fav.png","width":610,"height":589,"caption":"SESI"},"image":{"@id":"https:\/\/fieam.org.br\/sesi\/#\/schema\/logo\/image\/"}},{"@type":"Person","@id":"https:\/\/fieam.org.br\/sesi\/#\/schema\/person\/f54998dd14d5f0695b41444f2b01c31e","name":"Autor","image":{"@type":"ImageObject","inLanguage":"pt-BR","@id":"https:\/\/secure.gravatar.com\/avatar\/3732c223e0e1fad69062a8f770955c9068d37b055204f310a0be18d4069fe380?s=96&d=mm&r=g","url":"https:\/\/secure.gravatar.com\/avatar\/3732c223e0e1fad69062a8f770955c9068d37b055204f310a0be18d4069fe380?s=96&d=mm&r=g","contentUrl":"https:\/\/secure.gravatar.com\/avatar\/3732c223e0e1fad69062a8f770955c9068d37b055204f310a0be18d4069fe380?s=96&d=mm&r=g","caption":"Autor"},"sameAs":["https:\/\/marketingmassivo.com.br"],"url":"https:\/\/fieam.org.br\/sesi\/author\/admin\/"}]}},"_links":{"self":[{"href":"https:\/\/fieam.org.br\/sesi\/wp-json\/wp\/v2\/posts\/3784","targetHints":{"allow":["GET"]}}],"collection":[{"href":"https:\/\/fieam.org.br\/sesi\/wp-json\/wp\/v2\/posts"}],"about":[{"href":"https:\/\/fieam.org.br\/sesi\/wp-json\/wp\/v2\/types\/post"}],"author":[{"embeddable":true,"href":"https:\/\/fieam.org.br\/sesi\/wp-json\/wp\/v2\/users\/1"}],"replies":[{"embeddable":true,"href":"https:\/\/fieam.org.br\/sesi\/wp-json\/wp\/v2\/comments?post=3784"}],"version-history":[{"count":0,"href":"https:\/\/fieam.org.br\/sesi\/wp-json\/wp\/v2\/posts\/3784\/revisions"}],"wp:attachment":[{"href":"https:\/\/fieam.org.br\/sesi\/wp-json\/wp\/v2\/media?parent=3784"}],"wp:term":[{"taxonomy":"category","embeddable":true,"href":"https:\/\/fieam.org.br\/sesi\/wp-json\/wp\/v2\/categories?post=3784"},{"taxonomy":"post_tag","embeddable":true,"href":"https:\/\/fieam.org.br\/sesi\/wp-json\/wp\/v2\/tags?post=3784"}],"curies":[{"name":"wp","href":"https:\/\/api.w.org\/{rel}","templated":true}]}}