{"id":3749,"date":"2012-11-26T21:48:24","date_gmt":"2012-11-26T21:48:24","guid":{"rendered":"http:\/\/www.fieam.org.br\/site\/sesi\/?p=3749"},"modified":"2012-11-26T21:48:24","modified_gmt":"2012-11-26T21:48:24","slug":"alunos-do-sesi-brilham-em-mostra-de-danca","status":"publish","type":"post","link":"https:\/\/fieam.org.br\/sesi\/alunos-do-sesi-brilham-em-mostra-de-danca\/","title":{"rendered":"Alunos do SESI brilham em mostra de dan\u00e7a"},"content":{"rendered":"<p><a href=\"http:\/\/www.fieam.org.br\/site\/sesi\/institucional\/\" target=\"_blank\" rel=\"noopener\">O Servi\u00e7o Social da Ind\u00fastria (SESI Amazonas)<\/a>\u00a0mostrou, no \u00faltimo s\u00e1bado (24), o resultado do trabalho de forma\u00e7\u00e3o cultural, em 2012, na \u00e1rea da dan\u00e7a, na VI Mostra N\u00facleo de Dan\u00e7a SESI, no Gin\u00e1sio Dom\u00edcio Vellozo,\u00a0<a href=\"http:\/\/www.fieam.org.br\/site\/sesi\/lazer-clube-do-trabalhador-do-amazonas\/\" target=\"_blank\" rel=\"noopener\">no Clube do Trabalhador do Amazonas<\/a>. Cerca de 200 alunos dos cursos de baby class, bal\u00e9 cl\u00e1ssico, dan\u00e7a do ventre e dan\u00e7a de sal\u00e3o se dividiram na apresenta\u00e7\u00e3o de 15 coreografias. A mostra contou com tr\u00eas grupos convidados, o Caua, Menace e Harmonia do Suingue.<\/p>\n<p>Com bailarinos em idades que v\u00e3o dos 5 aos 80 anos, a mostra teve, este ano, como ponto alto as coreografias dos alunos de baby class e dos participantes do Programa SESI Atleta do Futuro (SAF), estes da Escola Estadual General Sampaio, no bairro S\u00e3o Jorge, que apresentaram a pe\u00e7a de maior dura\u00e7\u00e3o, de 15 minutos. De acordo com a professora Mar\u00edlia Gon\u00e7alves, 30, no bal\u00e9 cl\u00e1ssico, as crian\u00e7as trabalham postura, expressividade e equil\u00edbrio.<\/p>\n<p>Outro destaque foi o Grupo da 3\u00aa Idade do SESI, com a coreografia \u201cFrenesesi\u201d, que agitou o p\u00fablico, principalmente na m\u00fasica \u201cPerigosa\u201d, do grupo As Fren\u00e9ticas. Com roupas e adere\u00e7os coloridos, os 15 dan\u00e7arinos, todos acima dos 60 anos, mostraram o resultado do trabalho que envolve a promo\u00e7\u00e3o da qualidade de vida do idoso. Segundo a coordenadora Fab\u00edola Santana, al\u00e9m da dan\u00e7a, os integrantes participam de atividades, como hidrogin\u00e1stica, nata\u00e7\u00e3o, caminhada e teatro.<\/p>\n<p>&nbsp;<\/p>\n<p>Borboletas e Flores<\/p>\n<p>&nbsp;<\/p>\n<p>Na plateia, de c\u00e2mara fotogr\u00e1fica em punho, Ivone Melo, 48, n\u00e3o perdia um movimento da filha Isabella, 19, na coreografia \u201cBorboletas e Flores\u201d. Aluna da professora Rafaela Nascimento, a menina, que tem defici\u00eancia intelectual e estuda dan\u00e7a no SESI h\u00e1 dois anos, acompanhou todas as marca\u00e7\u00f5es e movimentos da coreografia. A m\u00e3e assistiu \u00e0 mostra ao lado de outros pais, todos vestidos com uma camiseta de cor vermelha com a inscri\u00e7\u00e3o \u201cm\u00e3e de bailarina\u201d e a foto da respectiva filha.<\/p>\n<p>Entre outros pais \u201ccoruja\u201d, o industri\u00e1rio Hamilton Pimentel, 31, disse que estava feliz s\u00f3 de ver a filha Stephany, 6, brilhando no palco. Hamilton atua h\u00e1 um ano como eletricista na RB Ind\u00fastria e Com\u00e9rcio de Pl\u00e1sticos e acompanhou todas as apresenta\u00e7\u00f5es da filha em seu primeiro ano como aluna do SESI.<\/p>\n<p>No outro extremo do gin\u00e1sio, o funcion\u00e1rio da Amazon Security, Natan Martins, 39, esperava a apresenta\u00e7\u00e3o da mulher, Deize Magalh\u00e3es, 31, com um buqu\u00ea de rosas vermelhas, segundo ele, uma surpresa que faria \u00e0 esposa no final do espet\u00e1culo. Ao descer do palco, Deize chorou ao receber as flores do marido e fez a tradicional rever\u00eancia ao lado das colegas de bal\u00e9.<\/p>\n<p>Das 19 coreografias apresentadas, 15 foram assinadas pelas professoras Rafaela Nascimento e Sarah Masulo, com a colabora\u00e7\u00e3o de duas estagi\u00e1rias.<\/p>\n<p>De acordo com a gerente de Cultura, Esporte e Lazer, do SESI Amazonas, Nelsi Luni\u00e8re, a mostra do N\u00facleo de Dan\u00e7a cresce a cada ano, inclusive no n\u00edvel dos espet\u00e1culos reunidos, as coreografias e figurinos. \u201cEstamos nos aproximando do n\u00edvel de outras mostras de dan\u00e7a, como a do pr\u00f3prio Modama, s\u00f3 que aqui, temos basicamente s\u00f3 os grupos formados por alunos do SESI\u201d, disse ela.<\/p>\n<p>[nggallery id=146]<\/p>\n","protected":false},"excerpt":{"rendered":"<p>O SESI Amazonas mostrou, no \u00faltimo s\u00e1bado (24), o resultado do trabalho de forma\u00e7\u00e3o cultural, em 2012, na \u00e1rea da dan\u00e7a, na VI Mostra N\u00facleo de Dan\u00e7a SESI<\/p>\n","protected":false},"author":1,"featured_media":0,"comment_status":"open","ping_status":"open","sticky":false,"template":"","format":"standard","meta":{"footnotes":""},"categories":[25],"tags":[],"class_list":["post-3749","post","type-post","status-publish","format-standard","hentry","category-news"],"yoast_head":"<!-- This site is optimized with the Yoast SEO plugin v28.2 - https:\/\/yoast.com\/product\/yoast-seo-wordpress\/ -->\n<title>Alunos do SESI brilham em mostra de dan\u00e7a - SESI<\/title>\n<meta name=\"robots\" content=\"index, follow, max-snippet:-1, max-image-preview:large, max-video-preview:-1\" \/>\n<link rel=\"canonical\" href=\"https:\/\/fieam.org.br\/sesi\/alunos-do-sesi-brilham-em-mostra-de-danca\/\" \/>\n<meta property=\"og:locale\" content=\"pt_BR\" \/>\n<meta property=\"og:type\" content=\"article\" \/>\n<meta property=\"og:title\" content=\"Alunos do SESI brilham em mostra de dan\u00e7a - SESI\" \/>\n<meta property=\"og:description\" content=\"O SESI Amazonas mostrou, no \u00faltimo s\u00e1bado (24), o resultado do trabalho de forma\u00e7\u00e3o cultural, em 2012, na \u00e1rea da dan\u00e7a, na VI Mostra N\u00facleo de Dan\u00e7a SESI\" \/>\n<meta property=\"og:url\" content=\"https:\/\/fieam.org.br\/sesi\/alunos-do-sesi-brilham-em-mostra-de-danca\/\" \/>\n<meta property=\"og:site_name\" content=\"SESI\" \/>\n<meta property=\"article:published_time\" content=\"2012-11-26T21:48:24+00:00\" \/>\n<meta name=\"author\" content=\"Autor\" \/>\n<meta name=\"twitter:card\" content=\"summary_large_image\" \/>\n<meta name=\"twitter:label1\" content=\"Escrito por\" \/>\n\t<meta name=\"twitter:data1\" content=\"Autor\" \/>\n\t<meta name=\"twitter:label2\" content=\"Est. tempo de leitura\" \/>\n\t<meta name=\"twitter:data2\" content=\"3 minutos\" \/>\n<script type=\"application\/ld+json\" class=\"yoast-schema-graph\">{\"@context\":\"https:\\\/\\\/schema.org\",\"@graph\":[{\"@type\":\"Article\",\"@id\":\"https:\\\/\\\/fieam.org.br\\\/sesi\\\/alunos-do-sesi-brilham-em-mostra-de-danca\\\/#article\",\"isPartOf\":{\"@id\":\"https:\\\/\\\/fieam.org.br\\\/sesi\\\/alunos-do-sesi-brilham-em-mostra-de-danca\\\/\"},\"author\":{\"name\":\"Autor\",\"@id\":\"https:\\\/\\\/fieam.org.br\\\/sesi\\\/#\\\/schema\\\/person\\\/f54998dd14d5f0695b41444f2b01c31e\"},\"headline\":\"Alunos do SESI brilham em mostra de dan\u00e7a\",\"datePublished\":\"2012-11-26T21:48:24+00:00\",\"mainEntityOfPage\":{\"@id\":\"https:\\\/\\\/fieam.org.br\\\/sesi\\\/alunos-do-sesi-brilham-em-mostra-de-danca\\\/\"},\"wordCount\":567,\"commentCount\":0,\"publisher\":{\"@id\":\"https:\\\/\\\/fieam.org.br\\\/sesi\\\/#organization\"},\"articleSection\":[\"News\"],\"inLanguage\":\"pt-BR\",\"potentialAction\":[{\"@type\":\"CommentAction\",\"name\":\"Comment\",\"target\":[\"https:\\\/\\\/fieam.org.br\\\/sesi\\\/alunos-do-sesi-brilham-em-mostra-de-danca\\\/#respond\"]}]},{\"@type\":\"WebPage\",\"@id\":\"https:\\\/\\\/fieam.org.br\\\/sesi\\\/alunos-do-sesi-brilham-em-mostra-de-danca\\\/\",\"url\":\"https:\\\/\\\/fieam.org.br\\\/sesi\\\/alunos-do-sesi-brilham-em-mostra-de-danca\\\/\",\"name\":\"Alunos do SESI brilham em mostra de dan\u00e7a - SESI\",\"isPartOf\":{\"@id\":\"https:\\\/\\\/fieam.org.br\\\/sesi\\\/#website\"},\"datePublished\":\"2012-11-26T21:48:24+00:00\",\"breadcrumb\":{\"@id\":\"https:\\\/\\\/fieam.org.br\\\/sesi\\\/alunos-do-sesi-brilham-em-mostra-de-danca\\\/#breadcrumb\"},\"inLanguage\":\"pt-BR\",\"potentialAction\":[{\"@type\":\"ReadAction\",\"target\":[\"https:\\\/\\\/fieam.org.br\\\/sesi\\\/alunos-do-sesi-brilham-em-mostra-de-danca\\\/\"]}]},{\"@type\":\"BreadcrumbList\",\"@id\":\"https:\\\/\\\/fieam.org.br\\\/sesi\\\/alunos-do-sesi-brilham-em-mostra-de-danca\\\/#breadcrumb\",\"itemListElement\":[{\"@type\":\"ListItem\",\"position\":1,\"name\":\"In\u00edcio\",\"item\":\"https:\\\/\\\/fieam.org.br\\\/sesi\\\/\"},{\"@type\":\"ListItem\",\"position\":2,\"name\":\"Alunos do SESI brilham em mostra de dan\u00e7a\"}]},{\"@type\":\"WebSite\",\"@id\":\"https:\\\/\\\/fieam.org.br\\\/sesi\\\/#website\",\"url\":\"https:\\\/\\\/fieam.org.br\\\/sesi\\\/\",\"name\":\"SESI\",\"description\":\"Site Oficial!\",\"publisher\":{\"@id\":\"https:\\\/\\\/fieam.org.br\\\/sesi\\\/#organization\"},\"potentialAction\":[{\"@type\":\"SearchAction\",\"target\":{\"@type\":\"EntryPoint\",\"urlTemplate\":\"https:\\\/\\\/fieam.org.br\\\/sesi\\\/?s={search_term_string}\"},\"query-input\":{\"@type\":\"PropertyValueSpecification\",\"valueRequired\":true,\"valueName\":\"search_term_string\"}}],\"inLanguage\":\"pt-BR\"},{\"@type\":\"Organization\",\"@id\":\"https:\\\/\\\/fieam.org.br\\\/sesi\\\/#organization\",\"name\":\"SESI\",\"url\":\"https:\\\/\\\/fieam.org.br\\\/sesi\\\/\",\"logo\":{\"@type\":\"ImageObject\",\"inLanguage\":\"pt-BR\",\"@id\":\"https:\\\/\\\/fieam.org.br\\\/sesi\\\/#\\\/schema\\\/logo\\\/image\\\/\",\"url\":\"https:\\\/\\\/fieam.org.br\\\/sesi\\\/wp-content\\\/uploads\\\/sites\\\/14\\\/2024\\\/03\\\/cropped-fav.png\",\"contentUrl\":\"https:\\\/\\\/fieam.org.br\\\/sesi\\\/wp-content\\\/uploads\\\/sites\\\/14\\\/2024\\\/03\\\/cropped-fav.png\",\"width\":610,\"height\":589,\"caption\":\"SESI\"},\"image\":{\"@id\":\"https:\\\/\\\/fieam.org.br\\\/sesi\\\/#\\\/schema\\\/logo\\\/image\\\/\"}},{\"@type\":\"Person\",\"@id\":\"https:\\\/\\\/fieam.org.br\\\/sesi\\\/#\\\/schema\\\/person\\\/f54998dd14d5f0695b41444f2b01c31e\",\"name\":\"Autor\",\"image\":{\"@type\":\"ImageObject\",\"inLanguage\":\"pt-BR\",\"@id\":\"https:\\\/\\\/secure.gravatar.com\\\/avatar\\\/3732c223e0e1fad69062a8f770955c9068d37b055204f310a0be18d4069fe380?s=96&d=mm&r=g\",\"url\":\"https:\\\/\\\/secure.gravatar.com\\\/avatar\\\/3732c223e0e1fad69062a8f770955c9068d37b055204f310a0be18d4069fe380?s=96&d=mm&r=g\",\"contentUrl\":\"https:\\\/\\\/secure.gravatar.com\\\/avatar\\\/3732c223e0e1fad69062a8f770955c9068d37b055204f310a0be18d4069fe380?s=96&d=mm&r=g\",\"caption\":\"Autor\"},\"sameAs\":[\"https:\\\/\\\/marketingmassivo.com.br\"],\"url\":\"https:\\\/\\\/fieam.org.br\\\/sesi\\\/author\\\/admin\\\/\"}]}<\/script>\n<!-- \/ Yoast SEO plugin. -->","yoast_head_json":{"title":"Alunos do SESI brilham em mostra de dan\u00e7a - SESI","robots":{"index":"index","follow":"follow","max-snippet":"max-snippet:-1","max-image-preview":"max-image-preview:large","max-video-preview":"max-video-preview:-1"},"canonical":"https:\/\/fieam.org.br\/sesi\/alunos-do-sesi-brilham-em-mostra-de-danca\/","og_locale":"pt_BR","og_type":"article","og_title":"Alunos do SESI brilham em mostra de dan\u00e7a - SESI","og_description":"O SESI Amazonas mostrou, no \u00faltimo s\u00e1bado (24), o resultado do trabalho de forma\u00e7\u00e3o cultural, em 2012, na \u00e1rea da dan\u00e7a, na VI Mostra N\u00facleo de Dan\u00e7a SESI","og_url":"https:\/\/fieam.org.br\/sesi\/alunos-do-sesi-brilham-em-mostra-de-danca\/","og_site_name":"SESI","article_published_time":"2012-11-26T21:48:24+00:00","author":"Autor","twitter_card":"summary_large_image","twitter_misc":{"Escrito por":"Autor","Est. tempo de leitura":"3 minutos"},"schema":{"@context":"https:\/\/schema.org","@graph":[{"@type":"Article","@id":"https:\/\/fieam.org.br\/sesi\/alunos-do-sesi-brilham-em-mostra-de-danca\/#article","isPartOf":{"@id":"https:\/\/fieam.org.br\/sesi\/alunos-do-sesi-brilham-em-mostra-de-danca\/"},"author":{"name":"Autor","@id":"https:\/\/fieam.org.br\/sesi\/#\/schema\/person\/f54998dd14d5f0695b41444f2b01c31e"},"headline":"Alunos do SESI brilham em mostra de dan\u00e7a","datePublished":"2012-11-26T21:48:24+00:00","mainEntityOfPage":{"@id":"https:\/\/fieam.org.br\/sesi\/alunos-do-sesi-brilham-em-mostra-de-danca\/"},"wordCount":567,"commentCount":0,"publisher":{"@id":"https:\/\/fieam.org.br\/sesi\/#organization"},"articleSection":["News"],"inLanguage":"pt-BR","potentialAction":[{"@type":"CommentAction","name":"Comment","target":["https:\/\/fieam.org.br\/sesi\/alunos-do-sesi-brilham-em-mostra-de-danca\/#respond"]}]},{"@type":"WebPage","@id":"https:\/\/fieam.org.br\/sesi\/alunos-do-sesi-brilham-em-mostra-de-danca\/","url":"https:\/\/fieam.org.br\/sesi\/alunos-do-sesi-brilham-em-mostra-de-danca\/","name":"Alunos do SESI brilham em mostra de dan\u00e7a - SESI","isPartOf":{"@id":"https:\/\/fieam.org.br\/sesi\/#website"},"datePublished":"2012-11-26T21:48:24+00:00","breadcrumb":{"@id":"https:\/\/fieam.org.br\/sesi\/alunos-do-sesi-brilham-em-mostra-de-danca\/#breadcrumb"},"inLanguage":"pt-BR","potentialAction":[{"@type":"ReadAction","target":["https:\/\/fieam.org.br\/sesi\/alunos-do-sesi-brilham-em-mostra-de-danca\/"]}]},{"@type":"BreadcrumbList","@id":"https:\/\/fieam.org.br\/sesi\/alunos-do-sesi-brilham-em-mostra-de-danca\/#breadcrumb","itemListElement":[{"@type":"ListItem","position":1,"name":"In\u00edcio","item":"https:\/\/fieam.org.br\/sesi\/"},{"@type":"ListItem","position":2,"name":"Alunos do SESI brilham em mostra de dan\u00e7a"}]},{"@type":"WebSite","@id":"https:\/\/fieam.org.br\/sesi\/#website","url":"https:\/\/fieam.org.br\/sesi\/","name":"SESI","description":"Site Oficial!","publisher":{"@id":"https:\/\/fieam.org.br\/sesi\/#organization"},"potentialAction":[{"@type":"SearchAction","target":{"@type":"EntryPoint","urlTemplate":"https:\/\/fieam.org.br\/sesi\/?s={search_term_string}"},"query-input":{"@type":"PropertyValueSpecification","valueRequired":true,"valueName":"search_term_string"}}],"inLanguage":"pt-BR"},{"@type":"Organization","@id":"https:\/\/fieam.org.br\/sesi\/#organization","name":"SESI","url":"https:\/\/fieam.org.br\/sesi\/","logo":{"@type":"ImageObject","inLanguage":"pt-BR","@id":"https:\/\/fieam.org.br\/sesi\/#\/schema\/logo\/image\/","url":"https:\/\/fieam.org.br\/sesi\/wp-content\/uploads\/sites\/14\/2024\/03\/cropped-fav.png","contentUrl":"https:\/\/fieam.org.br\/sesi\/wp-content\/uploads\/sites\/14\/2024\/03\/cropped-fav.png","width":610,"height":589,"caption":"SESI"},"image":{"@id":"https:\/\/fieam.org.br\/sesi\/#\/schema\/logo\/image\/"}},{"@type":"Person","@id":"https:\/\/fieam.org.br\/sesi\/#\/schema\/person\/f54998dd14d5f0695b41444f2b01c31e","name":"Autor","image":{"@type":"ImageObject","inLanguage":"pt-BR","@id":"https:\/\/secure.gravatar.com\/avatar\/3732c223e0e1fad69062a8f770955c9068d37b055204f310a0be18d4069fe380?s=96&d=mm&r=g","url":"https:\/\/secure.gravatar.com\/avatar\/3732c223e0e1fad69062a8f770955c9068d37b055204f310a0be18d4069fe380?s=96&d=mm&r=g","contentUrl":"https:\/\/secure.gravatar.com\/avatar\/3732c223e0e1fad69062a8f770955c9068d37b055204f310a0be18d4069fe380?s=96&d=mm&r=g","caption":"Autor"},"sameAs":["https:\/\/marketingmassivo.com.br"],"url":"https:\/\/fieam.org.br\/sesi\/author\/admin\/"}]}},"_links":{"self":[{"href":"https:\/\/fieam.org.br\/sesi\/wp-json\/wp\/v2\/posts\/3749","targetHints":{"allow":["GET"]}}],"collection":[{"href":"https:\/\/fieam.org.br\/sesi\/wp-json\/wp\/v2\/posts"}],"about":[{"href":"https:\/\/fieam.org.br\/sesi\/wp-json\/wp\/v2\/types\/post"}],"author":[{"embeddable":true,"href":"https:\/\/fieam.org.br\/sesi\/wp-json\/wp\/v2\/users\/1"}],"replies":[{"embeddable":true,"href":"https:\/\/fieam.org.br\/sesi\/wp-json\/wp\/v2\/comments?post=3749"}],"version-history":[{"count":0,"href":"https:\/\/fieam.org.br\/sesi\/wp-json\/wp\/v2\/posts\/3749\/revisions"}],"wp:attachment":[{"href":"https:\/\/fieam.org.br\/sesi\/wp-json\/wp\/v2\/media?parent=3749"}],"wp:term":[{"taxonomy":"category","embeddable":true,"href":"https:\/\/fieam.org.br\/sesi\/wp-json\/wp\/v2\/categories?post=3749"},{"taxonomy":"post_tag","embeddable":true,"href":"https:\/\/fieam.org.br\/sesi\/wp-json\/wp\/v2\/tags?post=3749"}],"curies":[{"name":"wp","href":"https:\/\/api.w.org\/{rel}","templated":true}]}}