{"id":3697,"date":"2012-11-13T13:18:27","date_gmt":"2012-11-13T13:18:27","guid":{"rendered":"http:\/\/www.fieam.org.br\/site\/sesi\/?p=3697"},"modified":"2012-11-13T13:18:27","modified_gmt":"2012-11-13T13:18:27","slug":"esporte-e-cidadania","status":"publish","type":"post","link":"https:\/\/fieam.org.br\/sesi\/esporte-e-cidadania\/","title":{"rendered":"Esporte e Cidadania"},"content":{"rendered":"<p>Esporte como direito de todo o cidad\u00e3o. Esse foi o tema da oitava edi\u00e7\u00e3o do programa Esporte Cidadania, que levou ao\u00a0<a href=\"http:\/\/www.fieam.org.br\/site\/sesi\/lazer-clube-do-trabalhador-do-amazonas\/\" target=\"_blank\" rel=\"noopener\">Clube do Trabalhador do Amazonas<\/a>, no \u00faltimo s\u00e1bado (10), mais de 5,6 mil pessoas e realizou cerca de 12 mil atendimentos gratuitos nas \u00e1reas de esporte, cultura, lazer e responsabilidade social.<\/p>\n<p>Promovido anualmente por meio de parceria do\u00a0<a href=\"http:\/\/www.fieam.org.br\/site\/sesi\/institucional\/\" target=\"_blank\" rel=\"noopener\">Servi\u00e7o Social da Ind\u00fastria (SESI)<\/a>\u00a0com Rede Globo, o Esporte Cidadania 2012 teve como destaque o Circuito Sa\u00fade, com a oferta de exames e testes de sa\u00fade, e o Circuito de Cultura, com apresenta\u00e7\u00f5es de dan\u00e7as de sal\u00e3o, gin\u00e1stica r\u00edtmica e bandas musicais.<\/p>\n<p>De acordo com a gerente de Lazer, Cultura e Esporte do SESI\/AM, Nelsi Luni\u00e9re, a programa\u00e7\u00e3o \u00e9 oferecida tanto aos trabalhadores do Polo Industrial de Manaus (PIM) quanto ao p\u00fablico em geral, com incentivo \u00e0 pr\u00e1tica esportiva e ao estilo de vida mais saud\u00e1vel. \u201cOs circuitos buscam democratizar o acesso ao esporte, \u00e0 cultura e ao lazer\u201d, disse ela.<\/p>\n<p>O Circuito Sa\u00fade ofereceu um pacote de servi\u00e7os que proporcionou aos participantes o exame de glicemia, verifica\u00e7\u00e3o da press\u00e3o arterial, peso e altura e\u00a0 \u00cdndice da Massa Corporal (IMC), al\u00e9m de informa\u00e7\u00f5es nutricionais, enquanto o Circuito Cultural teve como\u00a0 atra\u00e7\u00f5es o grupo de bal\u00e9 formado por alunos do Programa SESI Atleta do Futuro,\u00a0\u00a0dan\u00e7a de sal\u00e3o com os professores do SESI, Isa\u00edas\u00a0 Quintino e Estelita Rodrigues, gin\u00e1stica r\u00edtmica por um grupo de alunas do Centro Educacional Adalberto Valle e a banda de m\u00fasica da Escola Estadual Dulcineia Varela, al\u00e9m do vencedor do Festival SESI M\u00fasica deste ano, Luiz Nunes.<\/p>\n<p>Foram oferecidas, ainda, atividades recreativas, torneios de futsal, v\u00f4lei, t\u00eanis de mesa, dama, domin\u00f3 e xadrez. Outas atividades muito procuradas pelas crian\u00e7as foram o pula-pula, cama el\u00e1stica e\u00a0 maquiagem facial, al\u00e9m do teatro de fantoches com a turma do\u00a0<a href=\"http:\/\/www.detran.am.gov.br\/\" target=\"_blank\" rel=\"noopener\">Detran\/AM<\/a>, que abordou o tema \u201cEduca\u00e7\u00e3o Infantil no Tr\u00e2nsito\u201d.<\/p>\n<p>Pelo menos\u00a025 institui\u00e7\u00f5es parceiras participaram do evento. O projeto \u201cBrincando na Rua\u201d, da\u00a0<a href=\"http:\/\/www.manaus.am.gov.br\/desporto-lazer-e-juventude-2\/\" target=\"_blank\" rel=\"noopener\">Secretaria Municipal de Desporto e Lazer (Semdej)<\/a>, foi uma das atra\u00e7\u00f5es com o objetivo de resgatar com as crian\u00e7as presentes as brincadeiras de rua mais conhecidas.<\/p>\n<p>O funcion\u00e1rio p\u00fablico Carlos Nascimento, 38, morador do bairro Tancredo Neves, zona Leste, chegou cedo ao Clube do Trabalhador e aproveitou o Circuito de Sa\u00fade para fazer todos os exames oferecidos. De acordo com Nascimento, o Esporte Cidadania oferece uma grande oportunidade para que as pessoas participem de v\u00e1rias atividades esportivas e culturais, al\u00e9m de conscientizar sobre a qualidade de vida.<\/p>\n<p>&nbsp;<\/p>\n<table style=\"width: 468px\" border=\"0\" cellspacing=\"0\" cellpadding=\"0\">\n<tbody>\n<tr>\n<td width=\"295\">\n<p align=\"center\"><strong>ESPORTE E CIDADANIA 2013<br \/>\nDR AMAZONAS<\/strong><\/p>\n<\/td>\n<td nowrap=\"nowrap\" width=\"91\">\n<p align=\"center\">REALIZADO<\/p>\n<\/td>\n<td nowrap=\"nowrap\" width=\"83\">\n<p align=\"center\">META<\/p>\n<\/td>\n<\/tr>\n<tr>\n<td nowrap=\"nowrap\" width=\"295\"><strong>ATENDIMENTOS:<\/strong><\/td>\n<td nowrap=\"nowrap\" width=\"91\">\n<p align=\"center\"><strong>11.276<\/strong><\/p>\n<\/td>\n<td nowrap=\"nowrap\" width=\"83\">\n<p align=\"center\"><strong>10.000<\/strong><\/p>\n<\/td>\n<\/tr>\n<tr>\n<td nowrap=\"nowrap\" width=\"295\"><strong>PESSOAS ATENDIDAS<\/strong><\/td>\n<td nowrap=\"nowrap\" width=\"91\">\n<p align=\"center\"><strong>5.638<\/strong><\/p>\n<\/td>\n<td nowrap=\"nowrap\" width=\"83\">\n<p align=\"center\"><strong>5.000<\/strong><\/p>\n<\/td>\n<\/tr>\n<tr>\n<td nowrap=\"nowrap\" width=\"295\"><strong>TOTAL DE INSTITUI\u00c7\u00d5ES<\/strong><\/td>\n<td nowrap=\"nowrap\" width=\"91\">\n<p align=\"center\"><strong>25<\/strong><\/p>\n<\/td>\n<td nowrap=\"nowrap\" width=\"83\">\n<p align=\"center\"><strong>20<\/strong><\/p>\n<\/td>\n<\/tr>\n<tr>\n<td nowrap=\"nowrap\" width=\"295\"><em>Ind\u00fastrias:<\/em><\/td>\n<td nowrap=\"nowrap\" width=\"91\">\n<p align=\"center\"><em>6<\/em><\/p>\n<\/td>\n<td nowrap=\"nowrap\" width=\"83\">\n<p align=\"center\"><em>5<\/em><\/p>\n<\/td>\n<\/tr>\n<tr>\n<td nowrap=\"nowrap\" width=\"295\"><em>Outros:<\/em><\/td>\n<td nowrap=\"nowrap\" width=\"91\">\n<p align=\"center\"><em>19<\/em><\/p>\n<\/td>\n<td nowrap=\"nowrap\" width=\"83\">\n<p align=\"center\"><em>15<\/em><\/p>\n<\/td>\n<\/tr>\n<tr>\n<td nowrap=\"nowrap\" width=\"295\"><strong>VOLUNT\u00c1RIOS:<\/strong><\/td>\n<td nowrap=\"nowrap\" width=\"91\">\n<p align=\"center\"><strong>420<\/strong><\/p>\n<\/td>\n<td nowrap=\"nowrap\" width=\"83\">\n<p align=\"center\"><strong>200<\/strong><\/p>\n<\/td>\n<\/tr>\n<\/tbody>\n<\/table>\n<p>[nggallery id=141]<\/p>\n","protected":false},"excerpt":{"rendered":"<p>Dia de lazer atrai mais de 5,6 mil ao Clube do SESI<\/p>\n","protected":false},"author":1,"featured_media":0,"comment_status":"open","ping_status":"open","sticky":false,"template":"","format":"standard","meta":{"footnotes":""},"categories":[25],"tags":[],"class_list":["post-3697","post","type-post","status-publish","format-standard","hentry","category-news"],"yoast_head":"<!-- This site is optimized with the Yoast SEO plugin v28.2 - https:\/\/yoast.com\/product\/yoast-seo-wordpress\/ -->\n<title>Esporte e Cidadania - SESI<\/title>\n<meta name=\"robots\" content=\"index, follow, max-snippet:-1, max-image-preview:large, max-video-preview:-1\" \/>\n<link rel=\"canonical\" href=\"https:\/\/fieam.org.br\/sesi\/esporte-e-cidadania\/\" \/>\n<meta property=\"og:locale\" content=\"pt_BR\" \/>\n<meta property=\"og:type\" content=\"article\" \/>\n<meta property=\"og:title\" content=\"Esporte e Cidadania - SESI\" \/>\n<meta property=\"og:description\" content=\"Dia de lazer atrai mais de 5,6 mil ao Clube do SESI\" \/>\n<meta property=\"og:url\" content=\"https:\/\/fieam.org.br\/sesi\/esporte-e-cidadania\/\" \/>\n<meta property=\"og:site_name\" content=\"SESI\" \/>\n<meta property=\"article:published_time\" content=\"2012-11-13T13:18:27+00:00\" \/>\n<meta name=\"author\" content=\"Autor\" \/>\n<meta name=\"twitter:card\" content=\"summary_large_image\" \/>\n<meta name=\"twitter:label1\" content=\"Escrito por\" \/>\n\t<meta name=\"twitter:data1\" content=\"Autor\" \/>\n\t<meta name=\"twitter:label2\" content=\"Est. tempo de leitura\" \/>\n\t<meta name=\"twitter:data2\" content=\"2 minutos\" \/>\n<script type=\"application\/ld+json\" class=\"yoast-schema-graph\">{\"@context\":\"https:\\\/\\\/schema.org\",\"@graph\":[{\"@type\":\"Article\",\"@id\":\"https:\\\/\\\/fieam.org.br\\\/sesi\\\/esporte-e-cidadania\\\/#article\",\"isPartOf\":{\"@id\":\"https:\\\/\\\/fieam.org.br\\\/sesi\\\/esporte-e-cidadania\\\/\"},\"author\":{\"name\":\"Autor\",\"@id\":\"https:\\\/\\\/fieam.org.br\\\/sesi\\\/#\\\/schema\\\/person\\\/f54998dd14d5f0695b41444f2b01c31e\"},\"headline\":\"Esporte e Cidadania\",\"datePublished\":\"2012-11-13T13:18:27+00:00\",\"mainEntityOfPage\":{\"@id\":\"https:\\\/\\\/fieam.org.br\\\/sesi\\\/esporte-e-cidadania\\\/\"},\"wordCount\":474,\"commentCount\":0,\"publisher\":{\"@id\":\"https:\\\/\\\/fieam.org.br\\\/sesi\\\/#organization\"},\"articleSection\":[\"News\"],\"inLanguage\":\"pt-BR\",\"potentialAction\":[{\"@type\":\"CommentAction\",\"name\":\"Comment\",\"target\":[\"https:\\\/\\\/fieam.org.br\\\/sesi\\\/esporte-e-cidadania\\\/#respond\"]}]},{\"@type\":\"WebPage\",\"@id\":\"https:\\\/\\\/fieam.org.br\\\/sesi\\\/esporte-e-cidadania\\\/\",\"url\":\"https:\\\/\\\/fieam.org.br\\\/sesi\\\/esporte-e-cidadania\\\/\",\"name\":\"Esporte e Cidadania - SESI\",\"isPartOf\":{\"@id\":\"https:\\\/\\\/fieam.org.br\\\/sesi\\\/#website\"},\"datePublished\":\"2012-11-13T13:18:27+00:00\",\"breadcrumb\":{\"@id\":\"https:\\\/\\\/fieam.org.br\\\/sesi\\\/esporte-e-cidadania\\\/#breadcrumb\"},\"inLanguage\":\"pt-BR\",\"potentialAction\":[{\"@type\":\"ReadAction\",\"target\":[\"https:\\\/\\\/fieam.org.br\\\/sesi\\\/esporte-e-cidadania\\\/\"]}]},{\"@type\":\"BreadcrumbList\",\"@id\":\"https:\\\/\\\/fieam.org.br\\\/sesi\\\/esporte-e-cidadania\\\/#breadcrumb\",\"itemListElement\":[{\"@type\":\"ListItem\",\"position\":1,\"name\":\"In\u00edcio\",\"item\":\"https:\\\/\\\/fieam.org.br\\\/sesi\\\/\"},{\"@type\":\"ListItem\",\"position\":2,\"name\":\"Esporte e Cidadania\"}]},{\"@type\":\"WebSite\",\"@id\":\"https:\\\/\\\/fieam.org.br\\\/sesi\\\/#website\",\"url\":\"https:\\\/\\\/fieam.org.br\\\/sesi\\\/\",\"name\":\"SESI\",\"description\":\"Site Oficial!\",\"publisher\":{\"@id\":\"https:\\\/\\\/fieam.org.br\\\/sesi\\\/#organization\"},\"potentialAction\":[{\"@type\":\"SearchAction\",\"target\":{\"@type\":\"EntryPoint\",\"urlTemplate\":\"https:\\\/\\\/fieam.org.br\\\/sesi\\\/?s={search_term_string}\"},\"query-input\":{\"@type\":\"PropertyValueSpecification\",\"valueRequired\":true,\"valueName\":\"search_term_string\"}}],\"inLanguage\":\"pt-BR\"},{\"@type\":\"Organization\",\"@id\":\"https:\\\/\\\/fieam.org.br\\\/sesi\\\/#organization\",\"name\":\"SESI\",\"url\":\"https:\\\/\\\/fieam.org.br\\\/sesi\\\/\",\"logo\":{\"@type\":\"ImageObject\",\"inLanguage\":\"pt-BR\",\"@id\":\"https:\\\/\\\/fieam.org.br\\\/sesi\\\/#\\\/schema\\\/logo\\\/image\\\/\",\"url\":\"https:\\\/\\\/fieam.org.br\\\/sesi\\\/wp-content\\\/uploads\\\/sites\\\/14\\\/2024\\\/03\\\/cropped-fav.png\",\"contentUrl\":\"https:\\\/\\\/fieam.org.br\\\/sesi\\\/wp-content\\\/uploads\\\/sites\\\/14\\\/2024\\\/03\\\/cropped-fav.png\",\"width\":610,\"height\":589,\"caption\":\"SESI\"},\"image\":{\"@id\":\"https:\\\/\\\/fieam.org.br\\\/sesi\\\/#\\\/schema\\\/logo\\\/image\\\/\"}},{\"@type\":\"Person\",\"@id\":\"https:\\\/\\\/fieam.org.br\\\/sesi\\\/#\\\/schema\\\/person\\\/f54998dd14d5f0695b41444f2b01c31e\",\"name\":\"Autor\",\"image\":{\"@type\":\"ImageObject\",\"inLanguage\":\"pt-BR\",\"@id\":\"https:\\\/\\\/secure.gravatar.com\\\/avatar\\\/3732c223e0e1fad69062a8f770955c9068d37b055204f310a0be18d4069fe380?s=96&d=mm&r=g\",\"url\":\"https:\\\/\\\/secure.gravatar.com\\\/avatar\\\/3732c223e0e1fad69062a8f770955c9068d37b055204f310a0be18d4069fe380?s=96&d=mm&r=g\",\"contentUrl\":\"https:\\\/\\\/secure.gravatar.com\\\/avatar\\\/3732c223e0e1fad69062a8f770955c9068d37b055204f310a0be18d4069fe380?s=96&d=mm&r=g\",\"caption\":\"Autor\"},\"sameAs\":[\"https:\\\/\\\/marketingmassivo.com.br\"],\"url\":\"https:\\\/\\\/fieam.org.br\\\/sesi\\\/author\\\/admin\\\/\"}]}<\/script>\n<!-- \/ Yoast SEO plugin. -->","yoast_head_json":{"title":"Esporte e Cidadania - SESI","robots":{"index":"index","follow":"follow","max-snippet":"max-snippet:-1","max-image-preview":"max-image-preview:large","max-video-preview":"max-video-preview:-1"},"canonical":"https:\/\/fieam.org.br\/sesi\/esporte-e-cidadania\/","og_locale":"pt_BR","og_type":"article","og_title":"Esporte e Cidadania - SESI","og_description":"Dia de lazer atrai mais de 5,6 mil ao Clube do SESI","og_url":"https:\/\/fieam.org.br\/sesi\/esporte-e-cidadania\/","og_site_name":"SESI","article_published_time":"2012-11-13T13:18:27+00:00","author":"Autor","twitter_card":"summary_large_image","twitter_misc":{"Escrito por":"Autor","Est. tempo de leitura":"2 minutos"},"schema":{"@context":"https:\/\/schema.org","@graph":[{"@type":"Article","@id":"https:\/\/fieam.org.br\/sesi\/esporte-e-cidadania\/#article","isPartOf":{"@id":"https:\/\/fieam.org.br\/sesi\/esporte-e-cidadania\/"},"author":{"name":"Autor","@id":"https:\/\/fieam.org.br\/sesi\/#\/schema\/person\/f54998dd14d5f0695b41444f2b01c31e"},"headline":"Esporte e Cidadania","datePublished":"2012-11-13T13:18:27+00:00","mainEntityOfPage":{"@id":"https:\/\/fieam.org.br\/sesi\/esporte-e-cidadania\/"},"wordCount":474,"commentCount":0,"publisher":{"@id":"https:\/\/fieam.org.br\/sesi\/#organization"},"articleSection":["News"],"inLanguage":"pt-BR","potentialAction":[{"@type":"CommentAction","name":"Comment","target":["https:\/\/fieam.org.br\/sesi\/esporte-e-cidadania\/#respond"]}]},{"@type":"WebPage","@id":"https:\/\/fieam.org.br\/sesi\/esporte-e-cidadania\/","url":"https:\/\/fieam.org.br\/sesi\/esporte-e-cidadania\/","name":"Esporte e Cidadania - SESI","isPartOf":{"@id":"https:\/\/fieam.org.br\/sesi\/#website"},"datePublished":"2012-11-13T13:18:27+00:00","breadcrumb":{"@id":"https:\/\/fieam.org.br\/sesi\/esporte-e-cidadania\/#breadcrumb"},"inLanguage":"pt-BR","potentialAction":[{"@type":"ReadAction","target":["https:\/\/fieam.org.br\/sesi\/esporte-e-cidadania\/"]}]},{"@type":"BreadcrumbList","@id":"https:\/\/fieam.org.br\/sesi\/esporte-e-cidadania\/#breadcrumb","itemListElement":[{"@type":"ListItem","position":1,"name":"In\u00edcio","item":"https:\/\/fieam.org.br\/sesi\/"},{"@type":"ListItem","position":2,"name":"Esporte e Cidadania"}]},{"@type":"WebSite","@id":"https:\/\/fieam.org.br\/sesi\/#website","url":"https:\/\/fieam.org.br\/sesi\/","name":"SESI","description":"Site Oficial!","publisher":{"@id":"https:\/\/fieam.org.br\/sesi\/#organization"},"potentialAction":[{"@type":"SearchAction","target":{"@type":"EntryPoint","urlTemplate":"https:\/\/fieam.org.br\/sesi\/?s={search_term_string}"},"query-input":{"@type":"PropertyValueSpecification","valueRequired":true,"valueName":"search_term_string"}}],"inLanguage":"pt-BR"},{"@type":"Organization","@id":"https:\/\/fieam.org.br\/sesi\/#organization","name":"SESI","url":"https:\/\/fieam.org.br\/sesi\/","logo":{"@type":"ImageObject","inLanguage":"pt-BR","@id":"https:\/\/fieam.org.br\/sesi\/#\/schema\/logo\/image\/","url":"https:\/\/fieam.org.br\/sesi\/wp-content\/uploads\/sites\/14\/2024\/03\/cropped-fav.png","contentUrl":"https:\/\/fieam.org.br\/sesi\/wp-content\/uploads\/sites\/14\/2024\/03\/cropped-fav.png","width":610,"height":589,"caption":"SESI"},"image":{"@id":"https:\/\/fieam.org.br\/sesi\/#\/schema\/logo\/image\/"}},{"@type":"Person","@id":"https:\/\/fieam.org.br\/sesi\/#\/schema\/person\/f54998dd14d5f0695b41444f2b01c31e","name":"Autor","image":{"@type":"ImageObject","inLanguage":"pt-BR","@id":"https:\/\/secure.gravatar.com\/avatar\/3732c223e0e1fad69062a8f770955c9068d37b055204f310a0be18d4069fe380?s=96&d=mm&r=g","url":"https:\/\/secure.gravatar.com\/avatar\/3732c223e0e1fad69062a8f770955c9068d37b055204f310a0be18d4069fe380?s=96&d=mm&r=g","contentUrl":"https:\/\/secure.gravatar.com\/avatar\/3732c223e0e1fad69062a8f770955c9068d37b055204f310a0be18d4069fe380?s=96&d=mm&r=g","caption":"Autor"},"sameAs":["https:\/\/marketingmassivo.com.br"],"url":"https:\/\/fieam.org.br\/sesi\/author\/admin\/"}]}},"_links":{"self":[{"href":"https:\/\/fieam.org.br\/sesi\/wp-json\/wp\/v2\/posts\/3697","targetHints":{"allow":["GET"]}}],"collection":[{"href":"https:\/\/fieam.org.br\/sesi\/wp-json\/wp\/v2\/posts"}],"about":[{"href":"https:\/\/fieam.org.br\/sesi\/wp-json\/wp\/v2\/types\/post"}],"author":[{"embeddable":true,"href":"https:\/\/fieam.org.br\/sesi\/wp-json\/wp\/v2\/users\/1"}],"replies":[{"embeddable":true,"href":"https:\/\/fieam.org.br\/sesi\/wp-json\/wp\/v2\/comments?post=3697"}],"version-history":[{"count":0,"href":"https:\/\/fieam.org.br\/sesi\/wp-json\/wp\/v2\/posts\/3697\/revisions"}],"wp:attachment":[{"href":"https:\/\/fieam.org.br\/sesi\/wp-json\/wp\/v2\/media?parent=3697"}],"wp:term":[{"taxonomy":"category","embeddable":true,"href":"https:\/\/fieam.org.br\/sesi\/wp-json\/wp\/v2\/categories?post=3697"},{"taxonomy":"post_tag","embeddable":true,"href":"https:\/\/fieam.org.br\/sesi\/wp-json\/wp\/v2\/tags?post=3697"}],"curies":[{"name":"wp","href":"https:\/\/api.w.org\/{rel}","templated":true}]}}