{"id":3632,"date":"2012-11-01T15:43:28","date_gmt":"2012-11-01T15:43:28","guid":{"rendered":"http:\/\/www.fieam.org.br\/site\/sesi\/?p=3632"},"modified":"2012-11-01T15:43:28","modified_gmt":"2012-11-01T15:43:28","slug":"premio-sesi-qualidade-no-trabalho-2","status":"publish","type":"post","link":"https:\/\/fieam.org.br\/sesi\/premio-sesi-qualidade-no-trabalho-2\/","title":{"rendered":"Pr\u00eamio SESI Qualidade no Trabalho"},"content":{"rendered":"<p>O Servi\u00e7o Social da Ind\u00fastria anuncia nesta ter\u00e7a-feira (30), \u00e0s 19h, no Clube do Trabalhador do Amazonas, os vencedores do Pr\u00eamio SESI Qualidade no Trabalho (PSQT 2012). Vinte e cinco empresas do Polo Industrial de Manaus (PIM) concorrem aos pr\u00eamios por suas pr\u00e1ticas diferenciadas de gest\u00e3o e responsabilidade social.<\/p>\n<p>Em sua 15\u00aa edi\u00e7\u00e3o, este ano, o pr\u00eamio recebeu 31\u00a0<em>cases<\/em>\u00a0enviados por empresas divididas em tr\u00eas categoria: de grande, m\u00e9dio e micro\/pequeno porte. Os projetos por sua vez foram divididos em seis \u00e1reas tem\u00e1ticas: cultura organizacional, gest\u00e3o de pessoas, educa\u00e7\u00e3o e desenvolvimento, ambiente de trabalho seguro e saud\u00e1vel, inova\u00e7\u00e3o e desenvolvimento socioambiental.<\/p>\n<p>De acordo com a gerente de Responsabilidade Social Empresarial do\u00a0<a href=\"http:\/\/www.fieam.org.br\/site\/sesi\/\" target=\"_blank\" rel=\"noopener\">SESI\/AM<\/a>, Sim\u00f4nica Sidrim, o\u00a0<a href=\"http:\/\/www.sesi.org.br\/portal\/main.jsp?lumChannelId=FF808081291EBDD801291ECF0E6907EB\" target=\"_blank\" rel=\"noopener\">PSQT<\/a>\u00a0\u00e9 mais que um pr\u00eamio, \u00e9 uma ferramenta que estimula as ind\u00fastrias a adotarem melhorias nos seus processos de gest\u00e3o de pessoas e nas condi\u00e7\u00f5es de trabalho, iniciativas cada vez mais valorizadas tanto pelo mercado quanto pelos pr\u00f3prios colaboradores. \u201cAs boas pr\u00e1ticas empresariais que o SESI reconhece atrav\u00e9s do PSQT, representam estrat\u00e9gias de governan\u00e7a corporativa voltada para a constru\u00e7\u00e3o de ambientes mais seguros, saud\u00e1veis e produtivos de trabalho, considerando os aspectos econ\u00f4micos, sociais e ambientais do neg\u00f3cio\u201d, acrescentou a gestora.<\/p>\n<p>As empresas que obtiverem o primeiro lugar ser\u00e3o agraciadas com o trof\u00e9u e as que ficarem em segundo receber\u00e3o uma placa de men\u00e7\u00e3o honrosa. Todas as participantes receber\u00e3o certificados de men\u00e7\u00e3o honrosa.\u00a0 Tr\u00eas empresas do Amazonas que obtiverem maior pontua\u00e7\u00e3o estar\u00e3o concorrendo \u00e0 etapa nacional do pr\u00eamio, a ser realizada em 4 de dezembro, em Bras\u00edlia.<\/p>\n<p>O evento de premia\u00e7\u00e3o em Manaus contar\u00e1 com a presen\u00e7a do conceituado diretor de Rela\u00e7\u00f5es Institucionais e Certifica\u00e7\u00f5es da\u00a0<a href=\"http:\/\/www.suzano.com.br\/portal\/suzano-papel-e-celulose.htm\" target=\"_blank\" rel=\"noopener\">Suzano Papel e Celulose<\/a>, Jorge Cajazeiras, que ministrar\u00e1 a Palestra \u201cInova\u00e7\u00e3o Sustent\u00e1vel &#8211; Um novo diferencial competitivo\u201d. Jorge \u00e9 presidente mundial da ISO para Responsabilidade Social \u2013\u00a0<a href=\"http:\/\/www.iso26000qsp.org\/\" target=\"_blank\" rel=\"noopener\">ISO 26000<\/a>\u00a0e membro do Comit\u00ea de Sustentabilidade da CNI \u2013 Confedera\u00e7\u00e3o Nacional da Ind\u00fastria.<\/p>\n<p>&nbsp;<\/p>\n<p><strong>Conhe\u00e7a as empresas que concorrem a 15\u00aa edi\u00e7\u00e3o do PSQT em 2012<\/strong><\/p>\n<p align=\"center\"><strong>\u00a0<\/strong><\/p>\n<p>1.\u00a0\u00a0\u00a0<a href=\"http:\/\/www.amazonasenergia.gov.br\/cms\/\" target=\"_blank\" rel=\"noopener\">AMAZONAS DISTRIBUIDORA DE ENERGIA<\/a>\u00a0S\/A<\/p>\n<p>2.\u00a0\u00a0\u00a0ARTFACAS DA AMAZ\u00d4NIA IND\u00daSTRIA E COM\u00c9RCIO DE FACAS GR\u00c1FICAS<\/p>\n<p>3.\u00a0\u00a0\u00a0BRASIL NORTE BEBIDAS LTDA<\/p>\n<p>4.\u00a0\u00a0\u00a0CARBOMAN-G\u00c1S CARB\u00d4NICO DE MANAUS LTDA<\/p>\n<p>5.\u00a0\u00a0\u00a0<a href=\"http:\/\/www.colortecham.com.br\/\" target=\"_blank\" rel=\"noopener\">COLORTECH DA AMAZ\u00d4NIA LTDA<\/a><\/p>\n<p>6.\u00a0\u00a0\u00a0<a href=\"http:\/\/www.daframotos.com.br\/politicaprivacidade\/index\" target=\"_blank\" rel=\"noopener\">DAFRA DA AMAZ\u00d4NIA IND\u00daSTRIA E COM\u00c9RCIO DE MOTOCICLETAS LTDA<\/a><\/p>\n<p>7.\u00a0\u00a0\u00a0ESSILOR DA AMAZ\u00d4NIA IND\u00daSTRIA E COM\u00c9RCIO LTDA<\/p>\n<p>8.\u00a0\u00a0\u00a0GUASCOR DO BRASIL\u00a0 LTDA<\/p>\n<p>9.\u00a0\u00a0\u00a0HARMONIA NATIVA IND\u00daSTRIA E COM\u00c9RCIO DE COSM\u00c9TICOS E PERFUMARIA<\/p>\n<p>10.\u00a0\u00a0\u00a0\u00a0HONDA LOCK DO BRASIL LTDA<\/p>\n<p>11.\u00a0\u00a0\u00a0\u00a0HVS PROJETOS E FERRAMENTARIA LTDA<\/p>\n<p>12.\u00a0\u00a0\u00a0\u00a0IMPRESSORA AMAZONENSE LTDA<\/p>\n<p>13.\u00a0\u00a0\u00a0\u00a0<a href=\"http:\/\/www.intelbras.com.br\/\" target=\"_blank\" rel=\"noopener\">INTELBRAS S.A. IND\u00daSTRIA DE TELECOMUNICA\u00c7\u00c3O\u00a0\u00a0\u00a0 ELETR\u00d4NICA BRASIL<\/a><\/p>\n<p>14.\u00a0\u00a0\u00a0\u00a0MARIA SALETE ROCHA<\/p>\n<p>15.\u00a0\u00a0\u00a0\u00a0<a href=\"http:\/\/www.nokia.com\/br-pt\/\" target=\"_blank\" rel=\"noopener\">NOKIA DO BRASIL TECNOLOGIA LTDA<\/a><\/p>\n<p>16.\u00a0\u00a0\u00a0\u00a0<a href=\"http:\/\/www.oiramchocolates.com.br\/\" target=\"_blank\" rel=\"noopener\">OIRAM &#8211; IND\u00daSTRIA DE PRODUTOS ALIMENT\u00cdCIOS LTDA<\/a><\/p>\n<p>17.\u00a0\u00a0\u00a0\u00a0<a href=\"http:\/\/www.panasonic.com.br\/\" target=\"_blank\" rel=\"noopener\">PANASONIC DO BRASIL LIMITADA<\/a><\/p>\n<p>18.\u00a0\u00a0\u00a0\u00a0<a href=\"http:\/\/www.philips.com.br\/\" target=\"_blank\" rel=\"noopener\">PHILIPS DO BRASIL LTDA<\/a><\/p>\n<p>19.\u00a0\u00a0\u00a0\u00a0<a href=\"http:\/\/www.qgog.com.br\/\" target=\"_blank\" rel=\"noopener\">QUEIROZ GALV\u00c3O \u00d3LEO E G\u00c1S S\/A<\/a><\/p>\n<p>20.\u00a0\u00a0\u00a0\u00a0S A PHARMACOS E COSM\u00c9TICOS LTDA<\/p>\n<p>21.\u00a0\u00a0\u00a0\u00a0<a href=\"http:\/\/www.springerplasticos.com.br\/sobre-a-springer-plasticos.aspx\" target=\"_blank\" rel=\"noopener\">SPRINGER PL\u00c1STICOS DA AMAZ\u00d4NIA S\/A<\/a><\/p>\n<p>22.\u00a0\u00a0\u00a0\u00a0<a href=\"http:\/\/www.tenace.com.br\/default2.asp\" target=\"_blank\" rel=\"noopener\">TENACE ENGENHARIA E CONSULTORIA LTDA<\/a><\/p>\n<p>23.\u00a0\u00a0\u00a0\u00a0TOYA IND\u00daSTRIA E COM\u00c9RCIO LTDA<\/p>\n<p>24.\u00a0\u00a0\u00a0\u00a0<a href=\"http:\/\/www.tutiplast.com.br\/\" target=\"_blank\" rel=\"noopener\">TUTIPLAST IND\u00daSTRIA E COM\u00c9RCIO LTDA<\/a><\/p>\n<p>25.\u00a0\u00a0\u00a0\u00a0WHIRLPOOL ELETRODOM\u00c9STICOS AM S.A.<\/p>\n<p>&nbsp;<\/p>\n<p>[nggallery id=136]<\/p>\n","protected":false},"excerpt":{"rendered":"<p>O Servi\u00e7o Social da Ind\u00fastria anuncia nesta ter\u00e7a-feira (30), \u00e0s 19h, no Clube do Trabalhador do Amazonas, os vencedores do Pr\u00eamio SESI Qualidade no Trabalho (PSQT 2012). Vinte e cinco empresas do Polo Industrial de Manaus (PIM) concorrem aos pr\u00eamios por suas pr\u00e1ticas diferenciadas de gest\u00e3o e responsabilidade social. Em sua 15\u00aa edi\u00e7\u00e3o, este ano, [&hellip;]<\/p>\n","protected":false},"author":1,"featured_media":0,"comment_status":"open","ping_status":"open","sticky":false,"template":"","format":"standard","meta":{"footnotes":""},"categories":[25],"tags":[],"class_list":["post-3632","post","type-post","status-publish","format-standard","hentry","category-news"],"yoast_head":"<!-- This site is optimized with the Yoast SEO plugin v28.2 - https:\/\/yoast.com\/product\/yoast-seo-wordpress\/ -->\n<title>Pr\u00eamio SESI Qualidade no Trabalho - SESI<\/title>\n<meta name=\"robots\" content=\"index, follow, max-snippet:-1, max-image-preview:large, max-video-preview:-1\" \/>\n<link rel=\"canonical\" href=\"https:\/\/fieam.org.br\/sesi\/premio-sesi-qualidade-no-trabalho-2\/\" \/>\n<meta property=\"og:locale\" content=\"pt_BR\" \/>\n<meta property=\"og:type\" content=\"article\" \/>\n<meta property=\"og:title\" content=\"Pr\u00eamio SESI Qualidade no Trabalho - SESI\" \/>\n<meta property=\"og:description\" content=\"O Servi\u00e7o Social da Ind\u00fastria anuncia nesta ter\u00e7a-feira (30), \u00e0s 19h, no Clube do Trabalhador do Amazonas, os vencedores do Pr\u00eamio SESI Qualidade no Trabalho (PSQT 2012). Vinte e cinco empresas do Polo Industrial de Manaus (PIM) concorrem aos pr\u00eamios por suas pr\u00e1ticas diferenciadas de gest\u00e3o e responsabilidade social. Em sua 15\u00aa edi\u00e7\u00e3o, este ano, [&hellip;]\" \/>\n<meta property=\"og:url\" content=\"https:\/\/fieam.org.br\/sesi\/premio-sesi-qualidade-no-trabalho-2\/\" \/>\n<meta property=\"og:site_name\" content=\"SESI\" \/>\n<meta property=\"article:published_time\" content=\"2012-11-01T15:43:28+00:00\" \/>\n<meta name=\"author\" content=\"Autor\" \/>\n<meta name=\"twitter:card\" content=\"summary_large_image\" \/>\n<meta name=\"twitter:label1\" content=\"Escrito por\" \/>\n\t<meta name=\"twitter:data1\" content=\"Autor\" \/>\n\t<meta name=\"twitter:label2\" content=\"Est. tempo de leitura\" \/>\n\t<meta name=\"twitter:data2\" content=\"3 minutos\" \/>\n<script type=\"application\/ld+json\" class=\"yoast-schema-graph\">{\"@context\":\"https:\\\/\\\/schema.org\",\"@graph\":[{\"@type\":\"Article\",\"@id\":\"https:\\\/\\\/fieam.org.br\\\/sesi\\\/premio-sesi-qualidade-no-trabalho-2\\\/#article\",\"isPartOf\":{\"@id\":\"https:\\\/\\\/fieam.org.br\\\/sesi\\\/premio-sesi-qualidade-no-trabalho-2\\\/\"},\"author\":{\"name\":\"Autor\",\"@id\":\"https:\\\/\\\/fieam.org.br\\\/sesi\\\/#\\\/schema\\\/person\\\/f54998dd14d5f0695b41444f2b01c31e\"},\"headline\":\"Pr\u00eamio SESI Qualidade no Trabalho\",\"datePublished\":\"2012-11-01T15:43:28+00:00\",\"mainEntityOfPage\":{\"@id\":\"https:\\\/\\\/fieam.org.br\\\/sesi\\\/premio-sesi-qualidade-no-trabalho-2\\\/\"},\"wordCount\":546,\"commentCount\":0,\"publisher\":{\"@id\":\"https:\\\/\\\/fieam.org.br\\\/sesi\\\/#organization\"},\"articleSection\":[\"News\"],\"inLanguage\":\"pt-BR\",\"potentialAction\":[{\"@type\":\"CommentAction\",\"name\":\"Comment\",\"target\":[\"https:\\\/\\\/fieam.org.br\\\/sesi\\\/premio-sesi-qualidade-no-trabalho-2\\\/#respond\"]}]},{\"@type\":\"WebPage\",\"@id\":\"https:\\\/\\\/fieam.org.br\\\/sesi\\\/premio-sesi-qualidade-no-trabalho-2\\\/\",\"url\":\"https:\\\/\\\/fieam.org.br\\\/sesi\\\/premio-sesi-qualidade-no-trabalho-2\\\/\",\"name\":\"Pr\u00eamio SESI Qualidade no Trabalho - SESI\",\"isPartOf\":{\"@id\":\"https:\\\/\\\/fieam.org.br\\\/sesi\\\/#website\"},\"datePublished\":\"2012-11-01T15:43:28+00:00\",\"breadcrumb\":{\"@id\":\"https:\\\/\\\/fieam.org.br\\\/sesi\\\/premio-sesi-qualidade-no-trabalho-2\\\/#breadcrumb\"},\"inLanguage\":\"pt-BR\",\"potentialAction\":[{\"@type\":\"ReadAction\",\"target\":[\"https:\\\/\\\/fieam.org.br\\\/sesi\\\/premio-sesi-qualidade-no-trabalho-2\\\/\"]}]},{\"@type\":\"BreadcrumbList\",\"@id\":\"https:\\\/\\\/fieam.org.br\\\/sesi\\\/premio-sesi-qualidade-no-trabalho-2\\\/#breadcrumb\",\"itemListElement\":[{\"@type\":\"ListItem\",\"position\":1,\"name\":\"In\u00edcio\",\"item\":\"https:\\\/\\\/fieam.org.br\\\/sesi\\\/\"},{\"@type\":\"ListItem\",\"position\":2,\"name\":\"Pr\u00eamio SESI Qualidade no Trabalho\"}]},{\"@type\":\"WebSite\",\"@id\":\"https:\\\/\\\/fieam.org.br\\\/sesi\\\/#website\",\"url\":\"https:\\\/\\\/fieam.org.br\\\/sesi\\\/\",\"name\":\"SESI\",\"description\":\"Site Oficial!\",\"publisher\":{\"@id\":\"https:\\\/\\\/fieam.org.br\\\/sesi\\\/#organization\"},\"potentialAction\":[{\"@type\":\"SearchAction\",\"target\":{\"@type\":\"EntryPoint\",\"urlTemplate\":\"https:\\\/\\\/fieam.org.br\\\/sesi\\\/?s={search_term_string}\"},\"query-input\":{\"@type\":\"PropertyValueSpecification\",\"valueRequired\":true,\"valueName\":\"search_term_string\"}}],\"inLanguage\":\"pt-BR\"},{\"@type\":\"Organization\",\"@id\":\"https:\\\/\\\/fieam.org.br\\\/sesi\\\/#organization\",\"name\":\"SESI\",\"url\":\"https:\\\/\\\/fieam.org.br\\\/sesi\\\/\",\"logo\":{\"@type\":\"ImageObject\",\"inLanguage\":\"pt-BR\",\"@id\":\"https:\\\/\\\/fieam.org.br\\\/sesi\\\/#\\\/schema\\\/logo\\\/image\\\/\",\"url\":\"https:\\\/\\\/fieam.org.br\\\/sesi\\\/wp-content\\\/uploads\\\/sites\\\/14\\\/2024\\\/03\\\/cropped-fav.png\",\"contentUrl\":\"https:\\\/\\\/fieam.org.br\\\/sesi\\\/wp-content\\\/uploads\\\/sites\\\/14\\\/2024\\\/03\\\/cropped-fav.png\",\"width\":610,\"height\":589,\"caption\":\"SESI\"},\"image\":{\"@id\":\"https:\\\/\\\/fieam.org.br\\\/sesi\\\/#\\\/schema\\\/logo\\\/image\\\/\"}},{\"@type\":\"Person\",\"@id\":\"https:\\\/\\\/fieam.org.br\\\/sesi\\\/#\\\/schema\\\/person\\\/f54998dd14d5f0695b41444f2b01c31e\",\"name\":\"Autor\",\"image\":{\"@type\":\"ImageObject\",\"inLanguage\":\"pt-BR\",\"@id\":\"https:\\\/\\\/secure.gravatar.com\\\/avatar\\\/3732c223e0e1fad69062a8f770955c9068d37b055204f310a0be18d4069fe380?s=96&d=mm&r=g\",\"url\":\"https:\\\/\\\/secure.gravatar.com\\\/avatar\\\/3732c223e0e1fad69062a8f770955c9068d37b055204f310a0be18d4069fe380?s=96&d=mm&r=g\",\"contentUrl\":\"https:\\\/\\\/secure.gravatar.com\\\/avatar\\\/3732c223e0e1fad69062a8f770955c9068d37b055204f310a0be18d4069fe380?s=96&d=mm&r=g\",\"caption\":\"Autor\"},\"sameAs\":[\"https:\\\/\\\/marketingmassivo.com.br\"],\"url\":\"https:\\\/\\\/fieam.org.br\\\/sesi\\\/author\\\/admin\\\/\"}]}<\/script>\n<!-- \/ Yoast SEO plugin. -->","yoast_head_json":{"title":"Pr\u00eamio SESI Qualidade no Trabalho - SESI","robots":{"index":"index","follow":"follow","max-snippet":"max-snippet:-1","max-image-preview":"max-image-preview:large","max-video-preview":"max-video-preview:-1"},"canonical":"https:\/\/fieam.org.br\/sesi\/premio-sesi-qualidade-no-trabalho-2\/","og_locale":"pt_BR","og_type":"article","og_title":"Pr\u00eamio SESI Qualidade no Trabalho - SESI","og_description":"O Servi\u00e7o Social da Ind\u00fastria anuncia nesta ter\u00e7a-feira (30), \u00e0s 19h, no Clube do Trabalhador do Amazonas, os vencedores do Pr\u00eamio SESI Qualidade no Trabalho (PSQT 2012). Vinte e cinco empresas do Polo Industrial de Manaus (PIM) concorrem aos pr\u00eamios por suas pr\u00e1ticas diferenciadas de gest\u00e3o e responsabilidade social. Em sua 15\u00aa edi\u00e7\u00e3o, este ano, [&hellip;]","og_url":"https:\/\/fieam.org.br\/sesi\/premio-sesi-qualidade-no-trabalho-2\/","og_site_name":"SESI","article_published_time":"2012-11-01T15:43:28+00:00","author":"Autor","twitter_card":"summary_large_image","twitter_misc":{"Escrito por":"Autor","Est. tempo de leitura":"3 minutos"},"schema":{"@context":"https:\/\/schema.org","@graph":[{"@type":"Article","@id":"https:\/\/fieam.org.br\/sesi\/premio-sesi-qualidade-no-trabalho-2\/#article","isPartOf":{"@id":"https:\/\/fieam.org.br\/sesi\/premio-sesi-qualidade-no-trabalho-2\/"},"author":{"name":"Autor","@id":"https:\/\/fieam.org.br\/sesi\/#\/schema\/person\/f54998dd14d5f0695b41444f2b01c31e"},"headline":"Pr\u00eamio SESI Qualidade no Trabalho","datePublished":"2012-11-01T15:43:28+00:00","mainEntityOfPage":{"@id":"https:\/\/fieam.org.br\/sesi\/premio-sesi-qualidade-no-trabalho-2\/"},"wordCount":546,"commentCount":0,"publisher":{"@id":"https:\/\/fieam.org.br\/sesi\/#organization"},"articleSection":["News"],"inLanguage":"pt-BR","potentialAction":[{"@type":"CommentAction","name":"Comment","target":["https:\/\/fieam.org.br\/sesi\/premio-sesi-qualidade-no-trabalho-2\/#respond"]}]},{"@type":"WebPage","@id":"https:\/\/fieam.org.br\/sesi\/premio-sesi-qualidade-no-trabalho-2\/","url":"https:\/\/fieam.org.br\/sesi\/premio-sesi-qualidade-no-trabalho-2\/","name":"Pr\u00eamio SESI Qualidade no Trabalho - SESI","isPartOf":{"@id":"https:\/\/fieam.org.br\/sesi\/#website"},"datePublished":"2012-11-01T15:43:28+00:00","breadcrumb":{"@id":"https:\/\/fieam.org.br\/sesi\/premio-sesi-qualidade-no-trabalho-2\/#breadcrumb"},"inLanguage":"pt-BR","potentialAction":[{"@type":"ReadAction","target":["https:\/\/fieam.org.br\/sesi\/premio-sesi-qualidade-no-trabalho-2\/"]}]},{"@type":"BreadcrumbList","@id":"https:\/\/fieam.org.br\/sesi\/premio-sesi-qualidade-no-trabalho-2\/#breadcrumb","itemListElement":[{"@type":"ListItem","position":1,"name":"In\u00edcio","item":"https:\/\/fieam.org.br\/sesi\/"},{"@type":"ListItem","position":2,"name":"Pr\u00eamio SESI Qualidade no Trabalho"}]},{"@type":"WebSite","@id":"https:\/\/fieam.org.br\/sesi\/#website","url":"https:\/\/fieam.org.br\/sesi\/","name":"SESI","description":"Site Oficial!","publisher":{"@id":"https:\/\/fieam.org.br\/sesi\/#organization"},"potentialAction":[{"@type":"SearchAction","target":{"@type":"EntryPoint","urlTemplate":"https:\/\/fieam.org.br\/sesi\/?s={search_term_string}"},"query-input":{"@type":"PropertyValueSpecification","valueRequired":true,"valueName":"search_term_string"}}],"inLanguage":"pt-BR"},{"@type":"Organization","@id":"https:\/\/fieam.org.br\/sesi\/#organization","name":"SESI","url":"https:\/\/fieam.org.br\/sesi\/","logo":{"@type":"ImageObject","inLanguage":"pt-BR","@id":"https:\/\/fieam.org.br\/sesi\/#\/schema\/logo\/image\/","url":"https:\/\/fieam.org.br\/sesi\/wp-content\/uploads\/sites\/14\/2024\/03\/cropped-fav.png","contentUrl":"https:\/\/fieam.org.br\/sesi\/wp-content\/uploads\/sites\/14\/2024\/03\/cropped-fav.png","width":610,"height":589,"caption":"SESI"},"image":{"@id":"https:\/\/fieam.org.br\/sesi\/#\/schema\/logo\/image\/"}},{"@type":"Person","@id":"https:\/\/fieam.org.br\/sesi\/#\/schema\/person\/f54998dd14d5f0695b41444f2b01c31e","name":"Autor","image":{"@type":"ImageObject","inLanguage":"pt-BR","@id":"https:\/\/secure.gravatar.com\/avatar\/3732c223e0e1fad69062a8f770955c9068d37b055204f310a0be18d4069fe380?s=96&d=mm&r=g","url":"https:\/\/secure.gravatar.com\/avatar\/3732c223e0e1fad69062a8f770955c9068d37b055204f310a0be18d4069fe380?s=96&d=mm&r=g","contentUrl":"https:\/\/secure.gravatar.com\/avatar\/3732c223e0e1fad69062a8f770955c9068d37b055204f310a0be18d4069fe380?s=96&d=mm&r=g","caption":"Autor"},"sameAs":["https:\/\/marketingmassivo.com.br"],"url":"https:\/\/fieam.org.br\/sesi\/author\/admin\/"}]}},"_links":{"self":[{"href":"https:\/\/fieam.org.br\/sesi\/wp-json\/wp\/v2\/posts\/3632","targetHints":{"allow":["GET"]}}],"collection":[{"href":"https:\/\/fieam.org.br\/sesi\/wp-json\/wp\/v2\/posts"}],"about":[{"href":"https:\/\/fieam.org.br\/sesi\/wp-json\/wp\/v2\/types\/post"}],"author":[{"embeddable":true,"href":"https:\/\/fieam.org.br\/sesi\/wp-json\/wp\/v2\/users\/1"}],"replies":[{"embeddable":true,"href":"https:\/\/fieam.org.br\/sesi\/wp-json\/wp\/v2\/comments?post=3632"}],"version-history":[{"count":0,"href":"https:\/\/fieam.org.br\/sesi\/wp-json\/wp\/v2\/posts\/3632\/revisions"}],"wp:attachment":[{"href":"https:\/\/fieam.org.br\/sesi\/wp-json\/wp\/v2\/media?parent=3632"}],"wp:term":[{"taxonomy":"category","embeddable":true,"href":"https:\/\/fieam.org.br\/sesi\/wp-json\/wp\/v2\/categories?post=3632"},{"taxonomy":"post_tag","embeddable":true,"href":"https:\/\/fieam.org.br\/sesi\/wp-json\/wp\/v2\/tags?post=3632"}],"curies":[{"name":"wp","href":"https:\/\/api.w.org\/{rel}","templated":true}]}}