{"id":3606,"date":"2012-10-30T20:10:57","date_gmt":"2012-10-30T20:10:57","guid":{"rendered":"http:\/\/www.fieam.org.br\/site\/sesi\/?p=3606"},"modified":"2012-10-30T20:10:57","modified_gmt":"2012-10-30T20:10:57","slug":"amazonas-busca-medalhas-em-porto-velho","status":"publish","type":"post","link":"https:\/\/fieam.org.br\/sesi\/amazonas-busca-medalhas-em-porto-velho\/","title":{"rendered":"Amazonas busca medalhas em Porto Velho"},"content":{"rendered":"<p>Cerca de 70 trabalhadores-atletas de empresas do\u00a0<a href=\"http:\/\/www.poloindustrial.com.br\/\" target=\"_blank\" rel=\"noopener\">Polo Industrial de Manaus (PIM)<\/a>\u00a0comp\u00f5em a delega\u00e7\u00e3o do Amazonas nos Jogos Regionais do\u00a0<a href=\"http:\/\/www.fieam.org.br\/site\/sesi\/\" target=\"_blank\" rel=\"noopener\">SESI<\/a>, a partir desta quarta-feira (31), em Porto Velho (RO), onde ser\u00e3o disputadas as modalidades futebol de campo, t\u00eanis de quadra, atletismo, v\u00f4lei de quadra e xadrez. Os vencedores estar\u00e3o classificados para os Jogos Nacionais de 2013, previstos para acontecer em maio do ano que vem no Rio de Janeiro.<\/p>\n<p>No futebol de campo, o time da Mitsuba, que conquistou o 1\u00ba lugar\u00a0 na etapa estadual, participa pela primeira vez dos Jogos Regionais do SESI. A\u00a0<a href=\"http:\/\/www.yamaha-motor.com.br\/\" target=\"_blank\" rel=\"noopener\">Yamaha<\/a>\u00a0(masculino) e\u00a0<a href=\"http:\/\/www.siemens.com\/entry\/br\/pt\/\" target=\"_blank\" rel=\"noopener\">Siemens<\/a>\u00a0(feminino) participam no v\u00f4lei de quadra. O t\u00eanis de campo estar\u00e1 representado, no masculino, pelos atletas Marcelo Frederick, da\u00a0<a href=\"http:\/\/www.honda.com.br\/\" target=\"_blank\" rel=\"noopener\">Moto Honda<\/a>, na categoria B (acima de 35 anos), Rafael Souza, da Manaus Ambiental, na categoria absoluto, e Ivanildo Bel\u00e9m, da Dumont, na categoria C, que re\u00fane atletas com mais de 45 anos. O t\u00eanis de campo feminino ter\u00e1 a\u00a0 participa\u00e7\u00e3o de Nilce Vinente\u00a0 (Salcomp), na categoria absoluto, e Manani Okubo, da Moto Honda, na categoria B. O xadrez pensado ser\u00e1 representado por Sharles Mafra, da\u00a0<a href=\"http:\/\/www.nokia.com\/br-pt\/\" target=\"_blank\" rel=\"noopener\">Nokia<\/a>, enquanto que o atleta da<a href=\"http:\/\/www.philips.com.br\/\" target=\"_blank\" rel=\"noopener\">Philips<\/a>, Alan Costa, compete na modalidade xadrez r\u00e1pido.<\/p>\n<p>O atletismo, com 23 trabalhadores-atletas, tem nomes consagrados e com experi\u00eancia em competi\u00e7\u00f5es nacionais e internacionais, como Jackson Mendes, da Steck da Amaz\u00f4nia, na prova de 3000m, Deise Soares (Jabil), bicampe\u00e3 dos Jogos Nacionais (2006-2008) na prova de 400m,Val\u00e9ria Nascimento, medalha de ouro em 2010 e 2011, e Jocelma Viana, da Salcomp, que conquistou duas medalhas de ouro este ano nos Jogos Nacionais em Goi\u00e2nia (GO).<\/p>\n<p>[nggallery id=135]<\/p>\n","protected":false},"excerpt":{"rendered":"<p>Cerca de 70 trabalhadores-atletas de empresas do Polo Industrial de Manaus (PIM) comp\u00f5em a delega\u00e7\u00e3o do Amazonas nos Jogos Regionais do SESI<\/p>\n","protected":false},"author":1,"featured_media":0,"comment_status":"open","ping_status":"open","sticky":false,"template":"","format":"standard","meta":{"footnotes":""},"categories":[25],"tags":[],"class_list":["post-3606","post","type-post","status-publish","format-standard","hentry","category-news"],"yoast_head":"<!-- This site is optimized with the Yoast SEO plugin v28.2 - https:\/\/yoast.com\/product\/yoast-seo-wordpress\/ -->\n<title>Amazonas busca medalhas em Porto Velho - SESI<\/title>\n<meta name=\"robots\" content=\"index, follow, max-snippet:-1, max-image-preview:large, max-video-preview:-1\" \/>\n<link rel=\"canonical\" href=\"https:\/\/fieam.org.br\/sesi\/amazonas-busca-medalhas-em-porto-velho\/\" \/>\n<meta property=\"og:locale\" content=\"pt_BR\" \/>\n<meta property=\"og:type\" content=\"article\" \/>\n<meta property=\"og:title\" content=\"Amazonas busca medalhas em Porto Velho - SESI\" \/>\n<meta property=\"og:description\" content=\"Cerca de 70 trabalhadores-atletas de empresas do Polo Industrial de Manaus (PIM) comp\u00f5em a delega\u00e7\u00e3o do Amazonas nos Jogos Regionais do SESI\" \/>\n<meta property=\"og:url\" content=\"https:\/\/fieam.org.br\/sesi\/amazonas-busca-medalhas-em-porto-velho\/\" \/>\n<meta property=\"og:site_name\" content=\"SESI\" \/>\n<meta property=\"article:published_time\" content=\"2012-10-30T20:10:57+00:00\" \/>\n<meta name=\"author\" content=\"Autor\" \/>\n<meta name=\"twitter:card\" content=\"summary_large_image\" \/>\n<meta name=\"twitter:label1\" content=\"Escrito por\" \/>\n\t<meta name=\"twitter:data1\" content=\"Autor\" \/>\n\t<meta name=\"twitter:label2\" content=\"Est. tempo de leitura\" \/>\n\t<meta name=\"twitter:data2\" content=\"1 minuto\" \/>\n<script type=\"application\/ld+json\" class=\"yoast-schema-graph\">{\"@context\":\"https:\\\/\\\/schema.org\",\"@graph\":[{\"@type\":\"Article\",\"@id\":\"https:\\\/\\\/fieam.org.br\\\/sesi\\\/amazonas-busca-medalhas-em-porto-velho\\\/#article\",\"isPartOf\":{\"@id\":\"https:\\\/\\\/fieam.org.br\\\/sesi\\\/amazonas-busca-medalhas-em-porto-velho\\\/\"},\"author\":{\"name\":\"Autor\",\"@id\":\"https:\\\/\\\/fieam.org.br\\\/sesi\\\/#\\\/schema\\\/person\\\/f54998dd14d5f0695b41444f2b01c31e\"},\"headline\":\"Amazonas busca medalhas em Porto Velho\",\"datePublished\":\"2012-10-30T20:10:57+00:00\",\"mainEntityOfPage\":{\"@id\":\"https:\\\/\\\/fieam.org.br\\\/sesi\\\/amazonas-busca-medalhas-em-porto-velho\\\/\"},\"wordCount\":283,\"commentCount\":0,\"publisher\":{\"@id\":\"https:\\\/\\\/fieam.org.br\\\/sesi\\\/#organization\"},\"articleSection\":[\"News\"],\"inLanguage\":\"pt-BR\",\"potentialAction\":[{\"@type\":\"CommentAction\",\"name\":\"Comment\",\"target\":[\"https:\\\/\\\/fieam.org.br\\\/sesi\\\/amazonas-busca-medalhas-em-porto-velho\\\/#respond\"]}]},{\"@type\":\"WebPage\",\"@id\":\"https:\\\/\\\/fieam.org.br\\\/sesi\\\/amazonas-busca-medalhas-em-porto-velho\\\/\",\"url\":\"https:\\\/\\\/fieam.org.br\\\/sesi\\\/amazonas-busca-medalhas-em-porto-velho\\\/\",\"name\":\"Amazonas busca medalhas em Porto Velho - SESI\",\"isPartOf\":{\"@id\":\"https:\\\/\\\/fieam.org.br\\\/sesi\\\/#website\"},\"datePublished\":\"2012-10-30T20:10:57+00:00\",\"breadcrumb\":{\"@id\":\"https:\\\/\\\/fieam.org.br\\\/sesi\\\/amazonas-busca-medalhas-em-porto-velho\\\/#breadcrumb\"},\"inLanguage\":\"pt-BR\",\"potentialAction\":[{\"@type\":\"ReadAction\",\"target\":[\"https:\\\/\\\/fieam.org.br\\\/sesi\\\/amazonas-busca-medalhas-em-porto-velho\\\/\"]}]},{\"@type\":\"BreadcrumbList\",\"@id\":\"https:\\\/\\\/fieam.org.br\\\/sesi\\\/amazonas-busca-medalhas-em-porto-velho\\\/#breadcrumb\",\"itemListElement\":[{\"@type\":\"ListItem\",\"position\":1,\"name\":\"In\u00edcio\",\"item\":\"https:\\\/\\\/fieam.org.br\\\/sesi\\\/\"},{\"@type\":\"ListItem\",\"position\":2,\"name\":\"Amazonas busca medalhas em Porto Velho\"}]},{\"@type\":\"WebSite\",\"@id\":\"https:\\\/\\\/fieam.org.br\\\/sesi\\\/#website\",\"url\":\"https:\\\/\\\/fieam.org.br\\\/sesi\\\/\",\"name\":\"SESI\",\"description\":\"Site Oficial!\",\"publisher\":{\"@id\":\"https:\\\/\\\/fieam.org.br\\\/sesi\\\/#organization\"},\"potentialAction\":[{\"@type\":\"SearchAction\",\"target\":{\"@type\":\"EntryPoint\",\"urlTemplate\":\"https:\\\/\\\/fieam.org.br\\\/sesi\\\/?s={search_term_string}\"},\"query-input\":{\"@type\":\"PropertyValueSpecification\",\"valueRequired\":true,\"valueName\":\"search_term_string\"}}],\"inLanguage\":\"pt-BR\"},{\"@type\":\"Organization\",\"@id\":\"https:\\\/\\\/fieam.org.br\\\/sesi\\\/#organization\",\"name\":\"SESI\",\"url\":\"https:\\\/\\\/fieam.org.br\\\/sesi\\\/\",\"logo\":{\"@type\":\"ImageObject\",\"inLanguage\":\"pt-BR\",\"@id\":\"https:\\\/\\\/fieam.org.br\\\/sesi\\\/#\\\/schema\\\/logo\\\/image\\\/\",\"url\":\"https:\\\/\\\/fieam.org.br\\\/sesi\\\/wp-content\\\/uploads\\\/sites\\\/14\\\/2024\\\/03\\\/cropped-fav.png\",\"contentUrl\":\"https:\\\/\\\/fieam.org.br\\\/sesi\\\/wp-content\\\/uploads\\\/sites\\\/14\\\/2024\\\/03\\\/cropped-fav.png\",\"width\":610,\"height\":589,\"caption\":\"SESI\"},\"image\":{\"@id\":\"https:\\\/\\\/fieam.org.br\\\/sesi\\\/#\\\/schema\\\/logo\\\/image\\\/\"}},{\"@type\":\"Person\",\"@id\":\"https:\\\/\\\/fieam.org.br\\\/sesi\\\/#\\\/schema\\\/person\\\/f54998dd14d5f0695b41444f2b01c31e\",\"name\":\"Autor\",\"image\":{\"@type\":\"ImageObject\",\"inLanguage\":\"pt-BR\",\"@id\":\"https:\\\/\\\/secure.gravatar.com\\\/avatar\\\/3732c223e0e1fad69062a8f770955c9068d37b055204f310a0be18d4069fe380?s=96&d=mm&r=g\",\"url\":\"https:\\\/\\\/secure.gravatar.com\\\/avatar\\\/3732c223e0e1fad69062a8f770955c9068d37b055204f310a0be18d4069fe380?s=96&d=mm&r=g\",\"contentUrl\":\"https:\\\/\\\/secure.gravatar.com\\\/avatar\\\/3732c223e0e1fad69062a8f770955c9068d37b055204f310a0be18d4069fe380?s=96&d=mm&r=g\",\"caption\":\"Autor\"},\"sameAs\":[\"https:\\\/\\\/marketingmassivo.com.br\"],\"url\":\"https:\\\/\\\/fieam.org.br\\\/sesi\\\/author\\\/admin\\\/\"}]}<\/script>\n<!-- \/ Yoast SEO plugin. -->","yoast_head_json":{"title":"Amazonas busca medalhas em Porto Velho - SESI","robots":{"index":"index","follow":"follow","max-snippet":"max-snippet:-1","max-image-preview":"max-image-preview:large","max-video-preview":"max-video-preview:-1"},"canonical":"https:\/\/fieam.org.br\/sesi\/amazonas-busca-medalhas-em-porto-velho\/","og_locale":"pt_BR","og_type":"article","og_title":"Amazonas busca medalhas em Porto Velho - SESI","og_description":"Cerca de 70 trabalhadores-atletas de empresas do Polo Industrial de Manaus (PIM) comp\u00f5em a delega\u00e7\u00e3o do Amazonas nos Jogos Regionais do SESI","og_url":"https:\/\/fieam.org.br\/sesi\/amazonas-busca-medalhas-em-porto-velho\/","og_site_name":"SESI","article_published_time":"2012-10-30T20:10:57+00:00","author":"Autor","twitter_card":"summary_large_image","twitter_misc":{"Escrito por":"Autor","Est. tempo de leitura":"1 minuto"},"schema":{"@context":"https:\/\/schema.org","@graph":[{"@type":"Article","@id":"https:\/\/fieam.org.br\/sesi\/amazonas-busca-medalhas-em-porto-velho\/#article","isPartOf":{"@id":"https:\/\/fieam.org.br\/sesi\/amazonas-busca-medalhas-em-porto-velho\/"},"author":{"name":"Autor","@id":"https:\/\/fieam.org.br\/sesi\/#\/schema\/person\/f54998dd14d5f0695b41444f2b01c31e"},"headline":"Amazonas busca medalhas em Porto Velho","datePublished":"2012-10-30T20:10:57+00:00","mainEntityOfPage":{"@id":"https:\/\/fieam.org.br\/sesi\/amazonas-busca-medalhas-em-porto-velho\/"},"wordCount":283,"commentCount":0,"publisher":{"@id":"https:\/\/fieam.org.br\/sesi\/#organization"},"articleSection":["News"],"inLanguage":"pt-BR","potentialAction":[{"@type":"CommentAction","name":"Comment","target":["https:\/\/fieam.org.br\/sesi\/amazonas-busca-medalhas-em-porto-velho\/#respond"]}]},{"@type":"WebPage","@id":"https:\/\/fieam.org.br\/sesi\/amazonas-busca-medalhas-em-porto-velho\/","url":"https:\/\/fieam.org.br\/sesi\/amazonas-busca-medalhas-em-porto-velho\/","name":"Amazonas busca medalhas em Porto Velho - SESI","isPartOf":{"@id":"https:\/\/fieam.org.br\/sesi\/#website"},"datePublished":"2012-10-30T20:10:57+00:00","breadcrumb":{"@id":"https:\/\/fieam.org.br\/sesi\/amazonas-busca-medalhas-em-porto-velho\/#breadcrumb"},"inLanguage":"pt-BR","potentialAction":[{"@type":"ReadAction","target":["https:\/\/fieam.org.br\/sesi\/amazonas-busca-medalhas-em-porto-velho\/"]}]},{"@type":"BreadcrumbList","@id":"https:\/\/fieam.org.br\/sesi\/amazonas-busca-medalhas-em-porto-velho\/#breadcrumb","itemListElement":[{"@type":"ListItem","position":1,"name":"In\u00edcio","item":"https:\/\/fieam.org.br\/sesi\/"},{"@type":"ListItem","position":2,"name":"Amazonas busca medalhas em Porto Velho"}]},{"@type":"WebSite","@id":"https:\/\/fieam.org.br\/sesi\/#website","url":"https:\/\/fieam.org.br\/sesi\/","name":"SESI","description":"Site Oficial!","publisher":{"@id":"https:\/\/fieam.org.br\/sesi\/#organization"},"potentialAction":[{"@type":"SearchAction","target":{"@type":"EntryPoint","urlTemplate":"https:\/\/fieam.org.br\/sesi\/?s={search_term_string}"},"query-input":{"@type":"PropertyValueSpecification","valueRequired":true,"valueName":"search_term_string"}}],"inLanguage":"pt-BR"},{"@type":"Organization","@id":"https:\/\/fieam.org.br\/sesi\/#organization","name":"SESI","url":"https:\/\/fieam.org.br\/sesi\/","logo":{"@type":"ImageObject","inLanguage":"pt-BR","@id":"https:\/\/fieam.org.br\/sesi\/#\/schema\/logo\/image\/","url":"https:\/\/fieam.org.br\/sesi\/wp-content\/uploads\/sites\/14\/2024\/03\/cropped-fav.png","contentUrl":"https:\/\/fieam.org.br\/sesi\/wp-content\/uploads\/sites\/14\/2024\/03\/cropped-fav.png","width":610,"height":589,"caption":"SESI"},"image":{"@id":"https:\/\/fieam.org.br\/sesi\/#\/schema\/logo\/image\/"}},{"@type":"Person","@id":"https:\/\/fieam.org.br\/sesi\/#\/schema\/person\/f54998dd14d5f0695b41444f2b01c31e","name":"Autor","image":{"@type":"ImageObject","inLanguage":"pt-BR","@id":"https:\/\/secure.gravatar.com\/avatar\/3732c223e0e1fad69062a8f770955c9068d37b055204f310a0be18d4069fe380?s=96&d=mm&r=g","url":"https:\/\/secure.gravatar.com\/avatar\/3732c223e0e1fad69062a8f770955c9068d37b055204f310a0be18d4069fe380?s=96&d=mm&r=g","contentUrl":"https:\/\/secure.gravatar.com\/avatar\/3732c223e0e1fad69062a8f770955c9068d37b055204f310a0be18d4069fe380?s=96&d=mm&r=g","caption":"Autor"},"sameAs":["https:\/\/marketingmassivo.com.br"],"url":"https:\/\/fieam.org.br\/sesi\/author\/admin\/"}]}},"_links":{"self":[{"href":"https:\/\/fieam.org.br\/sesi\/wp-json\/wp\/v2\/posts\/3606","targetHints":{"allow":["GET"]}}],"collection":[{"href":"https:\/\/fieam.org.br\/sesi\/wp-json\/wp\/v2\/posts"}],"about":[{"href":"https:\/\/fieam.org.br\/sesi\/wp-json\/wp\/v2\/types\/post"}],"author":[{"embeddable":true,"href":"https:\/\/fieam.org.br\/sesi\/wp-json\/wp\/v2\/users\/1"}],"replies":[{"embeddable":true,"href":"https:\/\/fieam.org.br\/sesi\/wp-json\/wp\/v2\/comments?post=3606"}],"version-history":[{"count":0,"href":"https:\/\/fieam.org.br\/sesi\/wp-json\/wp\/v2\/posts\/3606\/revisions"}],"wp:attachment":[{"href":"https:\/\/fieam.org.br\/sesi\/wp-json\/wp\/v2\/media?parent=3606"}],"wp:term":[{"taxonomy":"category","embeddable":true,"href":"https:\/\/fieam.org.br\/sesi\/wp-json\/wp\/v2\/categories?post=3606"},{"taxonomy":"post_tag","embeddable":true,"href":"https:\/\/fieam.org.br\/sesi\/wp-json\/wp\/v2\/tags?post=3606"}],"curies":[{"name":"wp","href":"https:\/\/api.w.org\/{rel}","templated":true}]}}