{"id":3533,"date":"2012-10-16T16:52:46","date_gmt":"2012-10-16T16:52:46","guid":{"rendered":"http:\/\/www.fieam.org.br\/site\/sesi\/?p=3533"},"modified":"2012-10-16T16:52:46","modified_gmt":"2012-10-16T16:52:46","slug":"circuito-crianca-incentiva-pratica-de-esporte","status":"publish","type":"post","link":"https:\/\/fieam.org.br\/sesi\/circuito-crianca-incentiva-pratica-de-esporte\/","title":{"rendered":"Circuito Crian\u00e7a incentiva pr\u00e1tica de esporte"},"content":{"rendered":"<p>Malabares, palha\u00e7os, m\u00e1gicos, Super-Homem, Mulher-Maravilha, Homem-Aranha, brinquedos infl\u00e1veis, bal\u00f5es e pipocas al\u00e9m de dan\u00e7a, m\u00fasica e atividades esportivas fizeram a alegria de cerca de 1,5\u00a0 mil crian\u00e7as de total de 3 mil pessoas\u00a0 que participaram\u00a0 do Circuito de Lazer Dia da Crian\u00e7a promovido pelo\u00a0<a href=\"http:\/\/www.fieam.org.br\/site\/sesi\/institucional\/\" target=\"_blank\" rel=\"noopener\">SESI<\/a>, na \u00faltima sexta-feira (12), no\u00a0<a href=\"http:\/\/www.fieam.org.br\/site\/sesi\/lazer-clube-do-trabalhador-do-amazonas\/\" target=\"_blank\" rel=\"noopener\">Clube do Trabalhador.\u00a0<\/a><\/p>\n<p>Este ano, o destaque da programa\u00e7\u00e3o foi a Corrida Sesinho Atleta do Futuro, que reuniu cerca de mil crian\u00e7as entre 6 e 12 anos, no gramado do Est\u00e1dio Roberto Simonsen que participaram de v\u00e1rias provas.<\/p>\n<p>De acordo com o coordenador do SESI Programa Atleta do Futuro (SPAT), Rodrigo Travessa, participaram das provas crian\u00e7as das unidades estaduais de educa\u00e7\u00e3o, General Sampaio (bairro de S\u00e3o Jorge) e Mirtes Trigueiro (Coroado), al\u00e9m da comunidade, e de filhos de trabalhadores de empresas do\u00a0<a href=\"http:\/\/www.suframa.gov.br\/\" target=\"_blank\" rel=\"noopener\">Polo Industrial de Manaus (PIM)<\/a>, como\u00a0<a href=\"http:\/\/www.cocacolabrasil.com.br\/\" target=\"_blank\" rel=\"noopener\">Recofarma<\/a>,\u00a0<a href=\"http:\/\/www.honda.com.br\/Paginas\/default.aspx\" target=\"_blank\" rel=\"noopener\">Moto Honda<\/a>,\u00a0<a href=\"http:\/\/www.samsung.com.br\/\" target=\"_blank\" rel=\"noopener\">Samsung<\/a>, Palladium,\u00a0<a href=\"http:\/\/www.salcomp.com\/\" target=\"_blank\" rel=\"noopener\">Salcomp<\/a>\u00a0e Brasil Norte Bebidas.<\/p>\n<p>Rodrigo Travessa explicou que participaram da corrida crian\u00e7as de 6 a 12 anos, cada uma com seu percurso estipulado. Segundo Travessa, as crian\u00e7as de 6 anos fizeram percurso de 50 metros, enquanto que os de 12 correram 100 metros.<\/p>\n<p>\u201cFicamos felizes s\u00f3 em ver os pais satisfeitos com a organiza\u00e7\u00e3o do evento. O objetivo principal de fazer essa corrida dentro do Circuito de Lazer das Crian\u00e7as \u00e9 incentivar a pr\u00e1tica do esporte dentro da fam\u00edlia. Participaram da corrida n\u00e3o apenas alunos do SAF, mas na maioria filhos de industri\u00e1rios, cerca de 80%. Al\u00e9m disso, buscamos com o evento divulgar o programa e ampliar o n\u00famero de parcerias\u201d, disse.<\/p>\n<p>Com v\u00e1rias op\u00e7\u00f5es de lazer, a programa\u00e7\u00e3o prosseguiu com v\u00e1rias atividades, at\u00e9\u00a0as\u00a013h, na parte interna do Clube do Trabalhador, com brinquedos infl\u00e1veis, como cama-el\u00e1stica, pupa-pula e jogos de bolinhas, e no Gin\u00e1sio Poliesportivo Jos\u00e9 Nasser, que reuniu 100 crian\u00e7as em partidas de futsal, e ainda na arena de grama sint\u00e9tica com partidas de futebol society.<\/p>\n<p>A Cia de Artes, com animadores culturais entre palha\u00e7os e m\u00e1gicos, mostrou que o mundo encantado do circo continua vivo, atraindo cada vez as crian\u00e7as, com shows de equilibrismo e malabares, enquanto que o m\u00e1gico Andrei, especialista na arte do ilusionismo, encantou os presentes ao fazer jorrar \u00e1gua de um balde durante todo o seu show.<\/p>\n<p><a href=\"http:\/\/www.fieam.org.br\/site\/sesi\/responsabilidade-social-programas-e-projetos-sociais\/\" target=\"_blank\" rel=\"noopener\">\u00a0O Programa SESI Cozinha Brasil<\/a>\u00a0tamb\u00e9m participou da programa\u00e7\u00e3o distribuindo o tradicional suco da horta e folhetos explicativos sobre alimenta\u00e7\u00e3o saud\u00e1vel e qualidade de vida.<\/p>\n<p>A pedagoga, Leula Melo, respons\u00e1vel na ocasi\u00e3o pelo evento, disse que j\u00e1 esperava o grande p\u00fablico presente. \u201cPara n\u00f3s do Lazer e tamb\u00e9m equipe do esporte, que organizamos esse evento, \u00e9 uma satisfa\u00e7\u00e3o. Um sentimento de dever cumprido, pois conseguimos oferecer entretenimento e lazer em fam\u00edlia para os industri\u00e1rios e seus dependentes, por meio dessa festa linda\u201d, disse.<\/p>\n<p>A professora Ana Rita\u00a0 e o industri\u00e1rio, da\u00a0<a href=\"http:\/\/www.petrobras.com\/pt\/home.htm\" target=\"_blank\" rel=\"noopener\">Petrobras<\/a>, Sim\u00e3o Mel\u00e3o, comemoraram\u00a0 o desempenho de seu filho Tiago na corrida. Ele foi um dos primeiros a chegar, e apesar da timidez, disse que ficou cansado e alegre com sua participa\u00e7\u00e3o. \u201cNossa, \u00e9 muita emo\u00e7\u00e3o para n\u00f3s. Foi uma sensa\u00e7\u00e3o de dever cumprido, um retorno ao nosso esfor\u00e7o de cuid\u00e1-lo e nutri-lo com amor, agora ele est\u00e1 assim: um campe\u00e3o! Essa iniciativa \u00e9 muito importante por incentivar a pr\u00e1tica do esporte e a intera\u00e7\u00e3o da fam\u00edlia nesse feriado voltado as crian\u00e7as\u201d, disse Rita.<\/p>\n<p>[nggallery id=130]<\/p>\n<p>&nbsp;<\/p>\n","protected":false},"excerpt":{"rendered":"<p>Este ano, o destaque da programa\u00e7\u00e3o foi a Corrida Sesinho Atleta do Futuro, que reuniu cerca de mil crian\u00e7as entre 6 e 12 anos<\/p>\n","protected":false},"author":1,"featured_media":0,"comment_status":"open","ping_status":"open","sticky":false,"template":"","format":"standard","meta":{"footnotes":""},"categories":[25],"tags":[],"class_list":["post-3533","post","type-post","status-publish","format-standard","hentry","category-news"],"yoast_head":"<!-- This site is optimized with the Yoast SEO plugin v28.2 - https:\/\/yoast.com\/product\/yoast-seo-wordpress\/ -->\n<title>Circuito Crian\u00e7a incentiva pr\u00e1tica de esporte - SESI<\/title>\n<meta name=\"robots\" content=\"index, follow, max-snippet:-1, max-image-preview:large, max-video-preview:-1\" \/>\n<link rel=\"canonical\" href=\"https:\/\/fieam.org.br\/sesi\/circuito-crianca-incentiva-pratica-de-esporte\/\" \/>\n<meta property=\"og:locale\" content=\"pt_BR\" \/>\n<meta property=\"og:type\" content=\"article\" \/>\n<meta property=\"og:title\" content=\"Circuito Crian\u00e7a incentiva pr\u00e1tica de esporte - SESI\" \/>\n<meta property=\"og:description\" content=\"Este ano, o destaque da programa\u00e7\u00e3o foi a Corrida Sesinho Atleta do Futuro, que reuniu cerca de mil crian\u00e7as entre 6 e 12 anos\" \/>\n<meta property=\"og:url\" content=\"https:\/\/fieam.org.br\/sesi\/circuito-crianca-incentiva-pratica-de-esporte\/\" \/>\n<meta property=\"og:site_name\" content=\"SESI\" \/>\n<meta property=\"article:published_time\" content=\"2012-10-16T16:52:46+00:00\" \/>\n<meta name=\"author\" content=\"Autor\" \/>\n<meta name=\"twitter:card\" content=\"summary_large_image\" \/>\n<meta name=\"twitter:label1\" content=\"Escrito por\" \/>\n\t<meta name=\"twitter:data1\" content=\"Autor\" \/>\n\t<meta name=\"twitter:label2\" content=\"Est. tempo de leitura\" \/>\n\t<meta name=\"twitter:data2\" content=\"3 minutos\" \/>\n<script type=\"application\/ld+json\" class=\"yoast-schema-graph\">{\"@context\":\"https:\\\/\\\/schema.org\",\"@graph\":[{\"@type\":\"Article\",\"@id\":\"https:\\\/\\\/fieam.org.br\\\/sesi\\\/circuito-crianca-incentiva-pratica-de-esporte\\\/#article\",\"isPartOf\":{\"@id\":\"https:\\\/\\\/fieam.org.br\\\/sesi\\\/circuito-crianca-incentiva-pratica-de-esporte\\\/\"},\"author\":{\"name\":\"Autor\",\"@id\":\"https:\\\/\\\/fieam.org.br\\\/sesi\\\/#\\\/schema\\\/person\\\/f54998dd14d5f0695b41444f2b01c31e\"},\"headline\":\"Circuito Crian\u00e7a incentiva pr\u00e1tica de esporte\",\"datePublished\":\"2012-10-16T16:52:46+00:00\",\"mainEntityOfPage\":{\"@id\":\"https:\\\/\\\/fieam.org.br\\\/sesi\\\/circuito-crianca-incentiva-pratica-de-esporte\\\/\"},\"wordCount\":604,\"commentCount\":0,\"publisher\":{\"@id\":\"https:\\\/\\\/fieam.org.br\\\/sesi\\\/#organization\"},\"articleSection\":[\"News\"],\"inLanguage\":\"pt-BR\",\"potentialAction\":[{\"@type\":\"CommentAction\",\"name\":\"Comment\",\"target\":[\"https:\\\/\\\/fieam.org.br\\\/sesi\\\/circuito-crianca-incentiva-pratica-de-esporte\\\/#respond\"]}]},{\"@type\":\"WebPage\",\"@id\":\"https:\\\/\\\/fieam.org.br\\\/sesi\\\/circuito-crianca-incentiva-pratica-de-esporte\\\/\",\"url\":\"https:\\\/\\\/fieam.org.br\\\/sesi\\\/circuito-crianca-incentiva-pratica-de-esporte\\\/\",\"name\":\"Circuito Crian\u00e7a incentiva pr\u00e1tica de esporte - SESI\",\"isPartOf\":{\"@id\":\"https:\\\/\\\/fieam.org.br\\\/sesi\\\/#website\"},\"datePublished\":\"2012-10-16T16:52:46+00:00\",\"breadcrumb\":{\"@id\":\"https:\\\/\\\/fieam.org.br\\\/sesi\\\/circuito-crianca-incentiva-pratica-de-esporte\\\/#breadcrumb\"},\"inLanguage\":\"pt-BR\",\"potentialAction\":[{\"@type\":\"ReadAction\",\"target\":[\"https:\\\/\\\/fieam.org.br\\\/sesi\\\/circuito-crianca-incentiva-pratica-de-esporte\\\/\"]}]},{\"@type\":\"BreadcrumbList\",\"@id\":\"https:\\\/\\\/fieam.org.br\\\/sesi\\\/circuito-crianca-incentiva-pratica-de-esporte\\\/#breadcrumb\",\"itemListElement\":[{\"@type\":\"ListItem\",\"position\":1,\"name\":\"In\u00edcio\",\"item\":\"https:\\\/\\\/fieam.org.br\\\/sesi\\\/\"},{\"@type\":\"ListItem\",\"position\":2,\"name\":\"Circuito Crian\u00e7a incentiva pr\u00e1tica de esporte\"}]},{\"@type\":\"WebSite\",\"@id\":\"https:\\\/\\\/fieam.org.br\\\/sesi\\\/#website\",\"url\":\"https:\\\/\\\/fieam.org.br\\\/sesi\\\/\",\"name\":\"SESI\",\"description\":\"Site Oficial!\",\"publisher\":{\"@id\":\"https:\\\/\\\/fieam.org.br\\\/sesi\\\/#organization\"},\"potentialAction\":[{\"@type\":\"SearchAction\",\"target\":{\"@type\":\"EntryPoint\",\"urlTemplate\":\"https:\\\/\\\/fieam.org.br\\\/sesi\\\/?s={search_term_string}\"},\"query-input\":{\"@type\":\"PropertyValueSpecification\",\"valueRequired\":true,\"valueName\":\"search_term_string\"}}],\"inLanguage\":\"pt-BR\"},{\"@type\":\"Organization\",\"@id\":\"https:\\\/\\\/fieam.org.br\\\/sesi\\\/#organization\",\"name\":\"SESI\",\"url\":\"https:\\\/\\\/fieam.org.br\\\/sesi\\\/\",\"logo\":{\"@type\":\"ImageObject\",\"inLanguage\":\"pt-BR\",\"@id\":\"https:\\\/\\\/fieam.org.br\\\/sesi\\\/#\\\/schema\\\/logo\\\/image\\\/\",\"url\":\"https:\\\/\\\/fieam.org.br\\\/sesi\\\/wp-content\\\/uploads\\\/sites\\\/14\\\/2024\\\/03\\\/cropped-fav.png\",\"contentUrl\":\"https:\\\/\\\/fieam.org.br\\\/sesi\\\/wp-content\\\/uploads\\\/sites\\\/14\\\/2024\\\/03\\\/cropped-fav.png\",\"width\":610,\"height\":589,\"caption\":\"SESI\"},\"image\":{\"@id\":\"https:\\\/\\\/fieam.org.br\\\/sesi\\\/#\\\/schema\\\/logo\\\/image\\\/\"}},{\"@type\":\"Person\",\"@id\":\"https:\\\/\\\/fieam.org.br\\\/sesi\\\/#\\\/schema\\\/person\\\/f54998dd14d5f0695b41444f2b01c31e\",\"name\":\"Autor\",\"image\":{\"@type\":\"ImageObject\",\"inLanguage\":\"pt-BR\",\"@id\":\"https:\\\/\\\/secure.gravatar.com\\\/avatar\\\/3732c223e0e1fad69062a8f770955c9068d37b055204f310a0be18d4069fe380?s=96&d=mm&r=g\",\"url\":\"https:\\\/\\\/secure.gravatar.com\\\/avatar\\\/3732c223e0e1fad69062a8f770955c9068d37b055204f310a0be18d4069fe380?s=96&d=mm&r=g\",\"contentUrl\":\"https:\\\/\\\/secure.gravatar.com\\\/avatar\\\/3732c223e0e1fad69062a8f770955c9068d37b055204f310a0be18d4069fe380?s=96&d=mm&r=g\",\"caption\":\"Autor\"},\"sameAs\":[\"https:\\\/\\\/marketingmassivo.com.br\"],\"url\":\"https:\\\/\\\/fieam.org.br\\\/sesi\\\/author\\\/admin\\\/\"}]}<\/script>\n<!-- \/ Yoast SEO plugin. -->","yoast_head_json":{"title":"Circuito Crian\u00e7a incentiva pr\u00e1tica de esporte - SESI","robots":{"index":"index","follow":"follow","max-snippet":"max-snippet:-1","max-image-preview":"max-image-preview:large","max-video-preview":"max-video-preview:-1"},"canonical":"https:\/\/fieam.org.br\/sesi\/circuito-crianca-incentiva-pratica-de-esporte\/","og_locale":"pt_BR","og_type":"article","og_title":"Circuito Crian\u00e7a incentiva pr\u00e1tica de esporte - SESI","og_description":"Este ano, o destaque da programa\u00e7\u00e3o foi a Corrida Sesinho Atleta do Futuro, que reuniu cerca de mil crian\u00e7as entre 6 e 12 anos","og_url":"https:\/\/fieam.org.br\/sesi\/circuito-crianca-incentiva-pratica-de-esporte\/","og_site_name":"SESI","article_published_time":"2012-10-16T16:52:46+00:00","author":"Autor","twitter_card":"summary_large_image","twitter_misc":{"Escrito por":"Autor","Est. tempo de leitura":"3 minutos"},"schema":{"@context":"https:\/\/schema.org","@graph":[{"@type":"Article","@id":"https:\/\/fieam.org.br\/sesi\/circuito-crianca-incentiva-pratica-de-esporte\/#article","isPartOf":{"@id":"https:\/\/fieam.org.br\/sesi\/circuito-crianca-incentiva-pratica-de-esporte\/"},"author":{"name":"Autor","@id":"https:\/\/fieam.org.br\/sesi\/#\/schema\/person\/f54998dd14d5f0695b41444f2b01c31e"},"headline":"Circuito Crian\u00e7a incentiva pr\u00e1tica de esporte","datePublished":"2012-10-16T16:52:46+00:00","mainEntityOfPage":{"@id":"https:\/\/fieam.org.br\/sesi\/circuito-crianca-incentiva-pratica-de-esporte\/"},"wordCount":604,"commentCount":0,"publisher":{"@id":"https:\/\/fieam.org.br\/sesi\/#organization"},"articleSection":["News"],"inLanguage":"pt-BR","potentialAction":[{"@type":"CommentAction","name":"Comment","target":["https:\/\/fieam.org.br\/sesi\/circuito-crianca-incentiva-pratica-de-esporte\/#respond"]}]},{"@type":"WebPage","@id":"https:\/\/fieam.org.br\/sesi\/circuito-crianca-incentiva-pratica-de-esporte\/","url":"https:\/\/fieam.org.br\/sesi\/circuito-crianca-incentiva-pratica-de-esporte\/","name":"Circuito Crian\u00e7a incentiva pr\u00e1tica de esporte - SESI","isPartOf":{"@id":"https:\/\/fieam.org.br\/sesi\/#website"},"datePublished":"2012-10-16T16:52:46+00:00","breadcrumb":{"@id":"https:\/\/fieam.org.br\/sesi\/circuito-crianca-incentiva-pratica-de-esporte\/#breadcrumb"},"inLanguage":"pt-BR","potentialAction":[{"@type":"ReadAction","target":["https:\/\/fieam.org.br\/sesi\/circuito-crianca-incentiva-pratica-de-esporte\/"]}]},{"@type":"BreadcrumbList","@id":"https:\/\/fieam.org.br\/sesi\/circuito-crianca-incentiva-pratica-de-esporte\/#breadcrumb","itemListElement":[{"@type":"ListItem","position":1,"name":"In\u00edcio","item":"https:\/\/fieam.org.br\/sesi\/"},{"@type":"ListItem","position":2,"name":"Circuito Crian\u00e7a incentiva pr\u00e1tica de esporte"}]},{"@type":"WebSite","@id":"https:\/\/fieam.org.br\/sesi\/#website","url":"https:\/\/fieam.org.br\/sesi\/","name":"SESI","description":"Site Oficial!","publisher":{"@id":"https:\/\/fieam.org.br\/sesi\/#organization"},"potentialAction":[{"@type":"SearchAction","target":{"@type":"EntryPoint","urlTemplate":"https:\/\/fieam.org.br\/sesi\/?s={search_term_string}"},"query-input":{"@type":"PropertyValueSpecification","valueRequired":true,"valueName":"search_term_string"}}],"inLanguage":"pt-BR"},{"@type":"Organization","@id":"https:\/\/fieam.org.br\/sesi\/#organization","name":"SESI","url":"https:\/\/fieam.org.br\/sesi\/","logo":{"@type":"ImageObject","inLanguage":"pt-BR","@id":"https:\/\/fieam.org.br\/sesi\/#\/schema\/logo\/image\/","url":"https:\/\/fieam.org.br\/sesi\/wp-content\/uploads\/sites\/14\/2024\/03\/cropped-fav.png","contentUrl":"https:\/\/fieam.org.br\/sesi\/wp-content\/uploads\/sites\/14\/2024\/03\/cropped-fav.png","width":610,"height":589,"caption":"SESI"},"image":{"@id":"https:\/\/fieam.org.br\/sesi\/#\/schema\/logo\/image\/"}},{"@type":"Person","@id":"https:\/\/fieam.org.br\/sesi\/#\/schema\/person\/f54998dd14d5f0695b41444f2b01c31e","name":"Autor","image":{"@type":"ImageObject","inLanguage":"pt-BR","@id":"https:\/\/secure.gravatar.com\/avatar\/3732c223e0e1fad69062a8f770955c9068d37b055204f310a0be18d4069fe380?s=96&d=mm&r=g","url":"https:\/\/secure.gravatar.com\/avatar\/3732c223e0e1fad69062a8f770955c9068d37b055204f310a0be18d4069fe380?s=96&d=mm&r=g","contentUrl":"https:\/\/secure.gravatar.com\/avatar\/3732c223e0e1fad69062a8f770955c9068d37b055204f310a0be18d4069fe380?s=96&d=mm&r=g","caption":"Autor"},"sameAs":["https:\/\/marketingmassivo.com.br"],"url":"https:\/\/fieam.org.br\/sesi\/author\/admin\/"}]}},"_links":{"self":[{"href":"https:\/\/fieam.org.br\/sesi\/wp-json\/wp\/v2\/posts\/3533","targetHints":{"allow":["GET"]}}],"collection":[{"href":"https:\/\/fieam.org.br\/sesi\/wp-json\/wp\/v2\/posts"}],"about":[{"href":"https:\/\/fieam.org.br\/sesi\/wp-json\/wp\/v2\/types\/post"}],"author":[{"embeddable":true,"href":"https:\/\/fieam.org.br\/sesi\/wp-json\/wp\/v2\/users\/1"}],"replies":[{"embeddable":true,"href":"https:\/\/fieam.org.br\/sesi\/wp-json\/wp\/v2\/comments?post=3533"}],"version-history":[{"count":0,"href":"https:\/\/fieam.org.br\/sesi\/wp-json\/wp\/v2\/posts\/3533\/revisions"}],"wp:attachment":[{"href":"https:\/\/fieam.org.br\/sesi\/wp-json\/wp\/v2\/media?parent=3533"}],"wp:term":[{"taxonomy":"category","embeddable":true,"href":"https:\/\/fieam.org.br\/sesi\/wp-json\/wp\/v2\/categories?post=3533"},{"taxonomy":"post_tag","embeddable":true,"href":"https:\/\/fieam.org.br\/sesi\/wp-json\/wp\/v2\/tags?post=3533"}],"curies":[{"name":"wp","href":"https:\/\/api.w.org\/{rel}","templated":true}]}}