{"id":3458,"date":"2012-09-26T19:53:40","date_gmt":"2012-09-26T19:53:40","guid":{"rendered":"http:\/\/www.fieam.org.br\/site\/sesi\/?p=3458"},"modified":"2012-09-26T19:53:40","modified_gmt":"2012-09-26T19:53:40","slug":"open-ativa-de-jiu-jitsu","status":"publish","type":"post","link":"https:\/\/fieam.org.br\/sesi\/open-ativa-de-jiu-jitsu\/","title":{"rendered":"Open Ativa de Jiu-J\u00edtsu"},"content":{"rendered":"<p>O <a href=\"http:\/\/www.fieam.org.br\/site\/sesi\/institucional\/\">SESI Amazonas<\/a> conquistou 22 medalhas, sendo oito de ouro, sete de prata e sete de bronze no 1\u00ba Open Ativa de Jiu-Jitsu, realizado nos dias 22 e 23, no Gin\u00e1sio Poliesportivo Jos\u00e9 Nasser, no <a href=\"http:\/\/www.fieam.org.br\/site\/sesi\/lazer-clube-do-trabalhador-do-amazonas\/\">Clube do Trabalhador<\/a>. A competi\u00e7\u00e3o promovida pela Academia Chiquinho Top Team e apoio do SESI reuniu 800 atletas de 44 academias de Manaus. O SESI foi representado por 40 atletas.<\/p>\n<p>Conquistaram ouro para a Academia de Jiu-J\u00edtsu do SESI os atletas Carlos Alberto, categoria galo, faixa amarela, Danilo Jatson (superpesado), faixa branca, Tayana Souza\u00a0 (pena) faixa azul, Agnaldo Couto (leve) faixa preta,<\/p>\n<p>Pablo Oliveira ( m\u00e9dio-pesado) faixa branca, Andr\u00e9 Hardy ( m\u00e9dio) faixa roxa, Jos\u00e9 Cl\u00e1udio ( pena) faixa roxa e \u00a0o faixa preta, Agostinho Soares, na categoria leve.<\/p>\n<p>O presidente da <a href=\"http:\/\/www.fajje.com.br\/\">Federa\u00e7\u00e3o Amazonense de Jiu-J\u00edtsu Esportivo<\/a>, Luiz Neto, disse que a modalidade vem crescendo dia a dia em Manaus e conta com cerca de 200 academias espalhadas em todos os bairros de Manaus. De acordo com Neto, cerca de 10 mil alunos frequentam as academias de Manaus.<\/p>\n<p>Ele destacou a import\u00e2ncia das academias que utilizam o esporte como ferramenta de inclus\u00e3o social com o desenvolvimento de projetos que visam \u00e0 forma\u00e7\u00e3o do cidad\u00e3o e n\u00e3o apenas do atleta. \u201cUma boa base prepara o atleta para vida e para o tatame\u201d, disse. Ele destacou tamb\u00e9m a gera\u00e7\u00e3o de empregos proporcionados pelas academias para ex-alunos, que hoje atuam como professores, principalmente para crian\u00e7as e adolescentes. Para o presidente da Fajje, o Amazonas \u00e9 o 1\u00ba polo de jiu-j\u00edtsu do Brasil e tem revelado grandes atletas para o Brasil como Jos\u00e9 Aldo (MMA).<\/p>\n<p>Disse tamb\u00e9m que os constantes eventos realizados em Manaus possibilitam ao atleta treinar e competir mais, ganhando\u00a0 experi\u00eancia e chances de competi\u00e7\u00f5es em campeonatos nacionais e mundiais elevando o n\u00edvel do jiu-j\u00edtsu. De acordo com Neto, 65% dos alunos de jiu-j\u00edtsu s\u00e3o trabalhadores de empresas do Polo Industrial (PIM) de Manaus.<\/p>\n<p>De acordo com o professor da Academia de Jiu-j\u00edtsu do SESI, F\u00e1bio Pinheiro, cerca de cem alunos frequentam a academia que funciona de segunda a sexta, no hor\u00e1rio da noite. Para Pinheiro, o SESI tem dado grande contribui\u00e7\u00e3o na forma\u00e7\u00e3o de atletas e de cidad\u00e3os, participando de eventos locais, nacionais e mundiais.<\/p>\n<p><strong>\u00a0<\/strong><\/p>\n<p><strong>RESULTADO COPA ATIVA SHOP DE JIU-JITSU- 2012<\/strong><\/p>\n<p><strong>22 E 23\/09<\/strong><\/p>\n<p><strong>COM A PARTICIPA\u00c7\u00c3O DE 40 ATLETAS<\/strong><\/p>\n<table style=\"width: 620px\" cellspacing=\"0\" cellpadding=\"0\">\n<tbody>\n<tr>\n<td valign=\"top\"><strong>N.<\/strong><\/td>\n<td valign=\"top\"><strong>ATLETA<\/strong><\/td>\n<td valign=\"top\"><strong>IDADE<\/strong><\/td>\n<td valign=\"top\"><strong>CATEGORIA<\/strong><\/td>\n<td valign=\"top\"><strong>FAIXA<\/strong><\/td>\n<td valign=\"top\"><strong>CLASSIFICA\u00c7\u00c3O<\/strong><\/td>\n<\/tr>\n<tr>\n<td valign=\"top\"><strong>01<\/strong><\/td>\n<td valign=\"top\"><strong>CARLOS ALBERTO (COM)<\/strong><\/td>\n<td valign=\"top\"><strong>08\/09<\/strong><\/td>\n<td valign=\"top\"><strong>GALO<\/strong><\/td>\n<td valign=\"top\"><strong>AMARELA<\/strong><\/td>\n<td valign=\"top\"><strong>OURO<\/strong><\/td>\n<\/tr>\n<tr>\n<td valign=\"top\"><strong>02<\/strong><\/td>\n<td valign=\"top\"><strong>DANILO JATSON (IND)<\/strong><\/td>\n<td valign=\"top\"><strong>10\/11<\/strong><\/td>\n<td valign=\"top\"><strong>S.PESADO<\/strong><\/td>\n<td valign=\"top\"><strong>BRANCA<\/strong><\/td>\n<td valign=\"top\"><strong>OURO<\/strong><\/td>\n<\/tr>\n<tr>\n<td valign=\"top\"><strong>03<\/strong><\/td>\n<td valign=\"top\"><strong>PABLO OLIVEIRA (IND)<\/strong><\/td>\n<td valign=\"top\"><strong>16\/17<\/strong><\/td>\n<td valign=\"top\"><strong>M. PESADO<\/strong><\/td>\n<td valign=\"top\"><strong>BRANCA<\/strong><\/td>\n<td valign=\"top\"><strong>OURO<\/strong><\/td>\n<\/tr>\n<tr>\n<td valign=\"top\"><strong>04<\/strong><\/td>\n<td valign=\"top\"><strong>TAYNARA SOUZA (IND)<\/strong><\/td>\n<td valign=\"top\"><strong>16\/17<\/strong><\/td>\n<td valign=\"top\"><strong>PENA<\/strong><\/td>\n<td valign=\"top\"><strong>AZUL<\/strong><\/td>\n<td valign=\"top\"><strong>OURO<\/strong><\/td>\n<\/tr>\n<tr>\n<td valign=\"top\"><strong>05<\/strong><\/td>\n<td valign=\"top\"><strong>AGNALDO COUTO (IND)<\/strong><\/td>\n<td valign=\"top\"><strong>MASTER<\/strong><\/td>\n<td valign=\"top\"><strong>LEVE<\/strong><\/td>\n<td valign=\"top\"><strong>PRETA<\/strong><\/td>\n<td valign=\"top\"><strong>OURO<\/strong><\/td>\n<\/tr>\n<tr>\n<td valign=\"top\"><strong>06<\/strong><\/td>\n<td valign=\"top\"><strong>ANDR\u00c9 HARDY (COM)<\/strong><\/td>\n<td valign=\"top\"><strong>MASTER<\/strong><\/td>\n<td valign=\"top\"><strong>M\u00c9DIO<\/strong><\/td>\n<td valign=\"top\"><strong>R\u00d4XA<\/strong><\/td>\n<td valign=\"top\"><strong>OURO<\/strong><\/td>\n<\/tr>\n<tr>\n<td valign=\"top\"><strong>07<\/strong><\/td>\n<td valign=\"top\"><strong>JOS\u00c9 CL\u00c1UDIO (COM)<\/strong><\/td>\n<td valign=\"top\"><strong>S\u00caNIOR<\/strong><\/td>\n<td valign=\"top\"><strong>PENA<\/strong><\/td>\n<td valign=\"top\"><strong>R\u00d4XA<\/strong><\/td>\n<td valign=\"top\"><strong>OURO<\/strong><\/td>\n<\/tr>\n<tr>\n<td valign=\"top\"><strong>08<\/strong><\/td>\n<td valign=\"top\"><strong>AGOSTINHO SOARES (COM)<\/strong><\/td>\n<td valign=\"top\"><strong>S\u00caNIOR<\/strong><\/td>\n<td valign=\"top\"><strong>LEVE<\/strong><\/td>\n<td valign=\"top\"><strong>PRETA<\/strong><\/td>\n<td valign=\"top\"><strong>OURO<\/strong><\/td>\n<\/tr>\n<tr>\n<td valign=\"top\"><strong>09<\/strong><\/td>\n<td valign=\"top\"><strong>JO\u00c3O ALCANTARA (COM)<\/strong><\/td>\n<td valign=\"top\"><strong>14\/15<\/strong><\/td>\n<td valign=\"top\"><strong>PESADO<\/strong><\/td>\n<td valign=\"top\"><strong>VERDE<\/strong><\/td>\n<td valign=\"top\"><strong>PRATA<\/strong><\/td>\n<\/tr>\n<tr>\n<td valign=\"top\"><strong>10<\/strong><\/td>\n<td valign=\"top\"><strong>GABRIEL JATSON (IND)<\/strong><\/td>\n<td valign=\"top\"><strong>16\/17<\/strong><\/td>\n<td valign=\"top\"><strong>M\u00c9DIO<\/strong><\/td>\n<td valign=\"top\"><strong>BRANCA<\/strong><\/td>\n<td valign=\"top\"><strong>PRATA<\/strong><\/td>\n<\/tr>\n<tr>\n<td valign=\"top\"><strong>11<\/strong><\/td>\n<td valign=\"top\"><strong>RAYK DA SILVA (COM)<\/strong><\/td>\n<td valign=\"top\"><strong>16\/17<\/strong><\/td>\n<td valign=\"top\"><strong>M\u00c9DIO<\/strong><\/td>\n<td valign=\"top\"><strong>AZUL<\/strong><\/td>\n<td valign=\"top\"><strong>PRATA<\/strong><\/td>\n<\/tr>\n<tr>\n<td valign=\"top\"><strong>12<\/strong><\/td>\n<td valign=\"top\"><strong>ANANIAS DE OLIVEIRA (COM)<\/strong><\/td>\n<td valign=\"top\"><strong>ADULTO<\/strong><\/td>\n<td valign=\"top\"><strong>S.PESADO<\/strong><\/td>\n<td valign=\"top\"><strong>BRANCA<\/strong><\/td>\n<td valign=\"top\"><strong>PRATA<\/strong><\/td>\n<\/tr>\n<tr>\n<td valign=\"top\"><strong>13<\/strong><\/td>\n<td valign=\"top\"><strong>ROTERDAM DE ABREU (SESI)<\/strong><\/td>\n<td valign=\"top\"><strong>MASTER<\/strong><\/td>\n<td valign=\"top\"><strong>LEVE<\/strong><\/td>\n<td valign=\"top\"><strong>PRETA<\/strong><\/td>\n<td valign=\"top\"><strong>PRATA<\/strong><\/td>\n<\/tr>\n<tr>\n<td valign=\"top\"><strong>14<\/strong><\/td>\n<td valign=\"top\"><strong>LARISSA NIC\u00c1CIO (IND)<\/strong><\/td>\n<td valign=\"top\"><strong>10\/11<\/strong><\/td>\n<td valign=\"top\"><strong>LEVE<\/strong><\/td>\n<td valign=\"top\"><strong>AMARELA<\/strong><\/td>\n<td valign=\"top\"><strong>PRATA<\/strong><\/td>\n<\/tr>\n<tr>\n<td valign=\"top\"><strong>15<\/strong><\/td>\n<td valign=\"top\"><strong>FELIPE RABELO (COM)<\/strong><\/td>\n<td valign=\"top\"><strong>MASTER<\/strong><\/td>\n<td valign=\"top\"><strong>PLUMA<\/strong><\/td>\n<td valign=\"top\"><strong>MARROM<\/strong><\/td>\n<td valign=\"top\"><strong>PRATA<\/strong><\/td>\n<\/tr>\n<tr>\n<td valign=\"top\"><strong>16<\/strong><\/td>\n<td valign=\"top\"><strong>RENZO MAKIMOTO (COM)<\/strong><\/td>\n<td valign=\"top\"><strong>08\/09<\/strong><\/td>\n<td valign=\"top\"><strong>PENA<\/strong><\/td>\n<td valign=\"top\"><strong>BRANCA<\/strong><\/td>\n<td valign=\"top\"><strong>BRONZE<\/strong><\/td>\n<\/tr>\n<tr>\n<td valign=\"top\"><strong>17<\/strong><\/td>\n<td valign=\"top\"><strong>ELIVALDO FEITOSA (IND)<\/strong><\/td>\n<td valign=\"top\"><strong>10\/11<\/strong><\/td>\n<td valign=\"top\"><strong>LEVE<\/strong><\/td>\n<td valign=\"top\"><strong>AMARELA<\/strong><\/td>\n<td valign=\"top\"><strong>BRONZE<\/strong><\/td>\n<\/tr>\n<tr>\n<td valign=\"top\"><strong>18<\/strong><\/td>\n<td valign=\"top\"><strong>BRUNO SANTIAGO<\/strong><\/td>\n<td valign=\"top\"><strong>10\/11<\/strong><\/td>\n<td valign=\"top\"><strong>M. PESADO<\/strong><\/td>\n<td valign=\"top\"><strong>BRANCA<\/strong><\/td>\n<td valign=\"top\"><strong>BRONZE<\/strong><\/td>\n<\/tr>\n<tr>\n<td valign=\"top\"><strong>19<\/strong><\/td>\n<td valign=\"top\"><strong>RENAN CABRAL (COM)<\/strong><\/td>\n<td valign=\"top\"><strong>12\/13<\/strong><\/td>\n<td valign=\"top\"><strong>LEVE<\/strong><\/td>\n<td valign=\"top\"><strong>BRANCA<\/strong><\/td>\n<td valign=\"top\"><strong>BRONZE<\/strong><\/td>\n<\/tr>\n<tr>\n<td valign=\"top\"><strong>20<\/strong><\/td>\n<td valign=\"top\"><strong>JOS\u00c9 JO\u00c3O NIC\u00c1CIO (IND)<\/strong><\/td>\n<td valign=\"top\"><strong>14\/15<\/strong><\/td>\n<td valign=\"top\"><strong>PLUMA<\/strong><\/td>\n<td valign=\"top\"><strong>BRANCA<\/strong><\/td>\n<td valign=\"top\"><strong>BRONZE<\/strong><\/td>\n<\/tr>\n<tr>\n<td valign=\"top\"><strong>21<\/strong><\/td>\n<td valign=\"top\"><strong>FELIPE CONSENTINE (IND)<\/strong><\/td>\n<td valign=\"top\"><strong>ADULTO<\/strong><\/td>\n<td valign=\"top\"><strong>M\u00c9DIO<\/strong><\/td>\n<td valign=\"top\"><strong>AZUL<\/strong><\/td>\n<td valign=\"top\"><strong>BRONZE<\/strong><\/td>\n<\/tr>\n<tr>\n<td valign=\"top\"><strong>22<\/strong><\/td>\n<td valign=\"top\"><strong>ALEX ANGELO (COM)<\/strong><\/td>\n<td valign=\"top\"><strong>ADULTO<\/strong><\/td>\n<td valign=\"top\"><strong>PESAD\u00cdSSIMO<\/strong><\/td>\n<td valign=\"top\"><strong>BRANCA<\/strong><\/td>\n<td valign=\"top\"><strong>BRONZE<\/strong><\/td>\n<\/tr>\n<tr>\n<td valign=\"top\"><strong>23<\/strong><\/td>\n<td valign=\"top\"><strong>\u00a0<\/strong><\/td>\n<td valign=\"top\"><strong>\u00a0<\/strong><\/td>\n<td valign=\"top\"><strong>\u00a0<\/strong><\/td>\n<td valign=\"top\"><strong>\u00a0<\/strong><\/td>\n<td valign=\"top\"><strong>\u00a0<\/strong><\/td>\n<\/tr>\n<tr>\n<td valign=\"top\"><strong>24<\/strong><\/td>\n<td valign=\"top\"><strong>\u00a0<\/strong><\/td>\n<td valign=\"top\"><strong>\u00a0<\/strong><\/td>\n<td valign=\"top\"><strong>\u00a0<\/strong><\/td>\n<td valign=\"top\"><strong>\u00a0<\/strong><\/td>\n<td valign=\"top\"><strong>\u00a0<\/strong><\/td>\n<\/tr>\n<tr>\n<td valign=\"top\"><strong>25<\/strong><\/td>\n<td valign=\"top\"><strong>\u00a0<\/strong><\/td>\n<td valign=\"top\"><strong>\u00a0<\/strong><\/td>\n<td valign=\"top\"><strong>\u00a0<\/strong><\/td>\n<td valign=\"top\"><strong>\u00a0<\/strong><\/td>\n<td valign=\"top\"><strong>\u00a0<\/strong><\/td>\n<\/tr>\n<tr>\n<td valign=\"top\"><strong>26<\/strong><\/td>\n<td valign=\"top\"><strong>\u00a0<\/strong><\/td>\n<td valign=\"top\"><strong>\u00a0<\/strong><\/td>\n<td valign=\"top\"><strong>\u00a0<\/strong><\/td>\n<td valign=\"top\"><strong>\u00a0<\/strong><\/td>\n<td valign=\"top\"><strong>\u00a0<\/strong><\/td>\n<\/tr>\n<tr>\n<td valign=\"top\"><strong>27<\/strong><\/td>\n<td valign=\"top\"><strong>\u00a0<\/strong><\/td>\n<td valign=\"top\"><strong>\u00a0<\/strong><\/td>\n<td valign=\"top\"><strong>\u00a0<\/strong><\/td>\n<td valign=\"top\"><strong>\u00a0<\/strong><\/td>\n<td valign=\"top\"><strong>\u00a0<\/strong><\/td>\n<\/tr>\n<tr>\n<td valign=\"top\"><strong>28<\/strong><\/td>\n<td valign=\"top\"><strong>\u00a0<\/strong><\/td>\n<td valign=\"top\"><strong>\u00a0<\/strong><\/td>\n<td valign=\"top\"><strong>\u00a0<\/strong><\/td>\n<td valign=\"top\"><strong>\u00a0<\/strong><\/td>\n<td valign=\"top\"><strong>\u00a0<\/strong><\/td>\n<\/tr>\n<tr>\n<td valign=\"top\"><strong>29<\/strong><\/td>\n<td valign=\"top\"><strong>\u00a0<\/strong><\/td>\n<td valign=\"top\"><strong>\u00a0<\/strong><\/td>\n<td valign=\"top\"><strong>\u00a0<\/strong><\/td>\n<td valign=\"top\"><strong>\u00a0<\/strong><\/td>\n<td valign=\"top\"><strong>\u00a0<\/strong><\/td>\n<\/tr>\n<tr>\n<td valign=\"top\"><strong>30<\/strong><\/td>\n<td valign=\"top\"><strong>\u00a0<\/strong><\/td>\n<td valign=\"top\"><strong>\u00a0<\/strong><\/td>\n<td valign=\"top\"><strong>\u00a0<\/strong><\/td>\n<td valign=\"top\"><strong>\u00a0<\/strong><\/td>\n<td valign=\"top\"><strong>\u00a0<\/strong><\/td>\n<\/tr>\n<\/tbody>\n<\/table>\n<p>&nbsp;<\/p>\n<p><strong>PROFESSOR: F\u00c1BIO PINHEIRO<\/strong><\/p>\n<p><strong>ESTAGI\u00c1RIO: ANDR\u00c9 SOARES<\/strong><\/p>\n<p>[nggallery id=119]<\/p>\n<p>&nbsp;<\/p>\n","protected":false},"excerpt":{"rendered":"<p>O SESI Amazonas conquistou 22 medalhas, sendo oito de ouro, sete de prata e sete de bronze no 1\u00ba Open Ativa de Jiu-Jitsu, realizado nos dias 22 e 23, no Gin\u00e1sio Poliesportivo Jos\u00e9 Nasser, no Clube do Trabalhador. A competi\u00e7\u00e3o promovida pela Academia Chiquinho Top Team e apoio do SESI reuniu 800 atletas de 44 [&hellip;]<\/p>\n","protected":false},"author":1,"featured_media":0,"comment_status":"open","ping_status":"open","sticky":false,"template":"","format":"standard","meta":{"footnotes":""},"categories":[25],"tags":[],"class_list":["post-3458","post","type-post","status-publish","format-standard","hentry","category-news"],"yoast_head":"<!-- This site is optimized with the Yoast SEO plugin v28.2 - https:\/\/yoast.com\/product\/yoast-seo-wordpress\/ -->\n<title>Open Ativa de Jiu-J\u00edtsu - SESI<\/title>\n<meta name=\"robots\" content=\"index, follow, max-snippet:-1, max-image-preview:large, max-video-preview:-1\" \/>\n<link rel=\"canonical\" href=\"https:\/\/fieam.org.br\/sesi\/open-ativa-de-jiu-jitsu\/\" \/>\n<meta property=\"og:locale\" content=\"pt_BR\" \/>\n<meta property=\"og:type\" content=\"article\" \/>\n<meta property=\"og:title\" content=\"Open Ativa de Jiu-J\u00edtsu - SESI\" \/>\n<meta property=\"og:description\" content=\"O SESI Amazonas conquistou 22 medalhas, sendo oito de ouro, sete de prata e sete de bronze no 1\u00ba Open Ativa de Jiu-Jitsu, realizado nos dias 22 e 23, no Gin\u00e1sio Poliesportivo Jos\u00e9 Nasser, no Clube do Trabalhador. A competi\u00e7\u00e3o promovida pela Academia Chiquinho Top Team e apoio do SESI reuniu 800 atletas de 44 [&hellip;]\" \/>\n<meta property=\"og:url\" content=\"https:\/\/fieam.org.br\/sesi\/open-ativa-de-jiu-jitsu\/\" \/>\n<meta property=\"og:site_name\" content=\"SESI\" \/>\n<meta property=\"article:published_time\" content=\"2012-09-26T19:53:40+00:00\" \/>\n<meta name=\"author\" content=\"Autor\" \/>\n<meta name=\"twitter:card\" content=\"summary_large_image\" \/>\n<meta name=\"twitter:label1\" content=\"Escrito por\" \/>\n\t<meta name=\"twitter:data1\" content=\"Autor\" \/>\n\t<meta name=\"twitter:label2\" content=\"Est. tempo de leitura\" \/>\n\t<meta name=\"twitter:data2\" content=\"3 minutos\" \/>\n<script type=\"application\/ld+json\" class=\"yoast-schema-graph\">{\"@context\":\"https:\\\/\\\/schema.org\",\"@graph\":[{\"@type\":\"Article\",\"@id\":\"https:\\\/\\\/fieam.org.br\\\/sesi\\\/open-ativa-de-jiu-jitsu\\\/#article\",\"isPartOf\":{\"@id\":\"https:\\\/\\\/fieam.org.br\\\/sesi\\\/open-ativa-de-jiu-jitsu\\\/\"},\"author\":{\"name\":\"Autor\",\"@id\":\"https:\\\/\\\/fieam.org.br\\\/sesi\\\/#\\\/schema\\\/person\\\/f54998dd14d5f0695b41444f2b01c31e\"},\"headline\":\"Open Ativa de Jiu-J\u00edtsu\",\"datePublished\":\"2012-09-26T19:53:40+00:00\",\"mainEntityOfPage\":{\"@id\":\"https:\\\/\\\/fieam.org.br\\\/sesi\\\/open-ativa-de-jiu-jitsu\\\/\"},\"wordCount\":582,\"commentCount\":0,\"publisher\":{\"@id\":\"https:\\\/\\\/fieam.org.br\\\/sesi\\\/#organization\"},\"articleSection\":[\"News\"],\"inLanguage\":\"pt-BR\",\"potentialAction\":[{\"@type\":\"CommentAction\",\"name\":\"Comment\",\"target\":[\"https:\\\/\\\/fieam.org.br\\\/sesi\\\/open-ativa-de-jiu-jitsu\\\/#respond\"]}]},{\"@type\":\"WebPage\",\"@id\":\"https:\\\/\\\/fieam.org.br\\\/sesi\\\/open-ativa-de-jiu-jitsu\\\/\",\"url\":\"https:\\\/\\\/fieam.org.br\\\/sesi\\\/open-ativa-de-jiu-jitsu\\\/\",\"name\":\"Open Ativa de Jiu-J\u00edtsu - SESI\",\"isPartOf\":{\"@id\":\"https:\\\/\\\/fieam.org.br\\\/sesi\\\/#website\"},\"datePublished\":\"2012-09-26T19:53:40+00:00\",\"breadcrumb\":{\"@id\":\"https:\\\/\\\/fieam.org.br\\\/sesi\\\/open-ativa-de-jiu-jitsu\\\/#breadcrumb\"},\"inLanguage\":\"pt-BR\",\"potentialAction\":[{\"@type\":\"ReadAction\",\"target\":[\"https:\\\/\\\/fieam.org.br\\\/sesi\\\/open-ativa-de-jiu-jitsu\\\/\"]}]},{\"@type\":\"BreadcrumbList\",\"@id\":\"https:\\\/\\\/fieam.org.br\\\/sesi\\\/open-ativa-de-jiu-jitsu\\\/#breadcrumb\",\"itemListElement\":[{\"@type\":\"ListItem\",\"position\":1,\"name\":\"In\u00edcio\",\"item\":\"https:\\\/\\\/fieam.org.br\\\/sesi\\\/\"},{\"@type\":\"ListItem\",\"position\":2,\"name\":\"Open Ativa de Jiu-J\u00edtsu\"}]},{\"@type\":\"WebSite\",\"@id\":\"https:\\\/\\\/fieam.org.br\\\/sesi\\\/#website\",\"url\":\"https:\\\/\\\/fieam.org.br\\\/sesi\\\/\",\"name\":\"SESI\",\"description\":\"Site Oficial!\",\"publisher\":{\"@id\":\"https:\\\/\\\/fieam.org.br\\\/sesi\\\/#organization\"},\"potentialAction\":[{\"@type\":\"SearchAction\",\"target\":{\"@type\":\"EntryPoint\",\"urlTemplate\":\"https:\\\/\\\/fieam.org.br\\\/sesi\\\/?s={search_term_string}\"},\"query-input\":{\"@type\":\"PropertyValueSpecification\",\"valueRequired\":true,\"valueName\":\"search_term_string\"}}],\"inLanguage\":\"pt-BR\"},{\"@type\":\"Organization\",\"@id\":\"https:\\\/\\\/fieam.org.br\\\/sesi\\\/#organization\",\"name\":\"SESI\",\"url\":\"https:\\\/\\\/fieam.org.br\\\/sesi\\\/\",\"logo\":{\"@type\":\"ImageObject\",\"inLanguage\":\"pt-BR\",\"@id\":\"https:\\\/\\\/fieam.org.br\\\/sesi\\\/#\\\/schema\\\/logo\\\/image\\\/\",\"url\":\"https:\\\/\\\/fieam.org.br\\\/sesi\\\/wp-content\\\/uploads\\\/sites\\\/14\\\/2024\\\/03\\\/cropped-fav.png\",\"contentUrl\":\"https:\\\/\\\/fieam.org.br\\\/sesi\\\/wp-content\\\/uploads\\\/sites\\\/14\\\/2024\\\/03\\\/cropped-fav.png\",\"width\":610,\"height\":589,\"caption\":\"SESI\"},\"image\":{\"@id\":\"https:\\\/\\\/fieam.org.br\\\/sesi\\\/#\\\/schema\\\/logo\\\/image\\\/\"}},{\"@type\":\"Person\",\"@id\":\"https:\\\/\\\/fieam.org.br\\\/sesi\\\/#\\\/schema\\\/person\\\/f54998dd14d5f0695b41444f2b01c31e\",\"name\":\"Autor\",\"image\":{\"@type\":\"ImageObject\",\"inLanguage\":\"pt-BR\",\"@id\":\"https:\\\/\\\/secure.gravatar.com\\\/avatar\\\/3732c223e0e1fad69062a8f770955c9068d37b055204f310a0be18d4069fe380?s=96&d=mm&r=g\",\"url\":\"https:\\\/\\\/secure.gravatar.com\\\/avatar\\\/3732c223e0e1fad69062a8f770955c9068d37b055204f310a0be18d4069fe380?s=96&d=mm&r=g\",\"contentUrl\":\"https:\\\/\\\/secure.gravatar.com\\\/avatar\\\/3732c223e0e1fad69062a8f770955c9068d37b055204f310a0be18d4069fe380?s=96&d=mm&r=g\",\"caption\":\"Autor\"},\"sameAs\":[\"https:\\\/\\\/marketingmassivo.com.br\"],\"url\":\"https:\\\/\\\/fieam.org.br\\\/sesi\\\/author\\\/admin\\\/\"}]}<\/script>\n<!-- \/ Yoast SEO plugin. -->","yoast_head_json":{"title":"Open Ativa de Jiu-J\u00edtsu - SESI","robots":{"index":"index","follow":"follow","max-snippet":"max-snippet:-1","max-image-preview":"max-image-preview:large","max-video-preview":"max-video-preview:-1"},"canonical":"https:\/\/fieam.org.br\/sesi\/open-ativa-de-jiu-jitsu\/","og_locale":"pt_BR","og_type":"article","og_title":"Open Ativa de Jiu-J\u00edtsu - SESI","og_description":"O SESI Amazonas conquistou 22 medalhas, sendo oito de ouro, sete de prata e sete de bronze no 1\u00ba Open Ativa de Jiu-Jitsu, realizado nos dias 22 e 23, no Gin\u00e1sio Poliesportivo Jos\u00e9 Nasser, no Clube do Trabalhador. A competi\u00e7\u00e3o promovida pela Academia Chiquinho Top Team e apoio do SESI reuniu 800 atletas de 44 [&hellip;]","og_url":"https:\/\/fieam.org.br\/sesi\/open-ativa-de-jiu-jitsu\/","og_site_name":"SESI","article_published_time":"2012-09-26T19:53:40+00:00","author":"Autor","twitter_card":"summary_large_image","twitter_misc":{"Escrito por":"Autor","Est. tempo de leitura":"3 minutos"},"schema":{"@context":"https:\/\/schema.org","@graph":[{"@type":"Article","@id":"https:\/\/fieam.org.br\/sesi\/open-ativa-de-jiu-jitsu\/#article","isPartOf":{"@id":"https:\/\/fieam.org.br\/sesi\/open-ativa-de-jiu-jitsu\/"},"author":{"name":"Autor","@id":"https:\/\/fieam.org.br\/sesi\/#\/schema\/person\/f54998dd14d5f0695b41444f2b01c31e"},"headline":"Open Ativa de Jiu-J\u00edtsu","datePublished":"2012-09-26T19:53:40+00:00","mainEntityOfPage":{"@id":"https:\/\/fieam.org.br\/sesi\/open-ativa-de-jiu-jitsu\/"},"wordCount":582,"commentCount":0,"publisher":{"@id":"https:\/\/fieam.org.br\/sesi\/#organization"},"articleSection":["News"],"inLanguage":"pt-BR","potentialAction":[{"@type":"CommentAction","name":"Comment","target":["https:\/\/fieam.org.br\/sesi\/open-ativa-de-jiu-jitsu\/#respond"]}]},{"@type":"WebPage","@id":"https:\/\/fieam.org.br\/sesi\/open-ativa-de-jiu-jitsu\/","url":"https:\/\/fieam.org.br\/sesi\/open-ativa-de-jiu-jitsu\/","name":"Open Ativa de Jiu-J\u00edtsu - SESI","isPartOf":{"@id":"https:\/\/fieam.org.br\/sesi\/#website"},"datePublished":"2012-09-26T19:53:40+00:00","breadcrumb":{"@id":"https:\/\/fieam.org.br\/sesi\/open-ativa-de-jiu-jitsu\/#breadcrumb"},"inLanguage":"pt-BR","potentialAction":[{"@type":"ReadAction","target":["https:\/\/fieam.org.br\/sesi\/open-ativa-de-jiu-jitsu\/"]}]},{"@type":"BreadcrumbList","@id":"https:\/\/fieam.org.br\/sesi\/open-ativa-de-jiu-jitsu\/#breadcrumb","itemListElement":[{"@type":"ListItem","position":1,"name":"In\u00edcio","item":"https:\/\/fieam.org.br\/sesi\/"},{"@type":"ListItem","position":2,"name":"Open Ativa de Jiu-J\u00edtsu"}]},{"@type":"WebSite","@id":"https:\/\/fieam.org.br\/sesi\/#website","url":"https:\/\/fieam.org.br\/sesi\/","name":"SESI","description":"Site Oficial!","publisher":{"@id":"https:\/\/fieam.org.br\/sesi\/#organization"},"potentialAction":[{"@type":"SearchAction","target":{"@type":"EntryPoint","urlTemplate":"https:\/\/fieam.org.br\/sesi\/?s={search_term_string}"},"query-input":{"@type":"PropertyValueSpecification","valueRequired":true,"valueName":"search_term_string"}}],"inLanguage":"pt-BR"},{"@type":"Organization","@id":"https:\/\/fieam.org.br\/sesi\/#organization","name":"SESI","url":"https:\/\/fieam.org.br\/sesi\/","logo":{"@type":"ImageObject","inLanguage":"pt-BR","@id":"https:\/\/fieam.org.br\/sesi\/#\/schema\/logo\/image\/","url":"https:\/\/fieam.org.br\/sesi\/wp-content\/uploads\/sites\/14\/2024\/03\/cropped-fav.png","contentUrl":"https:\/\/fieam.org.br\/sesi\/wp-content\/uploads\/sites\/14\/2024\/03\/cropped-fav.png","width":610,"height":589,"caption":"SESI"},"image":{"@id":"https:\/\/fieam.org.br\/sesi\/#\/schema\/logo\/image\/"}},{"@type":"Person","@id":"https:\/\/fieam.org.br\/sesi\/#\/schema\/person\/f54998dd14d5f0695b41444f2b01c31e","name":"Autor","image":{"@type":"ImageObject","inLanguage":"pt-BR","@id":"https:\/\/secure.gravatar.com\/avatar\/3732c223e0e1fad69062a8f770955c9068d37b055204f310a0be18d4069fe380?s=96&d=mm&r=g","url":"https:\/\/secure.gravatar.com\/avatar\/3732c223e0e1fad69062a8f770955c9068d37b055204f310a0be18d4069fe380?s=96&d=mm&r=g","contentUrl":"https:\/\/secure.gravatar.com\/avatar\/3732c223e0e1fad69062a8f770955c9068d37b055204f310a0be18d4069fe380?s=96&d=mm&r=g","caption":"Autor"},"sameAs":["https:\/\/marketingmassivo.com.br"],"url":"https:\/\/fieam.org.br\/sesi\/author\/admin\/"}]}},"_links":{"self":[{"href":"https:\/\/fieam.org.br\/sesi\/wp-json\/wp\/v2\/posts\/3458","targetHints":{"allow":["GET"]}}],"collection":[{"href":"https:\/\/fieam.org.br\/sesi\/wp-json\/wp\/v2\/posts"}],"about":[{"href":"https:\/\/fieam.org.br\/sesi\/wp-json\/wp\/v2\/types\/post"}],"author":[{"embeddable":true,"href":"https:\/\/fieam.org.br\/sesi\/wp-json\/wp\/v2\/users\/1"}],"replies":[{"embeddable":true,"href":"https:\/\/fieam.org.br\/sesi\/wp-json\/wp\/v2\/comments?post=3458"}],"version-history":[{"count":0,"href":"https:\/\/fieam.org.br\/sesi\/wp-json\/wp\/v2\/posts\/3458\/revisions"}],"wp:attachment":[{"href":"https:\/\/fieam.org.br\/sesi\/wp-json\/wp\/v2\/media?parent=3458"}],"wp:term":[{"taxonomy":"category","embeddable":true,"href":"https:\/\/fieam.org.br\/sesi\/wp-json\/wp\/v2\/categories?post=3458"},{"taxonomy":"post_tag","embeddable":true,"href":"https:\/\/fieam.org.br\/sesi\/wp-json\/wp\/v2\/tags?post=3458"}],"curies":[{"name":"wp","href":"https:\/\/api.w.org\/{rel}","templated":true}]}}