{"id":3433,"date":"2012-09-19T22:54:49","date_gmt":"2012-09-19T22:54:49","guid":{"rendered":"http:\/\/www.fieam.org.br\/site\/sesi\/?p=3433"},"modified":"2012-09-19T22:54:49","modified_gmt":"2012-09-19T22:54:49","slug":"gracie-visita-academia-do-sesi-2","status":"publish","type":"post","link":"https:\/\/fieam.org.br\/sesi\/gracie-visita-academia-do-sesi-2\/","title":{"rendered":"Gracie visita Academia do SESI"},"content":{"rendered":"<p>O Amazonas \u00e9 o 2\u00ba polo de jiu-j\u00edtsu do Brasil, atr\u00e1s apenas do Rio de Janeiro. A observa\u00e7\u00e3o \u00e9 do mestre em jiu-j\u00edtsu, Reyson Gracie, em visita ontem (18) a Academia de Jiu-J\u00edtsu do <a href=\"http:\/\/www.fieam.org.br\/site\/sesi\/institucional\/\">SESI<\/a>. Reyson disse aos alunos que a nova gera\u00e7\u00e3o deve dar continuidade ao trabalho de divulga\u00e7\u00e3o do jiu-jitsu iniciado pela fam\u00edlia h\u00e1 60 anos, ressaltando que a <a href=\"http:\/\/www.fajje.com.br\/\">Federa\u00e7\u00e3o Amazonense de Jiu-Jitsu Esportivo (Fajje)<\/a> foi a segunda a ser implantada no Brasil.<\/p>\n<p>Segundo a Fajje, cerca de 10 mil pessoas frequentam regularmente 200 academias em Manaus.<\/p>\n<p>Reyson, 70, filho de Carlos Gracie, \u00e9 uma figura lend\u00e1ria que sempre viu a evolu\u00e7\u00e3o do jiu-jitsu no mundo e tem como proposta a inclus\u00e3o do esporte em escolas p\u00fablicas e particulares no Brasil. Ele foi o respons\u00e1vel pela introdu\u00e7\u00e3o do jiu-j\u00edtsu no Amazonas, em 1977, hoje\u00a0 considerado o maior polo de forma\u00e7\u00e3o de lutadores de jiu-j\u00edtsu e MMA, com prest\u00edgio internacional, citando,\u00a0 Ronaldo \u201cJacar\u00e9\u201d, Jos\u00e9 Aldo, entre outros.<\/p>\n<p>De acordo com o homenageado, o MMA abre o mercado de trabalho para os profissionais de educa\u00e7\u00e3o de Educa\u00e7\u00e3o que poder\u00e3o atuar como consultores, e que os praticantes do jiu-j\u00edtsu t\u00eam mais chances de atingir a MMA, por ser mais completa.<\/p>\n<p>Gracie disse que acompanha o avan\u00e7o da modalidade no Amazonas, que hoje \u00e9 superior ao futebol, ressaltando que o jiu-j\u00edtsu defendido pela fam\u00edlia n\u00e3o tem como foco apenas o combate, mas a parte educacional para crian\u00e7as e adolescentes, visando principalmente a forma\u00e7\u00e3o do car\u00e1ter da pessoa.<\/p>\n<p>Para o mestre de jiu-j\u00edtsu, o lado pedag\u00f3gico-educacional foi sempre a preocupa\u00e7\u00e3o dos Gracies. Disse ainda que as lutas de vale-tudo foram necess\u00e1rias em raz\u00e3o dos contratos comerciais e que tamb\u00e9m serviram de laborat\u00f3rios para comprovar a efici\u00eancia do jiu-j\u00edtsu em rela\u00e7\u00e3o \u00e0s outras modalidades marciais, por ser mais abrangente, onde os combates se d\u00e3o em p\u00e9, agarrado, no ch\u00e3o, \u00e0 dist\u00e2ncia, de kimono e sem kimono.<\/p>\n<p>Disse tamb\u00e9m que se sente amazonense, pois tem uma filha (Klenda Gracie) nascida em Manaus, em 1978, e que est\u00e1 mais orgulhoso, ainda, porque vai receber este ano o t\u00edtulo de Cidad\u00e3o do Amazonas, concedido pela <a href=\"http:\/\/www.aleam.gov.br\/\">Assembleia Legislativa do Amazonas<\/a>, de autoria do deputado Chico Preto.<\/p>\n<p>A gerente de lazer, cultura, e esporte do SESI, Nelsi Luni\u00e8re, disse que a presen\u00e7a de Reyson Gracie no SESI, motiva e abre novas perspectivas para o crescimento ainda maior da modalidade, ressaltando a visibilidade que a presen\u00e7a de Reyson dar\u00e1 a Academia. A Academia de Jiu-J\u00edtsu do SESI beneficia cerca de cem alunos e funciona de segunda a sexta, <a href=\"http:\/\/www.fieam.org.br\/site\/sesi\/lazer-clube-do-trabalhador-do-amazonas\/\">no Clube do Trabalhador<\/a>, pela parte da noite.<\/p>\n<p>[nggallery id=113]<\/p>\n","protected":false},"excerpt":{"rendered":"<p>O Amazonas \u00e9 o 2\u00ba polo de jiu-j\u00edtsu do Brasil, atr\u00e1s apenas do Rio de Janeiro. A observa\u00e7\u00e3o \u00e9 do mestre em jiu-j\u00edtsu, Reyson Gracie, em visita ontem (18) a Academia de Jiu-J\u00edtsu do SESI. Reyson disse aos alunos que a nova gera\u00e7\u00e3o deve dar continuidade ao trabalho de divulga\u00e7\u00e3o do jiu-jitsu iniciado pela fam\u00edlia [&hellip;]<\/p>\n","protected":false},"author":1,"featured_media":0,"comment_status":"open","ping_status":"open","sticky":false,"template":"","format":"standard","meta":{"footnotes":""},"categories":[25],"tags":[],"class_list":["post-3433","post","type-post","status-publish","format-standard","hentry","category-news"],"yoast_head":"<!-- This site is optimized with the Yoast SEO plugin v28.2 - https:\/\/yoast.com\/product\/yoast-seo-wordpress\/ -->\n<title>Gracie visita Academia do SESI - SESI<\/title>\n<meta name=\"robots\" content=\"index, follow, max-snippet:-1, max-image-preview:large, max-video-preview:-1\" \/>\n<link rel=\"canonical\" href=\"https:\/\/fieam.org.br\/sesi\/gracie-visita-academia-do-sesi-2\/\" \/>\n<meta property=\"og:locale\" content=\"pt_BR\" \/>\n<meta property=\"og:type\" content=\"article\" \/>\n<meta property=\"og:title\" content=\"Gracie visita Academia do SESI - SESI\" \/>\n<meta property=\"og:description\" content=\"O Amazonas \u00e9 o 2\u00ba polo de jiu-j\u00edtsu do Brasil, atr\u00e1s apenas do Rio de Janeiro. A observa\u00e7\u00e3o \u00e9 do mestre em jiu-j\u00edtsu, Reyson Gracie, em visita ontem (18) a Academia de Jiu-J\u00edtsu do SESI. Reyson disse aos alunos que a nova gera\u00e7\u00e3o deve dar continuidade ao trabalho de divulga\u00e7\u00e3o do jiu-jitsu iniciado pela fam\u00edlia [&hellip;]\" \/>\n<meta property=\"og:url\" content=\"https:\/\/fieam.org.br\/sesi\/gracie-visita-academia-do-sesi-2\/\" \/>\n<meta property=\"og:site_name\" content=\"SESI\" \/>\n<meta property=\"article:published_time\" content=\"2012-09-19T22:54:49+00:00\" \/>\n<meta name=\"author\" content=\"Autor\" \/>\n<meta name=\"twitter:card\" content=\"summary_large_image\" \/>\n<meta name=\"twitter:label1\" content=\"Escrito por\" \/>\n\t<meta name=\"twitter:data1\" content=\"Autor\" \/>\n\t<meta name=\"twitter:label2\" content=\"Est. tempo de leitura\" \/>\n\t<meta name=\"twitter:data2\" content=\"2 minutos\" \/>\n<script type=\"application\/ld+json\" class=\"yoast-schema-graph\">{\"@context\":\"https:\\\/\\\/schema.org\",\"@graph\":[{\"@type\":\"Article\",\"@id\":\"https:\\\/\\\/fieam.org.br\\\/sesi\\\/gracie-visita-academia-do-sesi-2\\\/#article\",\"isPartOf\":{\"@id\":\"https:\\\/\\\/fieam.org.br\\\/sesi\\\/gracie-visita-academia-do-sesi-2\\\/\"},\"author\":{\"name\":\"Autor\",\"@id\":\"https:\\\/\\\/fieam.org.br\\\/sesi\\\/#\\\/schema\\\/person\\\/f54998dd14d5f0695b41444f2b01c31e\"},\"headline\":\"Gracie visita Academia do SESI\",\"datePublished\":\"2012-09-19T22:54:49+00:00\",\"mainEntityOfPage\":{\"@id\":\"https:\\\/\\\/fieam.org.br\\\/sesi\\\/gracie-visita-academia-do-sesi-2\\\/\"},\"wordCount\":471,\"commentCount\":0,\"publisher\":{\"@id\":\"https:\\\/\\\/fieam.org.br\\\/sesi\\\/#organization\"},\"articleSection\":[\"News\"],\"inLanguage\":\"pt-BR\",\"potentialAction\":[{\"@type\":\"CommentAction\",\"name\":\"Comment\",\"target\":[\"https:\\\/\\\/fieam.org.br\\\/sesi\\\/gracie-visita-academia-do-sesi-2\\\/#respond\"]}]},{\"@type\":\"WebPage\",\"@id\":\"https:\\\/\\\/fieam.org.br\\\/sesi\\\/gracie-visita-academia-do-sesi-2\\\/\",\"url\":\"https:\\\/\\\/fieam.org.br\\\/sesi\\\/gracie-visita-academia-do-sesi-2\\\/\",\"name\":\"Gracie visita Academia do SESI - SESI\",\"isPartOf\":{\"@id\":\"https:\\\/\\\/fieam.org.br\\\/sesi\\\/#website\"},\"datePublished\":\"2012-09-19T22:54:49+00:00\",\"breadcrumb\":{\"@id\":\"https:\\\/\\\/fieam.org.br\\\/sesi\\\/gracie-visita-academia-do-sesi-2\\\/#breadcrumb\"},\"inLanguage\":\"pt-BR\",\"potentialAction\":[{\"@type\":\"ReadAction\",\"target\":[\"https:\\\/\\\/fieam.org.br\\\/sesi\\\/gracie-visita-academia-do-sesi-2\\\/\"]}]},{\"@type\":\"BreadcrumbList\",\"@id\":\"https:\\\/\\\/fieam.org.br\\\/sesi\\\/gracie-visita-academia-do-sesi-2\\\/#breadcrumb\",\"itemListElement\":[{\"@type\":\"ListItem\",\"position\":1,\"name\":\"In\u00edcio\",\"item\":\"https:\\\/\\\/fieam.org.br\\\/sesi\\\/\"},{\"@type\":\"ListItem\",\"position\":2,\"name\":\"Gracie visita Academia do SESI\"}]},{\"@type\":\"WebSite\",\"@id\":\"https:\\\/\\\/fieam.org.br\\\/sesi\\\/#website\",\"url\":\"https:\\\/\\\/fieam.org.br\\\/sesi\\\/\",\"name\":\"SESI\",\"description\":\"Site Oficial!\",\"publisher\":{\"@id\":\"https:\\\/\\\/fieam.org.br\\\/sesi\\\/#organization\"},\"potentialAction\":[{\"@type\":\"SearchAction\",\"target\":{\"@type\":\"EntryPoint\",\"urlTemplate\":\"https:\\\/\\\/fieam.org.br\\\/sesi\\\/?s={search_term_string}\"},\"query-input\":{\"@type\":\"PropertyValueSpecification\",\"valueRequired\":true,\"valueName\":\"search_term_string\"}}],\"inLanguage\":\"pt-BR\"},{\"@type\":\"Organization\",\"@id\":\"https:\\\/\\\/fieam.org.br\\\/sesi\\\/#organization\",\"name\":\"SESI\",\"url\":\"https:\\\/\\\/fieam.org.br\\\/sesi\\\/\",\"logo\":{\"@type\":\"ImageObject\",\"inLanguage\":\"pt-BR\",\"@id\":\"https:\\\/\\\/fieam.org.br\\\/sesi\\\/#\\\/schema\\\/logo\\\/image\\\/\",\"url\":\"https:\\\/\\\/fieam.org.br\\\/sesi\\\/wp-content\\\/uploads\\\/sites\\\/14\\\/2024\\\/03\\\/cropped-fav.png\",\"contentUrl\":\"https:\\\/\\\/fieam.org.br\\\/sesi\\\/wp-content\\\/uploads\\\/sites\\\/14\\\/2024\\\/03\\\/cropped-fav.png\",\"width\":610,\"height\":589,\"caption\":\"SESI\"},\"image\":{\"@id\":\"https:\\\/\\\/fieam.org.br\\\/sesi\\\/#\\\/schema\\\/logo\\\/image\\\/\"}},{\"@type\":\"Person\",\"@id\":\"https:\\\/\\\/fieam.org.br\\\/sesi\\\/#\\\/schema\\\/person\\\/f54998dd14d5f0695b41444f2b01c31e\",\"name\":\"Autor\",\"image\":{\"@type\":\"ImageObject\",\"inLanguage\":\"pt-BR\",\"@id\":\"https:\\\/\\\/secure.gravatar.com\\\/avatar\\\/3732c223e0e1fad69062a8f770955c9068d37b055204f310a0be18d4069fe380?s=96&d=mm&r=g\",\"url\":\"https:\\\/\\\/secure.gravatar.com\\\/avatar\\\/3732c223e0e1fad69062a8f770955c9068d37b055204f310a0be18d4069fe380?s=96&d=mm&r=g\",\"contentUrl\":\"https:\\\/\\\/secure.gravatar.com\\\/avatar\\\/3732c223e0e1fad69062a8f770955c9068d37b055204f310a0be18d4069fe380?s=96&d=mm&r=g\",\"caption\":\"Autor\"},\"sameAs\":[\"https:\\\/\\\/marketingmassivo.com.br\"],\"url\":\"https:\\\/\\\/fieam.org.br\\\/sesi\\\/author\\\/admin\\\/\"}]}<\/script>\n<!-- \/ Yoast SEO plugin. -->","yoast_head_json":{"title":"Gracie visita Academia do SESI - SESI","robots":{"index":"index","follow":"follow","max-snippet":"max-snippet:-1","max-image-preview":"max-image-preview:large","max-video-preview":"max-video-preview:-1"},"canonical":"https:\/\/fieam.org.br\/sesi\/gracie-visita-academia-do-sesi-2\/","og_locale":"pt_BR","og_type":"article","og_title":"Gracie visita Academia do SESI - SESI","og_description":"O Amazonas \u00e9 o 2\u00ba polo de jiu-j\u00edtsu do Brasil, atr\u00e1s apenas do Rio de Janeiro. A observa\u00e7\u00e3o \u00e9 do mestre em jiu-j\u00edtsu, Reyson Gracie, em visita ontem (18) a Academia de Jiu-J\u00edtsu do SESI. Reyson disse aos alunos que a nova gera\u00e7\u00e3o deve dar continuidade ao trabalho de divulga\u00e7\u00e3o do jiu-jitsu iniciado pela fam\u00edlia [&hellip;]","og_url":"https:\/\/fieam.org.br\/sesi\/gracie-visita-academia-do-sesi-2\/","og_site_name":"SESI","article_published_time":"2012-09-19T22:54:49+00:00","author":"Autor","twitter_card":"summary_large_image","twitter_misc":{"Escrito por":"Autor","Est. tempo de leitura":"2 minutos"},"schema":{"@context":"https:\/\/schema.org","@graph":[{"@type":"Article","@id":"https:\/\/fieam.org.br\/sesi\/gracie-visita-academia-do-sesi-2\/#article","isPartOf":{"@id":"https:\/\/fieam.org.br\/sesi\/gracie-visita-academia-do-sesi-2\/"},"author":{"name":"Autor","@id":"https:\/\/fieam.org.br\/sesi\/#\/schema\/person\/f54998dd14d5f0695b41444f2b01c31e"},"headline":"Gracie visita Academia do SESI","datePublished":"2012-09-19T22:54:49+00:00","mainEntityOfPage":{"@id":"https:\/\/fieam.org.br\/sesi\/gracie-visita-academia-do-sesi-2\/"},"wordCount":471,"commentCount":0,"publisher":{"@id":"https:\/\/fieam.org.br\/sesi\/#organization"},"articleSection":["News"],"inLanguage":"pt-BR","potentialAction":[{"@type":"CommentAction","name":"Comment","target":["https:\/\/fieam.org.br\/sesi\/gracie-visita-academia-do-sesi-2\/#respond"]}]},{"@type":"WebPage","@id":"https:\/\/fieam.org.br\/sesi\/gracie-visita-academia-do-sesi-2\/","url":"https:\/\/fieam.org.br\/sesi\/gracie-visita-academia-do-sesi-2\/","name":"Gracie visita Academia do SESI - SESI","isPartOf":{"@id":"https:\/\/fieam.org.br\/sesi\/#website"},"datePublished":"2012-09-19T22:54:49+00:00","breadcrumb":{"@id":"https:\/\/fieam.org.br\/sesi\/gracie-visita-academia-do-sesi-2\/#breadcrumb"},"inLanguage":"pt-BR","potentialAction":[{"@type":"ReadAction","target":["https:\/\/fieam.org.br\/sesi\/gracie-visita-academia-do-sesi-2\/"]}]},{"@type":"BreadcrumbList","@id":"https:\/\/fieam.org.br\/sesi\/gracie-visita-academia-do-sesi-2\/#breadcrumb","itemListElement":[{"@type":"ListItem","position":1,"name":"In\u00edcio","item":"https:\/\/fieam.org.br\/sesi\/"},{"@type":"ListItem","position":2,"name":"Gracie visita Academia do SESI"}]},{"@type":"WebSite","@id":"https:\/\/fieam.org.br\/sesi\/#website","url":"https:\/\/fieam.org.br\/sesi\/","name":"SESI","description":"Site Oficial!","publisher":{"@id":"https:\/\/fieam.org.br\/sesi\/#organization"},"potentialAction":[{"@type":"SearchAction","target":{"@type":"EntryPoint","urlTemplate":"https:\/\/fieam.org.br\/sesi\/?s={search_term_string}"},"query-input":{"@type":"PropertyValueSpecification","valueRequired":true,"valueName":"search_term_string"}}],"inLanguage":"pt-BR"},{"@type":"Organization","@id":"https:\/\/fieam.org.br\/sesi\/#organization","name":"SESI","url":"https:\/\/fieam.org.br\/sesi\/","logo":{"@type":"ImageObject","inLanguage":"pt-BR","@id":"https:\/\/fieam.org.br\/sesi\/#\/schema\/logo\/image\/","url":"https:\/\/fieam.org.br\/sesi\/wp-content\/uploads\/sites\/14\/2024\/03\/cropped-fav.png","contentUrl":"https:\/\/fieam.org.br\/sesi\/wp-content\/uploads\/sites\/14\/2024\/03\/cropped-fav.png","width":610,"height":589,"caption":"SESI"},"image":{"@id":"https:\/\/fieam.org.br\/sesi\/#\/schema\/logo\/image\/"}},{"@type":"Person","@id":"https:\/\/fieam.org.br\/sesi\/#\/schema\/person\/f54998dd14d5f0695b41444f2b01c31e","name":"Autor","image":{"@type":"ImageObject","inLanguage":"pt-BR","@id":"https:\/\/secure.gravatar.com\/avatar\/3732c223e0e1fad69062a8f770955c9068d37b055204f310a0be18d4069fe380?s=96&d=mm&r=g","url":"https:\/\/secure.gravatar.com\/avatar\/3732c223e0e1fad69062a8f770955c9068d37b055204f310a0be18d4069fe380?s=96&d=mm&r=g","contentUrl":"https:\/\/secure.gravatar.com\/avatar\/3732c223e0e1fad69062a8f770955c9068d37b055204f310a0be18d4069fe380?s=96&d=mm&r=g","caption":"Autor"},"sameAs":["https:\/\/marketingmassivo.com.br"],"url":"https:\/\/fieam.org.br\/sesi\/author\/admin\/"}]}},"_links":{"self":[{"href":"https:\/\/fieam.org.br\/sesi\/wp-json\/wp\/v2\/posts\/3433","targetHints":{"allow":["GET"]}}],"collection":[{"href":"https:\/\/fieam.org.br\/sesi\/wp-json\/wp\/v2\/posts"}],"about":[{"href":"https:\/\/fieam.org.br\/sesi\/wp-json\/wp\/v2\/types\/post"}],"author":[{"embeddable":true,"href":"https:\/\/fieam.org.br\/sesi\/wp-json\/wp\/v2\/users\/1"}],"replies":[{"embeddable":true,"href":"https:\/\/fieam.org.br\/sesi\/wp-json\/wp\/v2\/comments?post=3433"}],"version-history":[{"count":0,"href":"https:\/\/fieam.org.br\/sesi\/wp-json\/wp\/v2\/posts\/3433\/revisions"}],"wp:attachment":[{"href":"https:\/\/fieam.org.br\/sesi\/wp-json\/wp\/v2\/media?parent=3433"}],"wp:term":[{"taxonomy":"category","embeddable":true,"href":"https:\/\/fieam.org.br\/sesi\/wp-json\/wp\/v2\/categories?post=3433"},{"taxonomy":"post_tag","embeddable":true,"href":"https:\/\/fieam.org.br\/sesi\/wp-json\/wp\/v2\/tags?post=3433"}],"curies":[{"name":"wp","href":"https:\/\/api.w.org\/{rel}","templated":true}]}}