{"id":3409,"date":"2012-09-04T14:04:04","date_gmt":"2012-09-04T14:04:04","guid":{"rendered":"http:\/\/www.fieam.org.br\/site\/sesi\/?p=3409"},"modified":"2012-09-04T14:04:04","modified_gmt":"2012-09-04T14:04:04","slug":"funcionarios-do-sesi-ficam-de-bem-com-a-vida","status":"publish","type":"post","link":"https:\/\/fieam.org.br\/sesi\/funcionarios-do-sesi-ficam-de-bem-com-a-vida\/","title":{"rendered":"Funcion\u00e1rios do SESI ficam de &#8220;bem com a vida&#8221;"},"content":{"rendered":"<figure id=\"attachment_3410\" aria-describedby=\"caption-attachment-3410\" style=\"width: 300px\" class=\"wp-caption alignleft\"><a href=\"https:\/\/marketingmassivo.com.br\/sesi\/wp-content\/uploads\/sites\/12\/2012\/09\/Acilda-degusta-suco-da-horta.jpg\"><img fetchpriority=\"high\" decoding=\"async\" class=\"size-medium wp-image-3410\" src=\"http:\/\/www.fieam.org.br\/2015\/sesi\/wp-content\/uploads\/sites\/2\/2012\/09\/Acilda-degusta-suco-da-horta-300x200.jpg\" alt=\"Acilda degusta  suco da horta\" width=\"300\" height=\"200\" srcset=\"https:\/\/fieam.org.br\/sesi\/wp-content\/uploads\/sites\/14\/2012\/09\/Acilda-degusta-suco-da-horta-300x200.jpg 300w, https:\/\/fieam.org.br\/sesi\/wp-content\/uploads\/sites\/14\/2012\/09\/Acilda-degusta-suco-da-horta-768x512.jpg 768w, https:\/\/fieam.org.br\/sesi\/wp-content\/uploads\/sites\/14\/2012\/09\/Acilda-degusta-suco-da-horta.jpg 1024w\" sizes=\"(max-width: 300px) 100vw, 300px\" \/><\/a><figcaption id=\"caption-attachment-3410\" class=\"wp-caption-text\">Acilda degusta suco da horta<\/figcaption><\/figure>\n<p>Reconhecido por promover a melhoria da qualidade de vida dos industri\u00e1rios e seus dependentes, o <a href=\"http:\/\/www.fieam.org.br\/site\/sesi\/institucional\/\" target=\"_blank\" rel=\"noopener\">Servi\u00e7o Social da Ind\u00fastria (SESI Amazonas)<\/a> fez, mais uma vez, o dever de casa, na \u00faltima sexta-feira (31), com o 3\u00ba workshop \u201cDe bem com a vida\u201d, para os cerca de 300 funcion\u00e1rios da <a href=\"http:\/\/www.fieam.org.br\/site\/sesi\/educacao-cria\/\" target=\"_blank\" rel=\"noopener\">Unidade SESI de Educa\u00e7\u00e3o Dr. Francisco Garcia<\/a>, no Distrito Industrial. Professores, t\u00e9cnicos, administrativos e auxiliares passaram por exames de sa\u00fade e receberam orienta\u00e7\u00f5es sobre alimenta\u00e7\u00e3o e estilo de vida saud\u00e1veis.<\/p>\n<p>De acordo com a enfermeira Michelle Pierre, do Servi\u00e7o Especializado em Engenharia de Seguran\u00e7a e Medicina do Trabalho (SESMT) e uma das coordenadoras do evento, o workshop foi idealizado ap\u00f3s a verifica\u00e7\u00e3o, por meio de exames peri\u00f3dicos, de que o colesterol e a press\u00e3o arterial da maioria estavam acima dos n\u00edveis desej\u00e1veis. Ela disse que a realiza\u00e7\u00e3o das atividades no pr\u00f3prio local de trabalho tem ajudado a melhorar a qualidade de vida dos colaboradores. Segundo a enfermeira, os colaboradores que apresentam algum problema recebem acompanhamento de psic\u00f3logos, nutricionista, enfermeiros ou professores de educa\u00e7\u00e3o f\u00edsica.<\/p>\n<p>A gerente da Unidade de Educa\u00e7\u00e3o do SESI, Acilda Santos, disse que o workshop tem contribu\u00eddo, nos \u00faltimos tr\u00eas anos, para a conscientiza\u00e7\u00e3o dos funcion\u00e1rios da escola sobre a necessidade de praticar atividades saud\u00e1veis. Para a auxiliar de pr\u00e9-escola, Ana L\u00fabia Rodrigues, 31, o evento \u00e9 importante por promover a conscientiza\u00e7\u00e3o e permitir a realiza\u00e7\u00e3o de exames de sa\u00fade no local de trabalho.<\/p>\n<p>O workshop foi realizado em parceria com as empresas <a href=\"http:\/\/www.herbalife.com.br\/\" target=\"_blank\" rel=\"noopener\">Herbalife<\/a>, Amazon Fibras, <a href=\"http:\/\/ripasaalimentos.com.br\/\" target=\"_blank\" rel=\"noopener\">Ripasa Alimentos<\/a>, <a href=\"http:\/\/www.bioextratus.com.br\/\" target=\"_blank\" rel=\"noopener\">Bioextratus<\/a>, <a href=\"http:\/\/www.divinafruta.com\/\" target=\"_blank\" rel=\"noopener\">Divina Fruta<\/a> e <a href=\"http:\/\/www.spatropical.com.br\/\" target=\"_blank\" rel=\"noopener\">SPA Tropical<\/a>, al\u00e9m do <a href=\"http:\/\/www.fieam.org.br\/site\/sesi\/responsabilidade-social-programas-e-projetos-sociais\/\" target=\"_blank\" rel=\"noopener\">programa SESI Cozinha Brasil<\/a>, que distribuiu aos presentes o tradicional suco da horta e folhetos explicativos sobre alimenta\u00e7\u00e3o saud\u00e1vel.<\/p>\n<p>A Herbalife, parceira do SESI em v\u00e1rios eventos, montou um estande com uma linha diversificada de produtos, como complementos alimentares e cremes para a pele, al\u00e9m do\u00a0 ch\u00e1-verde que, de acordo com a\u00a0 distribuidora da empresa, Lu\u00edza Lima, \u00e9 antioxidante e aumenta a energia e a disposi\u00e7\u00e3o, devendo\u00a0 ser ingerido uma vez por dia, ap\u00f3s uma das refei\u00e7\u00f5es.<\/p>\n<p>O evento foi encerrado com sorteio de brindes ofertados por parceiros do SESI.<\/p>\n<p>[nggallery id=133]<\/p>\n","protected":false},"excerpt":{"rendered":"<p>Reconhecido por promover a melhoria da qualidade de vida dos industri\u00e1rios e seus dependentes, o Servi\u00e7o Social da Ind\u00fastria (SESI Amazonas) fez, mais uma vez, o dever de casa, na \u00faltima sexta-feira (31), com o 3\u00ba workshop \u201cDe bem com a vida\u201d, para os cerca de 300 funcion\u00e1rios da Unidade SESI de Educa\u00e7\u00e3o Dr. Francisco [&hellip;]<\/p>\n","protected":false},"author":1,"featured_media":0,"comment_status":"open","ping_status":"open","sticky":false,"template":"","format":"standard","meta":{"footnotes":""},"categories":[25],"tags":[],"class_list":["post-3409","post","type-post","status-publish","format-standard","hentry","category-news"],"yoast_head":"<!-- This site is optimized with the Yoast SEO plugin v28.2 - https:\/\/yoast.com\/product\/yoast-seo-wordpress\/ -->\n<title>Funcion\u00e1rios do SESI ficam de &quot;bem com a vida&quot; - SESI<\/title>\n<meta name=\"robots\" content=\"index, follow, max-snippet:-1, max-image-preview:large, max-video-preview:-1\" \/>\n<link rel=\"canonical\" href=\"https:\/\/fieam.org.br\/sesi\/funcionarios-do-sesi-ficam-de-bem-com-a-vida\/\" \/>\n<meta property=\"og:locale\" content=\"pt_BR\" \/>\n<meta property=\"og:type\" content=\"article\" \/>\n<meta property=\"og:title\" content=\"Funcion\u00e1rios do SESI ficam de &quot;bem com a vida&quot; - SESI\" \/>\n<meta property=\"og:description\" content=\"Reconhecido por promover a melhoria da qualidade de vida dos industri\u00e1rios e seus dependentes, o Servi\u00e7o Social da Ind\u00fastria (SESI Amazonas) fez, mais uma vez, o dever de casa, na \u00faltima sexta-feira (31), com o 3\u00ba workshop \u201cDe bem com a vida\u201d, para os cerca de 300 funcion\u00e1rios da Unidade SESI de Educa\u00e7\u00e3o Dr. Francisco [&hellip;]\" \/>\n<meta property=\"og:url\" content=\"https:\/\/fieam.org.br\/sesi\/funcionarios-do-sesi-ficam-de-bem-com-a-vida\/\" \/>\n<meta property=\"og:site_name\" content=\"SESI\" \/>\n<meta property=\"article:published_time\" content=\"2012-09-04T14:04:04+00:00\" \/>\n<meta property=\"og:image\" content=\"https:\/\/fieam.org.br\/sesi\/wp-content\/uploads\/sites\/14\/2012\/09\/Acilda-degusta-suco-da-horta.jpg\" \/>\n\t<meta property=\"og:image:width\" content=\"1024\" \/>\n\t<meta property=\"og:image:height\" content=\"683\" \/>\n\t<meta property=\"og:image:type\" content=\"image\/jpeg\" \/>\n<meta name=\"author\" content=\"Autor\" \/>\n<meta name=\"twitter:card\" content=\"summary_large_image\" \/>\n<meta name=\"twitter:label1\" content=\"Escrito por\" \/>\n\t<meta name=\"twitter:data1\" content=\"Autor\" \/>\n\t<meta name=\"twitter:label2\" content=\"Est. tempo de leitura\" \/>\n\t<meta name=\"twitter:data2\" content=\"2 minutos\" \/>\n<script type=\"application\/ld+json\" class=\"yoast-schema-graph\">{\"@context\":\"https:\\\/\\\/schema.org\",\"@graph\":[{\"@type\":\"Article\",\"@id\":\"https:\\\/\\\/fieam.org.br\\\/sesi\\\/funcionarios-do-sesi-ficam-de-bem-com-a-vida\\\/#article\",\"isPartOf\":{\"@id\":\"https:\\\/\\\/fieam.org.br\\\/sesi\\\/funcionarios-do-sesi-ficam-de-bem-com-a-vida\\\/\"},\"author\":{\"name\":\"Autor\",\"@id\":\"https:\\\/\\\/fieam.org.br\\\/sesi\\\/#\\\/schema\\\/person\\\/f54998dd14d5f0695b41444f2b01c31e\"},\"headline\":\"Funcion\u00e1rios do SESI ficam de &#8220;bem com a vida&#8221;\",\"datePublished\":\"2012-09-04T14:04:04+00:00\",\"mainEntityOfPage\":{\"@id\":\"https:\\\/\\\/fieam.org.br\\\/sesi\\\/funcionarios-do-sesi-ficam-de-bem-com-a-vida\\\/\"},\"wordCount\":411,\"commentCount\":0,\"publisher\":{\"@id\":\"https:\\\/\\\/fieam.org.br\\\/sesi\\\/#organization\"},\"image\":{\"@id\":\"https:\\\/\\\/fieam.org.br\\\/sesi\\\/funcionarios-do-sesi-ficam-de-bem-com-a-vida\\\/#primaryimage\"},\"thumbnailUrl\":\"http:\\\/\\\/www.fieam.org.br\\\/2015\\\/sesi\\\/wp-content\\\/uploads\\\/sites\\\/2\\\/2012\\\/09\\\/Acilda-degusta-suco-da-horta-300x200.jpg\",\"articleSection\":[\"News\"],\"inLanguage\":\"pt-BR\",\"potentialAction\":[{\"@type\":\"CommentAction\",\"name\":\"Comment\",\"target\":[\"https:\\\/\\\/fieam.org.br\\\/sesi\\\/funcionarios-do-sesi-ficam-de-bem-com-a-vida\\\/#respond\"]}]},{\"@type\":\"WebPage\",\"@id\":\"https:\\\/\\\/fieam.org.br\\\/sesi\\\/funcionarios-do-sesi-ficam-de-bem-com-a-vida\\\/\",\"url\":\"https:\\\/\\\/fieam.org.br\\\/sesi\\\/funcionarios-do-sesi-ficam-de-bem-com-a-vida\\\/\",\"name\":\"Funcion\u00e1rios do SESI ficam de \\\"bem com a vida\\\" - SESI\",\"isPartOf\":{\"@id\":\"https:\\\/\\\/fieam.org.br\\\/sesi\\\/#website\"},\"primaryImageOfPage\":{\"@id\":\"https:\\\/\\\/fieam.org.br\\\/sesi\\\/funcionarios-do-sesi-ficam-de-bem-com-a-vida\\\/#primaryimage\"},\"image\":{\"@id\":\"https:\\\/\\\/fieam.org.br\\\/sesi\\\/funcionarios-do-sesi-ficam-de-bem-com-a-vida\\\/#primaryimage\"},\"thumbnailUrl\":\"http:\\\/\\\/www.fieam.org.br\\\/2015\\\/sesi\\\/wp-content\\\/uploads\\\/sites\\\/2\\\/2012\\\/09\\\/Acilda-degusta-suco-da-horta-300x200.jpg\",\"datePublished\":\"2012-09-04T14:04:04+00:00\",\"breadcrumb\":{\"@id\":\"https:\\\/\\\/fieam.org.br\\\/sesi\\\/funcionarios-do-sesi-ficam-de-bem-com-a-vida\\\/#breadcrumb\"},\"inLanguage\":\"pt-BR\",\"potentialAction\":[{\"@type\":\"ReadAction\",\"target\":[\"https:\\\/\\\/fieam.org.br\\\/sesi\\\/funcionarios-do-sesi-ficam-de-bem-com-a-vida\\\/\"]}]},{\"@type\":\"ImageObject\",\"inLanguage\":\"pt-BR\",\"@id\":\"https:\\\/\\\/fieam.org.br\\\/sesi\\\/funcionarios-do-sesi-ficam-de-bem-com-a-vida\\\/#primaryimage\",\"url\":\"http:\\\/\\\/www.fieam.org.br\\\/2015\\\/sesi\\\/wp-content\\\/uploads\\\/sites\\\/2\\\/2012\\\/09\\\/Acilda-degusta-suco-da-horta-300x200.jpg\",\"contentUrl\":\"http:\\\/\\\/www.fieam.org.br\\\/2015\\\/sesi\\\/wp-content\\\/uploads\\\/sites\\\/2\\\/2012\\\/09\\\/Acilda-degusta-suco-da-horta-300x200.jpg\"},{\"@type\":\"BreadcrumbList\",\"@id\":\"https:\\\/\\\/fieam.org.br\\\/sesi\\\/funcionarios-do-sesi-ficam-de-bem-com-a-vida\\\/#breadcrumb\",\"itemListElement\":[{\"@type\":\"ListItem\",\"position\":1,\"name\":\"In\u00edcio\",\"item\":\"https:\\\/\\\/fieam.org.br\\\/sesi\\\/\"},{\"@type\":\"ListItem\",\"position\":2,\"name\":\"Funcion\u00e1rios do SESI ficam de &#8220;bem com a vida&#8221;\"}]},{\"@type\":\"WebSite\",\"@id\":\"https:\\\/\\\/fieam.org.br\\\/sesi\\\/#website\",\"url\":\"https:\\\/\\\/fieam.org.br\\\/sesi\\\/\",\"name\":\"SESI\",\"description\":\"Site Oficial!\",\"publisher\":{\"@id\":\"https:\\\/\\\/fieam.org.br\\\/sesi\\\/#organization\"},\"potentialAction\":[{\"@type\":\"SearchAction\",\"target\":{\"@type\":\"EntryPoint\",\"urlTemplate\":\"https:\\\/\\\/fieam.org.br\\\/sesi\\\/?s={search_term_string}\"},\"query-input\":{\"@type\":\"PropertyValueSpecification\",\"valueRequired\":true,\"valueName\":\"search_term_string\"}}],\"inLanguage\":\"pt-BR\"},{\"@type\":\"Organization\",\"@id\":\"https:\\\/\\\/fieam.org.br\\\/sesi\\\/#organization\",\"name\":\"SESI\",\"url\":\"https:\\\/\\\/fieam.org.br\\\/sesi\\\/\",\"logo\":{\"@type\":\"ImageObject\",\"inLanguage\":\"pt-BR\",\"@id\":\"https:\\\/\\\/fieam.org.br\\\/sesi\\\/#\\\/schema\\\/logo\\\/image\\\/\",\"url\":\"https:\\\/\\\/fieam.org.br\\\/sesi\\\/wp-content\\\/uploads\\\/sites\\\/14\\\/2024\\\/03\\\/cropped-fav.png\",\"contentUrl\":\"https:\\\/\\\/fieam.org.br\\\/sesi\\\/wp-content\\\/uploads\\\/sites\\\/14\\\/2024\\\/03\\\/cropped-fav.png\",\"width\":610,\"height\":589,\"caption\":\"SESI\"},\"image\":{\"@id\":\"https:\\\/\\\/fieam.org.br\\\/sesi\\\/#\\\/schema\\\/logo\\\/image\\\/\"}},{\"@type\":\"Person\",\"@id\":\"https:\\\/\\\/fieam.org.br\\\/sesi\\\/#\\\/schema\\\/person\\\/f54998dd14d5f0695b41444f2b01c31e\",\"name\":\"Autor\",\"image\":{\"@type\":\"ImageObject\",\"inLanguage\":\"pt-BR\",\"@id\":\"https:\\\/\\\/secure.gravatar.com\\\/avatar\\\/3732c223e0e1fad69062a8f770955c9068d37b055204f310a0be18d4069fe380?s=96&d=mm&r=g\",\"url\":\"https:\\\/\\\/secure.gravatar.com\\\/avatar\\\/3732c223e0e1fad69062a8f770955c9068d37b055204f310a0be18d4069fe380?s=96&d=mm&r=g\",\"contentUrl\":\"https:\\\/\\\/secure.gravatar.com\\\/avatar\\\/3732c223e0e1fad69062a8f770955c9068d37b055204f310a0be18d4069fe380?s=96&d=mm&r=g\",\"caption\":\"Autor\"},\"sameAs\":[\"https:\\\/\\\/marketingmassivo.com.br\"],\"url\":\"https:\\\/\\\/fieam.org.br\\\/sesi\\\/author\\\/admin\\\/\"}]}<\/script>\n<!-- \/ Yoast SEO plugin. -->","yoast_head_json":{"title":"Funcion\u00e1rios do SESI ficam de \"bem com a vida\" - SESI","robots":{"index":"index","follow":"follow","max-snippet":"max-snippet:-1","max-image-preview":"max-image-preview:large","max-video-preview":"max-video-preview:-1"},"canonical":"https:\/\/fieam.org.br\/sesi\/funcionarios-do-sesi-ficam-de-bem-com-a-vida\/","og_locale":"pt_BR","og_type":"article","og_title":"Funcion\u00e1rios do SESI ficam de \"bem com a vida\" - SESI","og_description":"Reconhecido por promover a melhoria da qualidade de vida dos industri\u00e1rios e seus dependentes, o Servi\u00e7o Social da Ind\u00fastria (SESI Amazonas) fez, mais uma vez, o dever de casa, na \u00faltima sexta-feira (31), com o 3\u00ba workshop \u201cDe bem com a vida\u201d, para os cerca de 300 funcion\u00e1rios da Unidade SESI de Educa\u00e7\u00e3o Dr. Francisco [&hellip;]","og_url":"https:\/\/fieam.org.br\/sesi\/funcionarios-do-sesi-ficam-de-bem-com-a-vida\/","og_site_name":"SESI","article_published_time":"2012-09-04T14:04:04+00:00","og_image":[{"width":1024,"height":683,"url":"https:\/\/fieam.org.br\/sesi\/wp-content\/uploads\/sites\/14\/2012\/09\/Acilda-degusta-suco-da-horta.jpg","type":"image\/jpeg"}],"author":"Autor","twitter_card":"summary_large_image","twitter_misc":{"Escrito por":"Autor","Est. tempo de leitura":"2 minutos"},"schema":{"@context":"https:\/\/schema.org","@graph":[{"@type":"Article","@id":"https:\/\/fieam.org.br\/sesi\/funcionarios-do-sesi-ficam-de-bem-com-a-vida\/#article","isPartOf":{"@id":"https:\/\/fieam.org.br\/sesi\/funcionarios-do-sesi-ficam-de-bem-com-a-vida\/"},"author":{"name":"Autor","@id":"https:\/\/fieam.org.br\/sesi\/#\/schema\/person\/f54998dd14d5f0695b41444f2b01c31e"},"headline":"Funcion\u00e1rios do SESI ficam de &#8220;bem com a vida&#8221;","datePublished":"2012-09-04T14:04:04+00:00","mainEntityOfPage":{"@id":"https:\/\/fieam.org.br\/sesi\/funcionarios-do-sesi-ficam-de-bem-com-a-vida\/"},"wordCount":411,"commentCount":0,"publisher":{"@id":"https:\/\/fieam.org.br\/sesi\/#organization"},"image":{"@id":"https:\/\/fieam.org.br\/sesi\/funcionarios-do-sesi-ficam-de-bem-com-a-vida\/#primaryimage"},"thumbnailUrl":"http:\/\/www.fieam.org.br\/2015\/sesi\/wp-content\/uploads\/sites\/2\/2012\/09\/Acilda-degusta-suco-da-horta-300x200.jpg","articleSection":["News"],"inLanguage":"pt-BR","potentialAction":[{"@type":"CommentAction","name":"Comment","target":["https:\/\/fieam.org.br\/sesi\/funcionarios-do-sesi-ficam-de-bem-com-a-vida\/#respond"]}]},{"@type":"WebPage","@id":"https:\/\/fieam.org.br\/sesi\/funcionarios-do-sesi-ficam-de-bem-com-a-vida\/","url":"https:\/\/fieam.org.br\/sesi\/funcionarios-do-sesi-ficam-de-bem-com-a-vida\/","name":"Funcion\u00e1rios do SESI ficam de \"bem com a vida\" - SESI","isPartOf":{"@id":"https:\/\/fieam.org.br\/sesi\/#website"},"primaryImageOfPage":{"@id":"https:\/\/fieam.org.br\/sesi\/funcionarios-do-sesi-ficam-de-bem-com-a-vida\/#primaryimage"},"image":{"@id":"https:\/\/fieam.org.br\/sesi\/funcionarios-do-sesi-ficam-de-bem-com-a-vida\/#primaryimage"},"thumbnailUrl":"http:\/\/www.fieam.org.br\/2015\/sesi\/wp-content\/uploads\/sites\/2\/2012\/09\/Acilda-degusta-suco-da-horta-300x200.jpg","datePublished":"2012-09-04T14:04:04+00:00","breadcrumb":{"@id":"https:\/\/fieam.org.br\/sesi\/funcionarios-do-sesi-ficam-de-bem-com-a-vida\/#breadcrumb"},"inLanguage":"pt-BR","potentialAction":[{"@type":"ReadAction","target":["https:\/\/fieam.org.br\/sesi\/funcionarios-do-sesi-ficam-de-bem-com-a-vida\/"]}]},{"@type":"ImageObject","inLanguage":"pt-BR","@id":"https:\/\/fieam.org.br\/sesi\/funcionarios-do-sesi-ficam-de-bem-com-a-vida\/#primaryimage","url":"http:\/\/www.fieam.org.br\/2015\/sesi\/wp-content\/uploads\/sites\/2\/2012\/09\/Acilda-degusta-suco-da-horta-300x200.jpg","contentUrl":"http:\/\/www.fieam.org.br\/2015\/sesi\/wp-content\/uploads\/sites\/2\/2012\/09\/Acilda-degusta-suco-da-horta-300x200.jpg"},{"@type":"BreadcrumbList","@id":"https:\/\/fieam.org.br\/sesi\/funcionarios-do-sesi-ficam-de-bem-com-a-vida\/#breadcrumb","itemListElement":[{"@type":"ListItem","position":1,"name":"In\u00edcio","item":"https:\/\/fieam.org.br\/sesi\/"},{"@type":"ListItem","position":2,"name":"Funcion\u00e1rios do SESI ficam de &#8220;bem com a vida&#8221;"}]},{"@type":"WebSite","@id":"https:\/\/fieam.org.br\/sesi\/#website","url":"https:\/\/fieam.org.br\/sesi\/","name":"SESI","description":"Site Oficial!","publisher":{"@id":"https:\/\/fieam.org.br\/sesi\/#organization"},"potentialAction":[{"@type":"SearchAction","target":{"@type":"EntryPoint","urlTemplate":"https:\/\/fieam.org.br\/sesi\/?s={search_term_string}"},"query-input":{"@type":"PropertyValueSpecification","valueRequired":true,"valueName":"search_term_string"}}],"inLanguage":"pt-BR"},{"@type":"Organization","@id":"https:\/\/fieam.org.br\/sesi\/#organization","name":"SESI","url":"https:\/\/fieam.org.br\/sesi\/","logo":{"@type":"ImageObject","inLanguage":"pt-BR","@id":"https:\/\/fieam.org.br\/sesi\/#\/schema\/logo\/image\/","url":"https:\/\/fieam.org.br\/sesi\/wp-content\/uploads\/sites\/14\/2024\/03\/cropped-fav.png","contentUrl":"https:\/\/fieam.org.br\/sesi\/wp-content\/uploads\/sites\/14\/2024\/03\/cropped-fav.png","width":610,"height":589,"caption":"SESI"},"image":{"@id":"https:\/\/fieam.org.br\/sesi\/#\/schema\/logo\/image\/"}},{"@type":"Person","@id":"https:\/\/fieam.org.br\/sesi\/#\/schema\/person\/f54998dd14d5f0695b41444f2b01c31e","name":"Autor","image":{"@type":"ImageObject","inLanguage":"pt-BR","@id":"https:\/\/secure.gravatar.com\/avatar\/3732c223e0e1fad69062a8f770955c9068d37b055204f310a0be18d4069fe380?s=96&d=mm&r=g","url":"https:\/\/secure.gravatar.com\/avatar\/3732c223e0e1fad69062a8f770955c9068d37b055204f310a0be18d4069fe380?s=96&d=mm&r=g","contentUrl":"https:\/\/secure.gravatar.com\/avatar\/3732c223e0e1fad69062a8f770955c9068d37b055204f310a0be18d4069fe380?s=96&d=mm&r=g","caption":"Autor"},"sameAs":["https:\/\/marketingmassivo.com.br"],"url":"https:\/\/fieam.org.br\/sesi\/author\/admin\/"}]}},"_links":{"self":[{"href":"https:\/\/fieam.org.br\/sesi\/wp-json\/wp\/v2\/posts\/3409","targetHints":{"allow":["GET"]}}],"collection":[{"href":"https:\/\/fieam.org.br\/sesi\/wp-json\/wp\/v2\/posts"}],"about":[{"href":"https:\/\/fieam.org.br\/sesi\/wp-json\/wp\/v2\/types\/post"}],"author":[{"embeddable":true,"href":"https:\/\/fieam.org.br\/sesi\/wp-json\/wp\/v2\/users\/1"}],"replies":[{"embeddable":true,"href":"https:\/\/fieam.org.br\/sesi\/wp-json\/wp\/v2\/comments?post=3409"}],"version-history":[{"count":0,"href":"https:\/\/fieam.org.br\/sesi\/wp-json\/wp\/v2\/posts\/3409\/revisions"}],"wp:attachment":[{"href":"https:\/\/fieam.org.br\/sesi\/wp-json\/wp\/v2\/media?parent=3409"}],"wp:term":[{"taxonomy":"category","embeddable":true,"href":"https:\/\/fieam.org.br\/sesi\/wp-json\/wp\/v2\/categories?post=3409"},{"taxonomy":"post_tag","embeddable":true,"href":"https:\/\/fieam.org.br\/sesi\/wp-json\/wp\/v2\/tags?post=3409"}],"curies":[{"name":"wp","href":"https:\/\/api.w.org\/{rel}","templated":true}]}}