{"id":3271,"date":"2012-08-01T10:47:45","date_gmt":"2012-08-01T10:47:45","guid":{"rendered":"http:\/\/www.fieam.org.br\/site\/sesi\/?p=3271"},"modified":"2012-08-01T10:47:45","modified_gmt":"2012-08-01T10:47:45","slug":"sucesso-do-viravida-desperta-interesse-dos-governos-federal-e-distrital","status":"publish","type":"post","link":"https:\/\/fieam.org.br\/sesi\/sucesso-do-viravida-desperta-interesse-dos-governos-federal-e-distrital\/","title":{"rendered":"Sucesso do ViraVida desperta interesse dos governos Federal e Distrital"},"content":{"rendered":"<p>O segundo dia do 3\u00ba Semin\u00e1rio Nacional Protagonismo e Juventude, promovido pelo <a href=\"http:\/\/www.conselhonacionaldosesi.org.br\/\" target=\"_blank\" rel=\"noopener\">Conselho Nacional do SESI<\/a> com jovens do <em><a href=\"http:\/\/www.viravida.org.br\/\" target=\"_blank\" rel=\"noopener\">ViraVida<\/a><\/em>, foi marcado pelo interesse de \u00f3rg\u00e3os do governo em se juntar ao projeto. Ao longo de quatro anos, o programa j\u00e1 ajudou mais de dois mil jovens que sofreram com abusos e explora\u00e7\u00e3o sexual a superarem seus traumas, se qualificarem profissionalmente e a entrar no mercado de trabalho.<\/p>\n<p>O sucesso do <em>ViraVida<\/em> despertou o interesse dos <a href=\"http:\/\/www.esporte.gov.br\/\" target=\"_blank\" rel=\"noopener\">Minist\u00e9rios dos Esportes<\/a> e <a href=\"http:\/\/www.cultura.gov.br\/\" target=\"_blank\" rel=\"noopener\">da Cultura<\/a> e da <a href=\"http:\/\/www.juventude.df.gov.br\/\" target=\"_blank\" rel=\"noopener\">Secretaria de Juventude do Governo do Distrito Federal<\/a> em somar esfor\u00e7os para ajudar ainda mais crian\u00e7as e jovens que passam por problemas parecidos no pa\u00eds.<\/p>\n<p>\u201cN\u00e3o conhecia o projeto, mas achei muito interessante. Queremos mais detalhes de quanto alunos o <em>ViraVida<\/em>\u00a0 tem no Distrito Federal, qual o trabalho que eles est\u00e3o inseridos e como poderemos contribuir. Como agentes do poder p\u00fablico temos a obriga\u00e7\u00e3o de apoiar e ampliar programas de sucesso como este\u201d, declarou o secret\u00e1rio de Juventude do Governo do Distrito Federal, Carlos Odas.<\/p>\n<p>Participante da mesa que debateu o tema, \u201cO mundo das pol\u00edticas p\u00fablicas\u201d, a <a href=\"http:\/\/www.cultura.gov.br\/site\/acesso-a-informacao\/institucional\/cargos-e-responsaveis\/secretarias\/secretaria-de-programas-e-projetos-culturais\/\" target=\"_blank\" rel=\"noopener\">secret\u00e1ria da Cidadania e da Diversidade Cultural do Minist\u00e9rio da Cultura (MinC)<\/a>, M\u00e1rcia Rollemberg, j\u00e1 antecipou em quais projetos do minist\u00e9rio que os alunos do <em>ViraVida<\/em> podem ser inseridos.<\/p>\n<p>\u201cHoje o Minc trabalha com tr\u00eas projetos principais com jovens. O Agente Jovem de Cultura, o Cultura Viva e o Rede de Cidadania Cultural. Podemos estudar formas de inserir os jovens do<em> ViraVida<\/em> nestes projetos. Especialmente no Agente Jovem de Cultura que disponibiliza bolsas para que o aluno se especialize em \u00e1reas como a comunica\u00e7\u00e3o, articula\u00e7\u00e3o e mobiliza\u00e7\u00e3o cultural, cultura e tecnologia, pesquisa, acervo e di\u00e1logos no campo da cultura, forma\u00e7\u00e3o cultural, produ\u00e7\u00e3o e express\u00e3o art\u00edstica e cultural, interc\u00e2mbios, encontros culturais e sustentabilidade\u201d, disse.<\/p>\n<p>Outro poss\u00edvel parceiro do <em>ViraVida<\/em> \u00e9 o Minist\u00e9rio dos Esportes. O consultor da C\u00e2mara de Meio Ambiente e Sustentabilidade da pasta, Claudio Langoni, foi convidado para conduzir a mesa \u201cO mundo dos esportes \u2013 oportunidades que a Copa e as Olimp\u00edadas oferecer\u00e3o aos jovens\u201d.<\/p>\n<p>\u201cMilhares de jovens do Brasil ser\u00e3o capacitados para programas de voluntariado da Fifa. Haver\u00e1,\u00a0 por exemplo, qualifica\u00e7\u00e3o no servi\u00e7o de cerimonial, como o deste semin\u00e1rio que est\u00e1 sendo coordenado pelos alunos do <em>ViraVida<\/em>. Como os jovens do projeto fazem parte de um programa social, podemos estudar a possibilidade de priorizar a participa\u00e7\u00e3o desses jovens nos projetos da <a href=\"http:\/\/www.portal2014.org.br\/\" target=\"_blank\" rel=\"noopener\">Copa do Mundo<\/a>&#8220;, admitiu Langoni.<\/p>\n<p>Sobre outras oportunidades que os jovens ter\u00e3o com os eventos esportivos que o Brasil ir\u00e1 sediar, Langoni destacou as \u00e1reas de sustentabilidade, de res\u00edduos, de reciclagem e de alimentos.<\/p>\n<p>\u201cO evento esportivo pode ajudar a acelerar as pol\u00edticas p\u00fablicas que o Brasil pode adotar neste setor. Estamos olhando este tema como possibilidades de neg\u00f3cios, n\u00e3o apenas a quest\u00e3o ambiental da coleta e reciclagem, mas tamb\u00e9m na substitui\u00e7\u00e3o de embalagens e de procedimentos. O fornecimento de alimentos brasileiros como a castanha e o a\u00e7a\u00ed, v\u00e3o gerar muitas oportunidades tamb\u00e9m. Queremos induzir o aumento do consumo e da exporta\u00e7\u00e3o\u201d, destacou.<\/p>\n<p><strong>Sex\u00f3loga do \u201cAltas Horas\u201d diverte alunos do <\/strong><em><strong>ViraVida<\/strong><\/em><\/p>\n<p>No final do dia, a palestrante convidada foi a sex\u00f3loga Laura Muller. Numa conversa descontra\u00edda, a simp\u00e1tica orientadora sexual tirou muitas d\u00favidas sobre gravidez na adolesc\u00eancia, doen\u00e7as sexualmente transmiss\u00edveis, ejacula\u00e7\u00e3o precoce e outras curiosidades dos jovens que participaram com entusiasmo. Ao final do encontro, em entrevista com a imprensa, a sex\u00f3loga esclareceu a import\u00e2ncia de saber lidar com pessoas que passaram por situa\u00e7\u00f5es de viol\u00eancia sexual.<\/p>\n<p>\u201cTrabalhamos tentando fazer um acolhimento nesses casos, dando uma orienta\u00e7\u00e3o. Tamb\u00e9m trabalhamos de uma forma preventiva com a\u00e7\u00f5es de educa\u00e7\u00e3o sexual para prevenir esse abuso. Para a crian\u00e7a ter cada vez mais consci\u00eancia do corpo, consci\u00eancia que ningu\u00e9m pode toc\u00e1-la. E se a crian\u00e7a estiver sendo v\u00edtima de algo desse tipo, a culpa n\u00e3o \u00e9 dela, \u00e9 sempre do adulto. Independente do jovem se sentir insinuando, sensual para o adulto, n\u00e3o \u00e9 culpa dele. O adulto precisa aprender a ter limites\u201d, afirmou a sex\u00f3loga que aproveitou para elogiar o projeto.<\/p>\n<p>\u201cO <em>ViraVida <\/em>\u00e9 um projeto muito bacana porque inicia e reinsere o jovem no mercado de trabalho. Um projeto muito interessante porque atua em v\u00e1rias frentes importantes para a forma\u00e7\u00e3o dessa crian\u00e7a e adolescente\u201d, finalizou.<\/p>\n<p>&nbsp;<\/p>\n<p><strong>Assessoria de Comunica\u00e7\u00e3o:<\/strong><\/p>\n<p>CDN Comunica\u00e7\u00e3o Corporativa<\/p>\n<p><strong>Sandra Sato<\/strong><\/p>\n<p><a href=\"%2861%29%203704-7660\" target=\"_blank\" rel=\"noopener\">(61) 3704-7660<\/a><\/p>\n<p><a href=\"%2861%29%208238-2992\" target=\"_blank\" rel=\"noopener\">(61) 8238-2992<\/a><\/p>\n<p>e-mail: <a href=\"mailto:sandra.sato@cdn.com.br\" target=\"_blank\" rel=\"noopener\">sandra.sato@cdn.com.br<\/a><\/p>\n<p>&nbsp;<\/p>\n<p><strong>Fabiana Sampaio<\/strong><\/p>\n<p><a href=\"%2861%29%203704-7660\" target=\"_blank\" rel=\"noopener\">(61) 3704-7660<\/a><\/p>\n<p>(61) 8156-0888<\/p>\n<p>e-mail: <a href=\"mailto:fabiana.sampaio@cdn.com.br\" target=\"_blank\" rel=\"noopener\">fabiana.sampaio@cdn.com.br<\/a><\/p>\n","protected":false},"excerpt":{"rendered":"<p>O segundo dia do 3\u00ba Semin\u00e1rio Nacional Protagonismo e Juventude, promovido pelo Conselho Nacional do SESI com jovens do ViraVida, foi marcado pelo interesse de \u00f3rg\u00e3os do governo em se juntar ao projeto. Ao longo de quatro anos, o programa j\u00e1 ajudou mais de dois mil jovens que sofreram com abusos e explora\u00e7\u00e3o sexual a [&hellip;]<\/p>\n","protected":false},"author":1,"featured_media":0,"comment_status":"open","ping_status":"open","sticky":false,"template":"","format":"standard","meta":{"footnotes":""},"categories":[25],"tags":[],"class_list":["post-3271","post","type-post","status-publish","format-standard","hentry","category-news"],"yoast_head":"<!-- This site is optimized with the Yoast SEO plugin v28.2 - https:\/\/yoast.com\/product\/yoast-seo-wordpress\/ -->\n<title>Sucesso do ViraVida desperta interesse dos governos Federal e Distrital - SESI<\/title>\n<meta name=\"robots\" content=\"index, follow, max-snippet:-1, max-image-preview:large, max-video-preview:-1\" \/>\n<link rel=\"canonical\" href=\"https:\/\/fieam.org.br\/sesi\/sucesso-do-viravida-desperta-interesse-dos-governos-federal-e-distrital\/\" \/>\n<meta property=\"og:locale\" content=\"pt_BR\" \/>\n<meta property=\"og:type\" content=\"article\" \/>\n<meta property=\"og:title\" content=\"Sucesso do ViraVida desperta interesse dos governos Federal e Distrital - SESI\" \/>\n<meta property=\"og:description\" content=\"O segundo dia do 3\u00ba Semin\u00e1rio Nacional Protagonismo e Juventude, promovido pelo Conselho Nacional do SESI com jovens do ViraVida, foi marcado pelo interesse de \u00f3rg\u00e3os do governo em se juntar ao projeto. Ao longo de quatro anos, o programa j\u00e1 ajudou mais de dois mil jovens que sofreram com abusos e explora\u00e7\u00e3o sexual a [&hellip;]\" \/>\n<meta property=\"og:url\" content=\"https:\/\/fieam.org.br\/sesi\/sucesso-do-viravida-desperta-interesse-dos-governos-federal-e-distrital\/\" \/>\n<meta property=\"og:site_name\" content=\"SESI\" \/>\n<meta property=\"article:published_time\" content=\"2012-08-01T10:47:45+00:00\" \/>\n<meta name=\"author\" content=\"Autor\" \/>\n<meta name=\"twitter:card\" content=\"summary_large_image\" \/>\n<meta name=\"twitter:label1\" content=\"Escrito por\" \/>\n\t<meta name=\"twitter:data1\" content=\"Autor\" \/>\n\t<meta name=\"twitter:label2\" content=\"Est. tempo de leitura\" \/>\n\t<meta name=\"twitter:data2\" content=\"4 minutos\" \/>\n<script type=\"application\/ld+json\" class=\"yoast-schema-graph\">{\"@context\":\"https:\\\/\\\/schema.org\",\"@graph\":[{\"@type\":\"Article\",\"@id\":\"https:\\\/\\\/fieam.org.br\\\/sesi\\\/sucesso-do-viravida-desperta-interesse-dos-governos-federal-e-distrital\\\/#article\",\"isPartOf\":{\"@id\":\"https:\\\/\\\/fieam.org.br\\\/sesi\\\/sucesso-do-viravida-desperta-interesse-dos-governos-federal-e-distrital\\\/\"},\"author\":{\"name\":\"Autor\",\"@id\":\"https:\\\/\\\/fieam.org.br\\\/sesi\\\/#\\\/schema\\\/person\\\/f54998dd14d5f0695b41444f2b01c31e\"},\"headline\":\"Sucesso do ViraVida desperta interesse dos governos Federal e Distrital\",\"datePublished\":\"2012-08-01T10:47:45+00:00\",\"mainEntityOfPage\":{\"@id\":\"https:\\\/\\\/fieam.org.br\\\/sesi\\\/sucesso-do-viravida-desperta-interesse-dos-governos-federal-e-distrital\\\/\"},\"wordCount\":812,\"commentCount\":0,\"publisher\":{\"@id\":\"https:\\\/\\\/fieam.org.br\\\/sesi\\\/#organization\"},\"articleSection\":[\"News\"],\"inLanguage\":\"pt-BR\",\"potentialAction\":[{\"@type\":\"CommentAction\",\"name\":\"Comment\",\"target\":[\"https:\\\/\\\/fieam.org.br\\\/sesi\\\/sucesso-do-viravida-desperta-interesse-dos-governos-federal-e-distrital\\\/#respond\"]}]},{\"@type\":\"WebPage\",\"@id\":\"https:\\\/\\\/fieam.org.br\\\/sesi\\\/sucesso-do-viravida-desperta-interesse-dos-governos-federal-e-distrital\\\/\",\"url\":\"https:\\\/\\\/fieam.org.br\\\/sesi\\\/sucesso-do-viravida-desperta-interesse-dos-governos-federal-e-distrital\\\/\",\"name\":\"Sucesso do ViraVida desperta interesse dos governos Federal e Distrital - SESI\",\"isPartOf\":{\"@id\":\"https:\\\/\\\/fieam.org.br\\\/sesi\\\/#website\"},\"datePublished\":\"2012-08-01T10:47:45+00:00\",\"breadcrumb\":{\"@id\":\"https:\\\/\\\/fieam.org.br\\\/sesi\\\/sucesso-do-viravida-desperta-interesse-dos-governos-federal-e-distrital\\\/#breadcrumb\"},\"inLanguage\":\"pt-BR\",\"potentialAction\":[{\"@type\":\"ReadAction\",\"target\":[\"https:\\\/\\\/fieam.org.br\\\/sesi\\\/sucesso-do-viravida-desperta-interesse-dos-governos-federal-e-distrital\\\/\"]}]},{\"@type\":\"BreadcrumbList\",\"@id\":\"https:\\\/\\\/fieam.org.br\\\/sesi\\\/sucesso-do-viravida-desperta-interesse-dos-governos-federal-e-distrital\\\/#breadcrumb\",\"itemListElement\":[{\"@type\":\"ListItem\",\"position\":1,\"name\":\"In\u00edcio\",\"item\":\"https:\\\/\\\/fieam.org.br\\\/sesi\\\/\"},{\"@type\":\"ListItem\",\"position\":2,\"name\":\"Sucesso do ViraVida desperta interesse dos governos Federal e Distrital\"}]},{\"@type\":\"WebSite\",\"@id\":\"https:\\\/\\\/fieam.org.br\\\/sesi\\\/#website\",\"url\":\"https:\\\/\\\/fieam.org.br\\\/sesi\\\/\",\"name\":\"SESI\",\"description\":\"Site Oficial!\",\"publisher\":{\"@id\":\"https:\\\/\\\/fieam.org.br\\\/sesi\\\/#organization\"},\"potentialAction\":[{\"@type\":\"SearchAction\",\"target\":{\"@type\":\"EntryPoint\",\"urlTemplate\":\"https:\\\/\\\/fieam.org.br\\\/sesi\\\/?s={search_term_string}\"},\"query-input\":{\"@type\":\"PropertyValueSpecification\",\"valueRequired\":true,\"valueName\":\"search_term_string\"}}],\"inLanguage\":\"pt-BR\"},{\"@type\":\"Organization\",\"@id\":\"https:\\\/\\\/fieam.org.br\\\/sesi\\\/#organization\",\"name\":\"SESI\",\"url\":\"https:\\\/\\\/fieam.org.br\\\/sesi\\\/\",\"logo\":{\"@type\":\"ImageObject\",\"inLanguage\":\"pt-BR\",\"@id\":\"https:\\\/\\\/fieam.org.br\\\/sesi\\\/#\\\/schema\\\/logo\\\/image\\\/\",\"url\":\"https:\\\/\\\/fieam.org.br\\\/sesi\\\/wp-content\\\/uploads\\\/sites\\\/14\\\/2024\\\/03\\\/cropped-fav.png\",\"contentUrl\":\"https:\\\/\\\/fieam.org.br\\\/sesi\\\/wp-content\\\/uploads\\\/sites\\\/14\\\/2024\\\/03\\\/cropped-fav.png\",\"width\":610,\"height\":589,\"caption\":\"SESI\"},\"image\":{\"@id\":\"https:\\\/\\\/fieam.org.br\\\/sesi\\\/#\\\/schema\\\/logo\\\/image\\\/\"}},{\"@type\":\"Person\",\"@id\":\"https:\\\/\\\/fieam.org.br\\\/sesi\\\/#\\\/schema\\\/person\\\/f54998dd14d5f0695b41444f2b01c31e\",\"name\":\"Autor\",\"image\":{\"@type\":\"ImageObject\",\"inLanguage\":\"pt-BR\",\"@id\":\"https:\\\/\\\/secure.gravatar.com\\\/avatar\\\/3732c223e0e1fad69062a8f770955c9068d37b055204f310a0be18d4069fe380?s=96&d=mm&r=g\",\"url\":\"https:\\\/\\\/secure.gravatar.com\\\/avatar\\\/3732c223e0e1fad69062a8f770955c9068d37b055204f310a0be18d4069fe380?s=96&d=mm&r=g\",\"contentUrl\":\"https:\\\/\\\/secure.gravatar.com\\\/avatar\\\/3732c223e0e1fad69062a8f770955c9068d37b055204f310a0be18d4069fe380?s=96&d=mm&r=g\",\"caption\":\"Autor\"},\"sameAs\":[\"https:\\\/\\\/marketingmassivo.com.br\"],\"url\":\"https:\\\/\\\/fieam.org.br\\\/sesi\\\/author\\\/admin\\\/\"}]}<\/script>\n<!-- \/ Yoast SEO plugin. -->","yoast_head_json":{"title":"Sucesso do ViraVida desperta interesse dos governos Federal e Distrital - SESI","robots":{"index":"index","follow":"follow","max-snippet":"max-snippet:-1","max-image-preview":"max-image-preview:large","max-video-preview":"max-video-preview:-1"},"canonical":"https:\/\/fieam.org.br\/sesi\/sucesso-do-viravida-desperta-interesse-dos-governos-federal-e-distrital\/","og_locale":"pt_BR","og_type":"article","og_title":"Sucesso do ViraVida desperta interesse dos governos Federal e Distrital - SESI","og_description":"O segundo dia do 3\u00ba Semin\u00e1rio Nacional Protagonismo e Juventude, promovido pelo Conselho Nacional do SESI com jovens do ViraVida, foi marcado pelo interesse de \u00f3rg\u00e3os do governo em se juntar ao projeto. Ao longo de quatro anos, o programa j\u00e1 ajudou mais de dois mil jovens que sofreram com abusos e explora\u00e7\u00e3o sexual a [&hellip;]","og_url":"https:\/\/fieam.org.br\/sesi\/sucesso-do-viravida-desperta-interesse-dos-governos-federal-e-distrital\/","og_site_name":"SESI","article_published_time":"2012-08-01T10:47:45+00:00","author":"Autor","twitter_card":"summary_large_image","twitter_misc":{"Escrito por":"Autor","Est. tempo de leitura":"4 minutos"},"schema":{"@context":"https:\/\/schema.org","@graph":[{"@type":"Article","@id":"https:\/\/fieam.org.br\/sesi\/sucesso-do-viravida-desperta-interesse-dos-governos-federal-e-distrital\/#article","isPartOf":{"@id":"https:\/\/fieam.org.br\/sesi\/sucesso-do-viravida-desperta-interesse-dos-governos-federal-e-distrital\/"},"author":{"name":"Autor","@id":"https:\/\/fieam.org.br\/sesi\/#\/schema\/person\/f54998dd14d5f0695b41444f2b01c31e"},"headline":"Sucesso do ViraVida desperta interesse dos governos Federal e Distrital","datePublished":"2012-08-01T10:47:45+00:00","mainEntityOfPage":{"@id":"https:\/\/fieam.org.br\/sesi\/sucesso-do-viravida-desperta-interesse-dos-governos-federal-e-distrital\/"},"wordCount":812,"commentCount":0,"publisher":{"@id":"https:\/\/fieam.org.br\/sesi\/#organization"},"articleSection":["News"],"inLanguage":"pt-BR","potentialAction":[{"@type":"CommentAction","name":"Comment","target":["https:\/\/fieam.org.br\/sesi\/sucesso-do-viravida-desperta-interesse-dos-governos-federal-e-distrital\/#respond"]}]},{"@type":"WebPage","@id":"https:\/\/fieam.org.br\/sesi\/sucesso-do-viravida-desperta-interesse-dos-governos-federal-e-distrital\/","url":"https:\/\/fieam.org.br\/sesi\/sucesso-do-viravida-desperta-interesse-dos-governos-federal-e-distrital\/","name":"Sucesso do ViraVida desperta interesse dos governos Federal e Distrital - SESI","isPartOf":{"@id":"https:\/\/fieam.org.br\/sesi\/#website"},"datePublished":"2012-08-01T10:47:45+00:00","breadcrumb":{"@id":"https:\/\/fieam.org.br\/sesi\/sucesso-do-viravida-desperta-interesse-dos-governos-federal-e-distrital\/#breadcrumb"},"inLanguage":"pt-BR","potentialAction":[{"@type":"ReadAction","target":["https:\/\/fieam.org.br\/sesi\/sucesso-do-viravida-desperta-interesse-dos-governos-federal-e-distrital\/"]}]},{"@type":"BreadcrumbList","@id":"https:\/\/fieam.org.br\/sesi\/sucesso-do-viravida-desperta-interesse-dos-governos-federal-e-distrital\/#breadcrumb","itemListElement":[{"@type":"ListItem","position":1,"name":"In\u00edcio","item":"https:\/\/fieam.org.br\/sesi\/"},{"@type":"ListItem","position":2,"name":"Sucesso do ViraVida desperta interesse dos governos Federal e Distrital"}]},{"@type":"WebSite","@id":"https:\/\/fieam.org.br\/sesi\/#website","url":"https:\/\/fieam.org.br\/sesi\/","name":"SESI","description":"Site Oficial!","publisher":{"@id":"https:\/\/fieam.org.br\/sesi\/#organization"},"potentialAction":[{"@type":"SearchAction","target":{"@type":"EntryPoint","urlTemplate":"https:\/\/fieam.org.br\/sesi\/?s={search_term_string}"},"query-input":{"@type":"PropertyValueSpecification","valueRequired":true,"valueName":"search_term_string"}}],"inLanguage":"pt-BR"},{"@type":"Organization","@id":"https:\/\/fieam.org.br\/sesi\/#organization","name":"SESI","url":"https:\/\/fieam.org.br\/sesi\/","logo":{"@type":"ImageObject","inLanguage":"pt-BR","@id":"https:\/\/fieam.org.br\/sesi\/#\/schema\/logo\/image\/","url":"https:\/\/fieam.org.br\/sesi\/wp-content\/uploads\/sites\/14\/2024\/03\/cropped-fav.png","contentUrl":"https:\/\/fieam.org.br\/sesi\/wp-content\/uploads\/sites\/14\/2024\/03\/cropped-fav.png","width":610,"height":589,"caption":"SESI"},"image":{"@id":"https:\/\/fieam.org.br\/sesi\/#\/schema\/logo\/image\/"}},{"@type":"Person","@id":"https:\/\/fieam.org.br\/sesi\/#\/schema\/person\/f54998dd14d5f0695b41444f2b01c31e","name":"Autor","image":{"@type":"ImageObject","inLanguage":"pt-BR","@id":"https:\/\/secure.gravatar.com\/avatar\/3732c223e0e1fad69062a8f770955c9068d37b055204f310a0be18d4069fe380?s=96&d=mm&r=g","url":"https:\/\/secure.gravatar.com\/avatar\/3732c223e0e1fad69062a8f770955c9068d37b055204f310a0be18d4069fe380?s=96&d=mm&r=g","contentUrl":"https:\/\/secure.gravatar.com\/avatar\/3732c223e0e1fad69062a8f770955c9068d37b055204f310a0be18d4069fe380?s=96&d=mm&r=g","caption":"Autor"},"sameAs":["https:\/\/marketingmassivo.com.br"],"url":"https:\/\/fieam.org.br\/sesi\/author\/admin\/"}]}},"_links":{"self":[{"href":"https:\/\/fieam.org.br\/sesi\/wp-json\/wp\/v2\/posts\/3271","targetHints":{"allow":["GET"]}}],"collection":[{"href":"https:\/\/fieam.org.br\/sesi\/wp-json\/wp\/v2\/posts"}],"about":[{"href":"https:\/\/fieam.org.br\/sesi\/wp-json\/wp\/v2\/types\/post"}],"author":[{"embeddable":true,"href":"https:\/\/fieam.org.br\/sesi\/wp-json\/wp\/v2\/users\/1"}],"replies":[{"embeddable":true,"href":"https:\/\/fieam.org.br\/sesi\/wp-json\/wp\/v2\/comments?post=3271"}],"version-history":[{"count":0,"href":"https:\/\/fieam.org.br\/sesi\/wp-json\/wp\/v2\/posts\/3271\/revisions"}],"wp:attachment":[{"href":"https:\/\/fieam.org.br\/sesi\/wp-json\/wp\/v2\/media?parent=3271"}],"wp:term":[{"taxonomy":"category","embeddable":true,"href":"https:\/\/fieam.org.br\/sesi\/wp-json\/wp\/v2\/categories?post=3271"},{"taxonomy":"post_tag","embeddable":true,"href":"https:\/\/fieam.org.br\/sesi\/wp-json\/wp\/v2\/tags?post=3271"}],"curies":[{"name":"wp","href":"https:\/\/api.w.org\/{rel}","templated":true}]}}