{"id":3229,"date":"2012-07-16T17:06:11","date_gmt":"2012-07-16T17:06:11","guid":{"rendered":"http:\/\/www.fieam.org.br\/site\/sesi\/?p=3229"},"modified":"2012-07-16T17:06:11","modified_gmt":"2012-07-16T17:06:11","slug":"jabil-e-bicampea-no-futsal-feminino","status":"publish","type":"post","link":"https:\/\/fieam.org.br\/sesi\/jabil-e-bicampea-no-futsal-feminino\/","title":{"rendered":"Jabil \u00e9 bicampe\u00e3 no futsal feminino"},"content":{"rendered":"<figure id=\"attachment_3230\" aria-describedby=\"caption-attachment-3230\" style=\"width: 300px\" class=\"wp-caption alignleft\"><a href=\"https:\/\/marketingmassivo.com.br\/sesi\/wp-content\/uploads\/sites\/12\/2012\/07\/Jabil-ouro-no-futsal-feminino.jpg\"><img fetchpriority=\"high\" decoding=\"async\" class=\"size-medium wp-image-3230\" src=\"http:\/\/www.fieam.org.br\/2015\/sesi\/wp-content\/uploads\/sites\/2\/2012\/07\/Jabil-ouro-no-futsal-feminino-300x200.jpg\" alt=\"Jabil - ouro no futsal feminino\" width=\"300\" height=\"200\" srcset=\"https:\/\/fieam.org.br\/sesi\/wp-content\/uploads\/sites\/14\/2012\/07\/Jabil-ouro-no-futsal-feminino-300x200.jpg 300w, https:\/\/fieam.org.br\/sesi\/wp-content\/uploads\/sites\/14\/2012\/07\/Jabil-ouro-no-futsal-feminino-768x512.jpg 768w, https:\/\/fieam.org.br\/sesi\/wp-content\/uploads\/sites\/14\/2012\/07\/Jabil-ouro-no-futsal-feminino.jpg 1024w\" sizes=\"(max-width: 300px) 100vw, 300px\" \/><\/a><figcaption id=\"caption-attachment-3230\" class=\"wp-caption-text\">Jabil - ouro no futsal feminino<\/figcaption><\/figure>\n<p>A equipe de futsal feminino da <a href=\"http:\/\/www.jabil.com\/\" target=\"_blank\" rel=\"noopener\">Jabil<\/a> mostrou nesta quinta-feira (12) que j\u00e1 se acostumou \u00e0s grandes decis\u00f5es, ao conquistar o bicampeonato dos Jogos Estaduais do <a href=\"http:\/\/www.fieam.org.br\/site\/sesi\/institucional\/\" target=\"_blank\" rel=\"noopener\">SESI<\/a>, ao vencer a <a href=\"http:\/\/www.salcomp.com\/\" target=\"_blank\" rel=\"noopener\">Salcomp<\/a> por 2 a 0, no Gin\u00e1sio Poliesportivo Dom\u00edcio Velloso, no <a href=\"http:\/\/www.fieam.org.br\/site\/sesi\/lazer-clube-do-trabalhador-do-amazonas\/\" target=\"_blank\" rel=\"noopener\">Clube do Trabalhador<\/a>. A final entre as duas equipes foi marcada por grande expectativa no meio industri\u00e1rio. Depois de um ano, as duas equipes voltaram a se enfrentar em busca da medalha de ouro.<\/p>\n<p>A Salcomp entrou em quadra em busca do t\u00edtulo perdido ano passado, pressionando desde o in\u00edcio da partida, criando v\u00e1rias oportunidades de abrir o placar, mas pecava nas finaliza\u00e7\u00f5es.<\/p>\n<p>O primeiro tempo da partida foi dominado pelas meninas da Salcomp, com as jogadas sempre conduzidas pela atleta Jocelma, artilheira da equipe, que levava sempre perigo \u00e0 meta da Jabil, obrigando a\u00a0 goleira Maria Goes a fazer v\u00e1rias defesas. O primeiro tempo terminou 0 a 0.<\/p>\n<p>No segundo tempo, a Salcomp continuou no ataque, mas a Jabil se fechou mais na defesa e partia no contra-ataque e come\u00e7ava a mudar o ritmo da partida. A experi\u00eancia de Greiciane, Amanda e J\u00e9ssica foi fundamental, e as atletas da Jabil, passaram a se movimentar mais em quadra, tocando a bola com rapidez. Com isso, as oportunidades foram surgindo. Greiciane, em jogada bem trabalhada do ataque, marcou o primeiro gol da Jabil. Abalada com o gol, a equipe da Salcomp foi toda para o ataque, deixando a defesa aberta. No contra-ataque, Amanda fechou o placar em 2 a 0.<\/p>\n<p>A Jabil que \u00e9 a atual campe\u00e3 nacional dos Jogos SESI de 2012, conquistou a medalha de ouro da etapa estadual dos jogos com as atletas Maria, Mary Jane, Cleide, Amanda, J\u00e9ssica, Joila, Cl\u00e1udia e Karen.<\/p>\n<p>A Salcomp conquistou a medalha de prata com as atletas Linda, Franciane, Hellen, Flaviana, Jocelma, Rosane, Queila e Cristina. Com a vit\u00f3ria, a Jabil garantiu vaga para disputar os Jogos Regionais em novembro, em Porto Velho (RO).<\/p>\n<p>&nbsp;<\/p>\n<p>Medalha de bronze<\/p>\n<p>&nbsp;<\/p>\n<p>A equipe da TPV da Amaz\u00f4nia conquistou a medalha de bronze ao vencer, de virada, a <a href=\"http:\/\/www.honda.com.br\/\" target=\"_blank\" rel=\"noopener\">Honda<\/a> por 2 a 1. A modalidade de futsal feminino dos Jogos SESI reuniu 14 empresas do <a href=\"http:\/\/www.suframa.gov.br\/\" target=\"_blank\" rel=\"noopener\">Polo Industrial de Manaus<\/a>, sendo disputados 59 jogos. Os Jogos SESI est\u00e3o sendo disputados em 17 modalidades esportivas, reunindo cerca de 6 mil trabalhadores-atletas de 132 empresas industriais de Manaus.<\/p>\n<p>[nggallery id=101]<\/p>\n","protected":false},"excerpt":{"rendered":"<p>A equipe de futsal feminino da Jabil mostrou nesta quinta-feira (12) que j\u00e1 se acostumou \u00e0s grandes decis\u00f5es, ao conquistar o bicampeonato dos Jogos Estaduais do SESI, ao vencer a Salcomp por 2 a 0, no Gin\u00e1sio Poliesportivo Dom\u00edcio Velloso, no Clube do Trabalhador. A final entre as duas equipes foi marcada por grande expectativa [&hellip;]<\/p>\n","protected":false},"author":1,"featured_media":0,"comment_status":"open","ping_status":"open","sticky":false,"template":"","format":"standard","meta":{"footnotes":""},"categories":[25],"tags":[],"class_list":["post-3229","post","type-post","status-publish","format-standard","hentry","category-news"],"yoast_head":"<!-- This site is optimized with the Yoast SEO plugin v26.8 - https:\/\/yoast.com\/product\/yoast-seo-wordpress\/ -->\n<title>Jabil \u00e9 bicampe\u00e3 no futsal feminino - SESI<\/title>\n<meta name=\"robots\" content=\"index, follow, max-snippet:-1, max-image-preview:large, max-video-preview:-1\" \/>\n<link rel=\"canonical\" href=\"https:\/\/fieam.org.br\/sesi\/jabil-e-bicampea-no-futsal-feminino\/\" \/>\n<meta property=\"og:locale\" content=\"pt_BR\" \/>\n<meta property=\"og:type\" content=\"article\" \/>\n<meta property=\"og:title\" content=\"Jabil \u00e9 bicampe\u00e3 no futsal feminino - SESI\" \/>\n<meta property=\"og:description\" content=\"A equipe de futsal feminino da Jabil mostrou nesta quinta-feira (12) que j\u00e1 se acostumou \u00e0s grandes decis\u00f5es, ao conquistar o bicampeonato dos Jogos Estaduais do SESI, ao vencer a Salcomp por 2 a 0, no Gin\u00e1sio Poliesportivo Dom\u00edcio Velloso, no Clube do Trabalhador. A final entre as duas equipes foi marcada por grande expectativa [&hellip;]\" \/>\n<meta property=\"og:url\" content=\"https:\/\/fieam.org.br\/sesi\/jabil-e-bicampea-no-futsal-feminino\/\" \/>\n<meta property=\"og:site_name\" content=\"SESI\" \/>\n<meta property=\"article:published_time\" content=\"2012-07-16T17:06:11+00:00\" \/>\n<meta property=\"og:image\" content=\"https:\/\/fieam.org.br\/sesi\/wp-content\/uploads\/sites\/14\/2012\/07\/Jabil-ouro-no-futsal-feminino.jpg\" \/>\n\t<meta property=\"og:image:width\" content=\"1024\" \/>\n\t<meta property=\"og:image:height\" content=\"683\" \/>\n\t<meta property=\"og:image:type\" content=\"image\/jpeg\" \/>\n<meta name=\"author\" content=\"Autor\" \/>\n<meta name=\"twitter:card\" content=\"summary_large_image\" \/>\n<meta name=\"twitter:label1\" content=\"Escrito por\" \/>\n\t<meta name=\"twitter:data1\" content=\"Autor\" \/>\n\t<meta name=\"twitter:label2\" content=\"Est. tempo de leitura\" \/>\n\t<meta name=\"twitter:data2\" content=\"2 minutos\" \/>\n<script type=\"application\/ld+json\" class=\"yoast-schema-graph\">{\"@context\":\"https:\/\/schema.org\",\"@graph\":[{\"@type\":\"Article\",\"@id\":\"https:\/\/fieam.org.br\/sesi\/jabil-e-bicampea-no-futsal-feminino\/#article\",\"isPartOf\":{\"@id\":\"https:\/\/fieam.org.br\/sesi\/jabil-e-bicampea-no-futsal-feminino\/\"},\"author\":{\"name\":\"Autor\",\"@id\":\"https:\/\/fieam.org.br\/sesi\/#\/schema\/person\/c1ceda8321521b291cee22da0a7d34be\"},\"headline\":\"Jabil \u00e9 bicampe\u00e3 no futsal feminino\",\"datePublished\":\"2012-07-16T17:06:11+00:00\",\"mainEntityOfPage\":{\"@id\":\"https:\/\/fieam.org.br\/sesi\/jabil-e-bicampea-no-futsal-feminino\/\"},\"wordCount\":412,\"commentCount\":0,\"publisher\":{\"@id\":\"https:\/\/fieam.org.br\/sesi\/#organization\"},\"image\":{\"@id\":\"https:\/\/fieam.org.br\/sesi\/jabil-e-bicampea-no-futsal-feminino\/#primaryimage\"},\"thumbnailUrl\":\"http:\/\/www.fieam.org.br\/2015\/sesi\/wp-content\/uploads\/sites\/2\/2012\/07\/Jabil-ouro-no-futsal-feminino-300x200.jpg\",\"articleSection\":[\"News\"],\"inLanguage\":\"pt-BR\",\"potentialAction\":[{\"@type\":\"CommentAction\",\"name\":\"Comment\",\"target\":[\"https:\/\/fieam.org.br\/sesi\/jabil-e-bicampea-no-futsal-feminino\/#respond\"]}]},{\"@type\":\"WebPage\",\"@id\":\"https:\/\/fieam.org.br\/sesi\/jabil-e-bicampea-no-futsal-feminino\/\",\"url\":\"https:\/\/fieam.org.br\/sesi\/jabil-e-bicampea-no-futsal-feminino\/\",\"name\":\"Jabil \u00e9 bicampe\u00e3 no futsal feminino - SESI\",\"isPartOf\":{\"@id\":\"https:\/\/fieam.org.br\/sesi\/#website\"},\"primaryImageOfPage\":{\"@id\":\"https:\/\/fieam.org.br\/sesi\/jabil-e-bicampea-no-futsal-feminino\/#primaryimage\"},\"image\":{\"@id\":\"https:\/\/fieam.org.br\/sesi\/jabil-e-bicampea-no-futsal-feminino\/#primaryimage\"},\"thumbnailUrl\":\"http:\/\/www.fieam.org.br\/2015\/sesi\/wp-content\/uploads\/sites\/2\/2012\/07\/Jabil-ouro-no-futsal-feminino-300x200.jpg\",\"datePublished\":\"2012-07-16T17:06:11+00:00\",\"breadcrumb\":{\"@id\":\"https:\/\/fieam.org.br\/sesi\/jabil-e-bicampea-no-futsal-feminino\/#breadcrumb\"},\"inLanguage\":\"pt-BR\",\"potentialAction\":[{\"@type\":\"ReadAction\",\"target\":[\"https:\/\/fieam.org.br\/sesi\/jabil-e-bicampea-no-futsal-feminino\/\"]}]},{\"@type\":\"ImageObject\",\"inLanguage\":\"pt-BR\",\"@id\":\"https:\/\/fieam.org.br\/sesi\/jabil-e-bicampea-no-futsal-feminino\/#primaryimage\",\"url\":\"http:\/\/www.fieam.org.br\/2015\/sesi\/wp-content\/uploads\/sites\/2\/2012\/07\/Jabil-ouro-no-futsal-feminino-300x200.jpg\",\"contentUrl\":\"http:\/\/www.fieam.org.br\/2015\/sesi\/wp-content\/uploads\/sites\/2\/2012\/07\/Jabil-ouro-no-futsal-feminino-300x200.jpg\"},{\"@type\":\"BreadcrumbList\",\"@id\":\"https:\/\/fieam.org.br\/sesi\/jabil-e-bicampea-no-futsal-feminino\/#breadcrumb\",\"itemListElement\":[{\"@type\":\"ListItem\",\"position\":1,\"name\":\"In\u00edcio\",\"item\":\"https:\/\/fieam.org.br\/sesi\/\"},{\"@type\":\"ListItem\",\"position\":2,\"name\":\"Jabil \u00e9 bicampe\u00e3 no futsal feminino\"}]},{\"@type\":\"WebSite\",\"@id\":\"https:\/\/fieam.org.br\/sesi\/#website\",\"url\":\"https:\/\/fieam.org.br\/sesi\/\",\"name\":\"SESI\",\"description\":\"Site Oficial!\",\"publisher\":{\"@id\":\"https:\/\/fieam.org.br\/sesi\/#organization\"},\"potentialAction\":[{\"@type\":\"SearchAction\",\"target\":{\"@type\":\"EntryPoint\",\"urlTemplate\":\"https:\/\/fieam.org.br\/sesi\/?s={search_term_string}\"},\"query-input\":{\"@type\":\"PropertyValueSpecification\",\"valueRequired\":true,\"valueName\":\"search_term_string\"}}],\"inLanguage\":\"pt-BR\"},{\"@type\":\"Organization\",\"@id\":\"https:\/\/fieam.org.br\/sesi\/#organization\",\"name\":\"SESI\",\"url\":\"https:\/\/fieam.org.br\/sesi\/\",\"logo\":{\"@type\":\"ImageObject\",\"inLanguage\":\"pt-BR\",\"@id\":\"https:\/\/fieam.org.br\/sesi\/#\/schema\/logo\/image\/\",\"url\":\"https:\/\/fieam.org.br\/sesi\/wp-content\/uploads\/sites\/14\/2024\/03\/cropped-fav.png\",\"contentUrl\":\"https:\/\/fieam.org.br\/sesi\/wp-content\/uploads\/sites\/14\/2024\/03\/cropped-fav.png\",\"width\":610,\"height\":589,\"caption\":\"SESI\"},\"image\":{\"@id\":\"https:\/\/fieam.org.br\/sesi\/#\/schema\/logo\/image\/\"}},{\"@type\":\"Person\",\"@id\":\"https:\/\/fieam.org.br\/sesi\/#\/schema\/person\/c1ceda8321521b291cee22da0a7d34be\",\"name\":\"Autor\",\"image\":{\"@type\":\"ImageObject\",\"inLanguage\":\"pt-BR\",\"@id\":\"https:\/\/fieam.org.br\/sesi\/#\/schema\/person\/image\/\",\"url\":\"https:\/\/secure.gravatar.com\/avatar\/3732c223e0e1fad69062a8f770955c9068d37b055204f310a0be18d4069fe380?s=96&d=mm&r=g\",\"contentUrl\":\"https:\/\/secure.gravatar.com\/avatar\/3732c223e0e1fad69062a8f770955c9068d37b055204f310a0be18d4069fe380?s=96&d=mm&r=g\",\"caption\":\"Autor\"},\"sameAs\":[\"https:\/\/marketingmassivo.com.br\"],\"url\":\"https:\/\/fieam.org.br\/sesi\/author\/admin\/\"}]}<\/script>\n<!-- \/ Yoast SEO plugin. -->","yoast_head_json":{"title":"Jabil \u00e9 bicampe\u00e3 no futsal feminino - SESI","robots":{"index":"index","follow":"follow","max-snippet":"max-snippet:-1","max-image-preview":"max-image-preview:large","max-video-preview":"max-video-preview:-1"},"canonical":"https:\/\/fieam.org.br\/sesi\/jabil-e-bicampea-no-futsal-feminino\/","og_locale":"pt_BR","og_type":"article","og_title":"Jabil \u00e9 bicampe\u00e3 no futsal feminino - SESI","og_description":"A equipe de futsal feminino da Jabil mostrou nesta quinta-feira (12) que j\u00e1 se acostumou \u00e0s grandes decis\u00f5es, ao conquistar o bicampeonato dos Jogos Estaduais do SESI, ao vencer a Salcomp por 2 a 0, no Gin\u00e1sio Poliesportivo Dom\u00edcio Velloso, no Clube do Trabalhador. A final entre as duas equipes foi marcada por grande expectativa [&hellip;]","og_url":"https:\/\/fieam.org.br\/sesi\/jabil-e-bicampea-no-futsal-feminino\/","og_site_name":"SESI","article_published_time":"2012-07-16T17:06:11+00:00","og_image":[{"width":1024,"height":683,"url":"https:\/\/fieam.org.br\/sesi\/wp-content\/uploads\/sites\/14\/2012\/07\/Jabil-ouro-no-futsal-feminino.jpg","type":"image\/jpeg"}],"author":"Autor","twitter_card":"summary_large_image","twitter_misc":{"Escrito por":"Autor","Est. tempo de leitura":"2 minutos"},"schema":{"@context":"https:\/\/schema.org","@graph":[{"@type":"Article","@id":"https:\/\/fieam.org.br\/sesi\/jabil-e-bicampea-no-futsal-feminino\/#article","isPartOf":{"@id":"https:\/\/fieam.org.br\/sesi\/jabil-e-bicampea-no-futsal-feminino\/"},"author":{"name":"Autor","@id":"https:\/\/fieam.org.br\/sesi\/#\/schema\/person\/c1ceda8321521b291cee22da0a7d34be"},"headline":"Jabil \u00e9 bicampe\u00e3 no futsal feminino","datePublished":"2012-07-16T17:06:11+00:00","mainEntityOfPage":{"@id":"https:\/\/fieam.org.br\/sesi\/jabil-e-bicampea-no-futsal-feminino\/"},"wordCount":412,"commentCount":0,"publisher":{"@id":"https:\/\/fieam.org.br\/sesi\/#organization"},"image":{"@id":"https:\/\/fieam.org.br\/sesi\/jabil-e-bicampea-no-futsal-feminino\/#primaryimage"},"thumbnailUrl":"http:\/\/www.fieam.org.br\/2015\/sesi\/wp-content\/uploads\/sites\/2\/2012\/07\/Jabil-ouro-no-futsal-feminino-300x200.jpg","articleSection":["News"],"inLanguage":"pt-BR","potentialAction":[{"@type":"CommentAction","name":"Comment","target":["https:\/\/fieam.org.br\/sesi\/jabil-e-bicampea-no-futsal-feminino\/#respond"]}]},{"@type":"WebPage","@id":"https:\/\/fieam.org.br\/sesi\/jabil-e-bicampea-no-futsal-feminino\/","url":"https:\/\/fieam.org.br\/sesi\/jabil-e-bicampea-no-futsal-feminino\/","name":"Jabil \u00e9 bicampe\u00e3 no futsal feminino - SESI","isPartOf":{"@id":"https:\/\/fieam.org.br\/sesi\/#website"},"primaryImageOfPage":{"@id":"https:\/\/fieam.org.br\/sesi\/jabil-e-bicampea-no-futsal-feminino\/#primaryimage"},"image":{"@id":"https:\/\/fieam.org.br\/sesi\/jabil-e-bicampea-no-futsal-feminino\/#primaryimage"},"thumbnailUrl":"http:\/\/www.fieam.org.br\/2015\/sesi\/wp-content\/uploads\/sites\/2\/2012\/07\/Jabil-ouro-no-futsal-feminino-300x200.jpg","datePublished":"2012-07-16T17:06:11+00:00","breadcrumb":{"@id":"https:\/\/fieam.org.br\/sesi\/jabil-e-bicampea-no-futsal-feminino\/#breadcrumb"},"inLanguage":"pt-BR","potentialAction":[{"@type":"ReadAction","target":["https:\/\/fieam.org.br\/sesi\/jabil-e-bicampea-no-futsal-feminino\/"]}]},{"@type":"ImageObject","inLanguage":"pt-BR","@id":"https:\/\/fieam.org.br\/sesi\/jabil-e-bicampea-no-futsal-feminino\/#primaryimage","url":"http:\/\/www.fieam.org.br\/2015\/sesi\/wp-content\/uploads\/sites\/2\/2012\/07\/Jabil-ouro-no-futsal-feminino-300x200.jpg","contentUrl":"http:\/\/www.fieam.org.br\/2015\/sesi\/wp-content\/uploads\/sites\/2\/2012\/07\/Jabil-ouro-no-futsal-feminino-300x200.jpg"},{"@type":"BreadcrumbList","@id":"https:\/\/fieam.org.br\/sesi\/jabil-e-bicampea-no-futsal-feminino\/#breadcrumb","itemListElement":[{"@type":"ListItem","position":1,"name":"In\u00edcio","item":"https:\/\/fieam.org.br\/sesi\/"},{"@type":"ListItem","position":2,"name":"Jabil \u00e9 bicampe\u00e3 no futsal feminino"}]},{"@type":"WebSite","@id":"https:\/\/fieam.org.br\/sesi\/#website","url":"https:\/\/fieam.org.br\/sesi\/","name":"SESI","description":"Site Oficial!","publisher":{"@id":"https:\/\/fieam.org.br\/sesi\/#organization"},"potentialAction":[{"@type":"SearchAction","target":{"@type":"EntryPoint","urlTemplate":"https:\/\/fieam.org.br\/sesi\/?s={search_term_string}"},"query-input":{"@type":"PropertyValueSpecification","valueRequired":true,"valueName":"search_term_string"}}],"inLanguage":"pt-BR"},{"@type":"Organization","@id":"https:\/\/fieam.org.br\/sesi\/#organization","name":"SESI","url":"https:\/\/fieam.org.br\/sesi\/","logo":{"@type":"ImageObject","inLanguage":"pt-BR","@id":"https:\/\/fieam.org.br\/sesi\/#\/schema\/logo\/image\/","url":"https:\/\/fieam.org.br\/sesi\/wp-content\/uploads\/sites\/14\/2024\/03\/cropped-fav.png","contentUrl":"https:\/\/fieam.org.br\/sesi\/wp-content\/uploads\/sites\/14\/2024\/03\/cropped-fav.png","width":610,"height":589,"caption":"SESI"},"image":{"@id":"https:\/\/fieam.org.br\/sesi\/#\/schema\/logo\/image\/"}},{"@type":"Person","@id":"https:\/\/fieam.org.br\/sesi\/#\/schema\/person\/c1ceda8321521b291cee22da0a7d34be","name":"Autor","image":{"@type":"ImageObject","inLanguage":"pt-BR","@id":"https:\/\/fieam.org.br\/sesi\/#\/schema\/person\/image\/","url":"https:\/\/secure.gravatar.com\/avatar\/3732c223e0e1fad69062a8f770955c9068d37b055204f310a0be18d4069fe380?s=96&d=mm&r=g","contentUrl":"https:\/\/secure.gravatar.com\/avatar\/3732c223e0e1fad69062a8f770955c9068d37b055204f310a0be18d4069fe380?s=96&d=mm&r=g","caption":"Autor"},"sameAs":["https:\/\/marketingmassivo.com.br"],"url":"https:\/\/fieam.org.br\/sesi\/author\/admin\/"}]}},"_links":{"self":[{"href":"https:\/\/fieam.org.br\/sesi\/wp-json\/wp\/v2\/posts\/3229","targetHints":{"allow":["GET"]}}],"collection":[{"href":"https:\/\/fieam.org.br\/sesi\/wp-json\/wp\/v2\/posts"}],"about":[{"href":"https:\/\/fieam.org.br\/sesi\/wp-json\/wp\/v2\/types\/post"}],"author":[{"embeddable":true,"href":"https:\/\/fieam.org.br\/sesi\/wp-json\/wp\/v2\/users\/1"}],"replies":[{"embeddable":true,"href":"https:\/\/fieam.org.br\/sesi\/wp-json\/wp\/v2\/comments?post=3229"}],"version-history":[{"count":0,"href":"https:\/\/fieam.org.br\/sesi\/wp-json\/wp\/v2\/posts\/3229\/revisions"}],"wp:attachment":[{"href":"https:\/\/fieam.org.br\/sesi\/wp-json\/wp\/v2\/media?parent=3229"}],"wp:term":[{"taxonomy":"category","embeddable":true,"href":"https:\/\/fieam.org.br\/sesi\/wp-json\/wp\/v2\/categories?post=3229"},{"taxonomy":"post_tag","embeddable":true,"href":"https:\/\/fieam.org.br\/sesi\/wp-json\/wp\/v2\/tags?post=3229"}],"curies":[{"name":"wp","href":"https:\/\/api.w.org\/{rel}","templated":true}]}}