{"id":3208,"date":"2012-07-13T12:35:09","date_gmt":"2012-07-13T12:35:09","guid":{"rendered":"http:\/\/www.fieam.org.br\/site\/sesi\/?p=3208"},"modified":"2012-07-13T12:35:09","modified_gmt":"2012-07-13T12:35:09","slug":"sesi-amazonas-lanca-projeto-viravida","status":"publish","type":"post","link":"https:\/\/fieam.org.br\/sesi\/sesi-amazonas-lanca-projeto-viravida\/","title":{"rendered":"SESI Amazonas lan\u00e7a Projeto ViraVida"},"content":{"rendered":"<p><a href=\"http:\/\/www.fieam.org.br\/site\/sesi\/files\/2012\/07\/banner-vira-vida1.jpg\"><img fetchpriority=\"high\" decoding=\"async\" class=\"alignleft size-full wp-image-3209\" src=\"http:\/\/www.fieam.org.br\/site\/sesi\/files\/2012\/07\/banner-vira-vida1.jpg\" alt=\"\" width=\"250\" height=\"250\" srcset=\"https:\/\/fieam.org.br\/sesi\/wp-content\/uploads\/sites\/14\/2012\/07\/banner-vira-vida1.jpg 250w, https:\/\/fieam.org.br\/sesi\/wp-content\/uploads\/sites\/14\/2012\/07\/banner-vira-vida1-150x150.jpg 150w\" sizes=\"(max-width: 250px) 100vw, 250px\" \/><\/a>Na pr\u00f3xima sexta-feira (13), <a href=\"http:\/\/www.fieam.org.br\/site\/sesi\/institucional\/\" target=\"_blank\" rel=\"noopener\">o Servi\u00e7o Social da Ind\u00fastria (SESI Amazonas)<\/a> lan\u00e7ar\u00e1 o <a href=\"http:\/\/www.viravida.org.br\/\" target=\"_blank\" rel=\"noopener\">Projeto ViraVida<\/a>, iniciativa do <a href=\"http:\/\/www.conselhonacionaldosesi.org.br\/\" target=\"_blank\" rel=\"noopener\">Conselho Nacional do\u00a0 SESI<\/a> que tem o objetivo de oferecer oportunidades, por meio da capacita\u00e7\u00e3o profissional, a jovens e adolescentes em situa\u00e7\u00e3o de explora\u00e7\u00e3o sexual.\u00a0 O encontro ser\u00e1 no Audit\u00f3rio Gilberto Mendes de Azevedo (Av. Joaquim Nabuco, 1919, Centro), \u00e0s 9 horas, e se trata de uma primeira reuni\u00e3o entre o SESI, Governo do Estado, Prefeitura de Manaus e entidades que comp\u00f5em a rede de enfrentamento \u00e0 explora\u00e7\u00e3o sexual no Amazonas.<\/p>\n<p>O p\u00fablico do ViraVida s\u00e3o meninos e meninas entre 16 e 21 anos, de fam\u00edlias de baixa renda, que residem nas periferias de grandes centros e t\u00eam sua hist\u00f3ria de vida marcadas por experi\u00eancias relacionadas a trabalho dom\u00e9stico, abuso sexual, gravidez precoce e depend\u00eancia qu\u00edmica. Para atingir esse p\u00fablico, o projeto recebe o apoio do Sistema S (SESI, <a href=\"http:\/\/www.fieam.org.br\/site\/senai\/institucional\/\" target=\"_blank\" rel=\"noopener\">SENAI<\/a>, <a href=\"http:\/\/www.sesc-am.com.br\/\" target=\"_blank\" rel=\"noopener\">Sesc<\/a>, <a href=\"http:\/\/www.am.senac.br\/\" target=\"_blank\" rel=\"noopener\">Senac<\/a>, <a href=\"http:\/\/www.sebrae.com.br\/uf\/amazonas\/\" target=\"_blank\" rel=\"noopener\">Sebrae<\/a>, <a href=\"http:\/\/www.ocbam.coop.br\/\" target=\"_blank\" rel=\"noopener\">Sescoop<\/a>, Sesp e <a href=\"http:\/\/www.sestsenat.org.br\/\" target=\"_blank\" rel=\"noopener\">Senat<\/a>), associa\u00e7\u00f5es, ONGs e institui\u00e7\u00f5es id\u00f4neas conhecidas pelo atendimento a jovens com esse perfil.<\/p>\n<p>Segundo o presidente do Conselho Nacional do SESI, Jair Meneguelli, que estar\u00e1 presente no lan\u00e7amento do projeto em Manaus, o ViraVida pretende agregar, integrar e mobilizar iniciativas e esfor\u00e7os para revers\u00e3o da mais cruel forma de experi\u00eancia de trabalho infantil \u2013 a explora\u00e7\u00e3o sexual de adolescentes e de jovens. \u201cEsse projeto \u00e9 um sim para outras alternativas de vida constitu\u00eddas al\u00e9m do medo, da prova\u00e7\u00e3o e das viol\u00eancias diversas\u201d, disse<\/p>\n<p>O presidente da <a href=\"http:\/\/www.fieam.org.br\/site\/fieam\/institucional\/\" target=\"_blank\" rel=\"noopener\">FIEAM<\/a>, Antonio Silva, disse que Manaus lan\u00e7ar\u00e1 o projeto com grandes expectativas. \u201cSomos uma das subsedes da <a href=\"http:\/\/www.portal2014.org.br\/\" target=\"_blank\" rel=\"noopener\">Copa do Mundo de 2014<\/a> e \u00e9 de grande import\u00e2ncia que nos voltemos para o combate \u00e0 rede de explora\u00e7\u00e3o sexual infantil\u201d, destacou. O projeto j\u00e1 foi implantado em 16 estados brasileiros e ao longo de tr\u00eas anos j\u00e1 atendeu mais de dois mil e duzentos jovens. Pretendemos somar com os resultados do projeto e principalmente, proporcionar uma transforma\u00e7\u00e3o na vida de jovens amazonenses.<\/p>\n<p>A gerente de Responsabilidade Social do SESI, Sim\u00f4nica Sidrim, explica que o \u201cViraVida \u00e9 um projeto s\u00f3cio-educativo que proporciona o resgate dos direitos fundamentais desses jovens\u00a0 por meio de educa\u00e7\u00e3o continuada para eleva\u00e7\u00e3o da escolaridade, atendimento psicossocial, forma\u00e7\u00e3o profissional e no\u00e7\u00f5es de empreendedorismo. O projeto \u00e9 uma iniciativa estruturada, que ser\u00e1 desenvolvida por equipe multidisciplinar formada por psic\u00f3logo, assistente social, pedagogo e administrador. \u201cO apoio dos parceiros e das institui\u00e7\u00f5es que lutam pela causa do menor ser\u00e3o fundamentais\u201d, ressaltou a gerente.<\/p>\n<p>Um dos aspectos de destaque do ViraVida \u00e9 o desafio de assegurar a inser\u00e7\u00e3o dos alunos concluintes no mercado de trabalho. Durante o processo de forma\u00e7\u00e3o e qualifica\u00e7\u00e3o profissional, que dura em m\u00e9dia um ano, os alunos recebem uma bolsa no valor de R$ 500,00, dos quais 20% (R$ 100,00) ficam retidos em uma poupan\u00e7a, resgat\u00e1vel ao final do processo de forma\u00e7\u00e3o. Informa\u00e7\u00f5es: 3186- 6558<\/p>\n","protected":false},"excerpt":{"rendered":"<p>Na pr\u00f3xima sexta-feira (13), o Servi\u00e7o Social da Ind\u00fastria (SESI Amazonas) lan\u00e7ar\u00e1 o Projeto ViraVida, iniciativa do Conselho Nacional do\u00a0 SESI que tem o objetivo de oferecer oportunidades, por meio da capacita\u00e7\u00e3o profissional, a jovens e adolescentes em situa\u00e7\u00e3o de explora\u00e7\u00e3o sexual.\u00a0 O encontro ser\u00e1 no Audit\u00f3rio Gilberto Mendes de Azevedo (Av. Joaquim Nabuco, 1919, [&hellip;]<\/p>\n","protected":false},"author":1,"featured_media":0,"comment_status":"open","ping_status":"open","sticky":false,"template":"","format":"standard","meta":{"footnotes":""},"categories":[25],"tags":[],"class_list":["post-3208","post","type-post","status-publish","format-standard","hentry","category-news"],"yoast_head":"<!-- This site is optimized with the Yoast SEO plugin v26.8 - https:\/\/yoast.com\/product\/yoast-seo-wordpress\/ -->\n<title>SESI Amazonas lan\u00e7a Projeto ViraVida - SESI<\/title>\n<meta name=\"robots\" content=\"index, follow, max-snippet:-1, max-image-preview:large, max-video-preview:-1\" \/>\n<link rel=\"canonical\" href=\"https:\/\/fieam.org.br\/sesi\/sesi-amazonas-lanca-projeto-viravida\/\" \/>\n<meta property=\"og:locale\" content=\"pt_BR\" \/>\n<meta property=\"og:type\" content=\"article\" \/>\n<meta property=\"og:title\" content=\"SESI Amazonas lan\u00e7a Projeto ViraVida - SESI\" \/>\n<meta property=\"og:description\" content=\"Na pr\u00f3xima sexta-feira (13), o Servi\u00e7o Social da Ind\u00fastria (SESI Amazonas) lan\u00e7ar\u00e1 o Projeto ViraVida, iniciativa do Conselho Nacional do\u00a0 SESI que tem o objetivo de oferecer oportunidades, por meio da capacita\u00e7\u00e3o profissional, a jovens e adolescentes em situa\u00e7\u00e3o de explora\u00e7\u00e3o sexual.\u00a0 O encontro ser\u00e1 no Audit\u00f3rio Gilberto Mendes de Azevedo (Av. Joaquim Nabuco, 1919, [&hellip;]\" \/>\n<meta property=\"og:url\" content=\"https:\/\/fieam.org.br\/sesi\/sesi-amazonas-lanca-projeto-viravida\/\" \/>\n<meta property=\"og:site_name\" content=\"SESI\" \/>\n<meta property=\"article:published_time\" content=\"2012-07-13T12:35:09+00:00\" \/>\n<meta property=\"og:image\" content=\"https:\/\/fieam.org.br\/sesi\/wp-content\/uploads\/sites\/14\/2012\/07\/banner-vira-vida1.jpg\" \/>\n\t<meta property=\"og:image:width\" content=\"250\" \/>\n\t<meta property=\"og:image:height\" content=\"250\" \/>\n\t<meta property=\"og:image:type\" content=\"image\/jpeg\" \/>\n<meta name=\"author\" content=\"Autor\" \/>\n<meta name=\"twitter:card\" content=\"summary_large_image\" \/>\n<meta name=\"twitter:label1\" content=\"Escrito por\" \/>\n\t<meta name=\"twitter:data1\" content=\"Autor\" \/>\n\t<meta name=\"twitter:label2\" content=\"Est. tempo de leitura\" \/>\n\t<meta name=\"twitter:data2\" content=\"3 minutos\" \/>\n<script type=\"application\/ld+json\" class=\"yoast-schema-graph\">{\"@context\":\"https:\/\/schema.org\",\"@graph\":[{\"@type\":\"Article\",\"@id\":\"https:\/\/fieam.org.br\/sesi\/sesi-amazonas-lanca-projeto-viravida\/#article\",\"isPartOf\":{\"@id\":\"https:\/\/fieam.org.br\/sesi\/sesi-amazonas-lanca-projeto-viravida\/\"},\"author\":{\"name\":\"Autor\",\"@id\":\"https:\/\/fieam.org.br\/sesi\/#\/schema\/person\/c1ceda8321521b291cee22da0a7d34be\"},\"headline\":\"SESI Amazonas lan\u00e7a Projeto ViraVida\",\"datePublished\":\"2012-07-13T12:35:09+00:00\",\"mainEntityOfPage\":{\"@id\":\"https:\/\/fieam.org.br\/sesi\/sesi-amazonas-lanca-projeto-viravida\/\"},\"wordCount\":509,\"commentCount\":0,\"publisher\":{\"@id\":\"https:\/\/fieam.org.br\/sesi\/#organization\"},\"image\":{\"@id\":\"https:\/\/fieam.org.br\/sesi\/sesi-amazonas-lanca-projeto-viravida\/#primaryimage\"},\"thumbnailUrl\":\"http:\/\/www.fieam.org.br\/site\/sesi\/files\/2012\/07\/banner-vira-vida1.jpg\",\"articleSection\":[\"News\"],\"inLanguage\":\"pt-BR\",\"potentialAction\":[{\"@type\":\"CommentAction\",\"name\":\"Comment\",\"target\":[\"https:\/\/fieam.org.br\/sesi\/sesi-amazonas-lanca-projeto-viravida\/#respond\"]}]},{\"@type\":\"WebPage\",\"@id\":\"https:\/\/fieam.org.br\/sesi\/sesi-amazonas-lanca-projeto-viravida\/\",\"url\":\"https:\/\/fieam.org.br\/sesi\/sesi-amazonas-lanca-projeto-viravida\/\",\"name\":\"SESI Amazonas lan\u00e7a Projeto ViraVida - SESI\",\"isPartOf\":{\"@id\":\"https:\/\/fieam.org.br\/sesi\/#website\"},\"primaryImageOfPage\":{\"@id\":\"https:\/\/fieam.org.br\/sesi\/sesi-amazonas-lanca-projeto-viravida\/#primaryimage\"},\"image\":{\"@id\":\"https:\/\/fieam.org.br\/sesi\/sesi-amazonas-lanca-projeto-viravida\/#primaryimage\"},\"thumbnailUrl\":\"http:\/\/www.fieam.org.br\/site\/sesi\/files\/2012\/07\/banner-vira-vida1.jpg\",\"datePublished\":\"2012-07-13T12:35:09+00:00\",\"breadcrumb\":{\"@id\":\"https:\/\/fieam.org.br\/sesi\/sesi-amazonas-lanca-projeto-viravida\/#breadcrumb\"},\"inLanguage\":\"pt-BR\",\"potentialAction\":[{\"@type\":\"ReadAction\",\"target\":[\"https:\/\/fieam.org.br\/sesi\/sesi-amazonas-lanca-projeto-viravida\/\"]}]},{\"@type\":\"ImageObject\",\"inLanguage\":\"pt-BR\",\"@id\":\"https:\/\/fieam.org.br\/sesi\/sesi-amazonas-lanca-projeto-viravida\/#primaryimage\",\"url\":\"http:\/\/www.fieam.org.br\/site\/sesi\/files\/2012\/07\/banner-vira-vida1.jpg\",\"contentUrl\":\"http:\/\/www.fieam.org.br\/site\/sesi\/files\/2012\/07\/banner-vira-vida1.jpg\"},{\"@type\":\"BreadcrumbList\",\"@id\":\"https:\/\/fieam.org.br\/sesi\/sesi-amazonas-lanca-projeto-viravida\/#breadcrumb\",\"itemListElement\":[{\"@type\":\"ListItem\",\"position\":1,\"name\":\"In\u00edcio\",\"item\":\"https:\/\/fieam.org.br\/sesi\/\"},{\"@type\":\"ListItem\",\"position\":2,\"name\":\"SESI Amazonas lan\u00e7a Projeto ViraVida\"}]},{\"@type\":\"WebSite\",\"@id\":\"https:\/\/fieam.org.br\/sesi\/#website\",\"url\":\"https:\/\/fieam.org.br\/sesi\/\",\"name\":\"SESI\",\"description\":\"Site Oficial!\",\"publisher\":{\"@id\":\"https:\/\/fieam.org.br\/sesi\/#organization\"},\"potentialAction\":[{\"@type\":\"SearchAction\",\"target\":{\"@type\":\"EntryPoint\",\"urlTemplate\":\"https:\/\/fieam.org.br\/sesi\/?s={search_term_string}\"},\"query-input\":{\"@type\":\"PropertyValueSpecification\",\"valueRequired\":true,\"valueName\":\"search_term_string\"}}],\"inLanguage\":\"pt-BR\"},{\"@type\":\"Organization\",\"@id\":\"https:\/\/fieam.org.br\/sesi\/#organization\",\"name\":\"SESI\",\"url\":\"https:\/\/fieam.org.br\/sesi\/\",\"logo\":{\"@type\":\"ImageObject\",\"inLanguage\":\"pt-BR\",\"@id\":\"https:\/\/fieam.org.br\/sesi\/#\/schema\/logo\/image\/\",\"url\":\"https:\/\/fieam.org.br\/sesi\/wp-content\/uploads\/sites\/14\/2024\/03\/cropped-fav.png\",\"contentUrl\":\"https:\/\/fieam.org.br\/sesi\/wp-content\/uploads\/sites\/14\/2024\/03\/cropped-fav.png\",\"width\":610,\"height\":589,\"caption\":\"SESI\"},\"image\":{\"@id\":\"https:\/\/fieam.org.br\/sesi\/#\/schema\/logo\/image\/\"}},{\"@type\":\"Person\",\"@id\":\"https:\/\/fieam.org.br\/sesi\/#\/schema\/person\/c1ceda8321521b291cee22da0a7d34be\",\"name\":\"Autor\",\"image\":{\"@type\":\"ImageObject\",\"inLanguage\":\"pt-BR\",\"@id\":\"https:\/\/fieam.org.br\/sesi\/#\/schema\/person\/image\/\",\"url\":\"https:\/\/secure.gravatar.com\/avatar\/3732c223e0e1fad69062a8f770955c9068d37b055204f310a0be18d4069fe380?s=96&d=mm&r=g\",\"contentUrl\":\"https:\/\/secure.gravatar.com\/avatar\/3732c223e0e1fad69062a8f770955c9068d37b055204f310a0be18d4069fe380?s=96&d=mm&r=g\",\"caption\":\"Autor\"},\"sameAs\":[\"https:\/\/marketingmassivo.com.br\"],\"url\":\"https:\/\/fieam.org.br\/sesi\/author\/admin\/\"}]}<\/script>\n<!-- \/ Yoast SEO plugin. -->","yoast_head_json":{"title":"SESI Amazonas lan\u00e7a Projeto ViraVida - SESI","robots":{"index":"index","follow":"follow","max-snippet":"max-snippet:-1","max-image-preview":"max-image-preview:large","max-video-preview":"max-video-preview:-1"},"canonical":"https:\/\/fieam.org.br\/sesi\/sesi-amazonas-lanca-projeto-viravida\/","og_locale":"pt_BR","og_type":"article","og_title":"SESI Amazonas lan\u00e7a Projeto ViraVida - SESI","og_description":"Na pr\u00f3xima sexta-feira (13), o Servi\u00e7o Social da Ind\u00fastria (SESI Amazonas) lan\u00e7ar\u00e1 o Projeto ViraVida, iniciativa do Conselho Nacional do\u00a0 SESI que tem o objetivo de oferecer oportunidades, por meio da capacita\u00e7\u00e3o profissional, a jovens e adolescentes em situa\u00e7\u00e3o de explora\u00e7\u00e3o sexual.\u00a0 O encontro ser\u00e1 no Audit\u00f3rio Gilberto Mendes de Azevedo (Av. Joaquim Nabuco, 1919, [&hellip;]","og_url":"https:\/\/fieam.org.br\/sesi\/sesi-amazonas-lanca-projeto-viravida\/","og_site_name":"SESI","article_published_time":"2012-07-13T12:35:09+00:00","og_image":[{"width":250,"height":250,"url":"https:\/\/fieam.org.br\/sesi\/wp-content\/uploads\/sites\/14\/2012\/07\/banner-vira-vida1.jpg","type":"image\/jpeg"}],"author":"Autor","twitter_card":"summary_large_image","twitter_misc":{"Escrito por":"Autor","Est. tempo de leitura":"3 minutos"},"schema":{"@context":"https:\/\/schema.org","@graph":[{"@type":"Article","@id":"https:\/\/fieam.org.br\/sesi\/sesi-amazonas-lanca-projeto-viravida\/#article","isPartOf":{"@id":"https:\/\/fieam.org.br\/sesi\/sesi-amazonas-lanca-projeto-viravida\/"},"author":{"name":"Autor","@id":"https:\/\/fieam.org.br\/sesi\/#\/schema\/person\/c1ceda8321521b291cee22da0a7d34be"},"headline":"SESI Amazonas lan\u00e7a Projeto ViraVida","datePublished":"2012-07-13T12:35:09+00:00","mainEntityOfPage":{"@id":"https:\/\/fieam.org.br\/sesi\/sesi-amazonas-lanca-projeto-viravida\/"},"wordCount":509,"commentCount":0,"publisher":{"@id":"https:\/\/fieam.org.br\/sesi\/#organization"},"image":{"@id":"https:\/\/fieam.org.br\/sesi\/sesi-amazonas-lanca-projeto-viravida\/#primaryimage"},"thumbnailUrl":"http:\/\/www.fieam.org.br\/site\/sesi\/files\/2012\/07\/banner-vira-vida1.jpg","articleSection":["News"],"inLanguage":"pt-BR","potentialAction":[{"@type":"CommentAction","name":"Comment","target":["https:\/\/fieam.org.br\/sesi\/sesi-amazonas-lanca-projeto-viravida\/#respond"]}]},{"@type":"WebPage","@id":"https:\/\/fieam.org.br\/sesi\/sesi-amazonas-lanca-projeto-viravida\/","url":"https:\/\/fieam.org.br\/sesi\/sesi-amazonas-lanca-projeto-viravida\/","name":"SESI Amazonas lan\u00e7a Projeto ViraVida - SESI","isPartOf":{"@id":"https:\/\/fieam.org.br\/sesi\/#website"},"primaryImageOfPage":{"@id":"https:\/\/fieam.org.br\/sesi\/sesi-amazonas-lanca-projeto-viravida\/#primaryimage"},"image":{"@id":"https:\/\/fieam.org.br\/sesi\/sesi-amazonas-lanca-projeto-viravida\/#primaryimage"},"thumbnailUrl":"http:\/\/www.fieam.org.br\/site\/sesi\/files\/2012\/07\/banner-vira-vida1.jpg","datePublished":"2012-07-13T12:35:09+00:00","breadcrumb":{"@id":"https:\/\/fieam.org.br\/sesi\/sesi-amazonas-lanca-projeto-viravida\/#breadcrumb"},"inLanguage":"pt-BR","potentialAction":[{"@type":"ReadAction","target":["https:\/\/fieam.org.br\/sesi\/sesi-amazonas-lanca-projeto-viravida\/"]}]},{"@type":"ImageObject","inLanguage":"pt-BR","@id":"https:\/\/fieam.org.br\/sesi\/sesi-amazonas-lanca-projeto-viravida\/#primaryimage","url":"http:\/\/www.fieam.org.br\/site\/sesi\/files\/2012\/07\/banner-vira-vida1.jpg","contentUrl":"http:\/\/www.fieam.org.br\/site\/sesi\/files\/2012\/07\/banner-vira-vida1.jpg"},{"@type":"BreadcrumbList","@id":"https:\/\/fieam.org.br\/sesi\/sesi-amazonas-lanca-projeto-viravida\/#breadcrumb","itemListElement":[{"@type":"ListItem","position":1,"name":"In\u00edcio","item":"https:\/\/fieam.org.br\/sesi\/"},{"@type":"ListItem","position":2,"name":"SESI Amazonas lan\u00e7a Projeto ViraVida"}]},{"@type":"WebSite","@id":"https:\/\/fieam.org.br\/sesi\/#website","url":"https:\/\/fieam.org.br\/sesi\/","name":"SESI","description":"Site Oficial!","publisher":{"@id":"https:\/\/fieam.org.br\/sesi\/#organization"},"potentialAction":[{"@type":"SearchAction","target":{"@type":"EntryPoint","urlTemplate":"https:\/\/fieam.org.br\/sesi\/?s={search_term_string}"},"query-input":{"@type":"PropertyValueSpecification","valueRequired":true,"valueName":"search_term_string"}}],"inLanguage":"pt-BR"},{"@type":"Organization","@id":"https:\/\/fieam.org.br\/sesi\/#organization","name":"SESI","url":"https:\/\/fieam.org.br\/sesi\/","logo":{"@type":"ImageObject","inLanguage":"pt-BR","@id":"https:\/\/fieam.org.br\/sesi\/#\/schema\/logo\/image\/","url":"https:\/\/fieam.org.br\/sesi\/wp-content\/uploads\/sites\/14\/2024\/03\/cropped-fav.png","contentUrl":"https:\/\/fieam.org.br\/sesi\/wp-content\/uploads\/sites\/14\/2024\/03\/cropped-fav.png","width":610,"height":589,"caption":"SESI"},"image":{"@id":"https:\/\/fieam.org.br\/sesi\/#\/schema\/logo\/image\/"}},{"@type":"Person","@id":"https:\/\/fieam.org.br\/sesi\/#\/schema\/person\/c1ceda8321521b291cee22da0a7d34be","name":"Autor","image":{"@type":"ImageObject","inLanguage":"pt-BR","@id":"https:\/\/fieam.org.br\/sesi\/#\/schema\/person\/image\/","url":"https:\/\/secure.gravatar.com\/avatar\/3732c223e0e1fad69062a8f770955c9068d37b055204f310a0be18d4069fe380?s=96&d=mm&r=g","contentUrl":"https:\/\/secure.gravatar.com\/avatar\/3732c223e0e1fad69062a8f770955c9068d37b055204f310a0be18d4069fe380?s=96&d=mm&r=g","caption":"Autor"},"sameAs":["https:\/\/marketingmassivo.com.br"],"url":"https:\/\/fieam.org.br\/sesi\/author\/admin\/"}]}},"_links":{"self":[{"href":"https:\/\/fieam.org.br\/sesi\/wp-json\/wp\/v2\/posts\/3208","targetHints":{"allow":["GET"]}}],"collection":[{"href":"https:\/\/fieam.org.br\/sesi\/wp-json\/wp\/v2\/posts"}],"about":[{"href":"https:\/\/fieam.org.br\/sesi\/wp-json\/wp\/v2\/types\/post"}],"author":[{"embeddable":true,"href":"https:\/\/fieam.org.br\/sesi\/wp-json\/wp\/v2\/users\/1"}],"replies":[{"embeddable":true,"href":"https:\/\/fieam.org.br\/sesi\/wp-json\/wp\/v2\/comments?post=3208"}],"version-history":[{"count":0,"href":"https:\/\/fieam.org.br\/sesi\/wp-json\/wp\/v2\/posts\/3208\/revisions"}],"wp:attachment":[{"href":"https:\/\/fieam.org.br\/sesi\/wp-json\/wp\/v2\/media?parent=3208"}],"wp:term":[{"taxonomy":"category","embeddable":true,"href":"https:\/\/fieam.org.br\/sesi\/wp-json\/wp\/v2\/categories?post=3208"},{"taxonomy":"post_tag","embeddable":true,"href":"https:\/\/fieam.org.br\/sesi\/wp-json\/wp\/v2\/tags?post=3208"}],"curies":[{"name":"wp","href":"https:\/\/api.w.org\/{rel}","templated":true}]}}