{"id":3203,"date":"2012-07-13T00:05:30","date_gmt":"2012-07-13T00:05:30","guid":{"rendered":"http:\/\/www.fieam.org.br\/site\/sesi\/?p=3203"},"modified":"2012-07-13T00:05:30","modified_gmt":"2012-07-13T00:05:30","slug":"entrevista-coletiva-projeto-viravida-do-sesi-chega-a-manaus","status":"publish","type":"post","link":"https:\/\/fieam.org.br\/sesi\/entrevista-coletiva-projeto-viravida-do-sesi-chega-a-manaus\/","title":{"rendered":"ENTREVISTA COLETIVA:  Projeto ViraVida do SESI chega a Manaus"},"content":{"rendered":"<p><a href=\"http:\/\/www.fieam.org.br\/site\/sesi\/files\/2012\/07\/banner-vira-vida.jpg\"><img fetchpriority=\"high\" decoding=\"async\" class=\"alignleft size-full wp-image-3205\" src=\"http:\/\/www.fieam.org.br\/site\/sesi\/files\/2012\/07\/banner-vira-vida.jpg\" alt=\"\" width=\"250\" height=\"250\" srcset=\"https:\/\/fieam.org.br\/sesi\/wp-content\/uploads\/sites\/14\/2012\/07\/banner-vira-vida.jpg 250w, https:\/\/fieam.org.br\/sesi\/wp-content\/uploads\/sites\/14\/2012\/07\/banner-vira-vida-150x150.jpg 150w\" sizes=\"(max-width: 250px) 100vw, 250px\" \/><\/a><a href=\"http:\/\/www.fieam.org.br\/site\/sesi\/institucional\/\" target=\"_blank\" rel=\"noopener\">O Servi\u00e7o Social da Ind\u00fastria (SESI Amazonas)<\/a> lan\u00e7ar\u00e1 amanh\u00e3 (13), em Manaus, \u00e0s 9h, no Audit\u00f3rio Gilberto Mendes de Azevedo (Av.Joaquim Nabuco, 1919, Centro), o <a href=\"http:\/\/www.viravida.org.br\/\" target=\"_blank\" rel=\"noopener\">Projeto ViraVida<\/a>, iniciativa do <a href=\"http:\/\/www.conselhonacionaldosesi.org.br\/\" target=\"_blank\" rel=\"noopener\">Conselho Nacional do\u00a0 SESI<\/a> que tem o objetivo de oferecer oportunidades, por meio da capacita\u00e7\u00e3o profissional, a jovens e adolescentes em situa\u00e7\u00e3o de explora\u00e7\u00e3o sexual.<\/p>\n<p>O evento contar\u00e1 com a presen\u00e7a do presidente do Conselho Nacional do SESI, Jair Meneguelli, que far\u00e1 o lan\u00e7amento do projeto em Manaus, do presidente do <a href=\"http:\/\/www.fieam.org.br\/site\/fieam\/institucional\/\" target=\"_blank\" rel=\"noopener\">Sistema FIEAM<\/a>, Antonio Silva, do presidente do <a href=\"http:\/\/www.fecomercio-am.org.br\/\" target=\"_blank\" rel=\"noopener\">Sistema Fecom\u00e9rcio\/ AM<\/a>, Roberto Tadros, do presidente da <a href=\"http:\/\/www.aca.ind.br\/\" target=\"_blank\" rel=\"noopener\">ACA<\/a>, Ismael Bichara, do presidente do <a href=\"http:\/\/www.cieam.com.br\/\" target=\"_blank\" rel=\"noopener\">CIEAM,<\/a> Wilson P\u00e9rico, e de representantes do <a href=\"http:\/\/www.amazonas.am.gov.br\/\" target=\"_blank\" rel=\"noopener\">Governo do Estado<\/a>, da <a href=\"http:\/\/www.pmm.am.gov.br\/\" target=\"_blank\" rel=\"noopener\">Prefeitura de Manaus<\/a> e de entidades que comp\u00f5em a rede de enfrentamento \u00e0 explora\u00e7\u00e3o sexual no Amazonas.<\/p>\n<p>Informa\u00e7\u00f5es pelo n\u00famero: 3186 &#8211; 6576.<\/p>\n","protected":false},"excerpt":{"rendered":"<p>O Servi\u00e7o Social da Ind\u00fastria (SESI Amazonas) lan\u00e7ar\u00e1 amanh\u00e3 (13), em Manaus, \u00e0s 9h, no Audit\u00f3rio Gilberto Mendes de Azevedo (Av.Joaquim Nabuco, 1919, Centro), o Projeto ViraVida, iniciativa do Conselho Nacional do\u00a0 SESI que tem o objetivo de oferecer oportunidades, por meio da capacita\u00e7\u00e3o profissional, a jovens e adolescentes em situa\u00e7\u00e3o de explora\u00e7\u00e3o sexual. O [&hellip;]<\/p>\n","protected":false},"author":1,"featured_media":0,"comment_status":"open","ping_status":"open","sticky":false,"template":"","format":"standard","meta":{"footnotes":""},"categories":[25],"tags":[],"class_list":["post-3203","post","type-post","status-publish","format-standard","hentry","category-news"],"yoast_head":"<!-- This site is optimized with the Yoast SEO plugin v26.8 - https:\/\/yoast.com\/product\/yoast-seo-wordpress\/ -->\n<title>ENTREVISTA COLETIVA: Projeto ViraVida do SESI chega a Manaus - SESI<\/title>\n<meta name=\"robots\" content=\"index, follow, max-snippet:-1, max-image-preview:large, max-video-preview:-1\" \/>\n<link rel=\"canonical\" href=\"https:\/\/fieam.org.br\/sesi\/entrevista-coletiva-projeto-viravida-do-sesi-chega-a-manaus\/\" \/>\n<meta property=\"og:locale\" content=\"pt_BR\" \/>\n<meta property=\"og:type\" content=\"article\" \/>\n<meta property=\"og:title\" content=\"ENTREVISTA COLETIVA: Projeto ViraVida do SESI chega a Manaus - SESI\" \/>\n<meta property=\"og:description\" content=\"O Servi\u00e7o Social da Ind\u00fastria (SESI Amazonas) lan\u00e7ar\u00e1 amanh\u00e3 (13), em Manaus, \u00e0s 9h, no Audit\u00f3rio Gilberto Mendes de Azevedo (Av.Joaquim Nabuco, 1919, Centro), o Projeto ViraVida, iniciativa do Conselho Nacional do\u00a0 SESI que tem o objetivo de oferecer oportunidades, por meio da capacita\u00e7\u00e3o profissional, a jovens e adolescentes em situa\u00e7\u00e3o de explora\u00e7\u00e3o sexual. O [&hellip;]\" \/>\n<meta property=\"og:url\" content=\"https:\/\/fieam.org.br\/sesi\/entrevista-coletiva-projeto-viravida-do-sesi-chega-a-manaus\/\" \/>\n<meta property=\"og:site_name\" content=\"SESI\" \/>\n<meta property=\"article:published_time\" content=\"2012-07-13T00:05:30+00:00\" \/>\n<meta property=\"og:image\" content=\"https:\/\/fieam.org.br\/sesi\/wp-content\/uploads\/sites\/14\/2012\/07\/banner-vira-vida.jpg\" \/>\n\t<meta property=\"og:image:width\" content=\"250\" \/>\n\t<meta property=\"og:image:height\" content=\"250\" \/>\n\t<meta property=\"og:image:type\" content=\"image\/jpeg\" \/>\n<meta name=\"author\" content=\"Autor\" \/>\n<meta name=\"twitter:card\" content=\"summary_large_image\" \/>\n<meta name=\"twitter:label1\" content=\"Escrito por\" \/>\n\t<meta name=\"twitter:data1\" content=\"Autor\" \/>\n\t<meta name=\"twitter:label2\" content=\"Est. tempo de leitura\" \/>\n\t<meta name=\"twitter:data2\" content=\"1 minuto\" \/>\n<script type=\"application\/ld+json\" class=\"yoast-schema-graph\">{\"@context\":\"https:\/\/schema.org\",\"@graph\":[{\"@type\":\"Article\",\"@id\":\"https:\/\/fieam.org.br\/sesi\/entrevista-coletiva-projeto-viravida-do-sesi-chega-a-manaus\/#article\",\"isPartOf\":{\"@id\":\"https:\/\/fieam.org.br\/sesi\/entrevista-coletiva-projeto-viravida-do-sesi-chega-a-manaus\/\"},\"author\":{\"name\":\"Autor\",\"@id\":\"https:\/\/fieam.org.br\/sesi\/#\/schema\/person\/c1ceda8321521b291cee22da0a7d34be\"},\"headline\":\"ENTREVISTA COLETIVA: Projeto ViraVida do SESI chega a Manaus\",\"datePublished\":\"2012-07-13T00:05:30+00:00\",\"mainEntityOfPage\":{\"@id\":\"https:\/\/fieam.org.br\/sesi\/entrevista-coletiva-projeto-viravida-do-sesi-chega-a-manaus\/\"},\"wordCount\":155,\"commentCount\":0,\"publisher\":{\"@id\":\"https:\/\/fieam.org.br\/sesi\/#organization\"},\"image\":{\"@id\":\"https:\/\/fieam.org.br\/sesi\/entrevista-coletiva-projeto-viravida-do-sesi-chega-a-manaus\/#primaryimage\"},\"thumbnailUrl\":\"http:\/\/www.fieam.org.br\/site\/sesi\/files\/2012\/07\/banner-vira-vida.jpg\",\"articleSection\":[\"News\"],\"inLanguage\":\"pt-BR\",\"potentialAction\":[{\"@type\":\"CommentAction\",\"name\":\"Comment\",\"target\":[\"https:\/\/fieam.org.br\/sesi\/entrevista-coletiva-projeto-viravida-do-sesi-chega-a-manaus\/#respond\"]}]},{\"@type\":\"WebPage\",\"@id\":\"https:\/\/fieam.org.br\/sesi\/entrevista-coletiva-projeto-viravida-do-sesi-chega-a-manaus\/\",\"url\":\"https:\/\/fieam.org.br\/sesi\/entrevista-coletiva-projeto-viravida-do-sesi-chega-a-manaus\/\",\"name\":\"ENTREVISTA COLETIVA: Projeto ViraVida do SESI chega a Manaus - SESI\",\"isPartOf\":{\"@id\":\"https:\/\/fieam.org.br\/sesi\/#website\"},\"primaryImageOfPage\":{\"@id\":\"https:\/\/fieam.org.br\/sesi\/entrevista-coletiva-projeto-viravida-do-sesi-chega-a-manaus\/#primaryimage\"},\"image\":{\"@id\":\"https:\/\/fieam.org.br\/sesi\/entrevista-coletiva-projeto-viravida-do-sesi-chega-a-manaus\/#primaryimage\"},\"thumbnailUrl\":\"http:\/\/www.fieam.org.br\/site\/sesi\/files\/2012\/07\/banner-vira-vida.jpg\",\"datePublished\":\"2012-07-13T00:05:30+00:00\",\"breadcrumb\":{\"@id\":\"https:\/\/fieam.org.br\/sesi\/entrevista-coletiva-projeto-viravida-do-sesi-chega-a-manaus\/#breadcrumb\"},\"inLanguage\":\"pt-BR\",\"potentialAction\":[{\"@type\":\"ReadAction\",\"target\":[\"https:\/\/fieam.org.br\/sesi\/entrevista-coletiva-projeto-viravida-do-sesi-chega-a-manaus\/\"]}]},{\"@type\":\"ImageObject\",\"inLanguage\":\"pt-BR\",\"@id\":\"https:\/\/fieam.org.br\/sesi\/entrevista-coletiva-projeto-viravida-do-sesi-chega-a-manaus\/#primaryimage\",\"url\":\"http:\/\/www.fieam.org.br\/site\/sesi\/files\/2012\/07\/banner-vira-vida.jpg\",\"contentUrl\":\"http:\/\/www.fieam.org.br\/site\/sesi\/files\/2012\/07\/banner-vira-vida.jpg\"},{\"@type\":\"BreadcrumbList\",\"@id\":\"https:\/\/fieam.org.br\/sesi\/entrevista-coletiva-projeto-viravida-do-sesi-chega-a-manaus\/#breadcrumb\",\"itemListElement\":[{\"@type\":\"ListItem\",\"position\":1,\"name\":\"In\u00edcio\",\"item\":\"https:\/\/fieam.org.br\/sesi\/\"},{\"@type\":\"ListItem\",\"position\":2,\"name\":\"ENTREVISTA COLETIVA: Projeto ViraVida do SESI chega a Manaus\"}]},{\"@type\":\"WebSite\",\"@id\":\"https:\/\/fieam.org.br\/sesi\/#website\",\"url\":\"https:\/\/fieam.org.br\/sesi\/\",\"name\":\"SESI\",\"description\":\"Site Oficial!\",\"publisher\":{\"@id\":\"https:\/\/fieam.org.br\/sesi\/#organization\"},\"potentialAction\":[{\"@type\":\"SearchAction\",\"target\":{\"@type\":\"EntryPoint\",\"urlTemplate\":\"https:\/\/fieam.org.br\/sesi\/?s={search_term_string}\"},\"query-input\":{\"@type\":\"PropertyValueSpecification\",\"valueRequired\":true,\"valueName\":\"search_term_string\"}}],\"inLanguage\":\"pt-BR\"},{\"@type\":\"Organization\",\"@id\":\"https:\/\/fieam.org.br\/sesi\/#organization\",\"name\":\"SESI\",\"url\":\"https:\/\/fieam.org.br\/sesi\/\",\"logo\":{\"@type\":\"ImageObject\",\"inLanguage\":\"pt-BR\",\"@id\":\"https:\/\/fieam.org.br\/sesi\/#\/schema\/logo\/image\/\",\"url\":\"https:\/\/fieam.org.br\/sesi\/wp-content\/uploads\/sites\/14\/2024\/03\/cropped-fav.png\",\"contentUrl\":\"https:\/\/fieam.org.br\/sesi\/wp-content\/uploads\/sites\/14\/2024\/03\/cropped-fav.png\",\"width\":610,\"height\":589,\"caption\":\"SESI\"},\"image\":{\"@id\":\"https:\/\/fieam.org.br\/sesi\/#\/schema\/logo\/image\/\"}},{\"@type\":\"Person\",\"@id\":\"https:\/\/fieam.org.br\/sesi\/#\/schema\/person\/c1ceda8321521b291cee22da0a7d34be\",\"name\":\"Autor\",\"image\":{\"@type\":\"ImageObject\",\"inLanguage\":\"pt-BR\",\"@id\":\"https:\/\/fieam.org.br\/sesi\/#\/schema\/person\/image\/\",\"url\":\"https:\/\/secure.gravatar.com\/avatar\/3732c223e0e1fad69062a8f770955c9068d37b055204f310a0be18d4069fe380?s=96&d=mm&r=g\",\"contentUrl\":\"https:\/\/secure.gravatar.com\/avatar\/3732c223e0e1fad69062a8f770955c9068d37b055204f310a0be18d4069fe380?s=96&d=mm&r=g\",\"caption\":\"Autor\"},\"sameAs\":[\"https:\/\/marketingmassivo.com.br\"],\"url\":\"https:\/\/fieam.org.br\/sesi\/author\/admin\/\"}]}<\/script>\n<!-- \/ Yoast SEO plugin. -->","yoast_head_json":{"title":"ENTREVISTA COLETIVA: Projeto ViraVida do SESI chega a Manaus - SESI","robots":{"index":"index","follow":"follow","max-snippet":"max-snippet:-1","max-image-preview":"max-image-preview:large","max-video-preview":"max-video-preview:-1"},"canonical":"https:\/\/fieam.org.br\/sesi\/entrevista-coletiva-projeto-viravida-do-sesi-chega-a-manaus\/","og_locale":"pt_BR","og_type":"article","og_title":"ENTREVISTA COLETIVA: Projeto ViraVida do SESI chega a Manaus - SESI","og_description":"O Servi\u00e7o Social da Ind\u00fastria (SESI Amazonas) lan\u00e7ar\u00e1 amanh\u00e3 (13), em Manaus, \u00e0s 9h, no Audit\u00f3rio Gilberto Mendes de Azevedo (Av.Joaquim Nabuco, 1919, Centro), o Projeto ViraVida, iniciativa do Conselho Nacional do\u00a0 SESI que tem o objetivo de oferecer oportunidades, por meio da capacita\u00e7\u00e3o profissional, a jovens e adolescentes em situa\u00e7\u00e3o de explora\u00e7\u00e3o sexual. O [&hellip;]","og_url":"https:\/\/fieam.org.br\/sesi\/entrevista-coletiva-projeto-viravida-do-sesi-chega-a-manaus\/","og_site_name":"SESI","article_published_time":"2012-07-13T00:05:30+00:00","og_image":[{"width":250,"height":250,"url":"https:\/\/fieam.org.br\/sesi\/wp-content\/uploads\/sites\/14\/2012\/07\/banner-vira-vida.jpg","type":"image\/jpeg"}],"author":"Autor","twitter_card":"summary_large_image","twitter_misc":{"Escrito por":"Autor","Est. tempo de leitura":"1 minuto"},"schema":{"@context":"https:\/\/schema.org","@graph":[{"@type":"Article","@id":"https:\/\/fieam.org.br\/sesi\/entrevista-coletiva-projeto-viravida-do-sesi-chega-a-manaus\/#article","isPartOf":{"@id":"https:\/\/fieam.org.br\/sesi\/entrevista-coletiva-projeto-viravida-do-sesi-chega-a-manaus\/"},"author":{"name":"Autor","@id":"https:\/\/fieam.org.br\/sesi\/#\/schema\/person\/c1ceda8321521b291cee22da0a7d34be"},"headline":"ENTREVISTA COLETIVA: Projeto ViraVida do SESI chega a Manaus","datePublished":"2012-07-13T00:05:30+00:00","mainEntityOfPage":{"@id":"https:\/\/fieam.org.br\/sesi\/entrevista-coletiva-projeto-viravida-do-sesi-chega-a-manaus\/"},"wordCount":155,"commentCount":0,"publisher":{"@id":"https:\/\/fieam.org.br\/sesi\/#organization"},"image":{"@id":"https:\/\/fieam.org.br\/sesi\/entrevista-coletiva-projeto-viravida-do-sesi-chega-a-manaus\/#primaryimage"},"thumbnailUrl":"http:\/\/www.fieam.org.br\/site\/sesi\/files\/2012\/07\/banner-vira-vida.jpg","articleSection":["News"],"inLanguage":"pt-BR","potentialAction":[{"@type":"CommentAction","name":"Comment","target":["https:\/\/fieam.org.br\/sesi\/entrevista-coletiva-projeto-viravida-do-sesi-chega-a-manaus\/#respond"]}]},{"@type":"WebPage","@id":"https:\/\/fieam.org.br\/sesi\/entrevista-coletiva-projeto-viravida-do-sesi-chega-a-manaus\/","url":"https:\/\/fieam.org.br\/sesi\/entrevista-coletiva-projeto-viravida-do-sesi-chega-a-manaus\/","name":"ENTREVISTA COLETIVA: Projeto ViraVida do SESI chega a Manaus - SESI","isPartOf":{"@id":"https:\/\/fieam.org.br\/sesi\/#website"},"primaryImageOfPage":{"@id":"https:\/\/fieam.org.br\/sesi\/entrevista-coletiva-projeto-viravida-do-sesi-chega-a-manaus\/#primaryimage"},"image":{"@id":"https:\/\/fieam.org.br\/sesi\/entrevista-coletiva-projeto-viravida-do-sesi-chega-a-manaus\/#primaryimage"},"thumbnailUrl":"http:\/\/www.fieam.org.br\/site\/sesi\/files\/2012\/07\/banner-vira-vida.jpg","datePublished":"2012-07-13T00:05:30+00:00","breadcrumb":{"@id":"https:\/\/fieam.org.br\/sesi\/entrevista-coletiva-projeto-viravida-do-sesi-chega-a-manaus\/#breadcrumb"},"inLanguage":"pt-BR","potentialAction":[{"@type":"ReadAction","target":["https:\/\/fieam.org.br\/sesi\/entrevista-coletiva-projeto-viravida-do-sesi-chega-a-manaus\/"]}]},{"@type":"ImageObject","inLanguage":"pt-BR","@id":"https:\/\/fieam.org.br\/sesi\/entrevista-coletiva-projeto-viravida-do-sesi-chega-a-manaus\/#primaryimage","url":"http:\/\/www.fieam.org.br\/site\/sesi\/files\/2012\/07\/banner-vira-vida.jpg","contentUrl":"http:\/\/www.fieam.org.br\/site\/sesi\/files\/2012\/07\/banner-vira-vida.jpg"},{"@type":"BreadcrumbList","@id":"https:\/\/fieam.org.br\/sesi\/entrevista-coletiva-projeto-viravida-do-sesi-chega-a-manaus\/#breadcrumb","itemListElement":[{"@type":"ListItem","position":1,"name":"In\u00edcio","item":"https:\/\/fieam.org.br\/sesi\/"},{"@type":"ListItem","position":2,"name":"ENTREVISTA COLETIVA: Projeto ViraVida do SESI chega a Manaus"}]},{"@type":"WebSite","@id":"https:\/\/fieam.org.br\/sesi\/#website","url":"https:\/\/fieam.org.br\/sesi\/","name":"SESI","description":"Site Oficial!","publisher":{"@id":"https:\/\/fieam.org.br\/sesi\/#organization"},"potentialAction":[{"@type":"SearchAction","target":{"@type":"EntryPoint","urlTemplate":"https:\/\/fieam.org.br\/sesi\/?s={search_term_string}"},"query-input":{"@type":"PropertyValueSpecification","valueRequired":true,"valueName":"search_term_string"}}],"inLanguage":"pt-BR"},{"@type":"Organization","@id":"https:\/\/fieam.org.br\/sesi\/#organization","name":"SESI","url":"https:\/\/fieam.org.br\/sesi\/","logo":{"@type":"ImageObject","inLanguage":"pt-BR","@id":"https:\/\/fieam.org.br\/sesi\/#\/schema\/logo\/image\/","url":"https:\/\/fieam.org.br\/sesi\/wp-content\/uploads\/sites\/14\/2024\/03\/cropped-fav.png","contentUrl":"https:\/\/fieam.org.br\/sesi\/wp-content\/uploads\/sites\/14\/2024\/03\/cropped-fav.png","width":610,"height":589,"caption":"SESI"},"image":{"@id":"https:\/\/fieam.org.br\/sesi\/#\/schema\/logo\/image\/"}},{"@type":"Person","@id":"https:\/\/fieam.org.br\/sesi\/#\/schema\/person\/c1ceda8321521b291cee22da0a7d34be","name":"Autor","image":{"@type":"ImageObject","inLanguage":"pt-BR","@id":"https:\/\/fieam.org.br\/sesi\/#\/schema\/person\/image\/","url":"https:\/\/secure.gravatar.com\/avatar\/3732c223e0e1fad69062a8f770955c9068d37b055204f310a0be18d4069fe380?s=96&d=mm&r=g","contentUrl":"https:\/\/secure.gravatar.com\/avatar\/3732c223e0e1fad69062a8f770955c9068d37b055204f310a0be18d4069fe380?s=96&d=mm&r=g","caption":"Autor"},"sameAs":["https:\/\/marketingmassivo.com.br"],"url":"https:\/\/fieam.org.br\/sesi\/author\/admin\/"}]}},"_links":{"self":[{"href":"https:\/\/fieam.org.br\/sesi\/wp-json\/wp\/v2\/posts\/3203","targetHints":{"allow":["GET"]}}],"collection":[{"href":"https:\/\/fieam.org.br\/sesi\/wp-json\/wp\/v2\/posts"}],"about":[{"href":"https:\/\/fieam.org.br\/sesi\/wp-json\/wp\/v2\/types\/post"}],"author":[{"embeddable":true,"href":"https:\/\/fieam.org.br\/sesi\/wp-json\/wp\/v2\/users\/1"}],"replies":[{"embeddable":true,"href":"https:\/\/fieam.org.br\/sesi\/wp-json\/wp\/v2\/comments?post=3203"}],"version-history":[{"count":0,"href":"https:\/\/fieam.org.br\/sesi\/wp-json\/wp\/v2\/posts\/3203\/revisions"}],"wp:attachment":[{"href":"https:\/\/fieam.org.br\/sesi\/wp-json\/wp\/v2\/media?parent=3203"}],"wp:term":[{"taxonomy":"category","embeddable":true,"href":"https:\/\/fieam.org.br\/sesi\/wp-json\/wp\/v2\/categories?post=3203"},{"taxonomy":"post_tag","embeddable":true,"href":"https:\/\/fieam.org.br\/sesi\/wp-json\/wp\/v2\/tags?post=3203"}],"curies":[{"name":"wp","href":"https:\/\/api.w.org\/{rel}","templated":true}]}}