{"id":3175,"date":"2012-07-03T13:29:08","date_gmt":"2012-07-03T13:29:08","guid":{"rendered":"http:\/\/www.fieam.org.br\/site\/sesi\/?p=3175"},"modified":"2012-07-03T13:29:08","modified_gmt":"2012-07-03T13:29:08","slug":"sesi-busca-talentos-musicais-na-industria","status":"publish","type":"post","link":"https:\/\/fieam.org.br\/sesi\/sesi-busca-talentos-musicais-na-industria\/","title":{"rendered":"SESI busca talentos musicais na ind\u00fastria"},"content":{"rendered":"<p><a href=\"http:\/\/www.fieam.org.br\/site\/sesi\/files\/2012\/07\/SESI-M%C3%9ASICA-2012-EXTERNO.jpg\"><img fetchpriority=\"high\" decoding=\"async\" class=\"alignleft size-medium wp-image-3178\" src=\"http:\/\/www.fieam.org.br\/site\/sesi\/files\/2012\/07\/SESI-M%C3%9ASICA-2012-EXTERNO-211x300.jpg\" alt=\"\" width=\"211\" height=\"300\" \/><\/a><a href=\"http:\/\/www.fieam.org.br\/site\/sesi\/institucional\/\" target=\"_blank\" rel=\"noopener\">O SESI Amazonas<\/a> volta a ca\u00e7ar talentos musicais nas empresas do <a href=\"http:\/\/www.suframa.gov.br\/\" target=\"_blank\" rel=\"noopener\">Polo Industrial de Manaus<\/a>. Para quem canta ou comp\u00f5e, est\u00e3o abertas at\u00e9 o dia 26 de julho as inscri\u00e7\u00f5es da quarta edi\u00e7\u00e3o do Festival SESI M\u00fasica, aberto a todos os g\u00eaneros e estilos musicais. A premia\u00e7\u00e3o soma R$ 13.600,00 para os classificados nas duas categorias, Interpreta\u00e7\u00e3o e Composi\u00e7\u00e3o In\u00e9dita. As inscri\u00e7\u00f5es est\u00e3o sendo feitas no <a href=\"http:\/\/www.fieam.org.br\/site\/sesi\/lazer-clube-do-trabalhador-do-amazonas\/\" target=\"_blank\" rel=\"noopener\">Clube do Trabalhador do Amazonas,<\/a> na Alameda Cosme Ferreira, 7.399, S\u00e3o Jos\u00e9.<\/p>\n<p>Voltado exclusivamente para o trabalhador da ind\u00fastria e seus dependentes, h\u00e1 tr\u00eas anos o Festival SESI M\u00fasica vem revelando compositores e int\u00e9rpretes de talento nos variados g\u00eaneros da m\u00fasica popular, com um n\u00famero crescente de participantes.<\/p>\n<p>De acordo com o coordenador do Festival SESI M\u00fasica, Alfredo Rocha, pelo regulamento, cada candidato poder\u00e1 inscrever at\u00e9 tr\u00eas m\u00fasicas em cada categoria, mas apenas uma m\u00fasica de cada concorrente poder\u00e1 ser selecionada pela comiss\u00e3o julgadora.<\/p>\n<p>Os candidatos devem preencher a ficha de inscri\u00e7\u00e3o, dispon\u00edvel no Clube do Trabalhador, e apresentar comprovante do v\u00ednculo com a empresa industrial (carteira profissional), al\u00e9m do RG e CPF. Devem apresentar, ainda, no ato, um CD com a grava\u00e7\u00e3o da m\u00fasica concorrente e seis c\u00f3pias impressas da letra da can\u00e7\u00e3o.<\/p>\n<p>Diferente de outros festivais, segundo Rocha, o SESI M\u00fasica oferece prepara\u00e7\u00e3o musical aos compositores e int\u00e9rpretes, por meio de oficina de canto e de t\u00e9cnica vocal, e workshop de composi\u00e7\u00e3o.<\/p>\n<p>Outro diferencial, para o coordenador, \u00e9 que o Festival busca descobrir talentos dentro da ind\u00fastria brasileira. \u201cAssim como descobrimos atletas de ponta no meio industrial gra\u00e7as aos Jogos SESI, queremos revelar os talentos na m\u00fasica que permanecem no anonimato em nossas empresas\u201d, diz o coordenador.<\/p>\n<p>Para outras informa\u00e7\u00f5es, os interessados devem procurar o Clube do Trabalhador, pessoalmente ou por meio dos telefones 3216-1037\/1039\/1012, e falar com Alfredo Rocha ou S\u00e9rgio Bernardes (maestro).<\/p>\n<p>&nbsp;<\/p>\n","protected":false},"excerpt":{"rendered":"<p>O SESI Amazonas volta a ca\u00e7ar talentos musicais nas empresas do Polo Industrial de Manaus. Para quem canta ou comp\u00f5e, est\u00e3o abertas at\u00e9 o dia 26 de julho as inscri\u00e7\u00f5es da quarta edi\u00e7\u00e3o do Festival SESI M\u00fasica, aberto a todos os g\u00eaneros e estilos musicais. A premia\u00e7\u00e3o soma R$ 13.600,00 para os classificados nas duas [&hellip;]<\/p>\n","protected":false},"author":1,"featured_media":0,"comment_status":"open","ping_status":"open","sticky":false,"template":"","format":"standard","meta":{"footnotes":""},"categories":[25],"tags":[],"class_list":["post-3175","post","type-post","status-publish","format-standard","hentry","category-news"],"yoast_head":"<!-- This site is optimized with the Yoast SEO plugin v28.2 - https:\/\/yoast.com\/product\/yoast-seo-wordpress\/ -->\n<title>SESI busca talentos musicais na ind\u00fastria - SESI<\/title>\n<meta name=\"robots\" content=\"index, follow, max-snippet:-1, max-image-preview:large, max-video-preview:-1\" \/>\n<link rel=\"canonical\" href=\"https:\/\/fieam.org.br\/sesi\/sesi-busca-talentos-musicais-na-industria\/\" \/>\n<meta property=\"og:locale\" content=\"pt_BR\" \/>\n<meta property=\"og:type\" content=\"article\" \/>\n<meta property=\"og:title\" content=\"SESI busca talentos musicais na ind\u00fastria - SESI\" \/>\n<meta property=\"og:description\" content=\"O SESI Amazonas volta a ca\u00e7ar talentos musicais nas empresas do Polo Industrial de Manaus. Para quem canta ou comp\u00f5e, est\u00e3o abertas at\u00e9 o dia 26 de julho as inscri\u00e7\u00f5es da quarta edi\u00e7\u00e3o do Festival SESI M\u00fasica, aberto a todos os g\u00eaneros e estilos musicais. A premia\u00e7\u00e3o soma R$ 13.600,00 para os classificados nas duas [&hellip;]\" \/>\n<meta property=\"og:url\" content=\"https:\/\/fieam.org.br\/sesi\/sesi-busca-talentos-musicais-na-industria\/\" \/>\n<meta property=\"og:site_name\" content=\"SESI\" \/>\n<meta property=\"article:published_time\" content=\"2012-07-03T13:29:08+00:00\" \/>\n<meta name=\"author\" content=\"Autor\" \/>\n<meta name=\"twitter:card\" content=\"summary_large_image\" \/>\n<meta name=\"twitter:label1\" content=\"Escrito por\" \/>\n\t<meta name=\"twitter:data1\" content=\"Autor\" \/>\n\t<meta name=\"twitter:label2\" content=\"Est. tempo de leitura\" \/>\n\t<meta name=\"twitter:data2\" content=\"2 minutos\" \/>\n<script type=\"application\/ld+json\" class=\"yoast-schema-graph\">{\"@context\":\"https:\\\/\\\/schema.org\",\"@graph\":[{\"@type\":\"Article\",\"@id\":\"https:\\\/\\\/fieam.org.br\\\/sesi\\\/sesi-busca-talentos-musicais-na-industria\\\/#article\",\"isPartOf\":{\"@id\":\"https:\\\/\\\/fieam.org.br\\\/sesi\\\/sesi-busca-talentos-musicais-na-industria\\\/\"},\"author\":{\"name\":\"Autor\",\"@id\":\"https:\\\/\\\/fieam.org.br\\\/sesi\\\/#\\\/schema\\\/person\\\/f54998dd14d5f0695b41444f2b01c31e\"},\"headline\":\"SESI busca talentos musicais na ind\u00fastria\",\"datePublished\":\"2012-07-03T13:29:08+00:00\",\"mainEntityOfPage\":{\"@id\":\"https:\\\/\\\/fieam.org.br\\\/sesi\\\/sesi-busca-talentos-musicais-na-industria\\\/\"},\"wordCount\":350,\"commentCount\":0,\"publisher\":{\"@id\":\"https:\\\/\\\/fieam.org.br\\\/sesi\\\/#organization\"},\"image\":{\"@id\":\"https:\\\/\\\/fieam.org.br\\\/sesi\\\/sesi-busca-talentos-musicais-na-industria\\\/#primaryimage\"},\"thumbnailUrl\":\"http:\\\/\\\/www.fieam.org.br\\\/site\\\/sesi\\\/files\\\/2012\\\/07\\\/SESI-M%C3%9ASICA-2012-EXTERNO-211x300.jpg\",\"articleSection\":[\"News\"],\"inLanguage\":\"pt-BR\",\"potentialAction\":[{\"@type\":\"CommentAction\",\"name\":\"Comment\",\"target\":[\"https:\\\/\\\/fieam.org.br\\\/sesi\\\/sesi-busca-talentos-musicais-na-industria\\\/#respond\"]}]},{\"@type\":\"WebPage\",\"@id\":\"https:\\\/\\\/fieam.org.br\\\/sesi\\\/sesi-busca-talentos-musicais-na-industria\\\/\",\"url\":\"https:\\\/\\\/fieam.org.br\\\/sesi\\\/sesi-busca-talentos-musicais-na-industria\\\/\",\"name\":\"SESI busca talentos musicais na ind\u00fastria - SESI\",\"isPartOf\":{\"@id\":\"https:\\\/\\\/fieam.org.br\\\/sesi\\\/#website\"},\"primaryImageOfPage\":{\"@id\":\"https:\\\/\\\/fieam.org.br\\\/sesi\\\/sesi-busca-talentos-musicais-na-industria\\\/#primaryimage\"},\"image\":{\"@id\":\"https:\\\/\\\/fieam.org.br\\\/sesi\\\/sesi-busca-talentos-musicais-na-industria\\\/#primaryimage\"},\"thumbnailUrl\":\"http:\\\/\\\/www.fieam.org.br\\\/site\\\/sesi\\\/files\\\/2012\\\/07\\\/SESI-M%C3%9ASICA-2012-EXTERNO-211x300.jpg\",\"datePublished\":\"2012-07-03T13:29:08+00:00\",\"breadcrumb\":{\"@id\":\"https:\\\/\\\/fieam.org.br\\\/sesi\\\/sesi-busca-talentos-musicais-na-industria\\\/#breadcrumb\"},\"inLanguage\":\"pt-BR\",\"potentialAction\":[{\"@type\":\"ReadAction\",\"target\":[\"https:\\\/\\\/fieam.org.br\\\/sesi\\\/sesi-busca-talentos-musicais-na-industria\\\/\"]}]},{\"@type\":\"ImageObject\",\"inLanguage\":\"pt-BR\",\"@id\":\"https:\\\/\\\/fieam.org.br\\\/sesi\\\/sesi-busca-talentos-musicais-na-industria\\\/#primaryimage\",\"url\":\"http:\\\/\\\/www.fieam.org.br\\\/site\\\/sesi\\\/files\\\/2012\\\/07\\\/SESI-M%C3%9ASICA-2012-EXTERNO-211x300.jpg\",\"contentUrl\":\"http:\\\/\\\/www.fieam.org.br\\\/site\\\/sesi\\\/files\\\/2012\\\/07\\\/SESI-M%C3%9ASICA-2012-EXTERNO-211x300.jpg\"},{\"@type\":\"BreadcrumbList\",\"@id\":\"https:\\\/\\\/fieam.org.br\\\/sesi\\\/sesi-busca-talentos-musicais-na-industria\\\/#breadcrumb\",\"itemListElement\":[{\"@type\":\"ListItem\",\"position\":1,\"name\":\"In\u00edcio\",\"item\":\"https:\\\/\\\/fieam.org.br\\\/sesi\\\/\"},{\"@type\":\"ListItem\",\"position\":2,\"name\":\"SESI busca talentos musicais na ind\u00fastria\"}]},{\"@type\":\"WebSite\",\"@id\":\"https:\\\/\\\/fieam.org.br\\\/sesi\\\/#website\",\"url\":\"https:\\\/\\\/fieam.org.br\\\/sesi\\\/\",\"name\":\"SESI\",\"description\":\"Site Oficial!\",\"publisher\":{\"@id\":\"https:\\\/\\\/fieam.org.br\\\/sesi\\\/#organization\"},\"potentialAction\":[{\"@type\":\"SearchAction\",\"target\":{\"@type\":\"EntryPoint\",\"urlTemplate\":\"https:\\\/\\\/fieam.org.br\\\/sesi\\\/?s={search_term_string}\"},\"query-input\":{\"@type\":\"PropertyValueSpecification\",\"valueRequired\":true,\"valueName\":\"search_term_string\"}}],\"inLanguage\":\"pt-BR\"},{\"@type\":\"Organization\",\"@id\":\"https:\\\/\\\/fieam.org.br\\\/sesi\\\/#organization\",\"name\":\"SESI\",\"url\":\"https:\\\/\\\/fieam.org.br\\\/sesi\\\/\",\"logo\":{\"@type\":\"ImageObject\",\"inLanguage\":\"pt-BR\",\"@id\":\"https:\\\/\\\/fieam.org.br\\\/sesi\\\/#\\\/schema\\\/logo\\\/image\\\/\",\"url\":\"https:\\\/\\\/fieam.org.br\\\/sesi\\\/wp-content\\\/uploads\\\/sites\\\/14\\\/2024\\\/03\\\/cropped-fav.png\",\"contentUrl\":\"https:\\\/\\\/fieam.org.br\\\/sesi\\\/wp-content\\\/uploads\\\/sites\\\/14\\\/2024\\\/03\\\/cropped-fav.png\",\"width\":610,\"height\":589,\"caption\":\"SESI\"},\"image\":{\"@id\":\"https:\\\/\\\/fieam.org.br\\\/sesi\\\/#\\\/schema\\\/logo\\\/image\\\/\"}},{\"@type\":\"Person\",\"@id\":\"https:\\\/\\\/fieam.org.br\\\/sesi\\\/#\\\/schema\\\/person\\\/f54998dd14d5f0695b41444f2b01c31e\",\"name\":\"Autor\",\"image\":{\"@type\":\"ImageObject\",\"inLanguage\":\"pt-BR\",\"@id\":\"https:\\\/\\\/secure.gravatar.com\\\/avatar\\\/3732c223e0e1fad69062a8f770955c9068d37b055204f310a0be18d4069fe380?s=96&d=mm&r=g\",\"url\":\"https:\\\/\\\/secure.gravatar.com\\\/avatar\\\/3732c223e0e1fad69062a8f770955c9068d37b055204f310a0be18d4069fe380?s=96&d=mm&r=g\",\"contentUrl\":\"https:\\\/\\\/secure.gravatar.com\\\/avatar\\\/3732c223e0e1fad69062a8f770955c9068d37b055204f310a0be18d4069fe380?s=96&d=mm&r=g\",\"caption\":\"Autor\"},\"sameAs\":[\"https:\\\/\\\/marketingmassivo.com.br\"],\"url\":\"https:\\\/\\\/fieam.org.br\\\/sesi\\\/author\\\/admin\\\/\"}]}<\/script>\n<!-- \/ Yoast SEO plugin. -->","yoast_head_json":{"title":"SESI busca talentos musicais na ind\u00fastria - SESI","robots":{"index":"index","follow":"follow","max-snippet":"max-snippet:-1","max-image-preview":"max-image-preview:large","max-video-preview":"max-video-preview:-1"},"canonical":"https:\/\/fieam.org.br\/sesi\/sesi-busca-talentos-musicais-na-industria\/","og_locale":"pt_BR","og_type":"article","og_title":"SESI busca talentos musicais na ind\u00fastria - SESI","og_description":"O SESI Amazonas volta a ca\u00e7ar talentos musicais nas empresas do Polo Industrial de Manaus. Para quem canta ou comp\u00f5e, est\u00e3o abertas at\u00e9 o dia 26 de julho as inscri\u00e7\u00f5es da quarta edi\u00e7\u00e3o do Festival SESI M\u00fasica, aberto a todos os g\u00eaneros e estilos musicais. A premia\u00e7\u00e3o soma R$ 13.600,00 para os classificados nas duas [&hellip;]","og_url":"https:\/\/fieam.org.br\/sesi\/sesi-busca-talentos-musicais-na-industria\/","og_site_name":"SESI","article_published_time":"2012-07-03T13:29:08+00:00","author":"Autor","twitter_card":"summary_large_image","twitter_misc":{"Escrito por":"Autor","Est. tempo de leitura":"2 minutos"},"schema":{"@context":"https:\/\/schema.org","@graph":[{"@type":"Article","@id":"https:\/\/fieam.org.br\/sesi\/sesi-busca-talentos-musicais-na-industria\/#article","isPartOf":{"@id":"https:\/\/fieam.org.br\/sesi\/sesi-busca-talentos-musicais-na-industria\/"},"author":{"name":"Autor","@id":"https:\/\/fieam.org.br\/sesi\/#\/schema\/person\/f54998dd14d5f0695b41444f2b01c31e"},"headline":"SESI busca talentos musicais na ind\u00fastria","datePublished":"2012-07-03T13:29:08+00:00","mainEntityOfPage":{"@id":"https:\/\/fieam.org.br\/sesi\/sesi-busca-talentos-musicais-na-industria\/"},"wordCount":350,"commentCount":0,"publisher":{"@id":"https:\/\/fieam.org.br\/sesi\/#organization"},"image":{"@id":"https:\/\/fieam.org.br\/sesi\/sesi-busca-talentos-musicais-na-industria\/#primaryimage"},"thumbnailUrl":"http:\/\/www.fieam.org.br\/site\/sesi\/files\/2012\/07\/SESI-M%C3%9ASICA-2012-EXTERNO-211x300.jpg","articleSection":["News"],"inLanguage":"pt-BR","potentialAction":[{"@type":"CommentAction","name":"Comment","target":["https:\/\/fieam.org.br\/sesi\/sesi-busca-talentos-musicais-na-industria\/#respond"]}]},{"@type":"WebPage","@id":"https:\/\/fieam.org.br\/sesi\/sesi-busca-talentos-musicais-na-industria\/","url":"https:\/\/fieam.org.br\/sesi\/sesi-busca-talentos-musicais-na-industria\/","name":"SESI busca talentos musicais na ind\u00fastria - SESI","isPartOf":{"@id":"https:\/\/fieam.org.br\/sesi\/#website"},"primaryImageOfPage":{"@id":"https:\/\/fieam.org.br\/sesi\/sesi-busca-talentos-musicais-na-industria\/#primaryimage"},"image":{"@id":"https:\/\/fieam.org.br\/sesi\/sesi-busca-talentos-musicais-na-industria\/#primaryimage"},"thumbnailUrl":"http:\/\/www.fieam.org.br\/site\/sesi\/files\/2012\/07\/SESI-M%C3%9ASICA-2012-EXTERNO-211x300.jpg","datePublished":"2012-07-03T13:29:08+00:00","breadcrumb":{"@id":"https:\/\/fieam.org.br\/sesi\/sesi-busca-talentos-musicais-na-industria\/#breadcrumb"},"inLanguage":"pt-BR","potentialAction":[{"@type":"ReadAction","target":["https:\/\/fieam.org.br\/sesi\/sesi-busca-talentos-musicais-na-industria\/"]}]},{"@type":"ImageObject","inLanguage":"pt-BR","@id":"https:\/\/fieam.org.br\/sesi\/sesi-busca-talentos-musicais-na-industria\/#primaryimage","url":"http:\/\/www.fieam.org.br\/site\/sesi\/files\/2012\/07\/SESI-M%C3%9ASICA-2012-EXTERNO-211x300.jpg","contentUrl":"http:\/\/www.fieam.org.br\/site\/sesi\/files\/2012\/07\/SESI-M%C3%9ASICA-2012-EXTERNO-211x300.jpg"},{"@type":"BreadcrumbList","@id":"https:\/\/fieam.org.br\/sesi\/sesi-busca-talentos-musicais-na-industria\/#breadcrumb","itemListElement":[{"@type":"ListItem","position":1,"name":"In\u00edcio","item":"https:\/\/fieam.org.br\/sesi\/"},{"@type":"ListItem","position":2,"name":"SESI busca talentos musicais na ind\u00fastria"}]},{"@type":"WebSite","@id":"https:\/\/fieam.org.br\/sesi\/#website","url":"https:\/\/fieam.org.br\/sesi\/","name":"SESI","description":"Site Oficial!","publisher":{"@id":"https:\/\/fieam.org.br\/sesi\/#organization"},"potentialAction":[{"@type":"SearchAction","target":{"@type":"EntryPoint","urlTemplate":"https:\/\/fieam.org.br\/sesi\/?s={search_term_string}"},"query-input":{"@type":"PropertyValueSpecification","valueRequired":true,"valueName":"search_term_string"}}],"inLanguage":"pt-BR"},{"@type":"Organization","@id":"https:\/\/fieam.org.br\/sesi\/#organization","name":"SESI","url":"https:\/\/fieam.org.br\/sesi\/","logo":{"@type":"ImageObject","inLanguage":"pt-BR","@id":"https:\/\/fieam.org.br\/sesi\/#\/schema\/logo\/image\/","url":"https:\/\/fieam.org.br\/sesi\/wp-content\/uploads\/sites\/14\/2024\/03\/cropped-fav.png","contentUrl":"https:\/\/fieam.org.br\/sesi\/wp-content\/uploads\/sites\/14\/2024\/03\/cropped-fav.png","width":610,"height":589,"caption":"SESI"},"image":{"@id":"https:\/\/fieam.org.br\/sesi\/#\/schema\/logo\/image\/"}},{"@type":"Person","@id":"https:\/\/fieam.org.br\/sesi\/#\/schema\/person\/f54998dd14d5f0695b41444f2b01c31e","name":"Autor","image":{"@type":"ImageObject","inLanguage":"pt-BR","@id":"https:\/\/secure.gravatar.com\/avatar\/3732c223e0e1fad69062a8f770955c9068d37b055204f310a0be18d4069fe380?s=96&d=mm&r=g","url":"https:\/\/secure.gravatar.com\/avatar\/3732c223e0e1fad69062a8f770955c9068d37b055204f310a0be18d4069fe380?s=96&d=mm&r=g","contentUrl":"https:\/\/secure.gravatar.com\/avatar\/3732c223e0e1fad69062a8f770955c9068d37b055204f310a0be18d4069fe380?s=96&d=mm&r=g","caption":"Autor"},"sameAs":["https:\/\/marketingmassivo.com.br"],"url":"https:\/\/fieam.org.br\/sesi\/author\/admin\/"}]}},"_links":{"self":[{"href":"https:\/\/fieam.org.br\/sesi\/wp-json\/wp\/v2\/posts\/3175","targetHints":{"allow":["GET"]}}],"collection":[{"href":"https:\/\/fieam.org.br\/sesi\/wp-json\/wp\/v2\/posts"}],"about":[{"href":"https:\/\/fieam.org.br\/sesi\/wp-json\/wp\/v2\/types\/post"}],"author":[{"embeddable":true,"href":"https:\/\/fieam.org.br\/sesi\/wp-json\/wp\/v2\/users\/1"}],"replies":[{"embeddable":true,"href":"https:\/\/fieam.org.br\/sesi\/wp-json\/wp\/v2\/comments?post=3175"}],"version-history":[{"count":0,"href":"https:\/\/fieam.org.br\/sesi\/wp-json\/wp\/v2\/posts\/3175\/revisions"}],"wp:attachment":[{"href":"https:\/\/fieam.org.br\/sesi\/wp-json\/wp\/v2\/media?parent=3175"}],"wp:term":[{"taxonomy":"category","embeddable":true,"href":"https:\/\/fieam.org.br\/sesi\/wp-json\/wp\/v2\/categories?post=3175"},{"taxonomy":"post_tag","embeddable":true,"href":"https:\/\/fieam.org.br\/sesi\/wp-json\/wp\/v2\/tags?post=3175"}],"curies":[{"name":"wp","href":"https:\/\/api.w.org\/{rel}","templated":true}]}}