{"id":3173,"date":"2012-07-03T13:27:46","date_gmt":"2012-07-03T13:27:46","guid":{"rendered":"http:\/\/www.fieam.org.br\/site\/sesi\/?p=3173"},"modified":"2012-07-03T13:27:46","modified_gmt":"2012-07-03T13:27:46","slug":"edital-dos-correios-para-contratacao-de-jovem-aprendiz-contempla-parceria-com-o-sesi","status":"publish","type":"post","link":"https:\/\/fieam.org.br\/sesi\/edital-dos-correios-para-contratacao-de-jovem-aprendiz-contempla-parceria-com-o-sesi\/","title":{"rendered":"Edital dos Correios para contrata\u00e7\u00e3o de Jovem Aprendiz contempla parceria com o SESI"},"content":{"rendered":"<p><a href=\"http:\/\/www.viravida.org.br\/\" target=\"_blank\" rel=\"noopener\">Jovens do projeto ViraVida<\/a>, do <a href=\"http:\/\/www.fieam.org.br\/site\/sesi\/institucional\/\" target=\"_blank\" rel=\"noopener\">SESI,<\/a> filhos de fam\u00edlias cadastradas em programas sociais do <a href=\"http:\/\/www.brasil.gov.br\/\" target=\"_blank\" rel=\"noopener\">Governo Federal<\/a> ou menores em cumprimento de medida socioeducativa ter\u00e3o pontua\u00e7\u00e3o adicional na sele\u00e7\u00e3o aberta pelos Correios para preencher 2.820 vagas do Programa Jovem Aprendiz.<\/p>\n<p>A inclus\u00e3o de crit\u00e9rios sociais \u00e9 uma inova\u00e7\u00e3o neste processo de sele\u00e7\u00e3o dos <a href=\"http:\/\/www.correios.com.br\/\" target=\"_blank\" rel=\"noopener\">Correios<\/a>. Os contratados passar\u00e3o por treinamento, com aulas te\u00f3ricas nas escolas do <a href=\"http:\/\/www.fieam.org.br\/site\/senai\/institucional\/\" target=\"_blank\" rel=\"noopener\">Senai<\/a> e atividades pr\u00e1ticas nas unidades da empresa. Ao t\u00e9rmino do curso de aprendizagem, eles receber\u00e3o do Senai certificado de auxiliar administrativo.<\/p>\n<p>Esse \u00e9 um dos cursos profissionalizantes oferecidos aos alunos do projeto ViraVida, criado dentro do Sistema S para atender jovens v\u00edtimas de explora\u00e7\u00e3o sexual. Enquanto participam do programa, eles tamb\u00e9m t\u00eam acesso a cursos formais de educa\u00e7\u00e3o e a atendimento m\u00e9dico e psicossocial. Agora, poder\u00e3o disputar as vagas dos Correios com uma ligeira vantagem, assim como os demais p\u00fablicos definidos no edital.<\/p>\n<p><strong>Perfil<\/strong><\/p>\n<p>Os Correios divulgaram o edital no dia 18 de junho (<a href=\"http:\/\/www.correios.com.br\/institucional\/concursos\/correios\" target=\"_blank\" rel=\"noopener\">www.correios.com.br\/institucional\/concursos\/correios<\/a><span style=\"text-decoration: underline\">), <\/span>prevendo inscri\u00e7\u00f5es entre 25 de junho a 4 de julho.<\/p>\n<p>Jovens de 14 a 20 anos, que conclu\u00edram o ensino m\u00e9dio ou estejam matriculados na escola e tiraram nota m\u00ednima 5 nas disciplinas cursadas no \u00faltimo ano, podem candidatar-se \u00e0s vagas. Os contratados ir\u00e3o trabalhar 20 horas semanais, durante um ano, e receber\u00e3o sal\u00e1rio de R$ 292,43, al\u00e9m de aux\u00edlio para transporte, vale-alimenta\u00e7\u00e3o ou refei\u00e7\u00e3o e uniforme (camiseta). Tamb\u00e9m ter\u00e3o direito a atendimento m\u00e9dico e odontol\u00f3gico oferecidos pela empresa.<\/p>\n<p>Cerca de tr\u00eas mil estudantes em todo o Brasil j\u00e1 foram contemplados pelo programa Jovem Aprendiz dos Correios.<\/p>\n<p><strong>Parceria Social <\/strong><\/p>\n<p>Os Correios e o <a href=\"http:\/\/www.conselhonacionaldosesi.org.br\/\" target=\"_blank\" rel=\"noopener\">Conselho Nacional do SESI<\/a> assinaram, no fim do ano passado, um termo de coopera\u00e7\u00e3o t\u00e9cnica de \u00e2mbito nacional para promover a inser\u00e7\u00e3o profissional de alunos do programa ViraVida nos quadros de jovens aprendizes e estagi\u00e1rios de n\u00edvel m\u00e9dio da ECT.<\/p>\n<p>A assinatura aconteceu na sede dos Correios, em Bras\u00edlia, e contou com a participa\u00e7\u00e3o do presidente da ECT, Wagner Pinheiro de Oliveira, e do presidente do SESI\/CN e idealizador do ViraVida, Jair Meneguelli.<br \/>\n<strong>Assessoria de Imprensa do Conselho Nacional do SESI<\/strong><br \/>\nYnaiana Leite <a href=\"%2861%29%203217%200745\" target=\"_blank\" rel=\"noopener\">(61) 3217 0745<\/a><br \/>\nPaloma Santos <a href=\"%2861%29%203217%200746\" target=\"_blank\" rel=\"noopener\">(61) 3217 0746<\/a><br \/>\nE-mail: <a href=\"mailto:comunicacaocn@sesi.org.br\" target=\"_blank\" rel=\"noopener\">comunicacaocn@sesi.org.br<\/a><\/p>\n","protected":false},"excerpt":{"rendered":"<p>Jovens do projeto ViraVida, do SESI, filhos de fam\u00edlias cadastradas em programas sociais do Governo Federal ou menores em cumprimento de medida socioeducativa ter\u00e3o pontua\u00e7\u00e3o adicional na sele\u00e7\u00e3o aberta pelos Correios para preencher 2.820 vagas do Programa Jovem Aprendiz. A inclus\u00e3o de crit\u00e9rios sociais \u00e9 uma inova\u00e7\u00e3o neste processo de sele\u00e7\u00e3o dos Correios. Os contratados [&hellip;]<\/p>\n","protected":false},"author":1,"featured_media":0,"comment_status":"open","ping_status":"open","sticky":false,"template":"","format":"standard","meta":{"footnotes":""},"categories":[25],"tags":[],"class_list":["post-3173","post","type-post","status-publish","format-standard","hentry","category-news"],"yoast_head":"<!-- This site is optimized with the Yoast SEO plugin v28.2 - https:\/\/yoast.com\/product\/yoast-seo-wordpress\/ -->\n<title>Edital dos Correios para contrata\u00e7\u00e3o de Jovem Aprendiz contempla parceria com o SESI - SESI<\/title>\n<meta name=\"robots\" content=\"index, follow, max-snippet:-1, max-image-preview:large, max-video-preview:-1\" \/>\n<link rel=\"canonical\" href=\"https:\/\/fieam.org.br\/sesi\/edital-dos-correios-para-contratacao-de-jovem-aprendiz-contempla-parceria-com-o-sesi\/\" \/>\n<meta property=\"og:locale\" content=\"pt_BR\" \/>\n<meta property=\"og:type\" content=\"article\" \/>\n<meta property=\"og:title\" content=\"Edital dos Correios para contrata\u00e7\u00e3o de Jovem Aprendiz contempla parceria com o SESI - SESI\" \/>\n<meta property=\"og:description\" content=\"Jovens do projeto ViraVida, do SESI, filhos de fam\u00edlias cadastradas em programas sociais do Governo Federal ou menores em cumprimento de medida socioeducativa ter\u00e3o pontua\u00e7\u00e3o adicional na sele\u00e7\u00e3o aberta pelos Correios para preencher 2.820 vagas do Programa Jovem Aprendiz. A inclus\u00e3o de crit\u00e9rios sociais \u00e9 uma inova\u00e7\u00e3o neste processo de sele\u00e7\u00e3o dos Correios. Os contratados [&hellip;]\" \/>\n<meta property=\"og:url\" content=\"https:\/\/fieam.org.br\/sesi\/edital-dos-correios-para-contratacao-de-jovem-aprendiz-contempla-parceria-com-o-sesi\/\" \/>\n<meta property=\"og:site_name\" content=\"SESI\" \/>\n<meta property=\"article:published_time\" content=\"2012-07-03T13:27:46+00:00\" \/>\n<meta name=\"author\" content=\"Autor\" \/>\n<meta name=\"twitter:card\" content=\"summary_large_image\" \/>\n<meta name=\"twitter:label1\" content=\"Escrito por\" \/>\n\t<meta name=\"twitter:data1\" content=\"Autor\" \/>\n\t<meta name=\"twitter:label2\" content=\"Est. tempo de leitura\" \/>\n\t<meta name=\"twitter:data2\" content=\"2 minutos\" \/>\n<script type=\"application\/ld+json\" class=\"yoast-schema-graph\">{\"@context\":\"https:\\\/\\\/schema.org\",\"@graph\":[{\"@type\":\"Article\",\"@id\":\"https:\\\/\\\/fieam.org.br\\\/sesi\\\/edital-dos-correios-para-contratacao-de-jovem-aprendiz-contempla-parceria-com-o-sesi\\\/#article\",\"isPartOf\":{\"@id\":\"https:\\\/\\\/fieam.org.br\\\/sesi\\\/edital-dos-correios-para-contratacao-de-jovem-aprendiz-contempla-parceria-com-o-sesi\\\/\"},\"author\":{\"name\":\"Autor\",\"@id\":\"https:\\\/\\\/fieam.org.br\\\/sesi\\\/#\\\/schema\\\/person\\\/f54998dd14d5f0695b41444f2b01c31e\"},\"headline\":\"Edital dos Correios para contrata\u00e7\u00e3o de Jovem Aprendiz contempla parceria com o SESI\",\"datePublished\":\"2012-07-03T13:27:46+00:00\",\"mainEntityOfPage\":{\"@id\":\"https:\\\/\\\/fieam.org.br\\\/sesi\\\/edital-dos-correios-para-contratacao-de-jovem-aprendiz-contempla-parceria-com-o-sesi\\\/\"},\"wordCount\":408,\"commentCount\":0,\"publisher\":{\"@id\":\"https:\\\/\\\/fieam.org.br\\\/sesi\\\/#organization\"},\"articleSection\":[\"News\"],\"inLanguage\":\"pt-BR\",\"potentialAction\":[{\"@type\":\"CommentAction\",\"name\":\"Comment\",\"target\":[\"https:\\\/\\\/fieam.org.br\\\/sesi\\\/edital-dos-correios-para-contratacao-de-jovem-aprendiz-contempla-parceria-com-o-sesi\\\/#respond\"]}]},{\"@type\":\"WebPage\",\"@id\":\"https:\\\/\\\/fieam.org.br\\\/sesi\\\/edital-dos-correios-para-contratacao-de-jovem-aprendiz-contempla-parceria-com-o-sesi\\\/\",\"url\":\"https:\\\/\\\/fieam.org.br\\\/sesi\\\/edital-dos-correios-para-contratacao-de-jovem-aprendiz-contempla-parceria-com-o-sesi\\\/\",\"name\":\"Edital dos Correios para contrata\u00e7\u00e3o de Jovem Aprendiz contempla parceria com o SESI - SESI\",\"isPartOf\":{\"@id\":\"https:\\\/\\\/fieam.org.br\\\/sesi\\\/#website\"},\"datePublished\":\"2012-07-03T13:27:46+00:00\",\"breadcrumb\":{\"@id\":\"https:\\\/\\\/fieam.org.br\\\/sesi\\\/edital-dos-correios-para-contratacao-de-jovem-aprendiz-contempla-parceria-com-o-sesi\\\/#breadcrumb\"},\"inLanguage\":\"pt-BR\",\"potentialAction\":[{\"@type\":\"ReadAction\",\"target\":[\"https:\\\/\\\/fieam.org.br\\\/sesi\\\/edital-dos-correios-para-contratacao-de-jovem-aprendiz-contempla-parceria-com-o-sesi\\\/\"]}]},{\"@type\":\"BreadcrumbList\",\"@id\":\"https:\\\/\\\/fieam.org.br\\\/sesi\\\/edital-dos-correios-para-contratacao-de-jovem-aprendiz-contempla-parceria-com-o-sesi\\\/#breadcrumb\",\"itemListElement\":[{\"@type\":\"ListItem\",\"position\":1,\"name\":\"In\u00edcio\",\"item\":\"https:\\\/\\\/fieam.org.br\\\/sesi\\\/\"},{\"@type\":\"ListItem\",\"position\":2,\"name\":\"Edital dos Correios para contrata\u00e7\u00e3o de Jovem Aprendiz contempla parceria com o SESI\"}]},{\"@type\":\"WebSite\",\"@id\":\"https:\\\/\\\/fieam.org.br\\\/sesi\\\/#website\",\"url\":\"https:\\\/\\\/fieam.org.br\\\/sesi\\\/\",\"name\":\"SESI\",\"description\":\"Site Oficial!\",\"publisher\":{\"@id\":\"https:\\\/\\\/fieam.org.br\\\/sesi\\\/#organization\"},\"potentialAction\":[{\"@type\":\"SearchAction\",\"target\":{\"@type\":\"EntryPoint\",\"urlTemplate\":\"https:\\\/\\\/fieam.org.br\\\/sesi\\\/?s={search_term_string}\"},\"query-input\":{\"@type\":\"PropertyValueSpecification\",\"valueRequired\":true,\"valueName\":\"search_term_string\"}}],\"inLanguage\":\"pt-BR\"},{\"@type\":\"Organization\",\"@id\":\"https:\\\/\\\/fieam.org.br\\\/sesi\\\/#organization\",\"name\":\"SESI\",\"url\":\"https:\\\/\\\/fieam.org.br\\\/sesi\\\/\",\"logo\":{\"@type\":\"ImageObject\",\"inLanguage\":\"pt-BR\",\"@id\":\"https:\\\/\\\/fieam.org.br\\\/sesi\\\/#\\\/schema\\\/logo\\\/image\\\/\",\"url\":\"https:\\\/\\\/fieam.org.br\\\/sesi\\\/wp-content\\\/uploads\\\/sites\\\/14\\\/2024\\\/03\\\/cropped-fav.png\",\"contentUrl\":\"https:\\\/\\\/fieam.org.br\\\/sesi\\\/wp-content\\\/uploads\\\/sites\\\/14\\\/2024\\\/03\\\/cropped-fav.png\",\"width\":610,\"height\":589,\"caption\":\"SESI\"},\"image\":{\"@id\":\"https:\\\/\\\/fieam.org.br\\\/sesi\\\/#\\\/schema\\\/logo\\\/image\\\/\"}},{\"@type\":\"Person\",\"@id\":\"https:\\\/\\\/fieam.org.br\\\/sesi\\\/#\\\/schema\\\/person\\\/f54998dd14d5f0695b41444f2b01c31e\",\"name\":\"Autor\",\"image\":{\"@type\":\"ImageObject\",\"inLanguage\":\"pt-BR\",\"@id\":\"https:\\\/\\\/secure.gravatar.com\\\/avatar\\\/3732c223e0e1fad69062a8f770955c9068d37b055204f310a0be18d4069fe380?s=96&d=mm&r=g\",\"url\":\"https:\\\/\\\/secure.gravatar.com\\\/avatar\\\/3732c223e0e1fad69062a8f770955c9068d37b055204f310a0be18d4069fe380?s=96&d=mm&r=g\",\"contentUrl\":\"https:\\\/\\\/secure.gravatar.com\\\/avatar\\\/3732c223e0e1fad69062a8f770955c9068d37b055204f310a0be18d4069fe380?s=96&d=mm&r=g\",\"caption\":\"Autor\"},\"sameAs\":[\"https:\\\/\\\/marketingmassivo.com.br\"],\"url\":\"https:\\\/\\\/fieam.org.br\\\/sesi\\\/author\\\/admin\\\/\"}]}<\/script>\n<!-- \/ Yoast SEO plugin. -->","yoast_head_json":{"title":"Edital dos Correios para contrata\u00e7\u00e3o de Jovem Aprendiz contempla parceria com o SESI - SESI","robots":{"index":"index","follow":"follow","max-snippet":"max-snippet:-1","max-image-preview":"max-image-preview:large","max-video-preview":"max-video-preview:-1"},"canonical":"https:\/\/fieam.org.br\/sesi\/edital-dos-correios-para-contratacao-de-jovem-aprendiz-contempla-parceria-com-o-sesi\/","og_locale":"pt_BR","og_type":"article","og_title":"Edital dos Correios para contrata\u00e7\u00e3o de Jovem Aprendiz contempla parceria com o SESI - SESI","og_description":"Jovens do projeto ViraVida, do SESI, filhos de fam\u00edlias cadastradas em programas sociais do Governo Federal ou menores em cumprimento de medida socioeducativa ter\u00e3o pontua\u00e7\u00e3o adicional na sele\u00e7\u00e3o aberta pelos Correios para preencher 2.820 vagas do Programa Jovem Aprendiz. A inclus\u00e3o de crit\u00e9rios sociais \u00e9 uma inova\u00e7\u00e3o neste processo de sele\u00e7\u00e3o dos Correios. Os contratados [&hellip;]","og_url":"https:\/\/fieam.org.br\/sesi\/edital-dos-correios-para-contratacao-de-jovem-aprendiz-contempla-parceria-com-o-sesi\/","og_site_name":"SESI","article_published_time":"2012-07-03T13:27:46+00:00","author":"Autor","twitter_card":"summary_large_image","twitter_misc":{"Escrito por":"Autor","Est. tempo de leitura":"2 minutos"},"schema":{"@context":"https:\/\/schema.org","@graph":[{"@type":"Article","@id":"https:\/\/fieam.org.br\/sesi\/edital-dos-correios-para-contratacao-de-jovem-aprendiz-contempla-parceria-com-o-sesi\/#article","isPartOf":{"@id":"https:\/\/fieam.org.br\/sesi\/edital-dos-correios-para-contratacao-de-jovem-aprendiz-contempla-parceria-com-o-sesi\/"},"author":{"name":"Autor","@id":"https:\/\/fieam.org.br\/sesi\/#\/schema\/person\/f54998dd14d5f0695b41444f2b01c31e"},"headline":"Edital dos Correios para contrata\u00e7\u00e3o de Jovem Aprendiz contempla parceria com o SESI","datePublished":"2012-07-03T13:27:46+00:00","mainEntityOfPage":{"@id":"https:\/\/fieam.org.br\/sesi\/edital-dos-correios-para-contratacao-de-jovem-aprendiz-contempla-parceria-com-o-sesi\/"},"wordCount":408,"commentCount":0,"publisher":{"@id":"https:\/\/fieam.org.br\/sesi\/#organization"},"articleSection":["News"],"inLanguage":"pt-BR","potentialAction":[{"@type":"CommentAction","name":"Comment","target":["https:\/\/fieam.org.br\/sesi\/edital-dos-correios-para-contratacao-de-jovem-aprendiz-contempla-parceria-com-o-sesi\/#respond"]}]},{"@type":"WebPage","@id":"https:\/\/fieam.org.br\/sesi\/edital-dos-correios-para-contratacao-de-jovem-aprendiz-contempla-parceria-com-o-sesi\/","url":"https:\/\/fieam.org.br\/sesi\/edital-dos-correios-para-contratacao-de-jovem-aprendiz-contempla-parceria-com-o-sesi\/","name":"Edital dos Correios para contrata\u00e7\u00e3o de Jovem Aprendiz contempla parceria com o SESI - SESI","isPartOf":{"@id":"https:\/\/fieam.org.br\/sesi\/#website"},"datePublished":"2012-07-03T13:27:46+00:00","breadcrumb":{"@id":"https:\/\/fieam.org.br\/sesi\/edital-dos-correios-para-contratacao-de-jovem-aprendiz-contempla-parceria-com-o-sesi\/#breadcrumb"},"inLanguage":"pt-BR","potentialAction":[{"@type":"ReadAction","target":["https:\/\/fieam.org.br\/sesi\/edital-dos-correios-para-contratacao-de-jovem-aprendiz-contempla-parceria-com-o-sesi\/"]}]},{"@type":"BreadcrumbList","@id":"https:\/\/fieam.org.br\/sesi\/edital-dos-correios-para-contratacao-de-jovem-aprendiz-contempla-parceria-com-o-sesi\/#breadcrumb","itemListElement":[{"@type":"ListItem","position":1,"name":"In\u00edcio","item":"https:\/\/fieam.org.br\/sesi\/"},{"@type":"ListItem","position":2,"name":"Edital dos Correios para contrata\u00e7\u00e3o de Jovem Aprendiz contempla parceria com o SESI"}]},{"@type":"WebSite","@id":"https:\/\/fieam.org.br\/sesi\/#website","url":"https:\/\/fieam.org.br\/sesi\/","name":"SESI","description":"Site Oficial!","publisher":{"@id":"https:\/\/fieam.org.br\/sesi\/#organization"},"potentialAction":[{"@type":"SearchAction","target":{"@type":"EntryPoint","urlTemplate":"https:\/\/fieam.org.br\/sesi\/?s={search_term_string}"},"query-input":{"@type":"PropertyValueSpecification","valueRequired":true,"valueName":"search_term_string"}}],"inLanguage":"pt-BR"},{"@type":"Organization","@id":"https:\/\/fieam.org.br\/sesi\/#organization","name":"SESI","url":"https:\/\/fieam.org.br\/sesi\/","logo":{"@type":"ImageObject","inLanguage":"pt-BR","@id":"https:\/\/fieam.org.br\/sesi\/#\/schema\/logo\/image\/","url":"https:\/\/fieam.org.br\/sesi\/wp-content\/uploads\/sites\/14\/2024\/03\/cropped-fav.png","contentUrl":"https:\/\/fieam.org.br\/sesi\/wp-content\/uploads\/sites\/14\/2024\/03\/cropped-fav.png","width":610,"height":589,"caption":"SESI"},"image":{"@id":"https:\/\/fieam.org.br\/sesi\/#\/schema\/logo\/image\/"}},{"@type":"Person","@id":"https:\/\/fieam.org.br\/sesi\/#\/schema\/person\/f54998dd14d5f0695b41444f2b01c31e","name":"Autor","image":{"@type":"ImageObject","inLanguage":"pt-BR","@id":"https:\/\/secure.gravatar.com\/avatar\/3732c223e0e1fad69062a8f770955c9068d37b055204f310a0be18d4069fe380?s=96&d=mm&r=g","url":"https:\/\/secure.gravatar.com\/avatar\/3732c223e0e1fad69062a8f770955c9068d37b055204f310a0be18d4069fe380?s=96&d=mm&r=g","contentUrl":"https:\/\/secure.gravatar.com\/avatar\/3732c223e0e1fad69062a8f770955c9068d37b055204f310a0be18d4069fe380?s=96&d=mm&r=g","caption":"Autor"},"sameAs":["https:\/\/marketingmassivo.com.br"],"url":"https:\/\/fieam.org.br\/sesi\/author\/admin\/"}]}},"_links":{"self":[{"href":"https:\/\/fieam.org.br\/sesi\/wp-json\/wp\/v2\/posts\/3173","targetHints":{"allow":["GET"]}}],"collection":[{"href":"https:\/\/fieam.org.br\/sesi\/wp-json\/wp\/v2\/posts"}],"about":[{"href":"https:\/\/fieam.org.br\/sesi\/wp-json\/wp\/v2\/types\/post"}],"author":[{"embeddable":true,"href":"https:\/\/fieam.org.br\/sesi\/wp-json\/wp\/v2\/users\/1"}],"replies":[{"embeddable":true,"href":"https:\/\/fieam.org.br\/sesi\/wp-json\/wp\/v2\/comments?post=3173"}],"version-history":[{"count":0,"href":"https:\/\/fieam.org.br\/sesi\/wp-json\/wp\/v2\/posts\/3173\/revisions"}],"wp:attachment":[{"href":"https:\/\/fieam.org.br\/sesi\/wp-json\/wp\/v2\/media?parent=3173"}],"wp:term":[{"taxonomy":"category","embeddable":true,"href":"https:\/\/fieam.org.br\/sesi\/wp-json\/wp\/v2\/categories?post=3173"},{"taxonomy":"post_tag","embeddable":true,"href":"https:\/\/fieam.org.br\/sesi\/wp-json\/wp\/v2\/tags?post=3173"}],"curies":[{"name":"wp","href":"https:\/\/api.w.org\/{rel}","templated":true}]}}