{"id":3065,"date":"2012-06-06T14:51:08","date_gmt":"2012-06-06T14:51:08","guid":{"rendered":"http:\/\/www.fieam.org.br\/site\/sesi\/?p=3065"},"modified":"2012-06-06T14:51:08","modified_gmt":"2012-06-06T14:51:08","slug":"universal-fitness-estreia-com-vitoria","status":"publish","type":"post","link":"https:\/\/fieam.org.br\/sesi\/universal-fitness-estreia-com-vitoria\/","title":{"rendered":"Universal Fitness estreia com vit\u00f3ria"},"content":{"rendered":"<figure id=\"attachment_3066\" aria-describedby=\"caption-attachment-3066\" style=\"width: 300px\" class=\"wp-caption alignleft\"><a href=\"http:\/\/www.fieam.org.br\/site\/sesi\/files\/2012\/06\/Equipe-de-v%C3%B4lei-Yamaha.jpg\"><img fetchpriority=\"high\" decoding=\"async\" class=\"size-medium wp-image-3066\" src=\"http:\/\/www.fieam.org.br\/site\/sesi\/files\/2012\/06\/Equipe-de-v%C3%B4lei-Yamaha-300x200.jpg\" alt=\"Equipe de v\u00f4lei Yamaha\" width=\"300\" height=\"200\" \/><\/a><figcaption id=\"caption-attachment-3066\" class=\"wp-caption-text\">Equipe de v\u00f4lei Yamaha<\/figcaption><\/figure>\n<p>A Universal Fitness do Amazonas estreou hoje (5) com vit\u00f3ria nos <a href=\"http:\/\/www.jogosdosesi.com.br\/\" target=\"_blank\" rel=\"noopener\">Jogos Nacionais do SESI<\/a>, ao vencer no futebol de campo, de virada a representa\u00e7\u00e3o da Destilaria Miriri, da Para\u00edba, por 4 a 3. A equipe amazonense sentiu um pouco no in\u00edcio e n\u00e3o repetiu as boas atua\u00e7\u00f5es realizadas nos Jogos Estaduais de 2011, quando conquistou a medalha de ouro.<\/p>\n<p>No 1\u00ba tempo a equipe errou muito passes e permitiu a equipe paraibana virar o 1\u00ba tempo com o placar a seu favor, por 3 a 2. No 2\u00ba tempo, a equipe da Universal dominou a ansiedade, trabalhou melhor as jogadas e conseguiu virar o placar para 4 a 3. Os gols da Universal Fitness foram marcados por Diego (2) Rom\u00e1rio e Toquinho. A Fitness volta a jogar nesta quarta-feira (6), \u00e0s 9 horas, no est\u00e1dio do SESI Clube<em> Ant\u00f4nio Pacheco<\/em>, contra a equipe da Vale do Rio Doce, do Esp\u00edrito Santo.<\/p>\n<p>No v\u00f4lei de quadra masculino, a <a href=\"http:\/\/br.yamaha.com\/\" target=\"_blank\" rel=\"noopener\">Yamaha<\/a>, perdeu para a Coave, do Piau\u00ed , por\u00a0 3 a 1. A partida foi disputada em alto n\u00edvel com a Yamaha. Ap\u00f3s perder as duas primeiras partidas, reagiu e venceu o 3\u00ba set , por 25 a 23, em partida muito equilibrada e de bom n\u00edvel t\u00e9cnico. No set decisivo, o time do Piau\u00ed, ganhou medalha de bronze dos Jogos Nacionais, em Salvador (BA), foi mais t\u00e9cnico e venceu por 25 a 18.<\/p>\n<p>No v\u00f4lei da praia, masculino, a Showa tamb\u00e9m n\u00e3o conseguiu passar pela Coave, do Piau\u00ed, sendo derrotada por 2 a 1.<\/p>\n<p><strong>Atletismo<\/strong><\/p>\n<p>As provas de atletismo ser\u00e3o realizadas em duas etapas, na quarta (6) e quinta-feira (7), na Vila Ol\u00edmpica da Pontif\u00edcia Universidade Cat\u00f3lica (PUC). No atletismo, o Amazonas tem chances de conquistar pelo menos tr\u00eas medalhas de ouro, com Deise Soares (<a href=\"http:\/\/www.jabil.com\/\" target=\"_blank\" rel=\"noopener\">Jabil)<\/a>, na prova de 400m, Val\u00e9ria Gama (<a href=\"http:\/\/www.honda.com.br\/Paginas\/default.aspx\" target=\"_blank\" rel=\"noopener\">Honda<\/a>), no arremesso de peso e ainda com Jackson Mendes, na prova de 3000m. Val\u00e9ria Gama \u00e9 a atual bicampe\u00e3\u00a0 dos Jogos Nacionais, na prova de arremesso de peso. Ela det\u00e9m a marca de 10m03.<\/p>\n<p>Os Jogos Nacionais do SESI, em Goi\u00e2nia (GO) re\u00fanem cerca de\u00a0 1,1 mil trabalhadores atletas de todos os estados brasileiros representando mais de 250 empresas, que competem em dez modalidades esportivas: futebol de campo, futsal, futebol sete m\u00e1ster, atletismo, nata\u00e7\u00e3o, t\u00eanis de mesa, t\u00eanis de campo, xadrez, v\u00f4lei de quadra e v\u00f4lei de praia.<\/p>\n<p>&nbsp;<\/p>\n<p>&nbsp;<\/p>\n","protected":false},"excerpt":{"rendered":"<p>A Universal Fitness do Amazonas estreou hoje (5) com vit\u00f3ria nos Jogos Nacionais do SESI, ao vencer no futebol de campo, de virada a representa\u00e7\u00e3o da Destilaria Miriri, da Para\u00edba, por 4 a 3. A equipe amazonense sentiu um pouco no in\u00edcio e n\u00e3o repetiu as boas atua\u00e7\u00f5es realizadas nos Jogos Estaduais de 2011, quando [&hellip;]<\/p>\n","protected":false},"author":1,"featured_media":0,"comment_status":"open","ping_status":"open","sticky":false,"template":"","format":"standard","meta":{"footnotes":""},"categories":[25],"tags":[],"class_list":["post-3065","post","type-post","status-publish","format-standard","hentry","category-news"],"yoast_head":"<!-- This site is optimized with the Yoast SEO plugin v28.2 - https:\/\/yoast.com\/product\/yoast-seo-wordpress\/ -->\n<title>Universal Fitness estreia com vit\u00f3ria - SESI<\/title>\n<meta name=\"robots\" content=\"index, follow, max-snippet:-1, max-image-preview:large, max-video-preview:-1\" \/>\n<link rel=\"canonical\" href=\"https:\/\/fieam.org.br\/sesi\/universal-fitness-estreia-com-vitoria\/\" \/>\n<meta property=\"og:locale\" content=\"pt_BR\" \/>\n<meta property=\"og:type\" content=\"article\" \/>\n<meta property=\"og:title\" content=\"Universal Fitness estreia com vit\u00f3ria - SESI\" \/>\n<meta property=\"og:description\" content=\"A Universal Fitness do Amazonas estreou hoje (5) com vit\u00f3ria nos Jogos Nacionais do SESI, ao vencer no futebol de campo, de virada a representa\u00e7\u00e3o da Destilaria Miriri, da Para\u00edba, por 4 a 3. A equipe amazonense sentiu um pouco no in\u00edcio e n\u00e3o repetiu as boas atua\u00e7\u00f5es realizadas nos Jogos Estaduais de 2011, quando [&hellip;]\" \/>\n<meta property=\"og:url\" content=\"https:\/\/fieam.org.br\/sesi\/universal-fitness-estreia-com-vitoria\/\" \/>\n<meta property=\"og:site_name\" content=\"SESI\" \/>\n<meta property=\"article:published_time\" content=\"2012-06-06T14:51:08+00:00\" \/>\n<meta name=\"author\" content=\"Autor\" \/>\n<meta name=\"twitter:card\" content=\"summary_large_image\" \/>\n<meta name=\"twitter:label1\" content=\"Escrito por\" \/>\n\t<meta name=\"twitter:data1\" content=\"Autor\" \/>\n\t<meta name=\"twitter:label2\" content=\"Est. tempo de leitura\" \/>\n\t<meta name=\"twitter:data2\" content=\"2 minutos\" \/>\n<script type=\"application\/ld+json\" class=\"yoast-schema-graph\">{\"@context\":\"https:\\\/\\\/schema.org\",\"@graph\":[{\"@type\":\"Article\",\"@id\":\"https:\\\/\\\/fieam.org.br\\\/sesi\\\/universal-fitness-estreia-com-vitoria\\\/#article\",\"isPartOf\":{\"@id\":\"https:\\\/\\\/fieam.org.br\\\/sesi\\\/universal-fitness-estreia-com-vitoria\\\/\"},\"author\":{\"name\":\"Autor\",\"@id\":\"https:\\\/\\\/fieam.org.br\\\/sesi\\\/#\\\/schema\\\/person\\\/f54998dd14d5f0695b41444f2b01c31e\"},\"headline\":\"Universal Fitness estreia com vit\u00f3ria\",\"datePublished\":\"2012-06-06T14:51:08+00:00\",\"mainEntityOfPage\":{\"@id\":\"https:\\\/\\\/fieam.org.br\\\/sesi\\\/universal-fitness-estreia-com-vitoria\\\/\"},\"wordCount\":416,\"commentCount\":0,\"publisher\":{\"@id\":\"https:\\\/\\\/fieam.org.br\\\/sesi\\\/#organization\"},\"image\":{\"@id\":\"https:\\\/\\\/fieam.org.br\\\/sesi\\\/universal-fitness-estreia-com-vitoria\\\/#primaryimage\"},\"thumbnailUrl\":\"http:\\\/\\\/www.fieam.org.br\\\/site\\\/sesi\\\/files\\\/2012\\\/06\\\/Equipe-de-v%C3%B4lei-Yamaha-300x200.jpg\",\"articleSection\":[\"News\"],\"inLanguage\":\"pt-BR\",\"potentialAction\":[{\"@type\":\"CommentAction\",\"name\":\"Comment\",\"target\":[\"https:\\\/\\\/fieam.org.br\\\/sesi\\\/universal-fitness-estreia-com-vitoria\\\/#respond\"]}]},{\"@type\":\"WebPage\",\"@id\":\"https:\\\/\\\/fieam.org.br\\\/sesi\\\/universal-fitness-estreia-com-vitoria\\\/\",\"url\":\"https:\\\/\\\/fieam.org.br\\\/sesi\\\/universal-fitness-estreia-com-vitoria\\\/\",\"name\":\"Universal Fitness estreia com vit\u00f3ria - SESI\",\"isPartOf\":{\"@id\":\"https:\\\/\\\/fieam.org.br\\\/sesi\\\/#website\"},\"primaryImageOfPage\":{\"@id\":\"https:\\\/\\\/fieam.org.br\\\/sesi\\\/universal-fitness-estreia-com-vitoria\\\/#primaryimage\"},\"image\":{\"@id\":\"https:\\\/\\\/fieam.org.br\\\/sesi\\\/universal-fitness-estreia-com-vitoria\\\/#primaryimage\"},\"thumbnailUrl\":\"http:\\\/\\\/www.fieam.org.br\\\/site\\\/sesi\\\/files\\\/2012\\\/06\\\/Equipe-de-v%C3%B4lei-Yamaha-300x200.jpg\",\"datePublished\":\"2012-06-06T14:51:08+00:00\",\"breadcrumb\":{\"@id\":\"https:\\\/\\\/fieam.org.br\\\/sesi\\\/universal-fitness-estreia-com-vitoria\\\/#breadcrumb\"},\"inLanguage\":\"pt-BR\",\"potentialAction\":[{\"@type\":\"ReadAction\",\"target\":[\"https:\\\/\\\/fieam.org.br\\\/sesi\\\/universal-fitness-estreia-com-vitoria\\\/\"]}]},{\"@type\":\"ImageObject\",\"inLanguage\":\"pt-BR\",\"@id\":\"https:\\\/\\\/fieam.org.br\\\/sesi\\\/universal-fitness-estreia-com-vitoria\\\/#primaryimage\",\"url\":\"http:\\\/\\\/www.fieam.org.br\\\/site\\\/sesi\\\/files\\\/2012\\\/06\\\/Equipe-de-v%C3%B4lei-Yamaha-300x200.jpg\",\"contentUrl\":\"http:\\\/\\\/www.fieam.org.br\\\/site\\\/sesi\\\/files\\\/2012\\\/06\\\/Equipe-de-v%C3%B4lei-Yamaha-300x200.jpg\"},{\"@type\":\"BreadcrumbList\",\"@id\":\"https:\\\/\\\/fieam.org.br\\\/sesi\\\/universal-fitness-estreia-com-vitoria\\\/#breadcrumb\",\"itemListElement\":[{\"@type\":\"ListItem\",\"position\":1,\"name\":\"In\u00edcio\",\"item\":\"https:\\\/\\\/fieam.org.br\\\/sesi\\\/\"},{\"@type\":\"ListItem\",\"position\":2,\"name\":\"Universal Fitness estreia com vit\u00f3ria\"}]},{\"@type\":\"WebSite\",\"@id\":\"https:\\\/\\\/fieam.org.br\\\/sesi\\\/#website\",\"url\":\"https:\\\/\\\/fieam.org.br\\\/sesi\\\/\",\"name\":\"SESI\",\"description\":\"Site Oficial!\",\"publisher\":{\"@id\":\"https:\\\/\\\/fieam.org.br\\\/sesi\\\/#organization\"},\"potentialAction\":[{\"@type\":\"SearchAction\",\"target\":{\"@type\":\"EntryPoint\",\"urlTemplate\":\"https:\\\/\\\/fieam.org.br\\\/sesi\\\/?s={search_term_string}\"},\"query-input\":{\"@type\":\"PropertyValueSpecification\",\"valueRequired\":true,\"valueName\":\"search_term_string\"}}],\"inLanguage\":\"pt-BR\"},{\"@type\":\"Organization\",\"@id\":\"https:\\\/\\\/fieam.org.br\\\/sesi\\\/#organization\",\"name\":\"SESI\",\"url\":\"https:\\\/\\\/fieam.org.br\\\/sesi\\\/\",\"logo\":{\"@type\":\"ImageObject\",\"inLanguage\":\"pt-BR\",\"@id\":\"https:\\\/\\\/fieam.org.br\\\/sesi\\\/#\\\/schema\\\/logo\\\/image\\\/\",\"url\":\"https:\\\/\\\/fieam.org.br\\\/sesi\\\/wp-content\\\/uploads\\\/sites\\\/14\\\/2024\\\/03\\\/cropped-fav.png\",\"contentUrl\":\"https:\\\/\\\/fieam.org.br\\\/sesi\\\/wp-content\\\/uploads\\\/sites\\\/14\\\/2024\\\/03\\\/cropped-fav.png\",\"width\":610,\"height\":589,\"caption\":\"SESI\"},\"image\":{\"@id\":\"https:\\\/\\\/fieam.org.br\\\/sesi\\\/#\\\/schema\\\/logo\\\/image\\\/\"}},{\"@type\":\"Person\",\"@id\":\"https:\\\/\\\/fieam.org.br\\\/sesi\\\/#\\\/schema\\\/person\\\/f54998dd14d5f0695b41444f2b01c31e\",\"name\":\"Autor\",\"image\":{\"@type\":\"ImageObject\",\"inLanguage\":\"pt-BR\",\"@id\":\"https:\\\/\\\/secure.gravatar.com\\\/avatar\\\/3732c223e0e1fad69062a8f770955c9068d37b055204f310a0be18d4069fe380?s=96&d=mm&r=g\",\"url\":\"https:\\\/\\\/secure.gravatar.com\\\/avatar\\\/3732c223e0e1fad69062a8f770955c9068d37b055204f310a0be18d4069fe380?s=96&d=mm&r=g\",\"contentUrl\":\"https:\\\/\\\/secure.gravatar.com\\\/avatar\\\/3732c223e0e1fad69062a8f770955c9068d37b055204f310a0be18d4069fe380?s=96&d=mm&r=g\",\"caption\":\"Autor\"},\"sameAs\":[\"https:\\\/\\\/marketingmassivo.com.br\"],\"url\":\"https:\\\/\\\/fieam.org.br\\\/sesi\\\/author\\\/admin\\\/\"}]}<\/script>\n<!-- \/ Yoast SEO plugin. -->","yoast_head_json":{"title":"Universal Fitness estreia com vit\u00f3ria - SESI","robots":{"index":"index","follow":"follow","max-snippet":"max-snippet:-1","max-image-preview":"max-image-preview:large","max-video-preview":"max-video-preview:-1"},"canonical":"https:\/\/fieam.org.br\/sesi\/universal-fitness-estreia-com-vitoria\/","og_locale":"pt_BR","og_type":"article","og_title":"Universal Fitness estreia com vit\u00f3ria - SESI","og_description":"A Universal Fitness do Amazonas estreou hoje (5) com vit\u00f3ria nos Jogos Nacionais do SESI, ao vencer no futebol de campo, de virada a representa\u00e7\u00e3o da Destilaria Miriri, da Para\u00edba, por 4 a 3. A equipe amazonense sentiu um pouco no in\u00edcio e n\u00e3o repetiu as boas atua\u00e7\u00f5es realizadas nos Jogos Estaduais de 2011, quando [&hellip;]","og_url":"https:\/\/fieam.org.br\/sesi\/universal-fitness-estreia-com-vitoria\/","og_site_name":"SESI","article_published_time":"2012-06-06T14:51:08+00:00","author":"Autor","twitter_card":"summary_large_image","twitter_misc":{"Escrito por":"Autor","Est. tempo de leitura":"2 minutos"},"schema":{"@context":"https:\/\/schema.org","@graph":[{"@type":"Article","@id":"https:\/\/fieam.org.br\/sesi\/universal-fitness-estreia-com-vitoria\/#article","isPartOf":{"@id":"https:\/\/fieam.org.br\/sesi\/universal-fitness-estreia-com-vitoria\/"},"author":{"name":"Autor","@id":"https:\/\/fieam.org.br\/sesi\/#\/schema\/person\/f54998dd14d5f0695b41444f2b01c31e"},"headline":"Universal Fitness estreia com vit\u00f3ria","datePublished":"2012-06-06T14:51:08+00:00","mainEntityOfPage":{"@id":"https:\/\/fieam.org.br\/sesi\/universal-fitness-estreia-com-vitoria\/"},"wordCount":416,"commentCount":0,"publisher":{"@id":"https:\/\/fieam.org.br\/sesi\/#organization"},"image":{"@id":"https:\/\/fieam.org.br\/sesi\/universal-fitness-estreia-com-vitoria\/#primaryimage"},"thumbnailUrl":"http:\/\/www.fieam.org.br\/site\/sesi\/files\/2012\/06\/Equipe-de-v%C3%B4lei-Yamaha-300x200.jpg","articleSection":["News"],"inLanguage":"pt-BR","potentialAction":[{"@type":"CommentAction","name":"Comment","target":["https:\/\/fieam.org.br\/sesi\/universal-fitness-estreia-com-vitoria\/#respond"]}]},{"@type":"WebPage","@id":"https:\/\/fieam.org.br\/sesi\/universal-fitness-estreia-com-vitoria\/","url":"https:\/\/fieam.org.br\/sesi\/universal-fitness-estreia-com-vitoria\/","name":"Universal Fitness estreia com vit\u00f3ria - SESI","isPartOf":{"@id":"https:\/\/fieam.org.br\/sesi\/#website"},"primaryImageOfPage":{"@id":"https:\/\/fieam.org.br\/sesi\/universal-fitness-estreia-com-vitoria\/#primaryimage"},"image":{"@id":"https:\/\/fieam.org.br\/sesi\/universal-fitness-estreia-com-vitoria\/#primaryimage"},"thumbnailUrl":"http:\/\/www.fieam.org.br\/site\/sesi\/files\/2012\/06\/Equipe-de-v%C3%B4lei-Yamaha-300x200.jpg","datePublished":"2012-06-06T14:51:08+00:00","breadcrumb":{"@id":"https:\/\/fieam.org.br\/sesi\/universal-fitness-estreia-com-vitoria\/#breadcrumb"},"inLanguage":"pt-BR","potentialAction":[{"@type":"ReadAction","target":["https:\/\/fieam.org.br\/sesi\/universal-fitness-estreia-com-vitoria\/"]}]},{"@type":"ImageObject","inLanguage":"pt-BR","@id":"https:\/\/fieam.org.br\/sesi\/universal-fitness-estreia-com-vitoria\/#primaryimage","url":"http:\/\/www.fieam.org.br\/site\/sesi\/files\/2012\/06\/Equipe-de-v%C3%B4lei-Yamaha-300x200.jpg","contentUrl":"http:\/\/www.fieam.org.br\/site\/sesi\/files\/2012\/06\/Equipe-de-v%C3%B4lei-Yamaha-300x200.jpg"},{"@type":"BreadcrumbList","@id":"https:\/\/fieam.org.br\/sesi\/universal-fitness-estreia-com-vitoria\/#breadcrumb","itemListElement":[{"@type":"ListItem","position":1,"name":"In\u00edcio","item":"https:\/\/fieam.org.br\/sesi\/"},{"@type":"ListItem","position":2,"name":"Universal Fitness estreia com vit\u00f3ria"}]},{"@type":"WebSite","@id":"https:\/\/fieam.org.br\/sesi\/#website","url":"https:\/\/fieam.org.br\/sesi\/","name":"SESI","description":"Site Oficial!","publisher":{"@id":"https:\/\/fieam.org.br\/sesi\/#organization"},"potentialAction":[{"@type":"SearchAction","target":{"@type":"EntryPoint","urlTemplate":"https:\/\/fieam.org.br\/sesi\/?s={search_term_string}"},"query-input":{"@type":"PropertyValueSpecification","valueRequired":true,"valueName":"search_term_string"}}],"inLanguage":"pt-BR"},{"@type":"Organization","@id":"https:\/\/fieam.org.br\/sesi\/#organization","name":"SESI","url":"https:\/\/fieam.org.br\/sesi\/","logo":{"@type":"ImageObject","inLanguage":"pt-BR","@id":"https:\/\/fieam.org.br\/sesi\/#\/schema\/logo\/image\/","url":"https:\/\/fieam.org.br\/sesi\/wp-content\/uploads\/sites\/14\/2024\/03\/cropped-fav.png","contentUrl":"https:\/\/fieam.org.br\/sesi\/wp-content\/uploads\/sites\/14\/2024\/03\/cropped-fav.png","width":610,"height":589,"caption":"SESI"},"image":{"@id":"https:\/\/fieam.org.br\/sesi\/#\/schema\/logo\/image\/"}},{"@type":"Person","@id":"https:\/\/fieam.org.br\/sesi\/#\/schema\/person\/f54998dd14d5f0695b41444f2b01c31e","name":"Autor","image":{"@type":"ImageObject","inLanguage":"pt-BR","@id":"https:\/\/secure.gravatar.com\/avatar\/3732c223e0e1fad69062a8f770955c9068d37b055204f310a0be18d4069fe380?s=96&d=mm&r=g","url":"https:\/\/secure.gravatar.com\/avatar\/3732c223e0e1fad69062a8f770955c9068d37b055204f310a0be18d4069fe380?s=96&d=mm&r=g","contentUrl":"https:\/\/secure.gravatar.com\/avatar\/3732c223e0e1fad69062a8f770955c9068d37b055204f310a0be18d4069fe380?s=96&d=mm&r=g","caption":"Autor"},"sameAs":["https:\/\/marketingmassivo.com.br"],"url":"https:\/\/fieam.org.br\/sesi\/author\/admin\/"}]}},"_links":{"self":[{"href":"https:\/\/fieam.org.br\/sesi\/wp-json\/wp\/v2\/posts\/3065","targetHints":{"allow":["GET"]}}],"collection":[{"href":"https:\/\/fieam.org.br\/sesi\/wp-json\/wp\/v2\/posts"}],"about":[{"href":"https:\/\/fieam.org.br\/sesi\/wp-json\/wp\/v2\/types\/post"}],"author":[{"embeddable":true,"href":"https:\/\/fieam.org.br\/sesi\/wp-json\/wp\/v2\/users\/1"}],"replies":[{"embeddable":true,"href":"https:\/\/fieam.org.br\/sesi\/wp-json\/wp\/v2\/comments?post=3065"}],"version-history":[{"count":0,"href":"https:\/\/fieam.org.br\/sesi\/wp-json\/wp\/v2\/posts\/3065\/revisions"}],"wp:attachment":[{"href":"https:\/\/fieam.org.br\/sesi\/wp-json\/wp\/v2\/media?parent=3065"}],"wp:term":[{"taxonomy":"category","embeddable":true,"href":"https:\/\/fieam.org.br\/sesi\/wp-json\/wp\/v2\/categories?post=3065"},{"taxonomy":"post_tag","embeddable":true,"href":"https:\/\/fieam.org.br\/sesi\/wp-json\/wp\/v2\/tags?post=3065"}],"curies":[{"name":"wp","href":"https:\/\/api.w.org\/{rel}","templated":true}]}}