{"id":3059,"date":"2012-06-06T00:28:07","date_gmt":"2012-06-06T00:28:07","guid":{"rendered":"http:\/\/www.fieam.org.br\/site\/sesi\/?p=3059"},"modified":"2012-06-06T00:28:07","modified_gmt":"2012-06-06T00:28:07","slug":"inscricao-no-concurso-nacional-sobre-seguranca-e-saude-no-trabalho-2012","status":"publish","type":"post","link":"https:\/\/fieam.org.br\/sesi\/inscricao-no-concurso-nacional-sobre-seguranca-e-saude-no-trabalho-2012\/","title":{"rendered":"Inscri\u00e7\u00e3o no Concurso Nacional Sobre Seguran\u00e7a e Sa\u00fade no Trabalho 2012"},"content":{"rendered":"<p><a href=\"http:\/\/www.fieam.org.br\/site\/sesi\/files\/2012\/06\/banner2011.png\"><img fetchpriority=\"high\" decoding=\"async\" class=\"alignleft size-full wp-image-3060\" src=\"http:\/\/www.fieam.org.br\/site\/sesi\/files\/2012\/06\/banner2011.png\" alt=\"\" width=\"285\" height=\"287\" srcset=\"https:\/\/fieam.org.br\/sesi\/wp-content\/uploads\/sites\/14\/2012\/06\/banner2011.png 285w, https:\/\/fieam.org.br\/sesi\/wp-content\/uploads\/sites\/14\/2012\/06\/banner2011-150x150.png 150w\" sizes=\"(max-width: 285px) 100vw, 285px\" \/><\/a>As inscri\u00e7\u00f5es para o Concurso Nacional sobre Seguran\u00e7a e Sa\u00fade no Trabalho est\u00e3o abertas at\u00e9 10 de agosto. O concurso \u00e9 promovido pelo <a href=\"http:\/\/www.fieam.org.br\/site\/sesi\/institucional\/\" target=\"_blank\" rel=\"noopener\">Servi\u00e7o Social da Ind\u00fastria (SESI)<\/a> e pelo <a href=\"http:\/\/www.fieam.org.br\/site\/senai\/institucional\/\" target=\"_blank\" rel=\"noopener\">Servi\u00e7o Nacional de Aprendizagem Industrial (SENAI)<\/a>. O tema de 2012 \u00e9 \u201cComo a seguran\u00e7a e a sa\u00fade no trabalho contribuem na promo\u00e7\u00e3o da qualidade de vida do trabalhador da Ind\u00fastria\u201d. Podem participar trabalhadores da ind\u00fastria brasileira e alunos das escolas do SESI e SENAI.<\/p>\n<p>O objetivo \u00e9 despertar nos trabalhadores e estudantes o interesse pelo tema de seguran\u00e7a e sa\u00fade no trabalho na ind\u00fastria, por meio da reflex\u00e3o e debate do tema no ambiente laboral e escolar. O concurso \u00e9 dividido em tr\u00eas categorias: desenho, m\u00fasica e contribui\u00e7\u00e3o t\u00e9cnica.<\/p>\n<p>Na categoria desenho, os estudantes devem desenvolver um desenho sobre a tem\u00e1tica da Seguran\u00e7a e Sa\u00fade no Trabalho. Na categoria m\u00fasica, o participante deve produzir m\u00fasica e letra in\u00e9ditas, de ritmo livre, sobre o mesmo tema. A categoria contribui\u00e7\u00e3o t\u00e9cnica visa que o aluno do SENAI ou o trabalhador da ind\u00fastria apresentem trabalhos com quest\u00f5es de inova\u00e7\u00e3o tecnol\u00f3gica, equipamento, mudan\u00e7a de projeto ou de sistema de trabalho que visem beneficiar a seguran\u00e7a e\/ou a sa\u00fade do trabalhador.<\/p>\n<p>As inscri\u00e7\u00f5es podem ser realizadas no site <a href=\"http:\/\/www.sesi.org.br\/pro-sst\" target=\"_blank\" rel=\"noopener\">www.sesi.org.br\/pro-sst<\/a> e os vencedores da etapa estadual participar\u00e3o da etapa nacional em Bras\u00edlia. A premia\u00e7\u00e3o da etapa estadual \u00e9 uma m\u00e1quina fotogr\u00e1fica, trof\u00e9u e certificado. Na etapa nacional, os vencedores ganhar\u00e3o uma viagem para Bras\u00edlia, 1 notebook e\u00a0 trofeu.<\/p>\n<p>Para mais informa\u00e7\u00f5es, procurar as Escolas do SENAI em Manaus- <a href=\"http:\/\/www.fieam.org.br\/site\/senai\/escola-senai-waldomiro-lustoza\/\" target=\"_blank\" rel=\"noopener\">Escola SENAI Waldemiro Lustoza<\/a> &#8211;\u00a0 Telefone: 92-3133-6406 (Tiago Bezerra)\/ <a href=\"http:\/\/www.fieam.org.br\/site\/senai\/escola-senai-antonio-simoes\/\" target=\"_blank\" rel=\"noopener\">Escola SENAI Antonio Sim\u00f5es<\/a> &#8211; Telefone: 92-3182-9969 (Raquel Brito)\/ <a href=\"http:\/\/www.fieam.org.br\/site\/senai\/escola-senai-de-acoes-moveis-e-comunitarias\/\" target=\"_blank\" rel=\"noopener\">Escola SENAI de A\u00e7\u00f5es M\u00f3veis e Comunit\u00e1rias<\/a> &#8211; Telefone: 92-3182-9935 (N\u00fabia Uchoa)\/ <a href=\"http:\/\/www.fieam.org.br\/site\/senai\/escola-senai-demostenes-travessa\/\" target=\"_blank\" rel=\"noopener\">Escola SENAI Dem\u00f3stenes Travessa<\/a> &#8211; Telefone: 92-3614-5910 (Priscila Vasquez).<\/p>\n<p>&nbsp;<\/p>\n<p>&nbsp;<\/p>\n<p>&nbsp;<\/p>\n<p><strong>Subcategorias do Concurso:<\/strong><\/p>\n<p>&nbsp;<\/p>\n<p><strong>Categoria Desenho <\/strong><\/p>\n<p>O aluno dever\u00e1 desenvolver um desenho que represente o tema proposto neste Regulamento, escolhendo uma das seguintes subcategorias:<\/p>\n<p><strong>I.<\/strong> Subcategoria I \u2013 voltada para alunos do 6\u00ba ao 9\u00ba ano do ensino fundamental das escolas SESI.<\/p>\n<p><strong>II.<\/strong> Subcategoria II\u00a0\u2013 voltada para alunos de 1\u00aa \u00e0 3\u00aa s\u00e9rie do ensino m\u00e9dio das escolas SESI.<\/p>\n<p><strong>III.<\/strong> Subcategoria III\u00a0\u2013 voltada para alunos da modalidade <a href=\"http:\/\/www.fieam.org.br\/site\/sesi\/educacao-eja\/\" target=\"_blank\" rel=\"noopener\">Jovens e Adultos (EJA) das escolas SESI<\/a>.<br \/>\n<strong>Categoria M\u00fasica<\/strong><\/p>\n<p>O aluno dever\u00e1 produzir m\u00fasica e letra in\u00e9ditas, de ritmo livre, que tenha em vista o tema proposto no Regulamento, escolhendo uma das seguintes subcategorias:<\/p>\n<p><strong>I.<\/strong> Subcategoria I \u2013 voltada para alunos do 6\u00ba ao 9\u00ba ano do ensino fundamental das escolas SESI.<\/p>\n<p><strong>II.<\/strong> Subcategoria II\u00a0\u2013 voltada para alunos de 1\u00aa \u00e0 3\u00aa s\u00e9rie do ensino m\u00e9dio das escolas SESI.<\/p>\n<p><strong>III.<\/strong> Subcategoria III\u00a0\u2013 voltada para alunos da modalidade Jovens e Adultos (EJA) das escolas SESI.<\/p>\n<p><strong>IV.<\/strong> Subcategoria BANDA \u2013 voltada para alunos do 6\u00ba ao 9\u00ba ano do ensino fundamental, 1\u00aa \u00e0 3\u00aa s\u00e9rie do ensino m\u00e9dio, incluindo EJA, das escolas do SESI. A banda dever\u00e1 ser composta de, no m\u00e1ximo, cinco membros.<\/p>\n<p><strong>\u00a0<\/strong><\/p>\n<p><strong>Categoria Contribui\u00e7\u00e3o T\u00e9cnica<\/strong><\/p>\n<p>O trabalhador e o aluno participante dever\u00e3o apresentar\/abordar em seu trabalho quest\u00f5es de inova\u00e7\u00e3o tecnol\u00f3gica, equipamento, mudan\u00e7a de projeto ou de sistema de trabalho que visem beneficiar a Seguran\u00e7a e\/ ou Sa\u00fade do trabalhador em uma atividade laboral ou apoiar o desenvolvimento do (a) aluno (a) nos laborat\u00f3rios do SESI e\/ou SENAI, utilizados durante o per\u00edodo da sua qualifica\u00e7\u00e3o profissional, escolhendo uma das seguintes subcategorias:<\/p>\n<p><strong>I<\/strong>. Subcategoria I &#8211; voltada para alunos do EBEP das escolas SESI e SENAI.<\/p>\n<p><strong>II<\/strong>. Subcategoria II &#8211; voltada para alunos dos cursos profissionalizantes, educa\u00e7\u00e3o profissional e tecnol\u00f3gica das escolas SENAI.<\/p>\n<p><strong>III<\/strong>. Subcategoria III &#8211; voltada para os trabalhadores da ind\u00fastria brasileira.<\/p>\n<p><strong>IV<\/strong>. Subcategoria Grupo &#8211; voltada para alunos do EBEP, alunos dos cursos profissionalizantes, educa\u00e7\u00e3o profissional e tecnol\u00f3gica das escolas SENAI. O grupo dever\u00e1 ser composto de no m\u00e1ximo cinco membros.<\/p>\n<p>&nbsp;<\/p>\n<p>&nbsp;<\/p>\n","protected":false},"excerpt":{"rendered":"<p>As inscri\u00e7\u00f5es para o Concurso Nacional sobre Seguran\u00e7a e Sa\u00fade no Trabalho est\u00e3o abertas at\u00e9 10 de agosto. O concurso \u00e9 promovido pelo Servi\u00e7o Social da Ind\u00fastria (SESI) e pelo Servi\u00e7o Nacional de Aprendizagem Industrial (SENAI). O tema de 2012 \u00e9 \u201cComo a seguran\u00e7a e a sa\u00fade no trabalho contribuem na promo\u00e7\u00e3o da qualidade de [&hellip;]<\/p>\n","protected":false},"author":1,"featured_media":0,"comment_status":"open","ping_status":"open","sticky":false,"template":"","format":"standard","meta":{"footnotes":""},"categories":[25],"tags":[],"class_list":["post-3059","post","type-post","status-publish","format-standard","hentry","category-news"],"yoast_head":"<!-- This site is optimized with the Yoast SEO plugin v28.2 - https:\/\/yoast.com\/product\/yoast-seo-wordpress\/ -->\n<title>Inscri\u00e7\u00e3o no Concurso Nacional Sobre Seguran\u00e7a e Sa\u00fade no Trabalho 2012 - SESI<\/title>\n<meta name=\"robots\" content=\"index, follow, max-snippet:-1, max-image-preview:large, max-video-preview:-1\" \/>\n<link rel=\"canonical\" href=\"https:\/\/fieam.org.br\/sesi\/inscricao-no-concurso-nacional-sobre-seguranca-e-saude-no-trabalho-2012\/\" \/>\n<meta property=\"og:locale\" content=\"pt_BR\" \/>\n<meta property=\"og:type\" content=\"article\" \/>\n<meta property=\"og:title\" content=\"Inscri\u00e7\u00e3o no Concurso Nacional Sobre Seguran\u00e7a e Sa\u00fade no Trabalho 2012 - SESI\" \/>\n<meta property=\"og:description\" content=\"As inscri\u00e7\u00f5es para o Concurso Nacional sobre Seguran\u00e7a e Sa\u00fade no Trabalho est\u00e3o abertas at\u00e9 10 de agosto. O concurso \u00e9 promovido pelo Servi\u00e7o Social da Ind\u00fastria (SESI) e pelo Servi\u00e7o Nacional de Aprendizagem Industrial (SENAI). O tema de 2012 \u00e9 \u201cComo a seguran\u00e7a e a sa\u00fade no trabalho contribuem na promo\u00e7\u00e3o da qualidade de [&hellip;]\" \/>\n<meta property=\"og:url\" content=\"https:\/\/fieam.org.br\/sesi\/inscricao-no-concurso-nacional-sobre-seguranca-e-saude-no-trabalho-2012\/\" \/>\n<meta property=\"og:site_name\" content=\"SESI\" \/>\n<meta property=\"article:published_time\" content=\"2012-06-06T00:28:07+00:00\" \/>\n<meta property=\"og:image\" content=\"https:\/\/fieam.org.br\/sesi\/wp-content\/uploads\/sites\/14\/2012\/06\/banner2011.png\" \/>\n\t<meta property=\"og:image:width\" content=\"285\" \/>\n\t<meta property=\"og:image:height\" content=\"287\" \/>\n\t<meta property=\"og:image:type\" content=\"image\/png\" \/>\n<meta name=\"author\" content=\"Autor\" \/>\n<meta name=\"twitter:card\" content=\"summary_large_image\" \/>\n<meta name=\"twitter:label1\" content=\"Escrito por\" \/>\n\t<meta name=\"twitter:data1\" content=\"Autor\" \/>\n\t<meta name=\"twitter:label2\" content=\"Est. tempo de leitura\" \/>\n\t<meta name=\"twitter:data2\" content=\"3 minutos\" \/>\n<script type=\"application\/ld+json\" class=\"yoast-schema-graph\">{\"@context\":\"https:\\\/\\\/schema.org\",\"@graph\":[{\"@type\":\"Article\",\"@id\":\"https:\\\/\\\/fieam.org.br\\\/sesi\\\/inscricao-no-concurso-nacional-sobre-seguranca-e-saude-no-trabalho-2012\\\/#article\",\"isPartOf\":{\"@id\":\"https:\\\/\\\/fieam.org.br\\\/sesi\\\/inscricao-no-concurso-nacional-sobre-seguranca-e-saude-no-trabalho-2012\\\/\"},\"author\":{\"name\":\"Autor\",\"@id\":\"https:\\\/\\\/fieam.org.br\\\/sesi\\\/#\\\/schema\\\/person\\\/f54998dd14d5f0695b41444f2b01c31e\"},\"headline\":\"Inscri\u00e7\u00e3o no Concurso Nacional Sobre Seguran\u00e7a e Sa\u00fade no Trabalho 2012\",\"datePublished\":\"2012-06-06T00:28:07+00:00\",\"mainEntityOfPage\":{\"@id\":\"https:\\\/\\\/fieam.org.br\\\/sesi\\\/inscricao-no-concurso-nacional-sobre-seguranca-e-saude-no-trabalho-2012\\\/\"},\"wordCount\":702,\"commentCount\":0,\"publisher\":{\"@id\":\"https:\\\/\\\/fieam.org.br\\\/sesi\\\/#organization\"},\"image\":{\"@id\":\"https:\\\/\\\/fieam.org.br\\\/sesi\\\/inscricao-no-concurso-nacional-sobre-seguranca-e-saude-no-trabalho-2012\\\/#primaryimage\"},\"thumbnailUrl\":\"http:\\\/\\\/www.fieam.org.br\\\/site\\\/sesi\\\/files\\\/2012\\\/06\\\/banner2011.png\",\"articleSection\":[\"News\"],\"inLanguage\":\"pt-BR\",\"potentialAction\":[{\"@type\":\"CommentAction\",\"name\":\"Comment\",\"target\":[\"https:\\\/\\\/fieam.org.br\\\/sesi\\\/inscricao-no-concurso-nacional-sobre-seguranca-e-saude-no-trabalho-2012\\\/#respond\"]}]},{\"@type\":\"WebPage\",\"@id\":\"https:\\\/\\\/fieam.org.br\\\/sesi\\\/inscricao-no-concurso-nacional-sobre-seguranca-e-saude-no-trabalho-2012\\\/\",\"url\":\"https:\\\/\\\/fieam.org.br\\\/sesi\\\/inscricao-no-concurso-nacional-sobre-seguranca-e-saude-no-trabalho-2012\\\/\",\"name\":\"Inscri\u00e7\u00e3o no Concurso Nacional Sobre Seguran\u00e7a e Sa\u00fade no Trabalho 2012 - SESI\",\"isPartOf\":{\"@id\":\"https:\\\/\\\/fieam.org.br\\\/sesi\\\/#website\"},\"primaryImageOfPage\":{\"@id\":\"https:\\\/\\\/fieam.org.br\\\/sesi\\\/inscricao-no-concurso-nacional-sobre-seguranca-e-saude-no-trabalho-2012\\\/#primaryimage\"},\"image\":{\"@id\":\"https:\\\/\\\/fieam.org.br\\\/sesi\\\/inscricao-no-concurso-nacional-sobre-seguranca-e-saude-no-trabalho-2012\\\/#primaryimage\"},\"thumbnailUrl\":\"http:\\\/\\\/www.fieam.org.br\\\/site\\\/sesi\\\/files\\\/2012\\\/06\\\/banner2011.png\",\"datePublished\":\"2012-06-06T00:28:07+00:00\",\"breadcrumb\":{\"@id\":\"https:\\\/\\\/fieam.org.br\\\/sesi\\\/inscricao-no-concurso-nacional-sobre-seguranca-e-saude-no-trabalho-2012\\\/#breadcrumb\"},\"inLanguage\":\"pt-BR\",\"potentialAction\":[{\"@type\":\"ReadAction\",\"target\":[\"https:\\\/\\\/fieam.org.br\\\/sesi\\\/inscricao-no-concurso-nacional-sobre-seguranca-e-saude-no-trabalho-2012\\\/\"]}]},{\"@type\":\"ImageObject\",\"inLanguage\":\"pt-BR\",\"@id\":\"https:\\\/\\\/fieam.org.br\\\/sesi\\\/inscricao-no-concurso-nacional-sobre-seguranca-e-saude-no-trabalho-2012\\\/#primaryimage\",\"url\":\"http:\\\/\\\/www.fieam.org.br\\\/site\\\/sesi\\\/files\\\/2012\\\/06\\\/banner2011.png\",\"contentUrl\":\"http:\\\/\\\/www.fieam.org.br\\\/site\\\/sesi\\\/files\\\/2012\\\/06\\\/banner2011.png\"},{\"@type\":\"BreadcrumbList\",\"@id\":\"https:\\\/\\\/fieam.org.br\\\/sesi\\\/inscricao-no-concurso-nacional-sobre-seguranca-e-saude-no-trabalho-2012\\\/#breadcrumb\",\"itemListElement\":[{\"@type\":\"ListItem\",\"position\":1,\"name\":\"In\u00edcio\",\"item\":\"https:\\\/\\\/fieam.org.br\\\/sesi\\\/\"},{\"@type\":\"ListItem\",\"position\":2,\"name\":\"Inscri\u00e7\u00e3o no Concurso Nacional Sobre Seguran\u00e7a e Sa\u00fade no Trabalho 2012\"}]},{\"@type\":\"WebSite\",\"@id\":\"https:\\\/\\\/fieam.org.br\\\/sesi\\\/#website\",\"url\":\"https:\\\/\\\/fieam.org.br\\\/sesi\\\/\",\"name\":\"SESI\",\"description\":\"Site Oficial!\",\"publisher\":{\"@id\":\"https:\\\/\\\/fieam.org.br\\\/sesi\\\/#organization\"},\"potentialAction\":[{\"@type\":\"SearchAction\",\"target\":{\"@type\":\"EntryPoint\",\"urlTemplate\":\"https:\\\/\\\/fieam.org.br\\\/sesi\\\/?s={search_term_string}\"},\"query-input\":{\"@type\":\"PropertyValueSpecification\",\"valueRequired\":true,\"valueName\":\"search_term_string\"}}],\"inLanguage\":\"pt-BR\"},{\"@type\":\"Organization\",\"@id\":\"https:\\\/\\\/fieam.org.br\\\/sesi\\\/#organization\",\"name\":\"SESI\",\"url\":\"https:\\\/\\\/fieam.org.br\\\/sesi\\\/\",\"logo\":{\"@type\":\"ImageObject\",\"inLanguage\":\"pt-BR\",\"@id\":\"https:\\\/\\\/fieam.org.br\\\/sesi\\\/#\\\/schema\\\/logo\\\/image\\\/\",\"url\":\"https:\\\/\\\/fieam.org.br\\\/sesi\\\/wp-content\\\/uploads\\\/sites\\\/14\\\/2024\\\/03\\\/cropped-fav.png\",\"contentUrl\":\"https:\\\/\\\/fieam.org.br\\\/sesi\\\/wp-content\\\/uploads\\\/sites\\\/14\\\/2024\\\/03\\\/cropped-fav.png\",\"width\":610,\"height\":589,\"caption\":\"SESI\"},\"image\":{\"@id\":\"https:\\\/\\\/fieam.org.br\\\/sesi\\\/#\\\/schema\\\/logo\\\/image\\\/\"}},{\"@type\":\"Person\",\"@id\":\"https:\\\/\\\/fieam.org.br\\\/sesi\\\/#\\\/schema\\\/person\\\/f54998dd14d5f0695b41444f2b01c31e\",\"name\":\"Autor\",\"image\":{\"@type\":\"ImageObject\",\"inLanguage\":\"pt-BR\",\"@id\":\"https:\\\/\\\/secure.gravatar.com\\\/avatar\\\/3732c223e0e1fad69062a8f770955c9068d37b055204f310a0be18d4069fe380?s=96&d=mm&r=g\",\"url\":\"https:\\\/\\\/secure.gravatar.com\\\/avatar\\\/3732c223e0e1fad69062a8f770955c9068d37b055204f310a0be18d4069fe380?s=96&d=mm&r=g\",\"contentUrl\":\"https:\\\/\\\/secure.gravatar.com\\\/avatar\\\/3732c223e0e1fad69062a8f770955c9068d37b055204f310a0be18d4069fe380?s=96&d=mm&r=g\",\"caption\":\"Autor\"},\"sameAs\":[\"https:\\\/\\\/marketingmassivo.com.br\"],\"url\":\"https:\\\/\\\/fieam.org.br\\\/sesi\\\/author\\\/admin\\\/\"}]}<\/script>\n<!-- \/ Yoast SEO plugin. -->","yoast_head_json":{"title":"Inscri\u00e7\u00e3o no Concurso Nacional Sobre Seguran\u00e7a e Sa\u00fade no Trabalho 2012 - SESI","robots":{"index":"index","follow":"follow","max-snippet":"max-snippet:-1","max-image-preview":"max-image-preview:large","max-video-preview":"max-video-preview:-1"},"canonical":"https:\/\/fieam.org.br\/sesi\/inscricao-no-concurso-nacional-sobre-seguranca-e-saude-no-trabalho-2012\/","og_locale":"pt_BR","og_type":"article","og_title":"Inscri\u00e7\u00e3o no Concurso Nacional Sobre Seguran\u00e7a e Sa\u00fade no Trabalho 2012 - SESI","og_description":"As inscri\u00e7\u00f5es para o Concurso Nacional sobre Seguran\u00e7a e Sa\u00fade no Trabalho est\u00e3o abertas at\u00e9 10 de agosto. O concurso \u00e9 promovido pelo Servi\u00e7o Social da Ind\u00fastria (SESI) e pelo Servi\u00e7o Nacional de Aprendizagem Industrial (SENAI). O tema de 2012 \u00e9 \u201cComo a seguran\u00e7a e a sa\u00fade no trabalho contribuem na promo\u00e7\u00e3o da qualidade de [&hellip;]","og_url":"https:\/\/fieam.org.br\/sesi\/inscricao-no-concurso-nacional-sobre-seguranca-e-saude-no-trabalho-2012\/","og_site_name":"SESI","article_published_time":"2012-06-06T00:28:07+00:00","og_image":[{"width":285,"height":287,"url":"https:\/\/fieam.org.br\/sesi\/wp-content\/uploads\/sites\/14\/2012\/06\/banner2011.png","type":"image\/png"}],"author":"Autor","twitter_card":"summary_large_image","twitter_misc":{"Escrito por":"Autor","Est. tempo de leitura":"3 minutos"},"schema":{"@context":"https:\/\/schema.org","@graph":[{"@type":"Article","@id":"https:\/\/fieam.org.br\/sesi\/inscricao-no-concurso-nacional-sobre-seguranca-e-saude-no-trabalho-2012\/#article","isPartOf":{"@id":"https:\/\/fieam.org.br\/sesi\/inscricao-no-concurso-nacional-sobre-seguranca-e-saude-no-trabalho-2012\/"},"author":{"name":"Autor","@id":"https:\/\/fieam.org.br\/sesi\/#\/schema\/person\/f54998dd14d5f0695b41444f2b01c31e"},"headline":"Inscri\u00e7\u00e3o no Concurso Nacional Sobre Seguran\u00e7a e Sa\u00fade no Trabalho 2012","datePublished":"2012-06-06T00:28:07+00:00","mainEntityOfPage":{"@id":"https:\/\/fieam.org.br\/sesi\/inscricao-no-concurso-nacional-sobre-seguranca-e-saude-no-trabalho-2012\/"},"wordCount":702,"commentCount":0,"publisher":{"@id":"https:\/\/fieam.org.br\/sesi\/#organization"},"image":{"@id":"https:\/\/fieam.org.br\/sesi\/inscricao-no-concurso-nacional-sobre-seguranca-e-saude-no-trabalho-2012\/#primaryimage"},"thumbnailUrl":"http:\/\/www.fieam.org.br\/site\/sesi\/files\/2012\/06\/banner2011.png","articleSection":["News"],"inLanguage":"pt-BR","potentialAction":[{"@type":"CommentAction","name":"Comment","target":["https:\/\/fieam.org.br\/sesi\/inscricao-no-concurso-nacional-sobre-seguranca-e-saude-no-trabalho-2012\/#respond"]}]},{"@type":"WebPage","@id":"https:\/\/fieam.org.br\/sesi\/inscricao-no-concurso-nacional-sobre-seguranca-e-saude-no-trabalho-2012\/","url":"https:\/\/fieam.org.br\/sesi\/inscricao-no-concurso-nacional-sobre-seguranca-e-saude-no-trabalho-2012\/","name":"Inscri\u00e7\u00e3o no Concurso Nacional Sobre Seguran\u00e7a e Sa\u00fade no Trabalho 2012 - SESI","isPartOf":{"@id":"https:\/\/fieam.org.br\/sesi\/#website"},"primaryImageOfPage":{"@id":"https:\/\/fieam.org.br\/sesi\/inscricao-no-concurso-nacional-sobre-seguranca-e-saude-no-trabalho-2012\/#primaryimage"},"image":{"@id":"https:\/\/fieam.org.br\/sesi\/inscricao-no-concurso-nacional-sobre-seguranca-e-saude-no-trabalho-2012\/#primaryimage"},"thumbnailUrl":"http:\/\/www.fieam.org.br\/site\/sesi\/files\/2012\/06\/banner2011.png","datePublished":"2012-06-06T00:28:07+00:00","breadcrumb":{"@id":"https:\/\/fieam.org.br\/sesi\/inscricao-no-concurso-nacional-sobre-seguranca-e-saude-no-trabalho-2012\/#breadcrumb"},"inLanguage":"pt-BR","potentialAction":[{"@type":"ReadAction","target":["https:\/\/fieam.org.br\/sesi\/inscricao-no-concurso-nacional-sobre-seguranca-e-saude-no-trabalho-2012\/"]}]},{"@type":"ImageObject","inLanguage":"pt-BR","@id":"https:\/\/fieam.org.br\/sesi\/inscricao-no-concurso-nacional-sobre-seguranca-e-saude-no-trabalho-2012\/#primaryimage","url":"http:\/\/www.fieam.org.br\/site\/sesi\/files\/2012\/06\/banner2011.png","contentUrl":"http:\/\/www.fieam.org.br\/site\/sesi\/files\/2012\/06\/banner2011.png"},{"@type":"BreadcrumbList","@id":"https:\/\/fieam.org.br\/sesi\/inscricao-no-concurso-nacional-sobre-seguranca-e-saude-no-trabalho-2012\/#breadcrumb","itemListElement":[{"@type":"ListItem","position":1,"name":"In\u00edcio","item":"https:\/\/fieam.org.br\/sesi\/"},{"@type":"ListItem","position":2,"name":"Inscri\u00e7\u00e3o no Concurso Nacional Sobre Seguran\u00e7a e Sa\u00fade no Trabalho 2012"}]},{"@type":"WebSite","@id":"https:\/\/fieam.org.br\/sesi\/#website","url":"https:\/\/fieam.org.br\/sesi\/","name":"SESI","description":"Site Oficial!","publisher":{"@id":"https:\/\/fieam.org.br\/sesi\/#organization"},"potentialAction":[{"@type":"SearchAction","target":{"@type":"EntryPoint","urlTemplate":"https:\/\/fieam.org.br\/sesi\/?s={search_term_string}"},"query-input":{"@type":"PropertyValueSpecification","valueRequired":true,"valueName":"search_term_string"}}],"inLanguage":"pt-BR"},{"@type":"Organization","@id":"https:\/\/fieam.org.br\/sesi\/#organization","name":"SESI","url":"https:\/\/fieam.org.br\/sesi\/","logo":{"@type":"ImageObject","inLanguage":"pt-BR","@id":"https:\/\/fieam.org.br\/sesi\/#\/schema\/logo\/image\/","url":"https:\/\/fieam.org.br\/sesi\/wp-content\/uploads\/sites\/14\/2024\/03\/cropped-fav.png","contentUrl":"https:\/\/fieam.org.br\/sesi\/wp-content\/uploads\/sites\/14\/2024\/03\/cropped-fav.png","width":610,"height":589,"caption":"SESI"},"image":{"@id":"https:\/\/fieam.org.br\/sesi\/#\/schema\/logo\/image\/"}},{"@type":"Person","@id":"https:\/\/fieam.org.br\/sesi\/#\/schema\/person\/f54998dd14d5f0695b41444f2b01c31e","name":"Autor","image":{"@type":"ImageObject","inLanguage":"pt-BR","@id":"https:\/\/secure.gravatar.com\/avatar\/3732c223e0e1fad69062a8f770955c9068d37b055204f310a0be18d4069fe380?s=96&d=mm&r=g","url":"https:\/\/secure.gravatar.com\/avatar\/3732c223e0e1fad69062a8f770955c9068d37b055204f310a0be18d4069fe380?s=96&d=mm&r=g","contentUrl":"https:\/\/secure.gravatar.com\/avatar\/3732c223e0e1fad69062a8f770955c9068d37b055204f310a0be18d4069fe380?s=96&d=mm&r=g","caption":"Autor"},"sameAs":["https:\/\/marketingmassivo.com.br"],"url":"https:\/\/fieam.org.br\/sesi\/author\/admin\/"}]}},"_links":{"self":[{"href":"https:\/\/fieam.org.br\/sesi\/wp-json\/wp\/v2\/posts\/3059","targetHints":{"allow":["GET"]}}],"collection":[{"href":"https:\/\/fieam.org.br\/sesi\/wp-json\/wp\/v2\/posts"}],"about":[{"href":"https:\/\/fieam.org.br\/sesi\/wp-json\/wp\/v2\/types\/post"}],"author":[{"embeddable":true,"href":"https:\/\/fieam.org.br\/sesi\/wp-json\/wp\/v2\/users\/1"}],"replies":[{"embeddable":true,"href":"https:\/\/fieam.org.br\/sesi\/wp-json\/wp\/v2\/comments?post=3059"}],"version-history":[{"count":0,"href":"https:\/\/fieam.org.br\/sesi\/wp-json\/wp\/v2\/posts\/3059\/revisions"}],"wp:attachment":[{"href":"https:\/\/fieam.org.br\/sesi\/wp-json\/wp\/v2\/media?parent=3059"}],"wp:term":[{"taxonomy":"category","embeddable":true,"href":"https:\/\/fieam.org.br\/sesi\/wp-json\/wp\/v2\/categories?post=3059"},{"taxonomy":"post_tag","embeddable":true,"href":"https:\/\/fieam.org.br\/sesi\/wp-json\/wp\/v2\/tags?post=3059"}],"curies":[{"name":"wp","href":"https:\/\/api.w.org\/{rel}","templated":true}]}}