{"id":3037,"date":"2012-05-30T18:49:14","date_gmt":"2012-05-30T18:49:14","guid":{"rendered":"http:\/\/www.fieam.org.br\/site\/sesi\/?p=3037"},"modified":"2012-05-30T18:49:14","modified_gmt":"2012-05-30T18:49:14","slug":"educacao-continuada-nas-empresas-em-unidade-movel","status":"publish","type":"post","link":"https:\/\/fieam.org.br\/sesi\/educacao-continuada-nas-empresas-em-unidade-movel\/","title":{"rendered":"Educa\u00e7\u00e3o Continuada nas empresas em unidade m\u00f3vel"},"content":{"rendered":"<figure id=\"attachment_3038\" aria-describedby=\"caption-attachment-3038\" style=\"width: 300px\" class=\"wp-caption alignleft\"><a href=\"http:\/\/www.fieam.org.br\/site\/sesi\/files\/2012\/05\/Turma-de-inform%C3%A1tica-b%C3%A1sica-da-Spriger.jpg\"><img fetchpriority=\"high\" decoding=\"async\" class=\"size-medium wp-image-3038\" src=\"http:\/\/www.fieam.org.br\/site\/sesi\/files\/2012\/05\/Turma-de-inform%C3%A1tica-b%C3%A1sica-da-Spriger-300x200.jpg\" alt=\"Turma de inform\u00e1tica b\u00e1sica da Spriger\" width=\"300\" height=\"200\" \/><\/a><figcaption id=\"caption-attachment-3038\" class=\"wp-caption-text\">Turma de inform\u00e1tica b\u00e1sica da Spriger<\/figcaption><\/figure>\n<p>A operadora de m\u00e1quinas da <a href=\"http:\/\/www.springer.com.br\/\" target=\"_blank\" rel=\"noopener\">Springer<\/a>, Elaine Souza, de 31 anos, interrompe duas horas de sua jornada di\u00e1ria para aprender uma nova habilidade, com as aulas de Inform\u00e1ticas ministradas <em>in company<\/em>, gra\u00e7as \u00e0 iniciativa da empresa em contratar os cursos da Unidade M\u00f3vel (micro-\u00f4nibus) de <a href=\"http:\/\/www.fieam.org.br\/site\/sesi\/educacao-educacao-continuada\/\" target=\"_blank\" rel=\"noopener\">Educa\u00e7\u00e3o Continuada<\/a> oferecida pelo <a href=\"http:\/\/www.fieam.org.br\/site\/sesi\/institucional\/\" target=\"_blank\" rel=\"noopener\">Servi\u00e7o Social da Ind\u00fastria (SESI\/AM)<\/a>.<\/p>\n<p>Elaine j\u00e1 concluiu o primeiro m\u00f3dulo de Inform\u00e1tica. Ela observa que o mercado hoje \u00e9 muito competitivo. \u201cQuem n\u00e3o domina a inform\u00e1tica n\u00e3o consegue ser aprovado nos exames seletivos exigidos nas empresas e em outros locais de trabalho\u201d, pontuou. Ela trabalha h\u00e1 um ano e seis meses na empresa e afirma que, ap\u00f3s a conclus\u00e3o do curso, as chances de crescer profissionalmente na empresa v\u00e3o aumentar.<\/p>\n<p>A assistente administrativa Girlany Macedo, disse que a Springer se preocupa em investir na qualifica\u00e7\u00e3o do trabalhador. Para Girlany, o trabalhador deve aproveitar a oportunidade, porque o ensino \u00e9 realizado dentro da jornada de trabalho e sem custo. Acrescenta a funcion\u00e1ria que nas avalia\u00e7\u00f5es da empresa o interesse e o comprometimento s\u00e3o levados em considera\u00e7\u00e3o.<\/p>\n<p>O SESI Amazonas, por interm\u00e9dio da Unidade M\u00f3vel de Educa\u00e7\u00e3o Continuada, beneficia cerca de 90 trabalhadores das empresas Springer da Amaz\u00f4nia e Keihin Tecnologia do Brasil com os cursos de Inform\u00e1tica B\u00e1sica e Avan\u00e7ada.<\/p>\n<p>A Unidade M\u00f3vel de Educa\u00e7\u00e3o Continuada funciona em dois micro-\u00f4nibus que foram adaptados para funcionar como sala de aula para v\u00e1rios cursos e palestras. Os cursos de Educa\u00e7\u00e3o Continuada t\u00eam por objetivo qualificar e aperfei\u00e7oar os trabalhadores da ind\u00fastria com a\u00e7\u00f5es educativas que n\u00e3o constam no ensino regular.<\/p>\n<p>Na Springer da Amaz\u00f4nia est\u00e3o sendo beneficiados 21 trabalhadores com as aulas de Inform\u00e1tica, distribu\u00eddas em duas turmas, das 13h \u00e0s 15h e das 15h \u00e0s 17h, com carga hor\u00e1ria de 30 horas.<\/p>\n<p>Segundo a consultora do SESI, Fabiana Monteiro, as oficinas possibilitam aos alunos o dom\u00ednio das ferramentas necess\u00e1rias ao dia a dia das pessoas. O curso tem carga hor\u00e1ria de 30 horas e ser\u00e1 encerrado no dia 1\u00ba de junho.<\/p>\n<p><a href=\"http:\/\/www.keihin-corp.co.jp\/english\/\" target=\"_blank\" rel=\"noopener\">A Keihin Tecnologia do Brasil<\/a> foi a primeira empresa do <a href=\"http:\/\/www.suframa.gov.br\/\" target=\"_blank\" rel=\"noopener\">Polo Industrial de Manaus<\/a> a receber a Unidade M\u00f3vel do SESI em abril, com a realiza\u00e7\u00e3o de cursos de Inform\u00e1tica B\u00e1sica e Avan\u00e7ada.<\/p>\n<p>A \u00faltima etapa do m\u00f3dulo de Inform\u00e1tica Avan\u00e7ada ser\u00e1 encerrada tamb\u00e9m em 1\u00ba de junho. A pedagoga do SESI, Joana Gon\u00e7alves, disse ainda que, como os cursos s\u00e3o realizados dentro das empresas, a frequ\u00eancia \u00e9 de 100%.<\/p>\n<p>Ela disse tamb\u00e9m que al\u00e9m dos cursos de Inform\u00e1tica, a Unidade M\u00f3vel est\u00e1 estruturada para atender trabalhadores de empresas do Polo Industrial de Manaus (PIM), com outros cursos, como Sa\u00fade e Seguran\u00e7a no Trabalho e Gerenciamento do Estresse.<\/p>\n<p>[nggallery id=86]<\/p>\n","protected":false},"excerpt":{"rendered":"<p>A operadora de m\u00e1quinas da Springer, Elaine Souza, de 31 anos, interrompe duas horas de sua jornada di\u00e1ria para aprender uma nova habilidade, com as aulas de Inform\u00e1ticas ministradas in company, gra\u00e7as \u00e0 iniciativa da empresa em contratar os cursos da Unidade M\u00f3vel (micro-\u00f4nibus) de Educa\u00e7\u00e3o Continuada oferecida pelo Servi\u00e7o Social da Ind\u00fastria (SESI\/AM). Elaine [&hellip;]<\/p>\n","protected":false},"author":1,"featured_media":0,"comment_status":"open","ping_status":"open","sticky":false,"template":"","format":"standard","meta":{"footnotes":""},"categories":[25],"tags":[],"class_list":["post-3037","post","type-post","status-publish","format-standard","hentry","category-news"],"yoast_head":"<!-- This site is optimized with the Yoast SEO plugin v26.8 - https:\/\/yoast.com\/product\/yoast-seo-wordpress\/ -->\n<title>Educa\u00e7\u00e3o Continuada nas empresas em unidade m\u00f3vel - SESI<\/title>\n<meta name=\"robots\" content=\"index, follow, max-snippet:-1, max-image-preview:large, max-video-preview:-1\" \/>\n<link rel=\"canonical\" href=\"https:\/\/fieam.org.br\/sesi\/educacao-continuada-nas-empresas-em-unidade-movel\/\" \/>\n<meta property=\"og:locale\" content=\"pt_BR\" \/>\n<meta property=\"og:type\" content=\"article\" \/>\n<meta property=\"og:title\" content=\"Educa\u00e7\u00e3o Continuada nas empresas em unidade m\u00f3vel - SESI\" \/>\n<meta property=\"og:description\" content=\"A operadora de m\u00e1quinas da Springer, Elaine Souza, de 31 anos, interrompe duas horas de sua jornada di\u00e1ria para aprender uma nova habilidade, com as aulas de Inform\u00e1ticas ministradas in company, gra\u00e7as \u00e0 iniciativa da empresa em contratar os cursos da Unidade M\u00f3vel (micro-\u00f4nibus) de Educa\u00e7\u00e3o Continuada oferecida pelo Servi\u00e7o Social da Ind\u00fastria (SESI\/AM). Elaine [&hellip;]\" \/>\n<meta property=\"og:url\" content=\"https:\/\/fieam.org.br\/sesi\/educacao-continuada-nas-empresas-em-unidade-movel\/\" \/>\n<meta property=\"og:site_name\" content=\"SESI\" \/>\n<meta property=\"article:published_time\" content=\"2012-05-30T18:49:14+00:00\" \/>\n<meta name=\"author\" content=\"Autor\" \/>\n<meta name=\"twitter:card\" content=\"summary_large_image\" \/>\n<meta name=\"twitter:label1\" content=\"Escrito por\" \/>\n\t<meta name=\"twitter:data1\" content=\"Autor\" \/>\n\t<meta name=\"twitter:label2\" content=\"Est. tempo de leitura\" \/>\n\t<meta name=\"twitter:data2\" content=\"3 minutos\" \/>\n<script type=\"application\/ld+json\" class=\"yoast-schema-graph\">{\"@context\":\"https:\/\/schema.org\",\"@graph\":[{\"@type\":\"Article\",\"@id\":\"https:\/\/fieam.org.br\/sesi\/educacao-continuada-nas-empresas-em-unidade-movel\/#article\",\"isPartOf\":{\"@id\":\"https:\/\/fieam.org.br\/sesi\/educacao-continuada-nas-empresas-em-unidade-movel\/\"},\"author\":{\"name\":\"Autor\",\"@id\":\"https:\/\/fieam.org.br\/sesi\/#\/schema\/person\/c1ceda8321521b291cee22da0a7d34be\"},\"headline\":\"Educa\u00e7\u00e3o Continuada nas empresas em unidade m\u00f3vel\",\"datePublished\":\"2012-05-30T18:49:14+00:00\",\"mainEntityOfPage\":{\"@id\":\"https:\/\/fieam.org.br\/sesi\/educacao-continuada-nas-empresas-em-unidade-movel\/\"},\"wordCount\":518,\"commentCount\":0,\"publisher\":{\"@id\":\"https:\/\/fieam.org.br\/sesi\/#organization\"},\"image\":{\"@id\":\"https:\/\/fieam.org.br\/sesi\/educacao-continuada-nas-empresas-em-unidade-movel\/#primaryimage\"},\"thumbnailUrl\":\"http:\/\/www.fieam.org.br\/site\/sesi\/files\/2012\/05\/Turma-de-inform%C3%A1tica-b%C3%A1sica-da-Spriger-300x200.jpg\",\"articleSection\":[\"News\"],\"inLanguage\":\"pt-BR\",\"potentialAction\":[{\"@type\":\"CommentAction\",\"name\":\"Comment\",\"target\":[\"https:\/\/fieam.org.br\/sesi\/educacao-continuada-nas-empresas-em-unidade-movel\/#respond\"]}]},{\"@type\":\"WebPage\",\"@id\":\"https:\/\/fieam.org.br\/sesi\/educacao-continuada-nas-empresas-em-unidade-movel\/\",\"url\":\"https:\/\/fieam.org.br\/sesi\/educacao-continuada-nas-empresas-em-unidade-movel\/\",\"name\":\"Educa\u00e7\u00e3o Continuada nas empresas em unidade m\u00f3vel - SESI\",\"isPartOf\":{\"@id\":\"https:\/\/fieam.org.br\/sesi\/#website\"},\"primaryImageOfPage\":{\"@id\":\"https:\/\/fieam.org.br\/sesi\/educacao-continuada-nas-empresas-em-unidade-movel\/#primaryimage\"},\"image\":{\"@id\":\"https:\/\/fieam.org.br\/sesi\/educacao-continuada-nas-empresas-em-unidade-movel\/#primaryimage\"},\"thumbnailUrl\":\"http:\/\/www.fieam.org.br\/site\/sesi\/files\/2012\/05\/Turma-de-inform%C3%A1tica-b%C3%A1sica-da-Spriger-300x200.jpg\",\"datePublished\":\"2012-05-30T18:49:14+00:00\",\"breadcrumb\":{\"@id\":\"https:\/\/fieam.org.br\/sesi\/educacao-continuada-nas-empresas-em-unidade-movel\/#breadcrumb\"},\"inLanguage\":\"pt-BR\",\"potentialAction\":[{\"@type\":\"ReadAction\",\"target\":[\"https:\/\/fieam.org.br\/sesi\/educacao-continuada-nas-empresas-em-unidade-movel\/\"]}]},{\"@type\":\"ImageObject\",\"inLanguage\":\"pt-BR\",\"@id\":\"https:\/\/fieam.org.br\/sesi\/educacao-continuada-nas-empresas-em-unidade-movel\/#primaryimage\",\"url\":\"http:\/\/www.fieam.org.br\/site\/sesi\/files\/2012\/05\/Turma-de-inform%C3%A1tica-b%C3%A1sica-da-Spriger-300x200.jpg\",\"contentUrl\":\"http:\/\/www.fieam.org.br\/site\/sesi\/files\/2012\/05\/Turma-de-inform%C3%A1tica-b%C3%A1sica-da-Spriger-300x200.jpg\"},{\"@type\":\"BreadcrumbList\",\"@id\":\"https:\/\/fieam.org.br\/sesi\/educacao-continuada-nas-empresas-em-unidade-movel\/#breadcrumb\",\"itemListElement\":[{\"@type\":\"ListItem\",\"position\":1,\"name\":\"In\u00edcio\",\"item\":\"https:\/\/fieam.org.br\/sesi\/\"},{\"@type\":\"ListItem\",\"position\":2,\"name\":\"Educa\u00e7\u00e3o Continuada nas empresas em unidade m\u00f3vel\"}]},{\"@type\":\"WebSite\",\"@id\":\"https:\/\/fieam.org.br\/sesi\/#website\",\"url\":\"https:\/\/fieam.org.br\/sesi\/\",\"name\":\"SESI\",\"description\":\"Site Oficial!\",\"publisher\":{\"@id\":\"https:\/\/fieam.org.br\/sesi\/#organization\"},\"potentialAction\":[{\"@type\":\"SearchAction\",\"target\":{\"@type\":\"EntryPoint\",\"urlTemplate\":\"https:\/\/fieam.org.br\/sesi\/?s={search_term_string}\"},\"query-input\":{\"@type\":\"PropertyValueSpecification\",\"valueRequired\":true,\"valueName\":\"search_term_string\"}}],\"inLanguage\":\"pt-BR\"},{\"@type\":\"Organization\",\"@id\":\"https:\/\/fieam.org.br\/sesi\/#organization\",\"name\":\"SESI\",\"url\":\"https:\/\/fieam.org.br\/sesi\/\",\"logo\":{\"@type\":\"ImageObject\",\"inLanguage\":\"pt-BR\",\"@id\":\"https:\/\/fieam.org.br\/sesi\/#\/schema\/logo\/image\/\",\"url\":\"https:\/\/fieam.org.br\/sesi\/wp-content\/uploads\/sites\/14\/2024\/03\/cropped-fav.png\",\"contentUrl\":\"https:\/\/fieam.org.br\/sesi\/wp-content\/uploads\/sites\/14\/2024\/03\/cropped-fav.png\",\"width\":610,\"height\":589,\"caption\":\"SESI\"},\"image\":{\"@id\":\"https:\/\/fieam.org.br\/sesi\/#\/schema\/logo\/image\/\"}},{\"@type\":\"Person\",\"@id\":\"https:\/\/fieam.org.br\/sesi\/#\/schema\/person\/c1ceda8321521b291cee22da0a7d34be\",\"name\":\"Autor\",\"image\":{\"@type\":\"ImageObject\",\"inLanguage\":\"pt-BR\",\"@id\":\"https:\/\/fieam.org.br\/sesi\/#\/schema\/person\/image\/\",\"url\":\"https:\/\/secure.gravatar.com\/avatar\/3732c223e0e1fad69062a8f770955c9068d37b055204f310a0be18d4069fe380?s=96&d=mm&r=g\",\"contentUrl\":\"https:\/\/secure.gravatar.com\/avatar\/3732c223e0e1fad69062a8f770955c9068d37b055204f310a0be18d4069fe380?s=96&d=mm&r=g\",\"caption\":\"Autor\"},\"sameAs\":[\"https:\/\/marketingmassivo.com.br\"],\"url\":\"https:\/\/fieam.org.br\/sesi\/author\/admin\/\"}]}<\/script>\n<!-- \/ Yoast SEO plugin. -->","yoast_head_json":{"title":"Educa\u00e7\u00e3o Continuada nas empresas em unidade m\u00f3vel - SESI","robots":{"index":"index","follow":"follow","max-snippet":"max-snippet:-1","max-image-preview":"max-image-preview:large","max-video-preview":"max-video-preview:-1"},"canonical":"https:\/\/fieam.org.br\/sesi\/educacao-continuada-nas-empresas-em-unidade-movel\/","og_locale":"pt_BR","og_type":"article","og_title":"Educa\u00e7\u00e3o Continuada nas empresas em unidade m\u00f3vel - SESI","og_description":"A operadora de m\u00e1quinas da Springer, Elaine Souza, de 31 anos, interrompe duas horas de sua jornada di\u00e1ria para aprender uma nova habilidade, com as aulas de Inform\u00e1ticas ministradas in company, gra\u00e7as \u00e0 iniciativa da empresa em contratar os cursos da Unidade M\u00f3vel (micro-\u00f4nibus) de Educa\u00e7\u00e3o Continuada oferecida pelo Servi\u00e7o Social da Ind\u00fastria (SESI\/AM). Elaine [&hellip;]","og_url":"https:\/\/fieam.org.br\/sesi\/educacao-continuada-nas-empresas-em-unidade-movel\/","og_site_name":"SESI","article_published_time":"2012-05-30T18:49:14+00:00","author":"Autor","twitter_card":"summary_large_image","twitter_misc":{"Escrito por":"Autor","Est. tempo de leitura":"3 minutos"},"schema":{"@context":"https:\/\/schema.org","@graph":[{"@type":"Article","@id":"https:\/\/fieam.org.br\/sesi\/educacao-continuada-nas-empresas-em-unidade-movel\/#article","isPartOf":{"@id":"https:\/\/fieam.org.br\/sesi\/educacao-continuada-nas-empresas-em-unidade-movel\/"},"author":{"name":"Autor","@id":"https:\/\/fieam.org.br\/sesi\/#\/schema\/person\/c1ceda8321521b291cee22da0a7d34be"},"headline":"Educa\u00e7\u00e3o Continuada nas empresas em unidade m\u00f3vel","datePublished":"2012-05-30T18:49:14+00:00","mainEntityOfPage":{"@id":"https:\/\/fieam.org.br\/sesi\/educacao-continuada-nas-empresas-em-unidade-movel\/"},"wordCount":518,"commentCount":0,"publisher":{"@id":"https:\/\/fieam.org.br\/sesi\/#organization"},"image":{"@id":"https:\/\/fieam.org.br\/sesi\/educacao-continuada-nas-empresas-em-unidade-movel\/#primaryimage"},"thumbnailUrl":"http:\/\/www.fieam.org.br\/site\/sesi\/files\/2012\/05\/Turma-de-inform%C3%A1tica-b%C3%A1sica-da-Spriger-300x200.jpg","articleSection":["News"],"inLanguage":"pt-BR","potentialAction":[{"@type":"CommentAction","name":"Comment","target":["https:\/\/fieam.org.br\/sesi\/educacao-continuada-nas-empresas-em-unidade-movel\/#respond"]}]},{"@type":"WebPage","@id":"https:\/\/fieam.org.br\/sesi\/educacao-continuada-nas-empresas-em-unidade-movel\/","url":"https:\/\/fieam.org.br\/sesi\/educacao-continuada-nas-empresas-em-unidade-movel\/","name":"Educa\u00e7\u00e3o Continuada nas empresas em unidade m\u00f3vel - SESI","isPartOf":{"@id":"https:\/\/fieam.org.br\/sesi\/#website"},"primaryImageOfPage":{"@id":"https:\/\/fieam.org.br\/sesi\/educacao-continuada-nas-empresas-em-unidade-movel\/#primaryimage"},"image":{"@id":"https:\/\/fieam.org.br\/sesi\/educacao-continuada-nas-empresas-em-unidade-movel\/#primaryimage"},"thumbnailUrl":"http:\/\/www.fieam.org.br\/site\/sesi\/files\/2012\/05\/Turma-de-inform%C3%A1tica-b%C3%A1sica-da-Spriger-300x200.jpg","datePublished":"2012-05-30T18:49:14+00:00","breadcrumb":{"@id":"https:\/\/fieam.org.br\/sesi\/educacao-continuada-nas-empresas-em-unidade-movel\/#breadcrumb"},"inLanguage":"pt-BR","potentialAction":[{"@type":"ReadAction","target":["https:\/\/fieam.org.br\/sesi\/educacao-continuada-nas-empresas-em-unidade-movel\/"]}]},{"@type":"ImageObject","inLanguage":"pt-BR","@id":"https:\/\/fieam.org.br\/sesi\/educacao-continuada-nas-empresas-em-unidade-movel\/#primaryimage","url":"http:\/\/www.fieam.org.br\/site\/sesi\/files\/2012\/05\/Turma-de-inform%C3%A1tica-b%C3%A1sica-da-Spriger-300x200.jpg","contentUrl":"http:\/\/www.fieam.org.br\/site\/sesi\/files\/2012\/05\/Turma-de-inform%C3%A1tica-b%C3%A1sica-da-Spriger-300x200.jpg"},{"@type":"BreadcrumbList","@id":"https:\/\/fieam.org.br\/sesi\/educacao-continuada-nas-empresas-em-unidade-movel\/#breadcrumb","itemListElement":[{"@type":"ListItem","position":1,"name":"In\u00edcio","item":"https:\/\/fieam.org.br\/sesi\/"},{"@type":"ListItem","position":2,"name":"Educa\u00e7\u00e3o Continuada nas empresas em unidade m\u00f3vel"}]},{"@type":"WebSite","@id":"https:\/\/fieam.org.br\/sesi\/#website","url":"https:\/\/fieam.org.br\/sesi\/","name":"SESI","description":"Site Oficial!","publisher":{"@id":"https:\/\/fieam.org.br\/sesi\/#organization"},"potentialAction":[{"@type":"SearchAction","target":{"@type":"EntryPoint","urlTemplate":"https:\/\/fieam.org.br\/sesi\/?s={search_term_string}"},"query-input":{"@type":"PropertyValueSpecification","valueRequired":true,"valueName":"search_term_string"}}],"inLanguage":"pt-BR"},{"@type":"Organization","@id":"https:\/\/fieam.org.br\/sesi\/#organization","name":"SESI","url":"https:\/\/fieam.org.br\/sesi\/","logo":{"@type":"ImageObject","inLanguage":"pt-BR","@id":"https:\/\/fieam.org.br\/sesi\/#\/schema\/logo\/image\/","url":"https:\/\/fieam.org.br\/sesi\/wp-content\/uploads\/sites\/14\/2024\/03\/cropped-fav.png","contentUrl":"https:\/\/fieam.org.br\/sesi\/wp-content\/uploads\/sites\/14\/2024\/03\/cropped-fav.png","width":610,"height":589,"caption":"SESI"},"image":{"@id":"https:\/\/fieam.org.br\/sesi\/#\/schema\/logo\/image\/"}},{"@type":"Person","@id":"https:\/\/fieam.org.br\/sesi\/#\/schema\/person\/c1ceda8321521b291cee22da0a7d34be","name":"Autor","image":{"@type":"ImageObject","inLanguage":"pt-BR","@id":"https:\/\/fieam.org.br\/sesi\/#\/schema\/person\/image\/","url":"https:\/\/secure.gravatar.com\/avatar\/3732c223e0e1fad69062a8f770955c9068d37b055204f310a0be18d4069fe380?s=96&d=mm&r=g","contentUrl":"https:\/\/secure.gravatar.com\/avatar\/3732c223e0e1fad69062a8f770955c9068d37b055204f310a0be18d4069fe380?s=96&d=mm&r=g","caption":"Autor"},"sameAs":["https:\/\/marketingmassivo.com.br"],"url":"https:\/\/fieam.org.br\/sesi\/author\/admin\/"}]}},"_links":{"self":[{"href":"https:\/\/fieam.org.br\/sesi\/wp-json\/wp\/v2\/posts\/3037","targetHints":{"allow":["GET"]}}],"collection":[{"href":"https:\/\/fieam.org.br\/sesi\/wp-json\/wp\/v2\/posts"}],"about":[{"href":"https:\/\/fieam.org.br\/sesi\/wp-json\/wp\/v2\/types\/post"}],"author":[{"embeddable":true,"href":"https:\/\/fieam.org.br\/sesi\/wp-json\/wp\/v2\/users\/1"}],"replies":[{"embeddable":true,"href":"https:\/\/fieam.org.br\/sesi\/wp-json\/wp\/v2\/comments?post=3037"}],"version-history":[{"count":0,"href":"https:\/\/fieam.org.br\/sesi\/wp-json\/wp\/v2\/posts\/3037\/revisions"}],"wp:attachment":[{"href":"https:\/\/fieam.org.br\/sesi\/wp-json\/wp\/v2\/media?parent=3037"}],"wp:term":[{"taxonomy":"category","embeddable":true,"href":"https:\/\/fieam.org.br\/sesi\/wp-json\/wp\/v2\/categories?post=3037"},{"taxonomy":"post_tag","embeddable":true,"href":"https:\/\/fieam.org.br\/sesi\/wp-json\/wp\/v2\/tags?post=3037"}],"curies":[{"name":"wp","href":"https:\/\/api.w.org\/{rel}","templated":true}]}}