{"id":2950,"date":"2012-05-16T11:25:56","date_gmt":"2012-05-16T11:25:56","guid":{"rendered":"http:\/\/www.fieam.org.br\/site\/sesi\/?p=2950"},"modified":"2012-05-16T11:25:56","modified_gmt":"2012-05-16T11:25:56","slug":"construcao-civil-e-tema-de-forum-em-seguranca-e-saude-do-trabalho","status":"publish","type":"post","link":"https:\/\/fieam.org.br\/sesi\/construcao-civil-e-tema-de-forum-em-seguranca-e-saude-do-trabalho\/","title":{"rendered":"Constru\u00e7\u00e3o civil \u00e9 tema de f\u00f3rum em Seguran\u00e7a e Sa\u00fade do Trabalho"},"content":{"rendered":"<p>&nbsp;<\/p>\n<figure id=\"attachment_2952\" aria-describedby=\"caption-attachment-2952\" style=\"width: 297px\" class=\"wp-caption alignleft\"><a href=\"http:\/\/www.fieam.org.br\/site\/sesi\/files\/2012\/05\/Constru%C3%A7%C3%A3o-civil-%C3%A1rea-mais-atingida-pelos-acidentes-de-trabalho1.jpg\"><img fetchpriority=\"high\" decoding=\"async\" class=\"size-medium wp-image-2952\" src=\"http:\/\/www.fieam.org.br\/site\/sesi\/files\/2012\/05\/Constru%C3%A7%C3%A3o-civil-%C3%A1rea-mais-atingida-pelos-acidentes-de-trabalho1-297x300.jpg\" alt=\"Constru\u00e7\u00e3o civil \u00e1rea mais atingida pelos acidentes de trabalho\" width=\"297\" height=\"300\" \/><\/a><figcaption id=\"caption-attachment-2952\" class=\"wp-caption-text\">Constru\u00e7\u00e3o civil \u00e1rea mais atingida pelos acidentes de trabalho<\/figcaption><\/figure>\n<p><a href=\"http:\/\/www.fieam.org.br\/site\/fieam\/institucional\/\" target=\"_blank\" rel=\"noopener\">O Sistema Federa\u00e7\u00e3o das Ind\u00fastrias do Estado do Amazonas (FIEAM)<\/a> promove no pr\u00f3ximo dia 18, sexta-feira, a partir de 7h30, no <a href=\"http:\/\/www.teatrodirecional.com.br\/\" target=\"_blank\" rel=\"noopener\">Teatro Direcional, no Manauara Shopping<\/a>, o 4\u00ba F\u00f3rum em Seguran\u00e7a e Sa\u00fade no Trabalho. De acordo com a gerente de Sa\u00fade do <a href=\"http:\/\/www.fieam.org.br\/site\/sesi\/institucional\/\" target=\"_blank\" rel=\"noopener\">SESI Amazonas<\/a>, Concei\u00e7\u00e3o Costa, o f\u00f3rum ter\u00e1 como tema central, \u201cSeguran\u00e7a e Sa\u00fade para Trabalhadores da Ind\u00fastria da Constru\u00e7\u00e3o\u201d, e ter\u00e1 a participa\u00e7\u00e3o de especialistas de v\u00e1rios estados brasileiros. \u00c9 destinado a profissionais como engenheiros, m\u00e9dicos, mestres e encarregados de obras.<\/p>\n<p>De acordo com o <a href=\"http:\/\/www.previdencia.gov.br\/\" target=\"_blank\" rel=\"noopener\">Minist\u00e9rio da Previd\u00eancia Social<\/a>, a constru\u00e7\u00e3o civil \u00e9 o setor que mais registra acidentes de trabalho no Pa\u00eds. De cada 10 casos, dois acontecem no canteiro de obras. No Brasil cerca de 700 mil acidentes de trabalho s\u00e3o registrados todos os anos. O Amazonas ocupa o 2\u00ba lugar na Regi\u00e3o Norte com cerca de 8 mil acidentes.<\/p>\n<p>Segundo pesquisa do <a href=\"http:\/\/www.sesi.org.br\/\" target=\"_blank\" rel=\"noopener\">SESI Nacional<\/a>, a ind\u00fastria da constru\u00e7\u00e3o emprega cerca 2,1 milh\u00f5es de trabalhadores, correspondendo a 5,2% do total de empregos formais. Em 2008, as taxas de mortalidade e de letalidade representaram o dobro das observadas em outros setores.<\/p>\n<p>A gerente de Sa\u00fade do SESI Amazonas disse que diante desse cen\u00e1rio, o SESI Nacional lan\u00e7ou em abril deste ano, o Programa de Seguran\u00e7a e Sa\u00fade no Trabalho para a Ind\u00fastria da Constru\u00e7\u00e3o, que ser\u00e1 lan\u00e7ado no Amazonas, durante o f\u00f3rum. Segundo Concei\u00e7\u00e3o, trata-se de um programa de inova\u00e7\u00e3o tecnol\u00f3gica em sa\u00fade e seguran\u00e7a no trabalho (SST) para a Ind\u00fastria da Constru\u00e7\u00e3o, composto por estrat\u00e9gias de atua\u00e7\u00e3o, buscando contribuir para a redu\u00e7\u00e3o dos acidentes e doen\u00e7as no trabalho nessa \u00e1rea, por meio de palestras no canteiro de obras. Ela ressalta que ser\u00e3o realizadas a\u00e7\u00f5es integradas relacionadas \u00e0s condi\u00e7\u00f5es de meio ambiente, de riscos ambientais e de controle m\u00e9dico e sa\u00fade ocupacional adaptado \u00e0 realidade da constru\u00e7\u00e3o civil.<\/p>\n","protected":false},"excerpt":{"rendered":"<p>&nbsp; O Sistema Federa\u00e7\u00e3o das Ind\u00fastrias do Estado do Amazonas (FIEAM) promove no pr\u00f3ximo dia 18, sexta-feira, a partir de 7h30, no Teatro Direcional, no Manauara Shopping, o 4\u00ba F\u00f3rum em Seguran\u00e7a e Sa\u00fade no Trabalho. De acordo com a gerente de Sa\u00fade do SESI Amazonas, Concei\u00e7\u00e3o Costa, o f\u00f3rum ter\u00e1 como tema central, \u201cSeguran\u00e7a [&hellip;]<\/p>\n","protected":false},"author":1,"featured_media":0,"comment_status":"open","ping_status":"open","sticky":false,"template":"","format":"standard","meta":{"footnotes":""},"categories":[25],"tags":[],"class_list":["post-2950","post","type-post","status-publish","format-standard","hentry","category-news"],"yoast_head":"<!-- This site is optimized with the Yoast SEO plugin v28.2 - https:\/\/yoast.com\/product\/yoast-seo-wordpress\/ -->\n<title>Constru\u00e7\u00e3o civil \u00e9 tema de f\u00f3rum em Seguran\u00e7a e Sa\u00fade do Trabalho - SESI<\/title>\n<meta name=\"robots\" content=\"index, follow, max-snippet:-1, max-image-preview:large, max-video-preview:-1\" \/>\n<link rel=\"canonical\" href=\"https:\/\/fieam.org.br\/sesi\/construcao-civil-e-tema-de-forum-em-seguranca-e-saude-do-trabalho\/\" \/>\n<meta property=\"og:locale\" content=\"pt_BR\" \/>\n<meta property=\"og:type\" content=\"article\" \/>\n<meta property=\"og:title\" content=\"Constru\u00e7\u00e3o civil \u00e9 tema de f\u00f3rum em Seguran\u00e7a e Sa\u00fade do Trabalho - SESI\" \/>\n<meta property=\"og:description\" content=\"&nbsp; O Sistema Federa\u00e7\u00e3o das Ind\u00fastrias do Estado do Amazonas (FIEAM) promove no pr\u00f3ximo dia 18, sexta-feira, a partir de 7h30, no Teatro Direcional, no Manauara Shopping, o 4\u00ba F\u00f3rum em Seguran\u00e7a e Sa\u00fade no Trabalho. De acordo com a gerente de Sa\u00fade do SESI Amazonas, Concei\u00e7\u00e3o Costa, o f\u00f3rum ter\u00e1 como tema central, \u201cSeguran\u00e7a [&hellip;]\" \/>\n<meta property=\"og:url\" content=\"https:\/\/fieam.org.br\/sesi\/construcao-civil-e-tema-de-forum-em-seguranca-e-saude-do-trabalho\/\" \/>\n<meta property=\"og:site_name\" content=\"SESI\" \/>\n<meta property=\"article:published_time\" content=\"2012-05-16T11:25:56+00:00\" \/>\n<meta name=\"author\" content=\"Autor\" \/>\n<meta name=\"twitter:card\" content=\"summary_large_image\" \/>\n<meta name=\"twitter:label1\" content=\"Escrito por\" \/>\n\t<meta name=\"twitter:data1\" content=\"Autor\" \/>\n\t<meta name=\"twitter:label2\" content=\"Est. tempo de leitura\" \/>\n\t<meta name=\"twitter:data2\" content=\"2 minutos\" \/>\n<script type=\"application\/ld+json\" class=\"yoast-schema-graph\">{\"@context\":\"https:\\\/\\\/schema.org\",\"@graph\":[{\"@type\":\"Article\",\"@id\":\"https:\\\/\\\/fieam.org.br\\\/sesi\\\/construcao-civil-e-tema-de-forum-em-seguranca-e-saude-do-trabalho\\\/#article\",\"isPartOf\":{\"@id\":\"https:\\\/\\\/fieam.org.br\\\/sesi\\\/construcao-civil-e-tema-de-forum-em-seguranca-e-saude-do-trabalho\\\/\"},\"author\":{\"name\":\"Autor\",\"@id\":\"https:\\\/\\\/fieam.org.br\\\/sesi\\\/#\\\/schema\\\/person\\\/f54998dd14d5f0695b41444f2b01c31e\"},\"headline\":\"Constru\u00e7\u00e3o civil \u00e9 tema de f\u00f3rum em Seguran\u00e7a e Sa\u00fade do Trabalho\",\"datePublished\":\"2012-05-16T11:25:56+00:00\",\"mainEntityOfPage\":{\"@id\":\"https:\\\/\\\/fieam.org.br\\\/sesi\\\/construcao-civil-e-tema-de-forum-em-seguranca-e-saude-do-trabalho\\\/\"},\"wordCount\":375,\"commentCount\":1,\"publisher\":{\"@id\":\"https:\\\/\\\/fieam.org.br\\\/sesi\\\/#organization\"},\"image\":{\"@id\":\"https:\\\/\\\/fieam.org.br\\\/sesi\\\/construcao-civil-e-tema-de-forum-em-seguranca-e-saude-do-trabalho\\\/#primaryimage\"},\"thumbnailUrl\":\"http:\\\/\\\/www.fieam.org.br\\\/site\\\/sesi\\\/files\\\/2012\\\/05\\\/Constru%C3%A7%C3%A3o-civil-%C3%A1rea-mais-atingida-pelos-acidentes-de-trabalho1-297x300.jpg\",\"articleSection\":[\"News\"],\"inLanguage\":\"pt-BR\",\"potentialAction\":[{\"@type\":\"CommentAction\",\"name\":\"Comment\",\"target\":[\"https:\\\/\\\/fieam.org.br\\\/sesi\\\/construcao-civil-e-tema-de-forum-em-seguranca-e-saude-do-trabalho\\\/#respond\"]}]},{\"@type\":\"WebPage\",\"@id\":\"https:\\\/\\\/fieam.org.br\\\/sesi\\\/construcao-civil-e-tema-de-forum-em-seguranca-e-saude-do-trabalho\\\/\",\"url\":\"https:\\\/\\\/fieam.org.br\\\/sesi\\\/construcao-civil-e-tema-de-forum-em-seguranca-e-saude-do-trabalho\\\/\",\"name\":\"Constru\u00e7\u00e3o civil \u00e9 tema de f\u00f3rum em Seguran\u00e7a e Sa\u00fade do Trabalho - SESI\",\"isPartOf\":{\"@id\":\"https:\\\/\\\/fieam.org.br\\\/sesi\\\/#website\"},\"primaryImageOfPage\":{\"@id\":\"https:\\\/\\\/fieam.org.br\\\/sesi\\\/construcao-civil-e-tema-de-forum-em-seguranca-e-saude-do-trabalho\\\/#primaryimage\"},\"image\":{\"@id\":\"https:\\\/\\\/fieam.org.br\\\/sesi\\\/construcao-civil-e-tema-de-forum-em-seguranca-e-saude-do-trabalho\\\/#primaryimage\"},\"thumbnailUrl\":\"http:\\\/\\\/www.fieam.org.br\\\/site\\\/sesi\\\/files\\\/2012\\\/05\\\/Constru%C3%A7%C3%A3o-civil-%C3%A1rea-mais-atingida-pelos-acidentes-de-trabalho1-297x300.jpg\",\"datePublished\":\"2012-05-16T11:25:56+00:00\",\"breadcrumb\":{\"@id\":\"https:\\\/\\\/fieam.org.br\\\/sesi\\\/construcao-civil-e-tema-de-forum-em-seguranca-e-saude-do-trabalho\\\/#breadcrumb\"},\"inLanguage\":\"pt-BR\",\"potentialAction\":[{\"@type\":\"ReadAction\",\"target\":[\"https:\\\/\\\/fieam.org.br\\\/sesi\\\/construcao-civil-e-tema-de-forum-em-seguranca-e-saude-do-trabalho\\\/\"]}]},{\"@type\":\"ImageObject\",\"inLanguage\":\"pt-BR\",\"@id\":\"https:\\\/\\\/fieam.org.br\\\/sesi\\\/construcao-civil-e-tema-de-forum-em-seguranca-e-saude-do-trabalho\\\/#primaryimage\",\"url\":\"http:\\\/\\\/www.fieam.org.br\\\/site\\\/sesi\\\/files\\\/2012\\\/05\\\/Constru%C3%A7%C3%A3o-civil-%C3%A1rea-mais-atingida-pelos-acidentes-de-trabalho1-297x300.jpg\",\"contentUrl\":\"http:\\\/\\\/www.fieam.org.br\\\/site\\\/sesi\\\/files\\\/2012\\\/05\\\/Constru%C3%A7%C3%A3o-civil-%C3%A1rea-mais-atingida-pelos-acidentes-de-trabalho1-297x300.jpg\"},{\"@type\":\"BreadcrumbList\",\"@id\":\"https:\\\/\\\/fieam.org.br\\\/sesi\\\/construcao-civil-e-tema-de-forum-em-seguranca-e-saude-do-trabalho\\\/#breadcrumb\",\"itemListElement\":[{\"@type\":\"ListItem\",\"position\":1,\"name\":\"In\u00edcio\",\"item\":\"https:\\\/\\\/fieam.org.br\\\/sesi\\\/\"},{\"@type\":\"ListItem\",\"position\":2,\"name\":\"Constru\u00e7\u00e3o civil \u00e9 tema de f\u00f3rum em Seguran\u00e7a e Sa\u00fade do Trabalho\"}]},{\"@type\":\"WebSite\",\"@id\":\"https:\\\/\\\/fieam.org.br\\\/sesi\\\/#website\",\"url\":\"https:\\\/\\\/fieam.org.br\\\/sesi\\\/\",\"name\":\"SESI\",\"description\":\"Site Oficial!\",\"publisher\":{\"@id\":\"https:\\\/\\\/fieam.org.br\\\/sesi\\\/#organization\"},\"potentialAction\":[{\"@type\":\"SearchAction\",\"target\":{\"@type\":\"EntryPoint\",\"urlTemplate\":\"https:\\\/\\\/fieam.org.br\\\/sesi\\\/?s={search_term_string}\"},\"query-input\":{\"@type\":\"PropertyValueSpecification\",\"valueRequired\":true,\"valueName\":\"search_term_string\"}}],\"inLanguage\":\"pt-BR\"},{\"@type\":\"Organization\",\"@id\":\"https:\\\/\\\/fieam.org.br\\\/sesi\\\/#organization\",\"name\":\"SESI\",\"url\":\"https:\\\/\\\/fieam.org.br\\\/sesi\\\/\",\"logo\":{\"@type\":\"ImageObject\",\"inLanguage\":\"pt-BR\",\"@id\":\"https:\\\/\\\/fieam.org.br\\\/sesi\\\/#\\\/schema\\\/logo\\\/image\\\/\",\"url\":\"https:\\\/\\\/fieam.org.br\\\/sesi\\\/wp-content\\\/uploads\\\/sites\\\/14\\\/2024\\\/03\\\/cropped-fav.png\",\"contentUrl\":\"https:\\\/\\\/fieam.org.br\\\/sesi\\\/wp-content\\\/uploads\\\/sites\\\/14\\\/2024\\\/03\\\/cropped-fav.png\",\"width\":610,\"height\":589,\"caption\":\"SESI\"},\"image\":{\"@id\":\"https:\\\/\\\/fieam.org.br\\\/sesi\\\/#\\\/schema\\\/logo\\\/image\\\/\"}},{\"@type\":\"Person\",\"@id\":\"https:\\\/\\\/fieam.org.br\\\/sesi\\\/#\\\/schema\\\/person\\\/f54998dd14d5f0695b41444f2b01c31e\",\"name\":\"Autor\",\"image\":{\"@type\":\"ImageObject\",\"inLanguage\":\"pt-BR\",\"@id\":\"https:\\\/\\\/secure.gravatar.com\\\/avatar\\\/3732c223e0e1fad69062a8f770955c9068d37b055204f310a0be18d4069fe380?s=96&d=mm&r=g\",\"url\":\"https:\\\/\\\/secure.gravatar.com\\\/avatar\\\/3732c223e0e1fad69062a8f770955c9068d37b055204f310a0be18d4069fe380?s=96&d=mm&r=g\",\"contentUrl\":\"https:\\\/\\\/secure.gravatar.com\\\/avatar\\\/3732c223e0e1fad69062a8f770955c9068d37b055204f310a0be18d4069fe380?s=96&d=mm&r=g\",\"caption\":\"Autor\"},\"sameAs\":[\"https:\\\/\\\/marketingmassivo.com.br\"],\"url\":\"https:\\\/\\\/fieam.org.br\\\/sesi\\\/author\\\/admin\\\/\"}]}<\/script>\n<!-- \/ Yoast SEO plugin. -->","yoast_head_json":{"title":"Constru\u00e7\u00e3o civil \u00e9 tema de f\u00f3rum em Seguran\u00e7a e Sa\u00fade do Trabalho - SESI","robots":{"index":"index","follow":"follow","max-snippet":"max-snippet:-1","max-image-preview":"max-image-preview:large","max-video-preview":"max-video-preview:-1"},"canonical":"https:\/\/fieam.org.br\/sesi\/construcao-civil-e-tema-de-forum-em-seguranca-e-saude-do-trabalho\/","og_locale":"pt_BR","og_type":"article","og_title":"Constru\u00e7\u00e3o civil \u00e9 tema de f\u00f3rum em Seguran\u00e7a e Sa\u00fade do Trabalho - SESI","og_description":"&nbsp; O Sistema Federa\u00e7\u00e3o das Ind\u00fastrias do Estado do Amazonas (FIEAM) promove no pr\u00f3ximo dia 18, sexta-feira, a partir de 7h30, no Teatro Direcional, no Manauara Shopping, o 4\u00ba F\u00f3rum em Seguran\u00e7a e Sa\u00fade no Trabalho. De acordo com a gerente de Sa\u00fade do SESI Amazonas, Concei\u00e7\u00e3o Costa, o f\u00f3rum ter\u00e1 como tema central, \u201cSeguran\u00e7a [&hellip;]","og_url":"https:\/\/fieam.org.br\/sesi\/construcao-civil-e-tema-de-forum-em-seguranca-e-saude-do-trabalho\/","og_site_name":"SESI","article_published_time":"2012-05-16T11:25:56+00:00","author":"Autor","twitter_card":"summary_large_image","twitter_misc":{"Escrito por":"Autor","Est. tempo de leitura":"2 minutos"},"schema":{"@context":"https:\/\/schema.org","@graph":[{"@type":"Article","@id":"https:\/\/fieam.org.br\/sesi\/construcao-civil-e-tema-de-forum-em-seguranca-e-saude-do-trabalho\/#article","isPartOf":{"@id":"https:\/\/fieam.org.br\/sesi\/construcao-civil-e-tema-de-forum-em-seguranca-e-saude-do-trabalho\/"},"author":{"name":"Autor","@id":"https:\/\/fieam.org.br\/sesi\/#\/schema\/person\/f54998dd14d5f0695b41444f2b01c31e"},"headline":"Constru\u00e7\u00e3o civil \u00e9 tema de f\u00f3rum em Seguran\u00e7a e Sa\u00fade do Trabalho","datePublished":"2012-05-16T11:25:56+00:00","mainEntityOfPage":{"@id":"https:\/\/fieam.org.br\/sesi\/construcao-civil-e-tema-de-forum-em-seguranca-e-saude-do-trabalho\/"},"wordCount":375,"commentCount":1,"publisher":{"@id":"https:\/\/fieam.org.br\/sesi\/#organization"},"image":{"@id":"https:\/\/fieam.org.br\/sesi\/construcao-civil-e-tema-de-forum-em-seguranca-e-saude-do-trabalho\/#primaryimage"},"thumbnailUrl":"http:\/\/www.fieam.org.br\/site\/sesi\/files\/2012\/05\/Constru%C3%A7%C3%A3o-civil-%C3%A1rea-mais-atingida-pelos-acidentes-de-trabalho1-297x300.jpg","articleSection":["News"],"inLanguage":"pt-BR","potentialAction":[{"@type":"CommentAction","name":"Comment","target":["https:\/\/fieam.org.br\/sesi\/construcao-civil-e-tema-de-forum-em-seguranca-e-saude-do-trabalho\/#respond"]}]},{"@type":"WebPage","@id":"https:\/\/fieam.org.br\/sesi\/construcao-civil-e-tema-de-forum-em-seguranca-e-saude-do-trabalho\/","url":"https:\/\/fieam.org.br\/sesi\/construcao-civil-e-tema-de-forum-em-seguranca-e-saude-do-trabalho\/","name":"Constru\u00e7\u00e3o civil \u00e9 tema de f\u00f3rum em Seguran\u00e7a e Sa\u00fade do Trabalho - SESI","isPartOf":{"@id":"https:\/\/fieam.org.br\/sesi\/#website"},"primaryImageOfPage":{"@id":"https:\/\/fieam.org.br\/sesi\/construcao-civil-e-tema-de-forum-em-seguranca-e-saude-do-trabalho\/#primaryimage"},"image":{"@id":"https:\/\/fieam.org.br\/sesi\/construcao-civil-e-tema-de-forum-em-seguranca-e-saude-do-trabalho\/#primaryimage"},"thumbnailUrl":"http:\/\/www.fieam.org.br\/site\/sesi\/files\/2012\/05\/Constru%C3%A7%C3%A3o-civil-%C3%A1rea-mais-atingida-pelos-acidentes-de-trabalho1-297x300.jpg","datePublished":"2012-05-16T11:25:56+00:00","breadcrumb":{"@id":"https:\/\/fieam.org.br\/sesi\/construcao-civil-e-tema-de-forum-em-seguranca-e-saude-do-trabalho\/#breadcrumb"},"inLanguage":"pt-BR","potentialAction":[{"@type":"ReadAction","target":["https:\/\/fieam.org.br\/sesi\/construcao-civil-e-tema-de-forum-em-seguranca-e-saude-do-trabalho\/"]}]},{"@type":"ImageObject","inLanguage":"pt-BR","@id":"https:\/\/fieam.org.br\/sesi\/construcao-civil-e-tema-de-forum-em-seguranca-e-saude-do-trabalho\/#primaryimage","url":"http:\/\/www.fieam.org.br\/site\/sesi\/files\/2012\/05\/Constru%C3%A7%C3%A3o-civil-%C3%A1rea-mais-atingida-pelos-acidentes-de-trabalho1-297x300.jpg","contentUrl":"http:\/\/www.fieam.org.br\/site\/sesi\/files\/2012\/05\/Constru%C3%A7%C3%A3o-civil-%C3%A1rea-mais-atingida-pelos-acidentes-de-trabalho1-297x300.jpg"},{"@type":"BreadcrumbList","@id":"https:\/\/fieam.org.br\/sesi\/construcao-civil-e-tema-de-forum-em-seguranca-e-saude-do-trabalho\/#breadcrumb","itemListElement":[{"@type":"ListItem","position":1,"name":"In\u00edcio","item":"https:\/\/fieam.org.br\/sesi\/"},{"@type":"ListItem","position":2,"name":"Constru\u00e7\u00e3o civil \u00e9 tema de f\u00f3rum em Seguran\u00e7a e Sa\u00fade do Trabalho"}]},{"@type":"WebSite","@id":"https:\/\/fieam.org.br\/sesi\/#website","url":"https:\/\/fieam.org.br\/sesi\/","name":"SESI","description":"Site Oficial!","publisher":{"@id":"https:\/\/fieam.org.br\/sesi\/#organization"},"potentialAction":[{"@type":"SearchAction","target":{"@type":"EntryPoint","urlTemplate":"https:\/\/fieam.org.br\/sesi\/?s={search_term_string}"},"query-input":{"@type":"PropertyValueSpecification","valueRequired":true,"valueName":"search_term_string"}}],"inLanguage":"pt-BR"},{"@type":"Organization","@id":"https:\/\/fieam.org.br\/sesi\/#organization","name":"SESI","url":"https:\/\/fieam.org.br\/sesi\/","logo":{"@type":"ImageObject","inLanguage":"pt-BR","@id":"https:\/\/fieam.org.br\/sesi\/#\/schema\/logo\/image\/","url":"https:\/\/fieam.org.br\/sesi\/wp-content\/uploads\/sites\/14\/2024\/03\/cropped-fav.png","contentUrl":"https:\/\/fieam.org.br\/sesi\/wp-content\/uploads\/sites\/14\/2024\/03\/cropped-fav.png","width":610,"height":589,"caption":"SESI"},"image":{"@id":"https:\/\/fieam.org.br\/sesi\/#\/schema\/logo\/image\/"}},{"@type":"Person","@id":"https:\/\/fieam.org.br\/sesi\/#\/schema\/person\/f54998dd14d5f0695b41444f2b01c31e","name":"Autor","image":{"@type":"ImageObject","inLanguage":"pt-BR","@id":"https:\/\/secure.gravatar.com\/avatar\/3732c223e0e1fad69062a8f770955c9068d37b055204f310a0be18d4069fe380?s=96&d=mm&r=g","url":"https:\/\/secure.gravatar.com\/avatar\/3732c223e0e1fad69062a8f770955c9068d37b055204f310a0be18d4069fe380?s=96&d=mm&r=g","contentUrl":"https:\/\/secure.gravatar.com\/avatar\/3732c223e0e1fad69062a8f770955c9068d37b055204f310a0be18d4069fe380?s=96&d=mm&r=g","caption":"Autor"},"sameAs":["https:\/\/marketingmassivo.com.br"],"url":"https:\/\/fieam.org.br\/sesi\/author\/admin\/"}]}},"_links":{"self":[{"href":"https:\/\/fieam.org.br\/sesi\/wp-json\/wp\/v2\/posts\/2950","targetHints":{"allow":["GET"]}}],"collection":[{"href":"https:\/\/fieam.org.br\/sesi\/wp-json\/wp\/v2\/posts"}],"about":[{"href":"https:\/\/fieam.org.br\/sesi\/wp-json\/wp\/v2\/types\/post"}],"author":[{"embeddable":true,"href":"https:\/\/fieam.org.br\/sesi\/wp-json\/wp\/v2\/users\/1"}],"replies":[{"embeddable":true,"href":"https:\/\/fieam.org.br\/sesi\/wp-json\/wp\/v2\/comments?post=2950"}],"version-history":[{"count":0,"href":"https:\/\/fieam.org.br\/sesi\/wp-json\/wp\/v2\/posts\/2950\/revisions"}],"wp:attachment":[{"href":"https:\/\/fieam.org.br\/sesi\/wp-json\/wp\/v2\/media?parent=2950"}],"wp:term":[{"taxonomy":"category","embeddable":true,"href":"https:\/\/fieam.org.br\/sesi\/wp-json\/wp\/v2\/categories?post=2950"},{"taxonomy":"post_tag","embeddable":true,"href":"https:\/\/fieam.org.br\/sesi\/wp-json\/wp\/v2\/tags?post=2950"}],"curies":[{"name":"wp","href":"https:\/\/api.w.org\/{rel}","templated":true}]}}