{"id":2888,"date":"2012-05-05T18:42:29","date_gmt":"2012-05-05T18:42:29","guid":{"rendered":"http:\/\/www.fieam.org.br\/site\/sesi\/?p=2888"},"modified":"2012-05-05T18:42:29","modified_gmt":"2012-05-05T18:42:29","slug":"industria-tem-participacao-importante-na-acao-global","status":"publish","type":"post","link":"https:\/\/fieam.org.br\/sesi\/industria-tem-participacao-importante-na-acao-global\/","title":{"rendered":"Ind\u00fastria tem participa\u00e7\u00e3o importante na A\u00e7\u00e3o Global"},"content":{"rendered":"<figure id=\"attachment_2890\" aria-describedby=\"caption-attachment-2890\" style=\"width: 300px\" class=\"wp-caption alignleft\"><a href=\"http:\/\/www.fieam.org.br\/site\/sesi\/industria-tem-participacao-importante-na-acao-global\/img_1414\/\" rel=\"attachment wp-att-2890\"><img fetchpriority=\"high\" decoding=\"async\" class=\"size-medium wp-image-2890\" src=\"http:\/\/www.fieam.org.br\/site\/sesi\/files\/2012\/05\/IMG_1414-300x200.jpg\" alt=\"\" width=\"300\" height=\"200\" \/><\/a><figcaption id=\"caption-attachment-2890\" class=\"wp-caption-text\">Vice-presidente da FIEAM, Athaydes Mariano, e volunt\u00e1rios da A\u00e7\u00e3o Global<\/figcaption><\/figure>\n<p>Pelo menos 39 empresas do Polo Industrial de Manaus (PIM) aceitaram o convite do SESI Amazonas para participar como parceiro na A\u00e7\u00e3o Global 2012.\u00a0 Da Harley Davidson do Brasil \u00e0 \u00c1guas do Amazonas, as ind\u00fastrias doaram alimento, kits para exames m\u00e9dicos e material de consumo, al\u00e9m de participarem com volunt\u00e1rios nas mais diversas \u00e1reas de atendimento do evento.<\/p>\n<p>\u00a0Segundo a especialista t\u00e9cnica da Moto Honda, a empresa fez doa\u00e7\u00e3o de kits para os testes de glicemia, al\u00e9m de diversas outras a\u00e7\u00f5es de orienta\u00e7\u00e3o de horta caseira, distribui\u00e7\u00e3o de sementes e atividades l\u00fadicas com as crian\u00e7as.<\/p>\n<p>Para o vice-presidente da FIEAM, Athaydes Mariano F\u00e9lix, o evento demonstra a dedica\u00e7\u00e3o do Sistema Ind\u00fastria \u00e0 popula\u00e7\u00e3o. \u201cAqui s\u00e3o oferecidos servi\u00e7os essenciais para o resgate da cidadania das pessoas\u201d, afirmou o vice-presidente.<\/p>\n<p>A A\u00e7\u00e3o Global segue at\u00e9 as 17h com servi\u00e7os de emiss\u00e3o de documentos, lazer e cultura, cidadania, palestras e treinamentos. O Clube do Trabalhador fica na Alameda Cosme Ferreira, 7.399, S\u00e3o Jos\u00e9.<\/p>\n","protected":false},"excerpt":{"rendered":"<p>Pelo menos 39 empresas do Polo Industrial de Manaus (PIM) aceitaram o convite do SESI Amazonas para participar como parceiro na A\u00e7\u00e3o Global 2012.\u00a0 Da Harley Davidson do Brasil \u00e0 \u00c1guas do Amazonas, as ind\u00fastrias doaram alimento, kits para exames m\u00e9dicos e material de consumo, al\u00e9m de participarem com volunt\u00e1rios nas mais diversas \u00e1reas de [&hellip;]<\/p>\n","protected":false},"author":1,"featured_media":0,"comment_status":"open","ping_status":"open","sticky":false,"template":"","format":"standard","meta":{"footnotes":""},"categories":[25],"tags":[],"class_list":["post-2888","post","type-post","status-publish","format-standard","hentry","category-news"],"yoast_head":"<!-- This site is optimized with the Yoast SEO plugin v28.2 - https:\/\/yoast.com\/product\/yoast-seo-wordpress\/ -->\n<title>Ind\u00fastria tem participa\u00e7\u00e3o importante na A\u00e7\u00e3o Global - SESI<\/title>\n<meta name=\"robots\" content=\"index, follow, max-snippet:-1, max-image-preview:large, max-video-preview:-1\" \/>\n<link rel=\"canonical\" href=\"https:\/\/fieam.org.br\/sesi\/industria-tem-participacao-importante-na-acao-global\/\" \/>\n<meta property=\"og:locale\" content=\"pt_BR\" \/>\n<meta property=\"og:type\" content=\"article\" \/>\n<meta property=\"og:title\" content=\"Ind\u00fastria tem participa\u00e7\u00e3o importante na A\u00e7\u00e3o Global - SESI\" \/>\n<meta property=\"og:description\" content=\"Pelo menos 39 empresas do Polo Industrial de Manaus (PIM) aceitaram o convite do SESI Amazonas para participar como parceiro na A\u00e7\u00e3o Global 2012.\u00a0 Da Harley Davidson do Brasil \u00e0 \u00c1guas do Amazonas, as ind\u00fastrias doaram alimento, kits para exames m\u00e9dicos e material de consumo, al\u00e9m de participarem com volunt\u00e1rios nas mais diversas \u00e1reas de [&hellip;]\" \/>\n<meta property=\"og:url\" content=\"https:\/\/fieam.org.br\/sesi\/industria-tem-participacao-importante-na-acao-global\/\" \/>\n<meta property=\"og:site_name\" content=\"SESI\" \/>\n<meta property=\"article:published_time\" content=\"2012-05-05T18:42:29+00:00\" \/>\n<meta property=\"og:image\" content=\"https:\/\/fieam.org.br\/sesi\/wp-content\/uploads\/sites\/14\/2021\/02\/Antonio-Siva-se-pronuncia-em-nome-da-FIEAM-sobre-resolucao-que-prejudica-polo-de-bicicletas.jpeg\" \/>\n\t<meta property=\"og:image:width\" content=\"719\" \/>\n\t<meta property=\"og:image:height\" content=\"1087\" \/>\n\t<meta property=\"og:image:type\" content=\"image\/jpeg\" \/>\n<meta name=\"author\" content=\"Autor\" \/>\n<meta name=\"twitter:card\" content=\"summary_large_image\" \/>\n<meta name=\"twitter:label1\" content=\"Escrito por\" \/>\n\t<meta name=\"twitter:data1\" content=\"Autor\" \/>\n\t<meta name=\"twitter:label2\" content=\"Est. tempo de leitura\" \/>\n\t<meta name=\"twitter:data2\" content=\"1 minuto\" \/>\n<script type=\"application\/ld+json\" class=\"yoast-schema-graph\">{\"@context\":\"https:\\\/\\\/schema.org\",\"@graph\":[{\"@type\":\"Article\",\"@id\":\"https:\\\/\\\/fieam.org.br\\\/sesi\\\/industria-tem-participacao-importante-na-acao-global\\\/#article\",\"isPartOf\":{\"@id\":\"https:\\\/\\\/fieam.org.br\\\/sesi\\\/industria-tem-participacao-importante-na-acao-global\\\/\"},\"author\":{\"name\":\"Autor\",\"@id\":\"https:\\\/\\\/fieam.org.br\\\/sesi\\\/#\\\/schema\\\/person\\\/f54998dd14d5f0695b41444f2b01c31e\"},\"headline\":\"Ind\u00fastria tem participa\u00e7\u00e3o importante na A\u00e7\u00e3o Global\",\"datePublished\":\"2012-05-05T18:42:29+00:00\",\"mainEntityOfPage\":{\"@id\":\"https:\\\/\\\/fieam.org.br\\\/sesi\\\/industria-tem-participacao-importante-na-acao-global\\\/\"},\"wordCount\":208,\"commentCount\":0,\"publisher\":{\"@id\":\"https:\\\/\\\/fieam.org.br\\\/sesi\\\/#organization\"},\"image\":{\"@id\":\"https:\\\/\\\/fieam.org.br\\\/sesi\\\/industria-tem-participacao-importante-na-acao-global\\\/#primaryimage\"},\"thumbnailUrl\":\"http:\\\/\\\/www.fieam.org.br\\\/site\\\/sesi\\\/files\\\/2012\\\/05\\\/IMG_1414-300x200.jpg\",\"articleSection\":[\"News\"],\"inLanguage\":\"pt-BR\",\"potentialAction\":[{\"@type\":\"CommentAction\",\"name\":\"Comment\",\"target\":[\"https:\\\/\\\/fieam.org.br\\\/sesi\\\/industria-tem-participacao-importante-na-acao-global\\\/#respond\"]}]},{\"@type\":\"WebPage\",\"@id\":\"https:\\\/\\\/fieam.org.br\\\/sesi\\\/industria-tem-participacao-importante-na-acao-global\\\/\",\"url\":\"https:\\\/\\\/fieam.org.br\\\/sesi\\\/industria-tem-participacao-importante-na-acao-global\\\/\",\"name\":\"Ind\u00fastria tem participa\u00e7\u00e3o importante na A\u00e7\u00e3o Global - SESI\",\"isPartOf\":{\"@id\":\"https:\\\/\\\/fieam.org.br\\\/sesi\\\/#website\"},\"primaryImageOfPage\":{\"@id\":\"https:\\\/\\\/fieam.org.br\\\/sesi\\\/industria-tem-participacao-importante-na-acao-global\\\/#primaryimage\"},\"image\":{\"@id\":\"https:\\\/\\\/fieam.org.br\\\/sesi\\\/industria-tem-participacao-importante-na-acao-global\\\/#primaryimage\"},\"thumbnailUrl\":\"http:\\\/\\\/www.fieam.org.br\\\/site\\\/sesi\\\/files\\\/2012\\\/05\\\/IMG_1414-300x200.jpg\",\"datePublished\":\"2012-05-05T18:42:29+00:00\",\"breadcrumb\":{\"@id\":\"https:\\\/\\\/fieam.org.br\\\/sesi\\\/industria-tem-participacao-importante-na-acao-global\\\/#breadcrumb\"},\"inLanguage\":\"pt-BR\",\"potentialAction\":[{\"@type\":\"ReadAction\",\"target\":[\"https:\\\/\\\/fieam.org.br\\\/sesi\\\/industria-tem-participacao-importante-na-acao-global\\\/\"]}]},{\"@type\":\"ImageObject\",\"inLanguage\":\"pt-BR\",\"@id\":\"https:\\\/\\\/fieam.org.br\\\/sesi\\\/industria-tem-participacao-importante-na-acao-global\\\/#primaryimage\",\"url\":\"http:\\\/\\\/www.fieam.org.br\\\/site\\\/sesi\\\/files\\\/2012\\\/05\\\/IMG_1414-300x200.jpg\",\"contentUrl\":\"http:\\\/\\\/www.fieam.org.br\\\/site\\\/sesi\\\/files\\\/2012\\\/05\\\/IMG_1414-300x200.jpg\"},{\"@type\":\"BreadcrumbList\",\"@id\":\"https:\\\/\\\/fieam.org.br\\\/sesi\\\/industria-tem-participacao-importante-na-acao-global\\\/#breadcrumb\",\"itemListElement\":[{\"@type\":\"ListItem\",\"position\":1,\"name\":\"In\u00edcio\",\"item\":\"https:\\\/\\\/fieam.org.br\\\/sesi\\\/\"},{\"@type\":\"ListItem\",\"position\":2,\"name\":\"Ind\u00fastria tem participa\u00e7\u00e3o importante na A\u00e7\u00e3o Global\"}]},{\"@type\":\"WebSite\",\"@id\":\"https:\\\/\\\/fieam.org.br\\\/sesi\\\/#website\",\"url\":\"https:\\\/\\\/fieam.org.br\\\/sesi\\\/\",\"name\":\"SESI\",\"description\":\"Site Oficial!\",\"publisher\":{\"@id\":\"https:\\\/\\\/fieam.org.br\\\/sesi\\\/#organization\"},\"potentialAction\":[{\"@type\":\"SearchAction\",\"target\":{\"@type\":\"EntryPoint\",\"urlTemplate\":\"https:\\\/\\\/fieam.org.br\\\/sesi\\\/?s={search_term_string}\"},\"query-input\":{\"@type\":\"PropertyValueSpecification\",\"valueRequired\":true,\"valueName\":\"search_term_string\"}}],\"inLanguage\":\"pt-BR\"},{\"@type\":\"Organization\",\"@id\":\"https:\\\/\\\/fieam.org.br\\\/sesi\\\/#organization\",\"name\":\"SESI\",\"url\":\"https:\\\/\\\/fieam.org.br\\\/sesi\\\/\",\"logo\":{\"@type\":\"ImageObject\",\"inLanguage\":\"pt-BR\",\"@id\":\"https:\\\/\\\/fieam.org.br\\\/sesi\\\/#\\\/schema\\\/logo\\\/image\\\/\",\"url\":\"https:\\\/\\\/fieam.org.br\\\/sesi\\\/wp-content\\\/uploads\\\/sites\\\/14\\\/2024\\\/03\\\/cropped-fav.png\",\"contentUrl\":\"https:\\\/\\\/fieam.org.br\\\/sesi\\\/wp-content\\\/uploads\\\/sites\\\/14\\\/2024\\\/03\\\/cropped-fav.png\",\"width\":610,\"height\":589,\"caption\":\"SESI\"},\"image\":{\"@id\":\"https:\\\/\\\/fieam.org.br\\\/sesi\\\/#\\\/schema\\\/logo\\\/image\\\/\"}},{\"@type\":\"Person\",\"@id\":\"https:\\\/\\\/fieam.org.br\\\/sesi\\\/#\\\/schema\\\/person\\\/f54998dd14d5f0695b41444f2b01c31e\",\"name\":\"Autor\",\"image\":{\"@type\":\"ImageObject\",\"inLanguage\":\"pt-BR\",\"@id\":\"https:\\\/\\\/secure.gravatar.com\\\/avatar\\\/3732c223e0e1fad69062a8f770955c9068d37b055204f310a0be18d4069fe380?s=96&d=mm&r=g\",\"url\":\"https:\\\/\\\/secure.gravatar.com\\\/avatar\\\/3732c223e0e1fad69062a8f770955c9068d37b055204f310a0be18d4069fe380?s=96&d=mm&r=g\",\"contentUrl\":\"https:\\\/\\\/secure.gravatar.com\\\/avatar\\\/3732c223e0e1fad69062a8f770955c9068d37b055204f310a0be18d4069fe380?s=96&d=mm&r=g\",\"caption\":\"Autor\"},\"sameAs\":[\"https:\\\/\\\/marketingmassivo.com.br\"],\"url\":\"https:\\\/\\\/fieam.org.br\\\/sesi\\\/author\\\/admin\\\/\"}]}<\/script>\n<!-- \/ Yoast SEO plugin. -->","yoast_head_json":{"title":"Ind\u00fastria tem participa\u00e7\u00e3o importante na A\u00e7\u00e3o Global - SESI","robots":{"index":"index","follow":"follow","max-snippet":"max-snippet:-1","max-image-preview":"max-image-preview:large","max-video-preview":"max-video-preview:-1"},"canonical":"https:\/\/fieam.org.br\/sesi\/industria-tem-participacao-importante-na-acao-global\/","og_locale":"pt_BR","og_type":"article","og_title":"Ind\u00fastria tem participa\u00e7\u00e3o importante na A\u00e7\u00e3o Global - SESI","og_description":"Pelo menos 39 empresas do Polo Industrial de Manaus (PIM) aceitaram o convite do SESI Amazonas para participar como parceiro na A\u00e7\u00e3o Global 2012.\u00a0 Da Harley Davidson do Brasil \u00e0 \u00c1guas do Amazonas, as ind\u00fastrias doaram alimento, kits para exames m\u00e9dicos e material de consumo, al\u00e9m de participarem com volunt\u00e1rios nas mais diversas \u00e1reas de [&hellip;]","og_url":"https:\/\/fieam.org.br\/sesi\/industria-tem-participacao-importante-na-acao-global\/","og_site_name":"SESI","article_published_time":"2012-05-05T18:42:29+00:00","og_image":[{"width":719,"height":1087,"url":"https:\/\/fieam.org.br\/sesi\/wp-content\/uploads\/sites\/14\/2021\/02\/Antonio-Siva-se-pronuncia-em-nome-da-FIEAM-sobre-resolucao-que-prejudica-polo-de-bicicletas.jpeg","type":"image\/jpeg"}],"author":"Autor","twitter_card":"summary_large_image","twitter_misc":{"Escrito por":"Autor","Est. tempo de leitura":"1 minuto"},"schema":{"@context":"https:\/\/schema.org","@graph":[{"@type":"Article","@id":"https:\/\/fieam.org.br\/sesi\/industria-tem-participacao-importante-na-acao-global\/#article","isPartOf":{"@id":"https:\/\/fieam.org.br\/sesi\/industria-tem-participacao-importante-na-acao-global\/"},"author":{"name":"Autor","@id":"https:\/\/fieam.org.br\/sesi\/#\/schema\/person\/f54998dd14d5f0695b41444f2b01c31e"},"headline":"Ind\u00fastria tem participa\u00e7\u00e3o importante na A\u00e7\u00e3o Global","datePublished":"2012-05-05T18:42:29+00:00","mainEntityOfPage":{"@id":"https:\/\/fieam.org.br\/sesi\/industria-tem-participacao-importante-na-acao-global\/"},"wordCount":208,"commentCount":0,"publisher":{"@id":"https:\/\/fieam.org.br\/sesi\/#organization"},"image":{"@id":"https:\/\/fieam.org.br\/sesi\/industria-tem-participacao-importante-na-acao-global\/#primaryimage"},"thumbnailUrl":"http:\/\/www.fieam.org.br\/site\/sesi\/files\/2012\/05\/IMG_1414-300x200.jpg","articleSection":["News"],"inLanguage":"pt-BR","potentialAction":[{"@type":"CommentAction","name":"Comment","target":["https:\/\/fieam.org.br\/sesi\/industria-tem-participacao-importante-na-acao-global\/#respond"]}]},{"@type":"WebPage","@id":"https:\/\/fieam.org.br\/sesi\/industria-tem-participacao-importante-na-acao-global\/","url":"https:\/\/fieam.org.br\/sesi\/industria-tem-participacao-importante-na-acao-global\/","name":"Ind\u00fastria tem participa\u00e7\u00e3o importante na A\u00e7\u00e3o Global - SESI","isPartOf":{"@id":"https:\/\/fieam.org.br\/sesi\/#website"},"primaryImageOfPage":{"@id":"https:\/\/fieam.org.br\/sesi\/industria-tem-participacao-importante-na-acao-global\/#primaryimage"},"image":{"@id":"https:\/\/fieam.org.br\/sesi\/industria-tem-participacao-importante-na-acao-global\/#primaryimage"},"thumbnailUrl":"http:\/\/www.fieam.org.br\/site\/sesi\/files\/2012\/05\/IMG_1414-300x200.jpg","datePublished":"2012-05-05T18:42:29+00:00","breadcrumb":{"@id":"https:\/\/fieam.org.br\/sesi\/industria-tem-participacao-importante-na-acao-global\/#breadcrumb"},"inLanguage":"pt-BR","potentialAction":[{"@type":"ReadAction","target":["https:\/\/fieam.org.br\/sesi\/industria-tem-participacao-importante-na-acao-global\/"]}]},{"@type":"ImageObject","inLanguage":"pt-BR","@id":"https:\/\/fieam.org.br\/sesi\/industria-tem-participacao-importante-na-acao-global\/#primaryimage","url":"http:\/\/www.fieam.org.br\/site\/sesi\/files\/2012\/05\/IMG_1414-300x200.jpg","contentUrl":"http:\/\/www.fieam.org.br\/site\/sesi\/files\/2012\/05\/IMG_1414-300x200.jpg"},{"@type":"BreadcrumbList","@id":"https:\/\/fieam.org.br\/sesi\/industria-tem-participacao-importante-na-acao-global\/#breadcrumb","itemListElement":[{"@type":"ListItem","position":1,"name":"In\u00edcio","item":"https:\/\/fieam.org.br\/sesi\/"},{"@type":"ListItem","position":2,"name":"Ind\u00fastria tem participa\u00e7\u00e3o importante na A\u00e7\u00e3o Global"}]},{"@type":"WebSite","@id":"https:\/\/fieam.org.br\/sesi\/#website","url":"https:\/\/fieam.org.br\/sesi\/","name":"SESI","description":"Site Oficial!","publisher":{"@id":"https:\/\/fieam.org.br\/sesi\/#organization"},"potentialAction":[{"@type":"SearchAction","target":{"@type":"EntryPoint","urlTemplate":"https:\/\/fieam.org.br\/sesi\/?s={search_term_string}"},"query-input":{"@type":"PropertyValueSpecification","valueRequired":true,"valueName":"search_term_string"}}],"inLanguage":"pt-BR"},{"@type":"Organization","@id":"https:\/\/fieam.org.br\/sesi\/#organization","name":"SESI","url":"https:\/\/fieam.org.br\/sesi\/","logo":{"@type":"ImageObject","inLanguage":"pt-BR","@id":"https:\/\/fieam.org.br\/sesi\/#\/schema\/logo\/image\/","url":"https:\/\/fieam.org.br\/sesi\/wp-content\/uploads\/sites\/14\/2024\/03\/cropped-fav.png","contentUrl":"https:\/\/fieam.org.br\/sesi\/wp-content\/uploads\/sites\/14\/2024\/03\/cropped-fav.png","width":610,"height":589,"caption":"SESI"},"image":{"@id":"https:\/\/fieam.org.br\/sesi\/#\/schema\/logo\/image\/"}},{"@type":"Person","@id":"https:\/\/fieam.org.br\/sesi\/#\/schema\/person\/f54998dd14d5f0695b41444f2b01c31e","name":"Autor","image":{"@type":"ImageObject","inLanguage":"pt-BR","@id":"https:\/\/secure.gravatar.com\/avatar\/3732c223e0e1fad69062a8f770955c9068d37b055204f310a0be18d4069fe380?s=96&d=mm&r=g","url":"https:\/\/secure.gravatar.com\/avatar\/3732c223e0e1fad69062a8f770955c9068d37b055204f310a0be18d4069fe380?s=96&d=mm&r=g","contentUrl":"https:\/\/secure.gravatar.com\/avatar\/3732c223e0e1fad69062a8f770955c9068d37b055204f310a0be18d4069fe380?s=96&d=mm&r=g","caption":"Autor"},"sameAs":["https:\/\/marketingmassivo.com.br"],"url":"https:\/\/fieam.org.br\/sesi\/author\/admin\/"}]}},"_links":{"self":[{"href":"https:\/\/fieam.org.br\/sesi\/wp-json\/wp\/v2\/posts\/2888","targetHints":{"allow":["GET"]}}],"collection":[{"href":"https:\/\/fieam.org.br\/sesi\/wp-json\/wp\/v2\/posts"}],"about":[{"href":"https:\/\/fieam.org.br\/sesi\/wp-json\/wp\/v2\/types\/post"}],"author":[{"embeddable":true,"href":"https:\/\/fieam.org.br\/sesi\/wp-json\/wp\/v2\/users\/1"}],"replies":[{"embeddable":true,"href":"https:\/\/fieam.org.br\/sesi\/wp-json\/wp\/v2\/comments?post=2888"}],"version-history":[{"count":0,"href":"https:\/\/fieam.org.br\/sesi\/wp-json\/wp\/v2\/posts\/2888\/revisions"}],"wp:attachment":[{"href":"https:\/\/fieam.org.br\/sesi\/wp-json\/wp\/v2\/media?parent=2888"}],"wp:term":[{"taxonomy":"category","embeddable":true,"href":"https:\/\/fieam.org.br\/sesi\/wp-json\/wp\/v2\/categories?post=2888"},{"taxonomy":"post_tag","embeddable":true,"href":"https:\/\/fieam.org.br\/sesi\/wp-json\/wp\/v2\/tags?post=2888"}],"curies":[{"name":"wp","href":"https:\/\/api.w.org\/{rel}","templated":true}]}}