{"id":2884,"date":"2012-05-05T18:22:18","date_gmt":"2012-05-05T18:22:18","guid":{"rendered":"http:\/\/www.fieam.org.br\/site\/sesi\/?p=2884"},"modified":"2012-05-05T18:22:18","modified_gmt":"2012-05-05T18:22:18","slug":"publico-elogia-rapidez-do-atendimento-medico","status":"publish","type":"post","link":"https:\/\/fieam.org.br\/sesi\/publico-elogia-rapidez-do-atendimento-medico\/","title":{"rendered":"P\u00fablico elogia rapidez do atendimento m\u00e9dico"},"content":{"rendered":"<figure id=\"attachment_2885\" aria-describedby=\"caption-attachment-2885\" style=\"width: 300px\" class=\"wp-caption alignleft\"><a href=\"http:\/\/www.fieam.org.br\/site\/sesi\/publico-elogia-rapidez-do-atendimento-medico\/img_9621\/\" rel=\"attachment wp-att-2885\"><img fetchpriority=\"high\" decoding=\"async\" class=\"size-medium wp-image-2885\" src=\"http:\/\/www.fieam.org.br\/site\/sesi\/files\/2012\/05\/IMG_9621-300x200.jpg\" alt=\"\" width=\"300\" height=\"200\" srcset=\"https:\/\/fieam.org.br\/sesi\/wp-content\/uploads\/sites\/14\/2012\/05\/IMG_9621-300x200.jpg 300w, https:\/\/fieam.org.br\/sesi\/wp-content\/uploads\/sites\/14\/2012\/05\/IMG_9621-768x512.jpg 768w, https:\/\/fieam.org.br\/sesi\/wp-content\/uploads\/sites\/14\/2012\/05\/IMG_9621.jpg 1024w\" sizes=\"(max-width: 300px) 100vw, 300px\" \/><\/a><figcaption id=\"caption-attachment-2885\" class=\"wp-caption-text\">A fam\u00edlia de Maria de Lourdes<\/figcaption><\/figure>\n<p>A dona de casa Maria de Lourdes, 29, moradora do Grande Vit\u00f3ria, zona Norte, trouxe o marido, Edmar, e os cinco filhos (Yasmin, Edmar, Karina, Kau\u00e3 e Kauane) para\u00a0ser atendidos\u00a0na A\u00e7\u00e3o Global 2012, realizada pelo SESI Amazonas em parceria com a Rede Globo. \u201cGostei muito do atendimento, foi r\u00e1pido. Conseguimos consulta com pediatra, ginecologista e ainda vacinamos a turma, foi \u00f3timo\u201d, disse a m\u00e3e.<\/p>\n<p>A aposentada Maria de Lourdes, 70 anos, vizinha do Clube do Trabalhador, no\u00a0S\u00e3o Jos\u00e9 I, tamb\u00e9m se beneficiou com as consultas m\u00e9dicas realizadas na A\u00e7\u00e3o Global. \u201c\u00c9 a minha primeira vez aqui e estou achando \u00f3timo. J\u00e1 fui atendida pelo cl\u00ednico geral, fisioterapeuta e agora me vacinei contra gripe. Tamb\u00e9m fui encaminhada para o oftalmologista. Os m\u00e9dicos atendem superbem\u201d, garantiu dona Maria de Lourdes.A<\/p>\n<p>A tamb\u00e9m aposentada Maria Lopes Sim\u00f5es, 73, moradora do\u00a0S\u00e3o Jos\u00e9 3,\u00a0foi acompanhada da filha para se consultar com a m\u00e9dica ginecologista Adriana Lima, do Ex\u00e9rcito. \u201cO atendimento foi aben\u00e7oado. Ela me encaminhou para fazer preventivo e mamografia\u201d, disse ela.<\/p>\n<p>Segundo a gerente de aten\u00e7\u00e3o b\u00e1sica do Distrito de Sa\u00fade Leste da Semsa, Ismar Lima dos Santos, a a\u00e7\u00e3o global \u00e9 uma grande oportunidade para atender a demanda reprimida de pacientes. \u201cTrouxemos oito cl\u00ednicos gerais, seis pediatras e um posto de vacinas para beneficiar a popula\u00e7\u00e3o\u201d disse.<\/p>\n<p>Quem saiu com a sacola cheia de medicamentos foi a dona de casa Maria Bernardina, 57, moradora do bairro Jorge Teixeira. \u201cEu venho todos os anos para a A\u00e7\u00e3o Global. Por a\u00ed \u00e9 dif\u00edcil conseguir consulta m\u00e9dica; aqui sou atendida sem muita demora e ainda levo os rem\u00e9dios para casa. \u00c9 uma b\u00ean\u00e7\u00e3o\u201d, disse Bernardina.<\/p>\n<p>&nbsp;<\/p>\n<p>&nbsp;<\/p>\n","protected":false},"excerpt":{"rendered":"<p>A dona de casa Maria de Lourdes, 29, moradora do Grande Vit\u00f3ria, zona Norte, trouxe o marido, Edmar, e os cinco filhos (Yasmin, Edmar, Karina, Kau\u00e3 e Kauane) para\u00a0ser atendidos\u00a0na A\u00e7\u00e3o Global 2012, realizada pelo SESI Amazonas em parceria com a Rede Globo. \u201cGostei muito do atendimento, foi r\u00e1pido. Conseguimos consulta com pediatra, ginecologista e [&hellip;]<\/p>\n","protected":false},"author":1,"featured_media":0,"comment_status":"open","ping_status":"open","sticky":false,"template":"","format":"standard","meta":{"footnotes":""},"categories":[25],"tags":[],"class_list":["post-2884","post","type-post","status-publish","format-standard","hentry","category-news"],"yoast_head":"<!-- This site is optimized with the Yoast SEO plugin v28.2 - https:\/\/yoast.com\/product\/yoast-seo-wordpress\/ -->\n<title>P\u00fablico elogia rapidez do atendimento m\u00e9dico - SESI<\/title>\n<meta name=\"robots\" content=\"index, follow, max-snippet:-1, max-image-preview:large, max-video-preview:-1\" \/>\n<link rel=\"canonical\" href=\"https:\/\/fieam.org.br\/sesi\/publico-elogia-rapidez-do-atendimento-medico\/\" \/>\n<meta property=\"og:locale\" content=\"pt_BR\" \/>\n<meta property=\"og:type\" content=\"article\" \/>\n<meta property=\"og:title\" content=\"P\u00fablico elogia rapidez do atendimento m\u00e9dico - SESI\" \/>\n<meta property=\"og:description\" content=\"A dona de casa Maria de Lourdes, 29, moradora do Grande Vit\u00f3ria, zona Norte, trouxe o marido, Edmar, e os cinco filhos (Yasmin, Edmar, Karina, Kau\u00e3 e Kauane) para\u00a0ser atendidos\u00a0na A\u00e7\u00e3o Global 2012, realizada pelo SESI Amazonas em parceria com a Rede Globo. \u201cGostei muito do atendimento, foi r\u00e1pido. Conseguimos consulta com pediatra, ginecologista e [&hellip;]\" \/>\n<meta property=\"og:url\" content=\"https:\/\/fieam.org.br\/sesi\/publico-elogia-rapidez-do-atendimento-medico\/\" \/>\n<meta property=\"og:site_name\" content=\"SESI\" \/>\n<meta property=\"article:published_time\" content=\"2012-05-05T18:22:18+00:00\" \/>\n<meta property=\"og:image\" content=\"https:\/\/fieam.org.br\/sesi\/wp-content\/uploads\/sites\/14\/2012\/05\/IMG_9621.jpg\" \/>\n\t<meta property=\"og:image:width\" content=\"1024\" \/>\n\t<meta property=\"og:image:height\" content=\"683\" \/>\n\t<meta property=\"og:image:type\" content=\"image\/jpeg\" \/>\n<meta name=\"author\" content=\"Autor\" \/>\n<meta name=\"twitter:card\" content=\"summary_large_image\" \/>\n<meta name=\"twitter:label1\" content=\"Escrito por\" \/>\n\t<meta name=\"twitter:data1\" content=\"Autor\" \/>\n\t<meta name=\"twitter:label2\" content=\"Est. tempo de leitura\" \/>\n\t<meta name=\"twitter:data2\" content=\"2 minutos\" \/>\n<script type=\"application\/ld+json\" class=\"yoast-schema-graph\">{\"@context\":\"https:\\\/\\\/schema.org\",\"@graph\":[{\"@type\":\"Article\",\"@id\":\"https:\\\/\\\/fieam.org.br\\\/sesi\\\/publico-elogia-rapidez-do-atendimento-medico\\\/#article\",\"isPartOf\":{\"@id\":\"https:\\\/\\\/fieam.org.br\\\/sesi\\\/publico-elogia-rapidez-do-atendimento-medico\\\/\"},\"author\":{\"name\":\"Autor\",\"@id\":\"https:\\\/\\\/fieam.org.br\\\/sesi\\\/#\\\/schema\\\/person\\\/f54998dd14d5f0695b41444f2b01c31e\"},\"headline\":\"P\u00fablico elogia rapidez do atendimento m\u00e9dico\",\"datePublished\":\"2012-05-05T18:22:18+00:00\",\"mainEntityOfPage\":{\"@id\":\"https:\\\/\\\/fieam.org.br\\\/sesi\\\/publico-elogia-rapidez-do-atendimento-medico\\\/\"},\"wordCount\":319,\"commentCount\":0,\"publisher\":{\"@id\":\"https:\\\/\\\/fieam.org.br\\\/sesi\\\/#organization\"},\"image\":{\"@id\":\"https:\\\/\\\/fieam.org.br\\\/sesi\\\/publico-elogia-rapidez-do-atendimento-medico\\\/#primaryimage\"},\"thumbnailUrl\":\"http:\\\/\\\/www.fieam.org.br\\\/site\\\/sesi\\\/files\\\/2012\\\/05\\\/IMG_9621-300x200.jpg\",\"articleSection\":[\"News\"],\"inLanguage\":\"pt-BR\",\"potentialAction\":[{\"@type\":\"CommentAction\",\"name\":\"Comment\",\"target\":[\"https:\\\/\\\/fieam.org.br\\\/sesi\\\/publico-elogia-rapidez-do-atendimento-medico\\\/#respond\"]}]},{\"@type\":\"WebPage\",\"@id\":\"https:\\\/\\\/fieam.org.br\\\/sesi\\\/publico-elogia-rapidez-do-atendimento-medico\\\/\",\"url\":\"https:\\\/\\\/fieam.org.br\\\/sesi\\\/publico-elogia-rapidez-do-atendimento-medico\\\/\",\"name\":\"P\u00fablico elogia rapidez do atendimento m\u00e9dico - SESI\",\"isPartOf\":{\"@id\":\"https:\\\/\\\/fieam.org.br\\\/sesi\\\/#website\"},\"primaryImageOfPage\":{\"@id\":\"https:\\\/\\\/fieam.org.br\\\/sesi\\\/publico-elogia-rapidez-do-atendimento-medico\\\/#primaryimage\"},\"image\":{\"@id\":\"https:\\\/\\\/fieam.org.br\\\/sesi\\\/publico-elogia-rapidez-do-atendimento-medico\\\/#primaryimage\"},\"thumbnailUrl\":\"http:\\\/\\\/www.fieam.org.br\\\/site\\\/sesi\\\/files\\\/2012\\\/05\\\/IMG_9621-300x200.jpg\",\"datePublished\":\"2012-05-05T18:22:18+00:00\",\"breadcrumb\":{\"@id\":\"https:\\\/\\\/fieam.org.br\\\/sesi\\\/publico-elogia-rapidez-do-atendimento-medico\\\/#breadcrumb\"},\"inLanguage\":\"pt-BR\",\"potentialAction\":[{\"@type\":\"ReadAction\",\"target\":[\"https:\\\/\\\/fieam.org.br\\\/sesi\\\/publico-elogia-rapidez-do-atendimento-medico\\\/\"]}]},{\"@type\":\"ImageObject\",\"inLanguage\":\"pt-BR\",\"@id\":\"https:\\\/\\\/fieam.org.br\\\/sesi\\\/publico-elogia-rapidez-do-atendimento-medico\\\/#primaryimage\",\"url\":\"http:\\\/\\\/www.fieam.org.br\\\/site\\\/sesi\\\/files\\\/2012\\\/05\\\/IMG_9621-300x200.jpg\",\"contentUrl\":\"http:\\\/\\\/www.fieam.org.br\\\/site\\\/sesi\\\/files\\\/2012\\\/05\\\/IMG_9621-300x200.jpg\"},{\"@type\":\"BreadcrumbList\",\"@id\":\"https:\\\/\\\/fieam.org.br\\\/sesi\\\/publico-elogia-rapidez-do-atendimento-medico\\\/#breadcrumb\",\"itemListElement\":[{\"@type\":\"ListItem\",\"position\":1,\"name\":\"In\u00edcio\",\"item\":\"https:\\\/\\\/fieam.org.br\\\/sesi\\\/\"},{\"@type\":\"ListItem\",\"position\":2,\"name\":\"P\u00fablico elogia rapidez do atendimento m\u00e9dico\"}]},{\"@type\":\"WebSite\",\"@id\":\"https:\\\/\\\/fieam.org.br\\\/sesi\\\/#website\",\"url\":\"https:\\\/\\\/fieam.org.br\\\/sesi\\\/\",\"name\":\"SESI\",\"description\":\"Site Oficial!\",\"publisher\":{\"@id\":\"https:\\\/\\\/fieam.org.br\\\/sesi\\\/#organization\"},\"potentialAction\":[{\"@type\":\"SearchAction\",\"target\":{\"@type\":\"EntryPoint\",\"urlTemplate\":\"https:\\\/\\\/fieam.org.br\\\/sesi\\\/?s={search_term_string}\"},\"query-input\":{\"@type\":\"PropertyValueSpecification\",\"valueRequired\":true,\"valueName\":\"search_term_string\"}}],\"inLanguage\":\"pt-BR\"},{\"@type\":\"Organization\",\"@id\":\"https:\\\/\\\/fieam.org.br\\\/sesi\\\/#organization\",\"name\":\"SESI\",\"url\":\"https:\\\/\\\/fieam.org.br\\\/sesi\\\/\",\"logo\":{\"@type\":\"ImageObject\",\"inLanguage\":\"pt-BR\",\"@id\":\"https:\\\/\\\/fieam.org.br\\\/sesi\\\/#\\\/schema\\\/logo\\\/image\\\/\",\"url\":\"https:\\\/\\\/fieam.org.br\\\/sesi\\\/wp-content\\\/uploads\\\/sites\\\/14\\\/2024\\\/03\\\/cropped-fav.png\",\"contentUrl\":\"https:\\\/\\\/fieam.org.br\\\/sesi\\\/wp-content\\\/uploads\\\/sites\\\/14\\\/2024\\\/03\\\/cropped-fav.png\",\"width\":610,\"height\":589,\"caption\":\"SESI\"},\"image\":{\"@id\":\"https:\\\/\\\/fieam.org.br\\\/sesi\\\/#\\\/schema\\\/logo\\\/image\\\/\"}},{\"@type\":\"Person\",\"@id\":\"https:\\\/\\\/fieam.org.br\\\/sesi\\\/#\\\/schema\\\/person\\\/f54998dd14d5f0695b41444f2b01c31e\",\"name\":\"Autor\",\"image\":{\"@type\":\"ImageObject\",\"inLanguage\":\"pt-BR\",\"@id\":\"https:\\\/\\\/secure.gravatar.com\\\/avatar\\\/3732c223e0e1fad69062a8f770955c9068d37b055204f310a0be18d4069fe380?s=96&d=mm&r=g\",\"url\":\"https:\\\/\\\/secure.gravatar.com\\\/avatar\\\/3732c223e0e1fad69062a8f770955c9068d37b055204f310a0be18d4069fe380?s=96&d=mm&r=g\",\"contentUrl\":\"https:\\\/\\\/secure.gravatar.com\\\/avatar\\\/3732c223e0e1fad69062a8f770955c9068d37b055204f310a0be18d4069fe380?s=96&d=mm&r=g\",\"caption\":\"Autor\"},\"sameAs\":[\"https:\\\/\\\/marketingmassivo.com.br\"],\"url\":\"https:\\\/\\\/fieam.org.br\\\/sesi\\\/author\\\/admin\\\/\"}]}<\/script>\n<!-- \/ Yoast SEO plugin. -->","yoast_head_json":{"title":"P\u00fablico elogia rapidez do atendimento m\u00e9dico - SESI","robots":{"index":"index","follow":"follow","max-snippet":"max-snippet:-1","max-image-preview":"max-image-preview:large","max-video-preview":"max-video-preview:-1"},"canonical":"https:\/\/fieam.org.br\/sesi\/publico-elogia-rapidez-do-atendimento-medico\/","og_locale":"pt_BR","og_type":"article","og_title":"P\u00fablico elogia rapidez do atendimento m\u00e9dico - SESI","og_description":"A dona de casa Maria de Lourdes, 29, moradora do Grande Vit\u00f3ria, zona Norte, trouxe o marido, Edmar, e os cinco filhos (Yasmin, Edmar, Karina, Kau\u00e3 e Kauane) para\u00a0ser atendidos\u00a0na A\u00e7\u00e3o Global 2012, realizada pelo SESI Amazonas em parceria com a Rede Globo. \u201cGostei muito do atendimento, foi r\u00e1pido. Conseguimos consulta com pediatra, ginecologista e [&hellip;]","og_url":"https:\/\/fieam.org.br\/sesi\/publico-elogia-rapidez-do-atendimento-medico\/","og_site_name":"SESI","article_published_time":"2012-05-05T18:22:18+00:00","og_image":[{"width":1024,"height":683,"url":"https:\/\/fieam.org.br\/sesi\/wp-content\/uploads\/sites\/14\/2012\/05\/IMG_9621.jpg","type":"image\/jpeg"}],"author":"Autor","twitter_card":"summary_large_image","twitter_misc":{"Escrito por":"Autor","Est. tempo de leitura":"2 minutos"},"schema":{"@context":"https:\/\/schema.org","@graph":[{"@type":"Article","@id":"https:\/\/fieam.org.br\/sesi\/publico-elogia-rapidez-do-atendimento-medico\/#article","isPartOf":{"@id":"https:\/\/fieam.org.br\/sesi\/publico-elogia-rapidez-do-atendimento-medico\/"},"author":{"name":"Autor","@id":"https:\/\/fieam.org.br\/sesi\/#\/schema\/person\/f54998dd14d5f0695b41444f2b01c31e"},"headline":"P\u00fablico elogia rapidez do atendimento m\u00e9dico","datePublished":"2012-05-05T18:22:18+00:00","mainEntityOfPage":{"@id":"https:\/\/fieam.org.br\/sesi\/publico-elogia-rapidez-do-atendimento-medico\/"},"wordCount":319,"commentCount":0,"publisher":{"@id":"https:\/\/fieam.org.br\/sesi\/#organization"},"image":{"@id":"https:\/\/fieam.org.br\/sesi\/publico-elogia-rapidez-do-atendimento-medico\/#primaryimage"},"thumbnailUrl":"http:\/\/www.fieam.org.br\/site\/sesi\/files\/2012\/05\/IMG_9621-300x200.jpg","articleSection":["News"],"inLanguage":"pt-BR","potentialAction":[{"@type":"CommentAction","name":"Comment","target":["https:\/\/fieam.org.br\/sesi\/publico-elogia-rapidez-do-atendimento-medico\/#respond"]}]},{"@type":"WebPage","@id":"https:\/\/fieam.org.br\/sesi\/publico-elogia-rapidez-do-atendimento-medico\/","url":"https:\/\/fieam.org.br\/sesi\/publico-elogia-rapidez-do-atendimento-medico\/","name":"P\u00fablico elogia rapidez do atendimento m\u00e9dico - SESI","isPartOf":{"@id":"https:\/\/fieam.org.br\/sesi\/#website"},"primaryImageOfPage":{"@id":"https:\/\/fieam.org.br\/sesi\/publico-elogia-rapidez-do-atendimento-medico\/#primaryimage"},"image":{"@id":"https:\/\/fieam.org.br\/sesi\/publico-elogia-rapidez-do-atendimento-medico\/#primaryimage"},"thumbnailUrl":"http:\/\/www.fieam.org.br\/site\/sesi\/files\/2012\/05\/IMG_9621-300x200.jpg","datePublished":"2012-05-05T18:22:18+00:00","breadcrumb":{"@id":"https:\/\/fieam.org.br\/sesi\/publico-elogia-rapidez-do-atendimento-medico\/#breadcrumb"},"inLanguage":"pt-BR","potentialAction":[{"@type":"ReadAction","target":["https:\/\/fieam.org.br\/sesi\/publico-elogia-rapidez-do-atendimento-medico\/"]}]},{"@type":"ImageObject","inLanguage":"pt-BR","@id":"https:\/\/fieam.org.br\/sesi\/publico-elogia-rapidez-do-atendimento-medico\/#primaryimage","url":"http:\/\/www.fieam.org.br\/site\/sesi\/files\/2012\/05\/IMG_9621-300x200.jpg","contentUrl":"http:\/\/www.fieam.org.br\/site\/sesi\/files\/2012\/05\/IMG_9621-300x200.jpg"},{"@type":"BreadcrumbList","@id":"https:\/\/fieam.org.br\/sesi\/publico-elogia-rapidez-do-atendimento-medico\/#breadcrumb","itemListElement":[{"@type":"ListItem","position":1,"name":"In\u00edcio","item":"https:\/\/fieam.org.br\/sesi\/"},{"@type":"ListItem","position":2,"name":"P\u00fablico elogia rapidez do atendimento m\u00e9dico"}]},{"@type":"WebSite","@id":"https:\/\/fieam.org.br\/sesi\/#website","url":"https:\/\/fieam.org.br\/sesi\/","name":"SESI","description":"Site Oficial!","publisher":{"@id":"https:\/\/fieam.org.br\/sesi\/#organization"},"potentialAction":[{"@type":"SearchAction","target":{"@type":"EntryPoint","urlTemplate":"https:\/\/fieam.org.br\/sesi\/?s={search_term_string}"},"query-input":{"@type":"PropertyValueSpecification","valueRequired":true,"valueName":"search_term_string"}}],"inLanguage":"pt-BR"},{"@type":"Organization","@id":"https:\/\/fieam.org.br\/sesi\/#organization","name":"SESI","url":"https:\/\/fieam.org.br\/sesi\/","logo":{"@type":"ImageObject","inLanguage":"pt-BR","@id":"https:\/\/fieam.org.br\/sesi\/#\/schema\/logo\/image\/","url":"https:\/\/fieam.org.br\/sesi\/wp-content\/uploads\/sites\/14\/2024\/03\/cropped-fav.png","contentUrl":"https:\/\/fieam.org.br\/sesi\/wp-content\/uploads\/sites\/14\/2024\/03\/cropped-fav.png","width":610,"height":589,"caption":"SESI"},"image":{"@id":"https:\/\/fieam.org.br\/sesi\/#\/schema\/logo\/image\/"}},{"@type":"Person","@id":"https:\/\/fieam.org.br\/sesi\/#\/schema\/person\/f54998dd14d5f0695b41444f2b01c31e","name":"Autor","image":{"@type":"ImageObject","inLanguage":"pt-BR","@id":"https:\/\/secure.gravatar.com\/avatar\/3732c223e0e1fad69062a8f770955c9068d37b055204f310a0be18d4069fe380?s=96&d=mm&r=g","url":"https:\/\/secure.gravatar.com\/avatar\/3732c223e0e1fad69062a8f770955c9068d37b055204f310a0be18d4069fe380?s=96&d=mm&r=g","contentUrl":"https:\/\/secure.gravatar.com\/avatar\/3732c223e0e1fad69062a8f770955c9068d37b055204f310a0be18d4069fe380?s=96&d=mm&r=g","caption":"Autor"},"sameAs":["https:\/\/marketingmassivo.com.br"],"url":"https:\/\/fieam.org.br\/sesi\/author\/admin\/"}]}},"_links":{"self":[{"href":"https:\/\/fieam.org.br\/sesi\/wp-json\/wp\/v2\/posts\/2884","targetHints":{"allow":["GET"]}}],"collection":[{"href":"https:\/\/fieam.org.br\/sesi\/wp-json\/wp\/v2\/posts"}],"about":[{"href":"https:\/\/fieam.org.br\/sesi\/wp-json\/wp\/v2\/types\/post"}],"author":[{"embeddable":true,"href":"https:\/\/fieam.org.br\/sesi\/wp-json\/wp\/v2\/users\/1"}],"replies":[{"embeddable":true,"href":"https:\/\/fieam.org.br\/sesi\/wp-json\/wp\/v2\/comments?post=2884"}],"version-history":[{"count":0,"href":"https:\/\/fieam.org.br\/sesi\/wp-json\/wp\/v2\/posts\/2884\/revisions"}],"wp:attachment":[{"href":"https:\/\/fieam.org.br\/sesi\/wp-json\/wp\/v2\/media?parent=2884"}],"wp:term":[{"taxonomy":"category","embeddable":true,"href":"https:\/\/fieam.org.br\/sesi\/wp-json\/wp\/v2\/categories?post=2884"},{"taxonomy":"post_tag","embeddable":true,"href":"https:\/\/fieam.org.br\/sesi\/wp-json\/wp\/v2\/tags?post=2884"}],"curies":[{"name":"wp","href":"https:\/\/api.w.org\/{rel}","templated":true}]}}