{"id":2776,"date":"2012-04-05T11:29:27","date_gmt":"2012-04-05T11:29:27","guid":{"rendered":"http:\/\/www.fieam.org.br\/site\/sesi\/?p=2776"},"modified":"2012-04-05T11:29:27","modified_gmt":"2012-04-05T11:29:27","slug":"nota-de-repudio-a-decisao-do-stj-sobre-absolvicao-de-acusado-de-estupro","status":"publish","type":"post","link":"https:\/\/fieam.org.br\/sesi\/nota-de-repudio-a-decisao-do-stj-sobre-absolvicao-de-acusado-de-estupro\/","title":{"rendered":"Nota de rep\u00fadio \u00e0 decis\u00e3o do STJ sobre absolvi\u00e7\u00e3o de acusado de estupro"},"content":{"rendered":"<p>A decis\u00e3o tomada pelo Superior Tribunal de Justi\u00e7a (STJ) inocentando r\u00e9u acusado de ter estuprado tr\u00eas meninas de 12 anos \u00e9 incompat\u00edvel com a pol\u00edtica de prote\u00e7\u00e3o integral da crian\u00e7a e com o est\u00e1gio atual alcan\u00e7ado pela sociedade brasileira na defesa dos direitos humanos.<\/p>\n<p>A medida afronta o Estatuto da Crian\u00e7a e do Adolescente e o pr\u00f3prio C\u00f3digo Penal brasileiro, que estabelecem que a venda do corpo por menores de 18 anos \u00e9 considerado explora\u00e7\u00e3o sexual. Ainda mais nos dias de hoje, em que a nossa legisla\u00e7\u00e3o considera estupro de vulner\u00e1veis, rela\u00e7\u00e3o sexual com menor de 14 anos.<\/p>\n<p>\u00c9 inconceb\u00edvel que um tribunal veja a crian\u00e7a como um adulto, inocentando o r\u00e9u com o argumento de que as crian\u00e7as j\u00e1 se dedicavam \u00e0 pr\u00e1tica de atividades sexuais desde longa data.<\/p>\n<p>Impressionante essa decis\u00e3o ser tomada nos dias de hoje, quando institui\u00e7\u00f5es governamentais e n\u00e3o-governamentais, organismos e ag\u00eancias internacionais e a sociedade civil, vem discutindo o tema incansavelmente, encontrando meios de supera\u00e7\u00e3o da viol\u00eancia, lutando para transformar projetos em pol\u00edticas p\u00fablicas.<\/p>\n<p>Essas crian\u00e7as e jovens necessitam de suporte do Estado e da sociedade. Desde 2008, esta institui\u00e7\u00e3o desenvolve o projeto ViraVida, que oferece capacita\u00e7\u00e3o profissional, educa\u00e7\u00e3o continuada, atendimento psicossocial, inser\u00e7\u00e3o no mercado de trabalho e acompanhamento familiar de adolescentes e jovens v\u00edtimas de explora\u00e7\u00e3o sexual. O programa \u00e9 realizado em parceria com a Rede de Enfrentamento, Sistema S, empresas p\u00fablicas e privadas e ONGs.<\/p>\n<p>Retrocessos como esse s\u00e3o inaceit\u00e1veis. A sociedade demanda pol\u00edticas de defesa contra essas distor\u00e7\u00f5es. O Conselho Nacional do SESI ap\u00f3ia a manifesta\u00e7\u00e3o do Conanda e a decis\u00e3o da Secretaria de Direitos Humanos da Presid\u00eancia da Republica (SDH\/PR) de acionar a Advocagia-Geral da Uni\u00e3o (AGU), para que sejam tomadas as provid\u00eancias legais cab\u00edveis e conclama a Justi\u00e7a a rever esta decis\u00e3o.<\/p>\n<p>Presid\u00eancia do Conselho Nacional do SESI<\/p>\n","protected":false},"excerpt":{"rendered":"<p>A decis\u00e3o tomada pelo Superior Tribunal de Justi\u00e7a (STJ) inocentando r\u00e9u acusado de ter estuprado tr\u00eas meninas de 12 anos \u00e9 incompat\u00edvel com a pol\u00edtica de prote\u00e7\u00e3o integral da crian\u00e7a e com o est\u00e1gio atual alcan\u00e7ado pela sociedade brasileira na defesa dos direitos humanos. A medida afronta o Estatuto da Crian\u00e7a e do Adolescente e [&hellip;]<\/p>\n","protected":false},"author":1,"featured_media":0,"comment_status":"open","ping_status":"open","sticky":false,"template":"","format":"standard","meta":{"footnotes":""},"categories":[25],"tags":[],"class_list":["post-2776","post","type-post","status-publish","format-standard","hentry","category-news"],"yoast_head":"<!-- This site is optimized with the Yoast SEO plugin v28.2 - https:\/\/yoast.com\/product\/yoast-seo-wordpress\/ -->\n<title>Nota de rep\u00fadio \u00e0 decis\u00e3o do STJ sobre absolvi\u00e7\u00e3o de acusado de estupro - SESI<\/title>\n<meta name=\"robots\" content=\"index, follow, max-snippet:-1, max-image-preview:large, max-video-preview:-1\" \/>\n<link rel=\"canonical\" href=\"https:\/\/fieam.org.br\/sesi\/nota-de-repudio-a-decisao-do-stj-sobre-absolvicao-de-acusado-de-estupro\/\" \/>\n<meta property=\"og:locale\" content=\"pt_BR\" \/>\n<meta property=\"og:type\" content=\"article\" \/>\n<meta property=\"og:title\" content=\"Nota de rep\u00fadio \u00e0 decis\u00e3o do STJ sobre absolvi\u00e7\u00e3o de acusado de estupro - SESI\" \/>\n<meta property=\"og:description\" content=\"A decis\u00e3o tomada pelo Superior Tribunal de Justi\u00e7a (STJ) inocentando r\u00e9u acusado de ter estuprado tr\u00eas meninas de 12 anos \u00e9 incompat\u00edvel com a pol\u00edtica de prote\u00e7\u00e3o integral da crian\u00e7a e com o est\u00e1gio atual alcan\u00e7ado pela sociedade brasileira na defesa dos direitos humanos. A medida afronta o Estatuto da Crian\u00e7a e do Adolescente e [&hellip;]\" \/>\n<meta property=\"og:url\" content=\"https:\/\/fieam.org.br\/sesi\/nota-de-repudio-a-decisao-do-stj-sobre-absolvicao-de-acusado-de-estupro\/\" \/>\n<meta property=\"og:site_name\" content=\"SESI\" \/>\n<meta property=\"article:published_time\" content=\"2012-04-05T11:29:27+00:00\" \/>\n<meta name=\"author\" content=\"Autor\" \/>\n<meta name=\"twitter:card\" content=\"summary_large_image\" \/>\n<meta name=\"twitter:label1\" content=\"Escrito por\" \/>\n\t<meta name=\"twitter:data1\" content=\"Autor\" \/>\n\t<meta name=\"twitter:label2\" content=\"Est. tempo de leitura\" \/>\n\t<meta name=\"twitter:data2\" content=\"2 minutos\" \/>\n<script type=\"application\/ld+json\" class=\"yoast-schema-graph\">{\"@context\":\"https:\\\/\\\/schema.org\",\"@graph\":[{\"@type\":\"Article\",\"@id\":\"https:\\\/\\\/fieam.org.br\\\/sesi\\\/nota-de-repudio-a-decisao-do-stj-sobre-absolvicao-de-acusado-de-estupro\\\/#article\",\"isPartOf\":{\"@id\":\"https:\\\/\\\/fieam.org.br\\\/sesi\\\/nota-de-repudio-a-decisao-do-stj-sobre-absolvicao-de-acusado-de-estupro\\\/\"},\"author\":{\"name\":\"Autor\",\"@id\":\"https:\\\/\\\/fieam.org.br\\\/sesi\\\/#\\\/schema\\\/person\\\/f54998dd14d5f0695b41444f2b01c31e\"},\"headline\":\"Nota de rep\u00fadio \u00e0 decis\u00e3o do STJ sobre absolvi\u00e7\u00e3o de acusado de estupro\",\"datePublished\":\"2012-04-05T11:29:27+00:00\",\"mainEntityOfPage\":{\"@id\":\"https:\\\/\\\/fieam.org.br\\\/sesi\\\/nota-de-repudio-a-decisao-do-stj-sobre-absolvicao-de-acusado-de-estupro\\\/\"},\"wordCount\":358,\"commentCount\":0,\"publisher\":{\"@id\":\"https:\\\/\\\/fieam.org.br\\\/sesi\\\/#organization\"},\"articleSection\":[\"News\"],\"inLanguage\":\"pt-BR\",\"potentialAction\":[{\"@type\":\"CommentAction\",\"name\":\"Comment\",\"target\":[\"https:\\\/\\\/fieam.org.br\\\/sesi\\\/nota-de-repudio-a-decisao-do-stj-sobre-absolvicao-de-acusado-de-estupro\\\/#respond\"]}]},{\"@type\":\"WebPage\",\"@id\":\"https:\\\/\\\/fieam.org.br\\\/sesi\\\/nota-de-repudio-a-decisao-do-stj-sobre-absolvicao-de-acusado-de-estupro\\\/\",\"url\":\"https:\\\/\\\/fieam.org.br\\\/sesi\\\/nota-de-repudio-a-decisao-do-stj-sobre-absolvicao-de-acusado-de-estupro\\\/\",\"name\":\"Nota de rep\u00fadio \u00e0 decis\u00e3o do STJ sobre absolvi\u00e7\u00e3o de acusado de estupro - SESI\",\"isPartOf\":{\"@id\":\"https:\\\/\\\/fieam.org.br\\\/sesi\\\/#website\"},\"datePublished\":\"2012-04-05T11:29:27+00:00\",\"breadcrumb\":{\"@id\":\"https:\\\/\\\/fieam.org.br\\\/sesi\\\/nota-de-repudio-a-decisao-do-stj-sobre-absolvicao-de-acusado-de-estupro\\\/#breadcrumb\"},\"inLanguage\":\"pt-BR\",\"potentialAction\":[{\"@type\":\"ReadAction\",\"target\":[\"https:\\\/\\\/fieam.org.br\\\/sesi\\\/nota-de-repudio-a-decisao-do-stj-sobre-absolvicao-de-acusado-de-estupro\\\/\"]}]},{\"@type\":\"BreadcrumbList\",\"@id\":\"https:\\\/\\\/fieam.org.br\\\/sesi\\\/nota-de-repudio-a-decisao-do-stj-sobre-absolvicao-de-acusado-de-estupro\\\/#breadcrumb\",\"itemListElement\":[{\"@type\":\"ListItem\",\"position\":1,\"name\":\"In\u00edcio\",\"item\":\"https:\\\/\\\/fieam.org.br\\\/sesi\\\/\"},{\"@type\":\"ListItem\",\"position\":2,\"name\":\"Nota de rep\u00fadio \u00e0 decis\u00e3o do STJ sobre absolvi\u00e7\u00e3o de acusado de estupro\"}]},{\"@type\":\"WebSite\",\"@id\":\"https:\\\/\\\/fieam.org.br\\\/sesi\\\/#website\",\"url\":\"https:\\\/\\\/fieam.org.br\\\/sesi\\\/\",\"name\":\"SESI\",\"description\":\"Site Oficial!\",\"publisher\":{\"@id\":\"https:\\\/\\\/fieam.org.br\\\/sesi\\\/#organization\"},\"potentialAction\":[{\"@type\":\"SearchAction\",\"target\":{\"@type\":\"EntryPoint\",\"urlTemplate\":\"https:\\\/\\\/fieam.org.br\\\/sesi\\\/?s={search_term_string}\"},\"query-input\":{\"@type\":\"PropertyValueSpecification\",\"valueRequired\":true,\"valueName\":\"search_term_string\"}}],\"inLanguage\":\"pt-BR\"},{\"@type\":\"Organization\",\"@id\":\"https:\\\/\\\/fieam.org.br\\\/sesi\\\/#organization\",\"name\":\"SESI\",\"url\":\"https:\\\/\\\/fieam.org.br\\\/sesi\\\/\",\"logo\":{\"@type\":\"ImageObject\",\"inLanguage\":\"pt-BR\",\"@id\":\"https:\\\/\\\/fieam.org.br\\\/sesi\\\/#\\\/schema\\\/logo\\\/image\\\/\",\"url\":\"https:\\\/\\\/fieam.org.br\\\/sesi\\\/wp-content\\\/uploads\\\/sites\\\/14\\\/2024\\\/03\\\/cropped-fav.png\",\"contentUrl\":\"https:\\\/\\\/fieam.org.br\\\/sesi\\\/wp-content\\\/uploads\\\/sites\\\/14\\\/2024\\\/03\\\/cropped-fav.png\",\"width\":610,\"height\":589,\"caption\":\"SESI\"},\"image\":{\"@id\":\"https:\\\/\\\/fieam.org.br\\\/sesi\\\/#\\\/schema\\\/logo\\\/image\\\/\"}},{\"@type\":\"Person\",\"@id\":\"https:\\\/\\\/fieam.org.br\\\/sesi\\\/#\\\/schema\\\/person\\\/f54998dd14d5f0695b41444f2b01c31e\",\"name\":\"Autor\",\"image\":{\"@type\":\"ImageObject\",\"inLanguage\":\"pt-BR\",\"@id\":\"https:\\\/\\\/secure.gravatar.com\\\/avatar\\\/3732c223e0e1fad69062a8f770955c9068d37b055204f310a0be18d4069fe380?s=96&d=mm&r=g\",\"url\":\"https:\\\/\\\/secure.gravatar.com\\\/avatar\\\/3732c223e0e1fad69062a8f770955c9068d37b055204f310a0be18d4069fe380?s=96&d=mm&r=g\",\"contentUrl\":\"https:\\\/\\\/secure.gravatar.com\\\/avatar\\\/3732c223e0e1fad69062a8f770955c9068d37b055204f310a0be18d4069fe380?s=96&d=mm&r=g\",\"caption\":\"Autor\"},\"sameAs\":[\"https:\\\/\\\/marketingmassivo.com.br\"],\"url\":\"https:\\\/\\\/fieam.org.br\\\/sesi\\\/author\\\/admin\\\/\"}]}<\/script>\n<!-- \/ Yoast SEO plugin. -->","yoast_head_json":{"title":"Nota de rep\u00fadio \u00e0 decis\u00e3o do STJ sobre absolvi\u00e7\u00e3o de acusado de estupro - SESI","robots":{"index":"index","follow":"follow","max-snippet":"max-snippet:-1","max-image-preview":"max-image-preview:large","max-video-preview":"max-video-preview:-1"},"canonical":"https:\/\/fieam.org.br\/sesi\/nota-de-repudio-a-decisao-do-stj-sobre-absolvicao-de-acusado-de-estupro\/","og_locale":"pt_BR","og_type":"article","og_title":"Nota de rep\u00fadio \u00e0 decis\u00e3o do STJ sobre absolvi\u00e7\u00e3o de acusado de estupro - SESI","og_description":"A decis\u00e3o tomada pelo Superior Tribunal de Justi\u00e7a (STJ) inocentando r\u00e9u acusado de ter estuprado tr\u00eas meninas de 12 anos \u00e9 incompat\u00edvel com a pol\u00edtica de prote\u00e7\u00e3o integral da crian\u00e7a e com o est\u00e1gio atual alcan\u00e7ado pela sociedade brasileira na defesa dos direitos humanos. A medida afronta o Estatuto da Crian\u00e7a e do Adolescente e [&hellip;]","og_url":"https:\/\/fieam.org.br\/sesi\/nota-de-repudio-a-decisao-do-stj-sobre-absolvicao-de-acusado-de-estupro\/","og_site_name":"SESI","article_published_time":"2012-04-05T11:29:27+00:00","author":"Autor","twitter_card":"summary_large_image","twitter_misc":{"Escrito por":"Autor","Est. tempo de leitura":"2 minutos"},"schema":{"@context":"https:\/\/schema.org","@graph":[{"@type":"Article","@id":"https:\/\/fieam.org.br\/sesi\/nota-de-repudio-a-decisao-do-stj-sobre-absolvicao-de-acusado-de-estupro\/#article","isPartOf":{"@id":"https:\/\/fieam.org.br\/sesi\/nota-de-repudio-a-decisao-do-stj-sobre-absolvicao-de-acusado-de-estupro\/"},"author":{"name":"Autor","@id":"https:\/\/fieam.org.br\/sesi\/#\/schema\/person\/f54998dd14d5f0695b41444f2b01c31e"},"headline":"Nota de rep\u00fadio \u00e0 decis\u00e3o do STJ sobre absolvi\u00e7\u00e3o de acusado de estupro","datePublished":"2012-04-05T11:29:27+00:00","mainEntityOfPage":{"@id":"https:\/\/fieam.org.br\/sesi\/nota-de-repudio-a-decisao-do-stj-sobre-absolvicao-de-acusado-de-estupro\/"},"wordCount":358,"commentCount":0,"publisher":{"@id":"https:\/\/fieam.org.br\/sesi\/#organization"},"articleSection":["News"],"inLanguage":"pt-BR","potentialAction":[{"@type":"CommentAction","name":"Comment","target":["https:\/\/fieam.org.br\/sesi\/nota-de-repudio-a-decisao-do-stj-sobre-absolvicao-de-acusado-de-estupro\/#respond"]}]},{"@type":"WebPage","@id":"https:\/\/fieam.org.br\/sesi\/nota-de-repudio-a-decisao-do-stj-sobre-absolvicao-de-acusado-de-estupro\/","url":"https:\/\/fieam.org.br\/sesi\/nota-de-repudio-a-decisao-do-stj-sobre-absolvicao-de-acusado-de-estupro\/","name":"Nota de rep\u00fadio \u00e0 decis\u00e3o do STJ sobre absolvi\u00e7\u00e3o de acusado de estupro - SESI","isPartOf":{"@id":"https:\/\/fieam.org.br\/sesi\/#website"},"datePublished":"2012-04-05T11:29:27+00:00","breadcrumb":{"@id":"https:\/\/fieam.org.br\/sesi\/nota-de-repudio-a-decisao-do-stj-sobre-absolvicao-de-acusado-de-estupro\/#breadcrumb"},"inLanguage":"pt-BR","potentialAction":[{"@type":"ReadAction","target":["https:\/\/fieam.org.br\/sesi\/nota-de-repudio-a-decisao-do-stj-sobre-absolvicao-de-acusado-de-estupro\/"]}]},{"@type":"BreadcrumbList","@id":"https:\/\/fieam.org.br\/sesi\/nota-de-repudio-a-decisao-do-stj-sobre-absolvicao-de-acusado-de-estupro\/#breadcrumb","itemListElement":[{"@type":"ListItem","position":1,"name":"In\u00edcio","item":"https:\/\/fieam.org.br\/sesi\/"},{"@type":"ListItem","position":2,"name":"Nota de rep\u00fadio \u00e0 decis\u00e3o do STJ sobre absolvi\u00e7\u00e3o de acusado de estupro"}]},{"@type":"WebSite","@id":"https:\/\/fieam.org.br\/sesi\/#website","url":"https:\/\/fieam.org.br\/sesi\/","name":"SESI","description":"Site Oficial!","publisher":{"@id":"https:\/\/fieam.org.br\/sesi\/#organization"},"potentialAction":[{"@type":"SearchAction","target":{"@type":"EntryPoint","urlTemplate":"https:\/\/fieam.org.br\/sesi\/?s={search_term_string}"},"query-input":{"@type":"PropertyValueSpecification","valueRequired":true,"valueName":"search_term_string"}}],"inLanguage":"pt-BR"},{"@type":"Organization","@id":"https:\/\/fieam.org.br\/sesi\/#organization","name":"SESI","url":"https:\/\/fieam.org.br\/sesi\/","logo":{"@type":"ImageObject","inLanguage":"pt-BR","@id":"https:\/\/fieam.org.br\/sesi\/#\/schema\/logo\/image\/","url":"https:\/\/fieam.org.br\/sesi\/wp-content\/uploads\/sites\/14\/2024\/03\/cropped-fav.png","contentUrl":"https:\/\/fieam.org.br\/sesi\/wp-content\/uploads\/sites\/14\/2024\/03\/cropped-fav.png","width":610,"height":589,"caption":"SESI"},"image":{"@id":"https:\/\/fieam.org.br\/sesi\/#\/schema\/logo\/image\/"}},{"@type":"Person","@id":"https:\/\/fieam.org.br\/sesi\/#\/schema\/person\/f54998dd14d5f0695b41444f2b01c31e","name":"Autor","image":{"@type":"ImageObject","inLanguage":"pt-BR","@id":"https:\/\/secure.gravatar.com\/avatar\/3732c223e0e1fad69062a8f770955c9068d37b055204f310a0be18d4069fe380?s=96&d=mm&r=g","url":"https:\/\/secure.gravatar.com\/avatar\/3732c223e0e1fad69062a8f770955c9068d37b055204f310a0be18d4069fe380?s=96&d=mm&r=g","contentUrl":"https:\/\/secure.gravatar.com\/avatar\/3732c223e0e1fad69062a8f770955c9068d37b055204f310a0be18d4069fe380?s=96&d=mm&r=g","caption":"Autor"},"sameAs":["https:\/\/marketingmassivo.com.br"],"url":"https:\/\/fieam.org.br\/sesi\/author\/admin\/"}]}},"_links":{"self":[{"href":"https:\/\/fieam.org.br\/sesi\/wp-json\/wp\/v2\/posts\/2776","targetHints":{"allow":["GET"]}}],"collection":[{"href":"https:\/\/fieam.org.br\/sesi\/wp-json\/wp\/v2\/posts"}],"about":[{"href":"https:\/\/fieam.org.br\/sesi\/wp-json\/wp\/v2\/types\/post"}],"author":[{"embeddable":true,"href":"https:\/\/fieam.org.br\/sesi\/wp-json\/wp\/v2\/users\/1"}],"replies":[{"embeddable":true,"href":"https:\/\/fieam.org.br\/sesi\/wp-json\/wp\/v2\/comments?post=2776"}],"version-history":[{"count":0,"href":"https:\/\/fieam.org.br\/sesi\/wp-json\/wp\/v2\/posts\/2776\/revisions"}],"wp:attachment":[{"href":"https:\/\/fieam.org.br\/sesi\/wp-json\/wp\/v2\/media?parent=2776"}],"wp:term":[{"taxonomy":"category","embeddable":true,"href":"https:\/\/fieam.org.br\/sesi\/wp-json\/wp\/v2\/categories?post=2776"},{"taxonomy":"post_tag","embeddable":true,"href":"https:\/\/fieam.org.br\/sesi\/wp-json\/wp\/v2\/tags?post=2776"}],"curies":[{"name":"wp","href":"https:\/\/api.w.org\/{rel}","templated":true}]}}