{"id":2752,"date":"2012-03-29T18:13:44","date_gmt":"2012-03-29T18:13:44","guid":{"rendered":"http:\/\/www.fieam.org.br\/site\/sesi\/?p=2752"},"modified":"2012-03-29T18:13:44","modified_gmt":"2012-03-29T18:13:44","slug":"sesi-cria-comite-consultivo-de-seguranca-alimentar","status":"publish","type":"post","link":"https:\/\/fieam.org.br\/sesi\/sesi-cria-comite-consultivo-de-seguranca-alimentar\/","title":{"rendered":"SESI cria comit\u00ea consultivo de seguran\u00e7a alimentar"},"content":{"rendered":"<p><strong><\/strong><a href=\"http:\/\/www.conselhonacionaldosesi.org.br\/\" target=\"_blank\" rel=\"noopener\">Os membros do Conselho Nacional do SESI<\/a> aprovaram a cria\u00e7\u00e3o do Comit\u00ea Consultivo de Seguran\u00e7a Alimentar e Nutricional da entidade, durante Reuni\u00e3o Ordin\u00e1ria do CN, nesta ter\u00e7a-feira (27\/3), em Bras\u00edlia (DF). O Conselho \u00e9 o \u00f3rg\u00e3o normativo do SESI e \u00e9 composto por representantes das federa\u00e7\u00f5es das ind\u00fastrias dos estados brasileiros, de centrais sindicais e do Governo Federal.<\/p>\n<p>O comit\u00ea rec\u00e9m-criado ser\u00e1 composto por representantes da ind\u00fastria, governo e sociedade civil. O principal objetivo ser\u00e1 promover, articular e implementar a\u00e7\u00f5es do programa Cozinha Brasil em todos os estados brasileiros e tamb\u00e9m no exterior.<\/p>\n<p>Criado em 2004, o Cozinha Brasil est\u00e1 implantado em todo o Brasil e em dois pa\u00edses, Uruguai e Mo\u00e7ambique. O programa \u00e9 considerado uma tecnologia social que, por meio de cursos, incentiva a ado\u00e7\u00e3o de novos h\u00e1bitos para uma alimenta\u00e7\u00e3o mais saud\u00e1vel, econ\u00f4mica e saborosa \u2013 contribuindo para a eleva\u00e7\u00e3o da qualidade de vida da popula\u00e7\u00e3o em geral e a de baixa renda.<\/p>\n<p>De acordo com a coordenadora de Projetos do SESI-CN, \u00c2ngela Pimenta, resultados de um diagn\u00f3stico de sa\u00fade que vem sendo realizado pelo Departamento Nacional com os trabalhadores da ind\u00fastria revela que, aproximadamente, 90% das doen\u00e7as cr\u00f4nicas n\u00e3o-transmiss\u00edveis, como hipertens\u00e3o, diabetes e obesidade, t\u00eam sua origem na m\u00e1 alimenta\u00e7\u00e3o, associada ao sedentarismo.<\/p>\n<p>\u201cO Sistema Ind\u00fastria, sensibilizado com o tema, tem investido em a\u00e7\u00f5es de educa\u00e7\u00e3o alimentar dos seus trabalhadores, ensinando a preparar alimentos de forma inteligente, combatendo o desperd\u00edcio e minimizando as doen\u00e7as relacionadas com a m\u00e1 alimenta\u00e7\u00e3o\u201d, acrescenta.<\/p>\n<p><strong>Cozinha Internacional<\/strong><\/p>\n<p>O programa Cozinha Brasil foi reconhecido pela Organiza\u00e7\u00e3o para Alimenta\u00e7\u00e3o e Agricultura das Na\u00e7\u00f5es Unidas (FAO) como uma experi\u00eancia exitosa de educa\u00e7\u00e3o alimentar e nutricional a ser replicada. Em parceria com o Governo Federal, foi levado ao Uruguai e a Mo\u00e7ambique \u2013 e est\u00e1 em fase de implementa\u00e7\u00e3o na Guatemala, El Salvador e Honduras. A demanda tem partido dos mais diferentes pa\u00edses. Atualmente, cerca de 10 pa\u00edses do continente africano solicitam a transfer\u00eancia da tecnologia social do programa.<\/p>\n<p><strong>Assessoria de Imprensa do Conselho Nacional do SESI<\/strong><br \/>\nTel.: <a href=\"%2861%29%203217%200745\" target=\"_blank\" rel=\"noopener\">(61) 3217 0745<\/a> ou <a href=\"%2861%29%203217%200746\" target=\"_blank\" rel=\"noopener\">(61) 3217 0746<\/a><br \/>\nE-mail: <a href=\"mailto:comunicacaocn@sesi.org.br\" target=\"_blank\" rel=\"noopener\">comunicacaocn@sesi.org.br<\/a><\/p>\n","protected":false},"excerpt":{"rendered":"<p>Os membros do Conselho Nacional do SESI aprovaram a cria\u00e7\u00e3o do Comit\u00ea Consultivo de Seguran\u00e7a Alimentar e Nutricional da entidade, durante Reuni\u00e3o Ordin\u00e1ria do CN, nesta ter\u00e7a-feira (27\/3), em Bras\u00edlia (DF). O Conselho \u00e9 o \u00f3rg\u00e3o normativo do SESI e \u00e9 composto por representantes das federa\u00e7\u00f5es das ind\u00fastrias dos estados brasileiros, de centrais sindicais e [&hellip;]<\/p>\n","protected":false},"author":1,"featured_media":0,"comment_status":"open","ping_status":"open","sticky":false,"template":"","format":"standard","meta":{"footnotes":""},"categories":[25],"tags":[],"class_list":["post-2752","post","type-post","status-publish","format-standard","hentry","category-news"],"yoast_head":"<!-- This site is optimized with the Yoast SEO plugin v28.2 - https:\/\/yoast.com\/product\/yoast-seo-wordpress\/ -->\n<title>SESI cria comit\u00ea consultivo de seguran\u00e7a alimentar - SESI<\/title>\n<meta name=\"robots\" content=\"index, follow, max-snippet:-1, max-image-preview:large, max-video-preview:-1\" \/>\n<link rel=\"canonical\" href=\"https:\/\/fieam.org.br\/sesi\/sesi-cria-comite-consultivo-de-seguranca-alimentar\/\" \/>\n<meta property=\"og:locale\" content=\"pt_BR\" \/>\n<meta property=\"og:type\" content=\"article\" \/>\n<meta property=\"og:title\" content=\"SESI cria comit\u00ea consultivo de seguran\u00e7a alimentar - SESI\" \/>\n<meta property=\"og:description\" content=\"Os membros do Conselho Nacional do SESI aprovaram a cria\u00e7\u00e3o do Comit\u00ea Consultivo de Seguran\u00e7a Alimentar e Nutricional da entidade, durante Reuni\u00e3o Ordin\u00e1ria do CN, nesta ter\u00e7a-feira (27\/3), em Bras\u00edlia (DF). O Conselho \u00e9 o \u00f3rg\u00e3o normativo do SESI e \u00e9 composto por representantes das federa\u00e7\u00f5es das ind\u00fastrias dos estados brasileiros, de centrais sindicais e [&hellip;]\" \/>\n<meta property=\"og:url\" content=\"https:\/\/fieam.org.br\/sesi\/sesi-cria-comite-consultivo-de-seguranca-alimentar\/\" \/>\n<meta property=\"og:site_name\" content=\"SESI\" \/>\n<meta property=\"article:published_time\" content=\"2012-03-29T18:13:44+00:00\" \/>\n<meta name=\"author\" content=\"Autor\" \/>\n<meta name=\"twitter:card\" content=\"summary_large_image\" \/>\n<meta name=\"twitter:label1\" content=\"Escrito por\" \/>\n\t<meta name=\"twitter:data1\" content=\"Autor\" \/>\n\t<meta name=\"twitter:label2\" content=\"Est. tempo de leitura\" \/>\n\t<meta name=\"twitter:data2\" content=\"2 minutos\" \/>\n<script type=\"application\/ld+json\" class=\"yoast-schema-graph\">{\"@context\":\"https:\\\/\\\/schema.org\",\"@graph\":[{\"@type\":\"Article\",\"@id\":\"https:\\\/\\\/fieam.org.br\\\/sesi\\\/sesi-cria-comite-consultivo-de-seguranca-alimentar\\\/#article\",\"isPartOf\":{\"@id\":\"https:\\\/\\\/fieam.org.br\\\/sesi\\\/sesi-cria-comite-consultivo-de-seguranca-alimentar\\\/\"},\"author\":{\"name\":\"Autor\",\"@id\":\"https:\\\/\\\/fieam.org.br\\\/sesi\\\/#\\\/schema\\\/person\\\/f54998dd14d5f0695b41444f2b01c31e\"},\"headline\":\"SESI cria comit\u00ea consultivo de seguran\u00e7a alimentar\",\"datePublished\":\"2012-03-29T18:13:44+00:00\",\"mainEntityOfPage\":{\"@id\":\"https:\\\/\\\/fieam.org.br\\\/sesi\\\/sesi-cria-comite-consultivo-de-seguranca-alimentar\\\/\"},\"wordCount\":386,\"commentCount\":0,\"publisher\":{\"@id\":\"https:\\\/\\\/fieam.org.br\\\/sesi\\\/#organization\"},\"articleSection\":[\"News\"],\"inLanguage\":\"pt-BR\",\"potentialAction\":[{\"@type\":\"CommentAction\",\"name\":\"Comment\",\"target\":[\"https:\\\/\\\/fieam.org.br\\\/sesi\\\/sesi-cria-comite-consultivo-de-seguranca-alimentar\\\/#respond\"]}]},{\"@type\":\"WebPage\",\"@id\":\"https:\\\/\\\/fieam.org.br\\\/sesi\\\/sesi-cria-comite-consultivo-de-seguranca-alimentar\\\/\",\"url\":\"https:\\\/\\\/fieam.org.br\\\/sesi\\\/sesi-cria-comite-consultivo-de-seguranca-alimentar\\\/\",\"name\":\"SESI cria comit\u00ea consultivo de seguran\u00e7a alimentar - SESI\",\"isPartOf\":{\"@id\":\"https:\\\/\\\/fieam.org.br\\\/sesi\\\/#website\"},\"datePublished\":\"2012-03-29T18:13:44+00:00\",\"breadcrumb\":{\"@id\":\"https:\\\/\\\/fieam.org.br\\\/sesi\\\/sesi-cria-comite-consultivo-de-seguranca-alimentar\\\/#breadcrumb\"},\"inLanguage\":\"pt-BR\",\"potentialAction\":[{\"@type\":\"ReadAction\",\"target\":[\"https:\\\/\\\/fieam.org.br\\\/sesi\\\/sesi-cria-comite-consultivo-de-seguranca-alimentar\\\/\"]}]},{\"@type\":\"BreadcrumbList\",\"@id\":\"https:\\\/\\\/fieam.org.br\\\/sesi\\\/sesi-cria-comite-consultivo-de-seguranca-alimentar\\\/#breadcrumb\",\"itemListElement\":[{\"@type\":\"ListItem\",\"position\":1,\"name\":\"In\u00edcio\",\"item\":\"https:\\\/\\\/fieam.org.br\\\/sesi\\\/\"},{\"@type\":\"ListItem\",\"position\":2,\"name\":\"SESI cria comit\u00ea consultivo de seguran\u00e7a alimentar\"}]},{\"@type\":\"WebSite\",\"@id\":\"https:\\\/\\\/fieam.org.br\\\/sesi\\\/#website\",\"url\":\"https:\\\/\\\/fieam.org.br\\\/sesi\\\/\",\"name\":\"SESI\",\"description\":\"Site Oficial!\",\"publisher\":{\"@id\":\"https:\\\/\\\/fieam.org.br\\\/sesi\\\/#organization\"},\"potentialAction\":[{\"@type\":\"SearchAction\",\"target\":{\"@type\":\"EntryPoint\",\"urlTemplate\":\"https:\\\/\\\/fieam.org.br\\\/sesi\\\/?s={search_term_string}\"},\"query-input\":{\"@type\":\"PropertyValueSpecification\",\"valueRequired\":true,\"valueName\":\"search_term_string\"}}],\"inLanguage\":\"pt-BR\"},{\"@type\":\"Organization\",\"@id\":\"https:\\\/\\\/fieam.org.br\\\/sesi\\\/#organization\",\"name\":\"SESI\",\"url\":\"https:\\\/\\\/fieam.org.br\\\/sesi\\\/\",\"logo\":{\"@type\":\"ImageObject\",\"inLanguage\":\"pt-BR\",\"@id\":\"https:\\\/\\\/fieam.org.br\\\/sesi\\\/#\\\/schema\\\/logo\\\/image\\\/\",\"url\":\"https:\\\/\\\/fieam.org.br\\\/sesi\\\/wp-content\\\/uploads\\\/sites\\\/14\\\/2024\\\/03\\\/cropped-fav.png\",\"contentUrl\":\"https:\\\/\\\/fieam.org.br\\\/sesi\\\/wp-content\\\/uploads\\\/sites\\\/14\\\/2024\\\/03\\\/cropped-fav.png\",\"width\":610,\"height\":589,\"caption\":\"SESI\"},\"image\":{\"@id\":\"https:\\\/\\\/fieam.org.br\\\/sesi\\\/#\\\/schema\\\/logo\\\/image\\\/\"}},{\"@type\":\"Person\",\"@id\":\"https:\\\/\\\/fieam.org.br\\\/sesi\\\/#\\\/schema\\\/person\\\/f54998dd14d5f0695b41444f2b01c31e\",\"name\":\"Autor\",\"image\":{\"@type\":\"ImageObject\",\"inLanguage\":\"pt-BR\",\"@id\":\"https:\\\/\\\/secure.gravatar.com\\\/avatar\\\/3732c223e0e1fad69062a8f770955c9068d37b055204f310a0be18d4069fe380?s=96&d=mm&r=g\",\"url\":\"https:\\\/\\\/secure.gravatar.com\\\/avatar\\\/3732c223e0e1fad69062a8f770955c9068d37b055204f310a0be18d4069fe380?s=96&d=mm&r=g\",\"contentUrl\":\"https:\\\/\\\/secure.gravatar.com\\\/avatar\\\/3732c223e0e1fad69062a8f770955c9068d37b055204f310a0be18d4069fe380?s=96&d=mm&r=g\",\"caption\":\"Autor\"},\"sameAs\":[\"https:\\\/\\\/marketingmassivo.com.br\"],\"url\":\"https:\\\/\\\/fieam.org.br\\\/sesi\\\/author\\\/admin\\\/\"}]}<\/script>\n<!-- \/ Yoast SEO plugin. -->","yoast_head_json":{"title":"SESI cria comit\u00ea consultivo de seguran\u00e7a alimentar - SESI","robots":{"index":"index","follow":"follow","max-snippet":"max-snippet:-1","max-image-preview":"max-image-preview:large","max-video-preview":"max-video-preview:-1"},"canonical":"https:\/\/fieam.org.br\/sesi\/sesi-cria-comite-consultivo-de-seguranca-alimentar\/","og_locale":"pt_BR","og_type":"article","og_title":"SESI cria comit\u00ea consultivo de seguran\u00e7a alimentar - SESI","og_description":"Os membros do Conselho Nacional do SESI aprovaram a cria\u00e7\u00e3o do Comit\u00ea Consultivo de Seguran\u00e7a Alimentar e Nutricional da entidade, durante Reuni\u00e3o Ordin\u00e1ria do CN, nesta ter\u00e7a-feira (27\/3), em Bras\u00edlia (DF). O Conselho \u00e9 o \u00f3rg\u00e3o normativo do SESI e \u00e9 composto por representantes das federa\u00e7\u00f5es das ind\u00fastrias dos estados brasileiros, de centrais sindicais e [&hellip;]","og_url":"https:\/\/fieam.org.br\/sesi\/sesi-cria-comite-consultivo-de-seguranca-alimentar\/","og_site_name":"SESI","article_published_time":"2012-03-29T18:13:44+00:00","author":"Autor","twitter_card":"summary_large_image","twitter_misc":{"Escrito por":"Autor","Est. tempo de leitura":"2 minutos"},"schema":{"@context":"https:\/\/schema.org","@graph":[{"@type":"Article","@id":"https:\/\/fieam.org.br\/sesi\/sesi-cria-comite-consultivo-de-seguranca-alimentar\/#article","isPartOf":{"@id":"https:\/\/fieam.org.br\/sesi\/sesi-cria-comite-consultivo-de-seguranca-alimentar\/"},"author":{"name":"Autor","@id":"https:\/\/fieam.org.br\/sesi\/#\/schema\/person\/f54998dd14d5f0695b41444f2b01c31e"},"headline":"SESI cria comit\u00ea consultivo de seguran\u00e7a alimentar","datePublished":"2012-03-29T18:13:44+00:00","mainEntityOfPage":{"@id":"https:\/\/fieam.org.br\/sesi\/sesi-cria-comite-consultivo-de-seguranca-alimentar\/"},"wordCount":386,"commentCount":0,"publisher":{"@id":"https:\/\/fieam.org.br\/sesi\/#organization"},"articleSection":["News"],"inLanguage":"pt-BR","potentialAction":[{"@type":"CommentAction","name":"Comment","target":["https:\/\/fieam.org.br\/sesi\/sesi-cria-comite-consultivo-de-seguranca-alimentar\/#respond"]}]},{"@type":"WebPage","@id":"https:\/\/fieam.org.br\/sesi\/sesi-cria-comite-consultivo-de-seguranca-alimentar\/","url":"https:\/\/fieam.org.br\/sesi\/sesi-cria-comite-consultivo-de-seguranca-alimentar\/","name":"SESI cria comit\u00ea consultivo de seguran\u00e7a alimentar - SESI","isPartOf":{"@id":"https:\/\/fieam.org.br\/sesi\/#website"},"datePublished":"2012-03-29T18:13:44+00:00","breadcrumb":{"@id":"https:\/\/fieam.org.br\/sesi\/sesi-cria-comite-consultivo-de-seguranca-alimentar\/#breadcrumb"},"inLanguage":"pt-BR","potentialAction":[{"@type":"ReadAction","target":["https:\/\/fieam.org.br\/sesi\/sesi-cria-comite-consultivo-de-seguranca-alimentar\/"]}]},{"@type":"BreadcrumbList","@id":"https:\/\/fieam.org.br\/sesi\/sesi-cria-comite-consultivo-de-seguranca-alimentar\/#breadcrumb","itemListElement":[{"@type":"ListItem","position":1,"name":"In\u00edcio","item":"https:\/\/fieam.org.br\/sesi\/"},{"@type":"ListItem","position":2,"name":"SESI cria comit\u00ea consultivo de seguran\u00e7a alimentar"}]},{"@type":"WebSite","@id":"https:\/\/fieam.org.br\/sesi\/#website","url":"https:\/\/fieam.org.br\/sesi\/","name":"SESI","description":"Site Oficial!","publisher":{"@id":"https:\/\/fieam.org.br\/sesi\/#organization"},"potentialAction":[{"@type":"SearchAction","target":{"@type":"EntryPoint","urlTemplate":"https:\/\/fieam.org.br\/sesi\/?s={search_term_string}"},"query-input":{"@type":"PropertyValueSpecification","valueRequired":true,"valueName":"search_term_string"}}],"inLanguage":"pt-BR"},{"@type":"Organization","@id":"https:\/\/fieam.org.br\/sesi\/#organization","name":"SESI","url":"https:\/\/fieam.org.br\/sesi\/","logo":{"@type":"ImageObject","inLanguage":"pt-BR","@id":"https:\/\/fieam.org.br\/sesi\/#\/schema\/logo\/image\/","url":"https:\/\/fieam.org.br\/sesi\/wp-content\/uploads\/sites\/14\/2024\/03\/cropped-fav.png","contentUrl":"https:\/\/fieam.org.br\/sesi\/wp-content\/uploads\/sites\/14\/2024\/03\/cropped-fav.png","width":610,"height":589,"caption":"SESI"},"image":{"@id":"https:\/\/fieam.org.br\/sesi\/#\/schema\/logo\/image\/"}},{"@type":"Person","@id":"https:\/\/fieam.org.br\/sesi\/#\/schema\/person\/f54998dd14d5f0695b41444f2b01c31e","name":"Autor","image":{"@type":"ImageObject","inLanguage":"pt-BR","@id":"https:\/\/secure.gravatar.com\/avatar\/3732c223e0e1fad69062a8f770955c9068d37b055204f310a0be18d4069fe380?s=96&d=mm&r=g","url":"https:\/\/secure.gravatar.com\/avatar\/3732c223e0e1fad69062a8f770955c9068d37b055204f310a0be18d4069fe380?s=96&d=mm&r=g","contentUrl":"https:\/\/secure.gravatar.com\/avatar\/3732c223e0e1fad69062a8f770955c9068d37b055204f310a0be18d4069fe380?s=96&d=mm&r=g","caption":"Autor"},"sameAs":["https:\/\/marketingmassivo.com.br"],"url":"https:\/\/fieam.org.br\/sesi\/author\/admin\/"}]}},"_links":{"self":[{"href":"https:\/\/fieam.org.br\/sesi\/wp-json\/wp\/v2\/posts\/2752","targetHints":{"allow":["GET"]}}],"collection":[{"href":"https:\/\/fieam.org.br\/sesi\/wp-json\/wp\/v2\/posts"}],"about":[{"href":"https:\/\/fieam.org.br\/sesi\/wp-json\/wp\/v2\/types\/post"}],"author":[{"embeddable":true,"href":"https:\/\/fieam.org.br\/sesi\/wp-json\/wp\/v2\/users\/1"}],"replies":[{"embeddable":true,"href":"https:\/\/fieam.org.br\/sesi\/wp-json\/wp\/v2\/comments?post=2752"}],"version-history":[{"count":0,"href":"https:\/\/fieam.org.br\/sesi\/wp-json\/wp\/v2\/posts\/2752\/revisions"}],"wp:attachment":[{"href":"https:\/\/fieam.org.br\/sesi\/wp-json\/wp\/v2\/media?parent=2752"}],"wp:term":[{"taxonomy":"category","embeddable":true,"href":"https:\/\/fieam.org.br\/sesi\/wp-json\/wp\/v2\/categories?post=2752"},{"taxonomy":"post_tag","embeddable":true,"href":"https:\/\/fieam.org.br\/sesi\/wp-json\/wp\/v2\/tags?post=2752"}],"curies":[{"name":"wp","href":"https:\/\/api.w.org\/{rel}","templated":true}]}}