{"id":2746,"date":"2012-03-27T15:05:56","date_gmt":"2012-03-27T15:05:56","guid":{"rendered":"http:\/\/www.fieam.org.br\/site\/sesi\/?p=2746"},"modified":"2012-03-27T15:05:56","modified_gmt":"2012-03-27T15:05:56","slug":"educador-recomenda-dialogo-diario-com-os-filhos","status":"publish","type":"post","link":"https:\/\/fieam.org.br\/sesi\/educador-recomenda-dialogo-diario-com-os-filhos\/","title":{"rendered":"Educador recomenda di\u00e1logo di\u00e1rio com os filhos"},"content":{"rendered":"<figure id=\"attachment_2749\" aria-describedby=\"caption-attachment-2749\" style=\"width: 251px\" class=\"wp-caption alignleft\"><a href=\"http:\/\/www.fieam.org.br\/site\/sesi\/files\/2012\/03\/Rui-C%C3%A9sar-educador-da-Funda%C3%A7%C3%A3o-Pit%C3%A1goras-2.jpg\"><img decoding=\"async\" class=\"size-medium wp-image-2749 \" src=\"http:\/\/www.fieam.org.br\/site\/sesi\/files\/2012\/03\/Rui-C%C3%A9sar-educador-da-Funda%C3%A7%C3%A3o-Pit%C3%A1goras-2-300x202.jpg\" alt=\"Rui C\u00e9sar, educador da Funda\u00e7\u00e3o Pit\u00e1goras 2\" width=\"251\" height=\"169\" \/><\/a><figcaption id=\"caption-attachment-2749\" class=\"wp-caption-text\">Rui C\u00e9sar, educador da Funda\u00e7\u00e3o Pit\u00e1goras 2<\/figcaption><\/figure>\n<p>\u201cA fam\u00edlia precisa compreender que tem papel fundamental como educadora. \u00c9 preciso que os pais tenham di\u00e1logo di\u00e1rio de pelo menos cinco minutos com os filhos\u201d.<\/p>\n<p>Assim afirmou o educador da <a href=\"http:\/\/www.fundacaopitagoras.com.br\/\" target=\"_blank\" rel=\"noopener\">Funda\u00e7\u00e3o Pit\u00e1goras de Ensino<\/a>, Rui C\u00e9sar Rezende, em semin\u00e1rio para 160 pais de alunos da <a href=\"..\/educacao-cria\/\" target=\"_blank\" rel=\"noopener\">Unidade de Educa\u00e7\u00e3o \u201cDavid N\u00f3voa\u201d<\/a>, do <a href=\"..\/institucional\/\" target=\"_blank\" rel=\"noopener\">Servi\u00e7o Social da Ind\u00fastria (SESI)<\/a>, no Centro de Conviv\u00eancia do Idoso, no munic\u00edpio de Iranduba, a 37 quil\u00f4metros de Manaus.<\/p>\n<p>Para Rui C\u00e9sar, os pais devem preparar os filhos para superar os desafios e que n\u00e3o basta prover a casa de bens materiais. Ele observa que a casa deve ser um ambiente educador com cada membro cumprindo o seu papel. \u201cA crian\u00e7a precisa de aten\u00e7\u00e3o para fortalecer a sua autoestima\u201d, disse.<\/p>\n<p>Rui falou tamb\u00e9m da import\u00e2ncia de saber ouvir e olhar os filhos, al\u00e9m de respeitar as diferen\u00e7as. De acordo com Rezende, a educa\u00e7\u00e3o \u00e9 o melhor caminho para preparar os filhos para o futuro, e que o Brasil vai oferecer nas pr\u00f3ximas d\u00e9cadas muitas oportunidades de trabalho. O mundo exige profissionais motivados, que saibam trabalhar em grupo e que tenham capacidade de adaptar-se \u00e0s mudan\u00e7as.<\/p>\n<p>Segundo, o educador, as novas gera\u00e7\u00f5es devem viver mais e que a tend\u00eancia do homem, \u00e9 de viver em m\u00e9dia cem anos, mas \u00e9 preciso ter a percep\u00e7\u00e3o do tempo para que se tenha uma vis\u00e3o do que acontece em nossa volta, destacando a import\u00e2ncia de se planejar. Ele disse que o melhor legado que pais podem deixar para os filhos \u00e9 a educa\u00e7\u00e3o.<\/p>\n<figure id=\"attachment_2748\" aria-describedby=\"caption-attachment-2748\" style=\"width: 246px\" class=\"wp-caption alignleft\"><a href=\"http:\/\/www.fieam.org.br\/site\/sesi\/files\/2012\/03\/Rita-de-C%C3%A1ssia-gerentede-educa%C3%A7%C3%A3o-CRIA.jpg\"><img fetchpriority=\"high\" decoding=\"async\" class=\"size-medium wp-image-2748 \" src=\"http:\/\/www.fieam.org.br\/site\/sesi\/files\/2012\/03\/Rita-de-C%C3%A1ssia-gerentede-educa%C3%A7%C3%A3o-CRIA-300x252.jpg\" alt=\"Rita de C\u00e1ssia, gerentede educa\u00e7\u00e3o (CRIA)\" width=\"246\" height=\"207\" \/><\/a><figcaption id=\"caption-attachment-2748\" class=\"wp-caption-text\">Rita de C\u00e1ssia, gerentede educa\u00e7\u00e3o (CRIA)<\/figcaption><\/figure>\n<p>A gerente de Educa\u00e7\u00e3o da Unidade David N\u00f3voa, Maria de Lourdes Queiroz, disse que a Unidade 9 realiza h\u00e1 oito anos o Semin\u00e1rio de Pais, com objetivo de fortalecer a integra\u00e7\u00e3o entre\u00a0 escola e fam\u00edlia, al\u00e9m de proporcionar aos pais de alunos conhecimentos que v\u00e3o ajudar na educa\u00e7\u00e3o de seus filhos. A Unidade David N\u00f3voa beneficia cerca de 300 alunos com idade entre 3 e 5 anos com Ensino de Educa\u00e7\u00e3o Infantil.<\/p>\n<p>A gerente de Educa\u00e7\u00e3o de Crian\u00e7as e Adolescentes do SESI, Rita de C\u00e1ssia Telles, disse que o semin\u00e1rio faz parte das propostas do SESI de elevar a qualidade de ensino de seus alunos destacando a import\u00e2ncia da integra\u00e7\u00e3o entre escola e fam\u00edlia na constru\u00e7\u00e3o de um ensino voltado para a forma\u00e7\u00e3o da cidadania.<\/p>\n","protected":false},"excerpt":{"rendered":"<p>\u201cA fam\u00edlia precisa compreender que tem papel fundamental como educadora. \u00c9 preciso que os pais tenham di\u00e1logo di\u00e1rio de pelo menos cinco minutos com os filhos\u201d. Assim afirmou o educador da Funda\u00e7\u00e3o Pit\u00e1goras de Ensino, Rui C\u00e9sar Rezende, em semin\u00e1rio para 160 pais de alunos da Unidade de Educa\u00e7\u00e3o \u201cDavid N\u00f3voa\u201d, do Servi\u00e7o Social da [&hellip;]<\/p>\n","protected":false},"author":1,"featured_media":0,"comment_status":"open","ping_status":"open","sticky":false,"template":"","format":"standard","meta":{"footnotes":""},"categories":[25],"tags":[],"class_list":["post-2746","post","type-post","status-publish","format-standard","hentry","category-news"],"yoast_head":"<!-- This site is optimized with the Yoast SEO plugin v28.2 - https:\/\/yoast.com\/product\/yoast-seo-wordpress\/ -->\n<title>Educador recomenda di\u00e1logo di\u00e1rio com os filhos - SESI<\/title>\n<meta name=\"robots\" content=\"index, follow, max-snippet:-1, max-image-preview:large, max-video-preview:-1\" \/>\n<link rel=\"canonical\" href=\"https:\/\/fieam.org.br\/sesi\/educador-recomenda-dialogo-diario-com-os-filhos\/\" \/>\n<meta property=\"og:locale\" content=\"pt_BR\" \/>\n<meta property=\"og:type\" content=\"article\" \/>\n<meta property=\"og:title\" content=\"Educador recomenda di\u00e1logo di\u00e1rio com os filhos - SESI\" \/>\n<meta property=\"og:description\" content=\"\u201cA fam\u00edlia precisa compreender que tem papel fundamental como educadora. \u00c9 preciso que os pais tenham di\u00e1logo di\u00e1rio de pelo menos cinco minutos com os filhos\u201d. Assim afirmou o educador da Funda\u00e7\u00e3o Pit\u00e1goras de Ensino, Rui C\u00e9sar Rezende, em semin\u00e1rio para 160 pais de alunos da Unidade de Educa\u00e7\u00e3o \u201cDavid N\u00f3voa\u201d, do Servi\u00e7o Social da [&hellip;]\" \/>\n<meta property=\"og:url\" content=\"https:\/\/fieam.org.br\/sesi\/educador-recomenda-dialogo-diario-com-os-filhos\/\" \/>\n<meta property=\"og:site_name\" content=\"SESI\" \/>\n<meta property=\"article:published_time\" content=\"2012-03-27T15:05:56+00:00\" \/>\n<meta name=\"author\" content=\"Autor\" \/>\n<meta name=\"twitter:card\" content=\"summary_large_image\" \/>\n<meta name=\"twitter:label1\" content=\"Escrito por\" \/>\n\t<meta name=\"twitter:data1\" content=\"Autor\" \/>\n\t<meta name=\"twitter:label2\" content=\"Est. tempo de leitura\" \/>\n\t<meta name=\"twitter:data2\" content=\"2 minutos\" \/>\n<script type=\"application\/ld+json\" class=\"yoast-schema-graph\">{\"@context\":\"https:\\\/\\\/schema.org\",\"@graph\":[{\"@type\":\"Article\",\"@id\":\"https:\\\/\\\/fieam.org.br\\\/sesi\\\/educador-recomenda-dialogo-diario-com-os-filhos\\\/#article\",\"isPartOf\":{\"@id\":\"https:\\\/\\\/fieam.org.br\\\/sesi\\\/educador-recomenda-dialogo-diario-com-os-filhos\\\/\"},\"author\":{\"name\":\"Autor\",\"@id\":\"https:\\\/\\\/fieam.org.br\\\/sesi\\\/#\\\/schema\\\/person\\\/f54998dd14d5f0695b41444f2b01c31e\"},\"headline\":\"Educador recomenda di\u00e1logo di\u00e1rio com os filhos\",\"datePublished\":\"2012-03-27T15:05:56+00:00\",\"mainEntityOfPage\":{\"@id\":\"https:\\\/\\\/fieam.org.br\\\/sesi\\\/educador-recomenda-dialogo-diario-com-os-filhos\\\/\"},\"wordCount\":460,\"commentCount\":0,\"publisher\":{\"@id\":\"https:\\\/\\\/fieam.org.br\\\/sesi\\\/#organization\"},\"image\":{\"@id\":\"https:\\\/\\\/fieam.org.br\\\/sesi\\\/educador-recomenda-dialogo-diario-com-os-filhos\\\/#primaryimage\"},\"thumbnailUrl\":\"http:\\\/\\\/www.fieam.org.br\\\/site\\\/sesi\\\/files\\\/2012\\\/03\\\/Rui-C%C3%A9sar-educador-da-Funda%C3%A7%C3%A3o-Pit%C3%A1goras-2-300x202.jpg\",\"articleSection\":[\"News\"],\"inLanguage\":\"pt-BR\",\"potentialAction\":[{\"@type\":\"CommentAction\",\"name\":\"Comment\",\"target\":[\"https:\\\/\\\/fieam.org.br\\\/sesi\\\/educador-recomenda-dialogo-diario-com-os-filhos\\\/#respond\"]}]},{\"@type\":\"WebPage\",\"@id\":\"https:\\\/\\\/fieam.org.br\\\/sesi\\\/educador-recomenda-dialogo-diario-com-os-filhos\\\/\",\"url\":\"https:\\\/\\\/fieam.org.br\\\/sesi\\\/educador-recomenda-dialogo-diario-com-os-filhos\\\/\",\"name\":\"Educador recomenda di\u00e1logo di\u00e1rio com os filhos - SESI\",\"isPartOf\":{\"@id\":\"https:\\\/\\\/fieam.org.br\\\/sesi\\\/#website\"},\"primaryImageOfPage\":{\"@id\":\"https:\\\/\\\/fieam.org.br\\\/sesi\\\/educador-recomenda-dialogo-diario-com-os-filhos\\\/#primaryimage\"},\"image\":{\"@id\":\"https:\\\/\\\/fieam.org.br\\\/sesi\\\/educador-recomenda-dialogo-diario-com-os-filhos\\\/#primaryimage\"},\"thumbnailUrl\":\"http:\\\/\\\/www.fieam.org.br\\\/site\\\/sesi\\\/files\\\/2012\\\/03\\\/Rui-C%C3%A9sar-educador-da-Funda%C3%A7%C3%A3o-Pit%C3%A1goras-2-300x202.jpg\",\"datePublished\":\"2012-03-27T15:05:56+00:00\",\"breadcrumb\":{\"@id\":\"https:\\\/\\\/fieam.org.br\\\/sesi\\\/educador-recomenda-dialogo-diario-com-os-filhos\\\/#breadcrumb\"},\"inLanguage\":\"pt-BR\",\"potentialAction\":[{\"@type\":\"ReadAction\",\"target\":[\"https:\\\/\\\/fieam.org.br\\\/sesi\\\/educador-recomenda-dialogo-diario-com-os-filhos\\\/\"]}]},{\"@type\":\"ImageObject\",\"inLanguage\":\"pt-BR\",\"@id\":\"https:\\\/\\\/fieam.org.br\\\/sesi\\\/educador-recomenda-dialogo-diario-com-os-filhos\\\/#primaryimage\",\"url\":\"http:\\\/\\\/www.fieam.org.br\\\/site\\\/sesi\\\/files\\\/2012\\\/03\\\/Rui-C%C3%A9sar-educador-da-Funda%C3%A7%C3%A3o-Pit%C3%A1goras-2-300x202.jpg\",\"contentUrl\":\"http:\\\/\\\/www.fieam.org.br\\\/site\\\/sesi\\\/files\\\/2012\\\/03\\\/Rui-C%C3%A9sar-educador-da-Funda%C3%A7%C3%A3o-Pit%C3%A1goras-2-300x202.jpg\"},{\"@type\":\"BreadcrumbList\",\"@id\":\"https:\\\/\\\/fieam.org.br\\\/sesi\\\/educador-recomenda-dialogo-diario-com-os-filhos\\\/#breadcrumb\",\"itemListElement\":[{\"@type\":\"ListItem\",\"position\":1,\"name\":\"In\u00edcio\",\"item\":\"https:\\\/\\\/fieam.org.br\\\/sesi\\\/\"},{\"@type\":\"ListItem\",\"position\":2,\"name\":\"Educador recomenda di\u00e1logo di\u00e1rio com os filhos\"}]},{\"@type\":\"WebSite\",\"@id\":\"https:\\\/\\\/fieam.org.br\\\/sesi\\\/#website\",\"url\":\"https:\\\/\\\/fieam.org.br\\\/sesi\\\/\",\"name\":\"SESI\",\"description\":\"Site Oficial!\",\"publisher\":{\"@id\":\"https:\\\/\\\/fieam.org.br\\\/sesi\\\/#organization\"},\"potentialAction\":[{\"@type\":\"SearchAction\",\"target\":{\"@type\":\"EntryPoint\",\"urlTemplate\":\"https:\\\/\\\/fieam.org.br\\\/sesi\\\/?s={search_term_string}\"},\"query-input\":{\"@type\":\"PropertyValueSpecification\",\"valueRequired\":true,\"valueName\":\"search_term_string\"}}],\"inLanguage\":\"pt-BR\"},{\"@type\":\"Organization\",\"@id\":\"https:\\\/\\\/fieam.org.br\\\/sesi\\\/#organization\",\"name\":\"SESI\",\"url\":\"https:\\\/\\\/fieam.org.br\\\/sesi\\\/\",\"logo\":{\"@type\":\"ImageObject\",\"inLanguage\":\"pt-BR\",\"@id\":\"https:\\\/\\\/fieam.org.br\\\/sesi\\\/#\\\/schema\\\/logo\\\/image\\\/\",\"url\":\"https:\\\/\\\/fieam.org.br\\\/sesi\\\/wp-content\\\/uploads\\\/sites\\\/14\\\/2024\\\/03\\\/cropped-fav.png\",\"contentUrl\":\"https:\\\/\\\/fieam.org.br\\\/sesi\\\/wp-content\\\/uploads\\\/sites\\\/14\\\/2024\\\/03\\\/cropped-fav.png\",\"width\":610,\"height\":589,\"caption\":\"SESI\"},\"image\":{\"@id\":\"https:\\\/\\\/fieam.org.br\\\/sesi\\\/#\\\/schema\\\/logo\\\/image\\\/\"}},{\"@type\":\"Person\",\"@id\":\"https:\\\/\\\/fieam.org.br\\\/sesi\\\/#\\\/schema\\\/person\\\/f54998dd14d5f0695b41444f2b01c31e\",\"name\":\"Autor\",\"image\":{\"@type\":\"ImageObject\",\"inLanguage\":\"pt-BR\",\"@id\":\"https:\\\/\\\/secure.gravatar.com\\\/avatar\\\/3732c223e0e1fad69062a8f770955c9068d37b055204f310a0be18d4069fe380?s=96&d=mm&r=g\",\"url\":\"https:\\\/\\\/secure.gravatar.com\\\/avatar\\\/3732c223e0e1fad69062a8f770955c9068d37b055204f310a0be18d4069fe380?s=96&d=mm&r=g\",\"contentUrl\":\"https:\\\/\\\/secure.gravatar.com\\\/avatar\\\/3732c223e0e1fad69062a8f770955c9068d37b055204f310a0be18d4069fe380?s=96&d=mm&r=g\",\"caption\":\"Autor\"},\"sameAs\":[\"https:\\\/\\\/marketingmassivo.com.br\"],\"url\":\"https:\\\/\\\/fieam.org.br\\\/sesi\\\/author\\\/admin\\\/\"}]}<\/script>\n<!-- \/ Yoast SEO plugin. -->","yoast_head_json":{"title":"Educador recomenda di\u00e1logo di\u00e1rio com os filhos - SESI","robots":{"index":"index","follow":"follow","max-snippet":"max-snippet:-1","max-image-preview":"max-image-preview:large","max-video-preview":"max-video-preview:-1"},"canonical":"https:\/\/fieam.org.br\/sesi\/educador-recomenda-dialogo-diario-com-os-filhos\/","og_locale":"pt_BR","og_type":"article","og_title":"Educador recomenda di\u00e1logo di\u00e1rio com os filhos - SESI","og_description":"\u201cA fam\u00edlia precisa compreender que tem papel fundamental como educadora. \u00c9 preciso que os pais tenham di\u00e1logo di\u00e1rio de pelo menos cinco minutos com os filhos\u201d. Assim afirmou o educador da Funda\u00e7\u00e3o Pit\u00e1goras de Ensino, Rui C\u00e9sar Rezende, em semin\u00e1rio para 160 pais de alunos da Unidade de Educa\u00e7\u00e3o \u201cDavid N\u00f3voa\u201d, do Servi\u00e7o Social da [&hellip;]","og_url":"https:\/\/fieam.org.br\/sesi\/educador-recomenda-dialogo-diario-com-os-filhos\/","og_site_name":"SESI","article_published_time":"2012-03-27T15:05:56+00:00","author":"Autor","twitter_card":"summary_large_image","twitter_misc":{"Escrito por":"Autor","Est. tempo de leitura":"2 minutos"},"schema":{"@context":"https:\/\/schema.org","@graph":[{"@type":"Article","@id":"https:\/\/fieam.org.br\/sesi\/educador-recomenda-dialogo-diario-com-os-filhos\/#article","isPartOf":{"@id":"https:\/\/fieam.org.br\/sesi\/educador-recomenda-dialogo-diario-com-os-filhos\/"},"author":{"name":"Autor","@id":"https:\/\/fieam.org.br\/sesi\/#\/schema\/person\/f54998dd14d5f0695b41444f2b01c31e"},"headline":"Educador recomenda di\u00e1logo di\u00e1rio com os filhos","datePublished":"2012-03-27T15:05:56+00:00","mainEntityOfPage":{"@id":"https:\/\/fieam.org.br\/sesi\/educador-recomenda-dialogo-diario-com-os-filhos\/"},"wordCount":460,"commentCount":0,"publisher":{"@id":"https:\/\/fieam.org.br\/sesi\/#organization"},"image":{"@id":"https:\/\/fieam.org.br\/sesi\/educador-recomenda-dialogo-diario-com-os-filhos\/#primaryimage"},"thumbnailUrl":"http:\/\/www.fieam.org.br\/site\/sesi\/files\/2012\/03\/Rui-C%C3%A9sar-educador-da-Funda%C3%A7%C3%A3o-Pit%C3%A1goras-2-300x202.jpg","articleSection":["News"],"inLanguage":"pt-BR","potentialAction":[{"@type":"CommentAction","name":"Comment","target":["https:\/\/fieam.org.br\/sesi\/educador-recomenda-dialogo-diario-com-os-filhos\/#respond"]}]},{"@type":"WebPage","@id":"https:\/\/fieam.org.br\/sesi\/educador-recomenda-dialogo-diario-com-os-filhos\/","url":"https:\/\/fieam.org.br\/sesi\/educador-recomenda-dialogo-diario-com-os-filhos\/","name":"Educador recomenda di\u00e1logo di\u00e1rio com os filhos - SESI","isPartOf":{"@id":"https:\/\/fieam.org.br\/sesi\/#website"},"primaryImageOfPage":{"@id":"https:\/\/fieam.org.br\/sesi\/educador-recomenda-dialogo-diario-com-os-filhos\/#primaryimage"},"image":{"@id":"https:\/\/fieam.org.br\/sesi\/educador-recomenda-dialogo-diario-com-os-filhos\/#primaryimage"},"thumbnailUrl":"http:\/\/www.fieam.org.br\/site\/sesi\/files\/2012\/03\/Rui-C%C3%A9sar-educador-da-Funda%C3%A7%C3%A3o-Pit%C3%A1goras-2-300x202.jpg","datePublished":"2012-03-27T15:05:56+00:00","breadcrumb":{"@id":"https:\/\/fieam.org.br\/sesi\/educador-recomenda-dialogo-diario-com-os-filhos\/#breadcrumb"},"inLanguage":"pt-BR","potentialAction":[{"@type":"ReadAction","target":["https:\/\/fieam.org.br\/sesi\/educador-recomenda-dialogo-diario-com-os-filhos\/"]}]},{"@type":"ImageObject","inLanguage":"pt-BR","@id":"https:\/\/fieam.org.br\/sesi\/educador-recomenda-dialogo-diario-com-os-filhos\/#primaryimage","url":"http:\/\/www.fieam.org.br\/site\/sesi\/files\/2012\/03\/Rui-C%C3%A9sar-educador-da-Funda%C3%A7%C3%A3o-Pit%C3%A1goras-2-300x202.jpg","contentUrl":"http:\/\/www.fieam.org.br\/site\/sesi\/files\/2012\/03\/Rui-C%C3%A9sar-educador-da-Funda%C3%A7%C3%A3o-Pit%C3%A1goras-2-300x202.jpg"},{"@type":"BreadcrumbList","@id":"https:\/\/fieam.org.br\/sesi\/educador-recomenda-dialogo-diario-com-os-filhos\/#breadcrumb","itemListElement":[{"@type":"ListItem","position":1,"name":"In\u00edcio","item":"https:\/\/fieam.org.br\/sesi\/"},{"@type":"ListItem","position":2,"name":"Educador recomenda di\u00e1logo di\u00e1rio com os filhos"}]},{"@type":"WebSite","@id":"https:\/\/fieam.org.br\/sesi\/#website","url":"https:\/\/fieam.org.br\/sesi\/","name":"SESI","description":"Site Oficial!","publisher":{"@id":"https:\/\/fieam.org.br\/sesi\/#organization"},"potentialAction":[{"@type":"SearchAction","target":{"@type":"EntryPoint","urlTemplate":"https:\/\/fieam.org.br\/sesi\/?s={search_term_string}"},"query-input":{"@type":"PropertyValueSpecification","valueRequired":true,"valueName":"search_term_string"}}],"inLanguage":"pt-BR"},{"@type":"Organization","@id":"https:\/\/fieam.org.br\/sesi\/#organization","name":"SESI","url":"https:\/\/fieam.org.br\/sesi\/","logo":{"@type":"ImageObject","inLanguage":"pt-BR","@id":"https:\/\/fieam.org.br\/sesi\/#\/schema\/logo\/image\/","url":"https:\/\/fieam.org.br\/sesi\/wp-content\/uploads\/sites\/14\/2024\/03\/cropped-fav.png","contentUrl":"https:\/\/fieam.org.br\/sesi\/wp-content\/uploads\/sites\/14\/2024\/03\/cropped-fav.png","width":610,"height":589,"caption":"SESI"},"image":{"@id":"https:\/\/fieam.org.br\/sesi\/#\/schema\/logo\/image\/"}},{"@type":"Person","@id":"https:\/\/fieam.org.br\/sesi\/#\/schema\/person\/f54998dd14d5f0695b41444f2b01c31e","name":"Autor","image":{"@type":"ImageObject","inLanguage":"pt-BR","@id":"https:\/\/secure.gravatar.com\/avatar\/3732c223e0e1fad69062a8f770955c9068d37b055204f310a0be18d4069fe380?s=96&d=mm&r=g","url":"https:\/\/secure.gravatar.com\/avatar\/3732c223e0e1fad69062a8f770955c9068d37b055204f310a0be18d4069fe380?s=96&d=mm&r=g","contentUrl":"https:\/\/secure.gravatar.com\/avatar\/3732c223e0e1fad69062a8f770955c9068d37b055204f310a0be18d4069fe380?s=96&d=mm&r=g","caption":"Autor"},"sameAs":["https:\/\/marketingmassivo.com.br"],"url":"https:\/\/fieam.org.br\/sesi\/author\/admin\/"}]}},"_links":{"self":[{"href":"https:\/\/fieam.org.br\/sesi\/wp-json\/wp\/v2\/posts\/2746","targetHints":{"allow":["GET"]}}],"collection":[{"href":"https:\/\/fieam.org.br\/sesi\/wp-json\/wp\/v2\/posts"}],"about":[{"href":"https:\/\/fieam.org.br\/sesi\/wp-json\/wp\/v2\/types\/post"}],"author":[{"embeddable":true,"href":"https:\/\/fieam.org.br\/sesi\/wp-json\/wp\/v2\/users\/1"}],"replies":[{"embeddable":true,"href":"https:\/\/fieam.org.br\/sesi\/wp-json\/wp\/v2\/comments?post=2746"}],"version-history":[{"count":0,"href":"https:\/\/fieam.org.br\/sesi\/wp-json\/wp\/v2\/posts\/2746\/revisions"}],"wp:attachment":[{"href":"https:\/\/fieam.org.br\/sesi\/wp-json\/wp\/v2\/media?parent=2746"}],"wp:term":[{"taxonomy":"category","embeddable":true,"href":"https:\/\/fieam.org.br\/sesi\/wp-json\/wp\/v2\/categories?post=2746"},{"taxonomy":"post_tag","embeddable":true,"href":"https:\/\/fieam.org.br\/sesi\/wp-json\/wp\/v2\/tags?post=2746"}],"curies":[{"name":"wp","href":"https:\/\/api.w.org\/{rel}","templated":true}]}}