{"id":2715,"date":"2012-03-22T11:42:04","date_gmt":"2012-03-22T11:42:04","guid":{"rendered":"http:\/\/www.fieam.org.br\/site\/sesi\/?p=2715"},"modified":"2012-03-22T11:42:04","modified_gmt":"2012-03-22T11:42:04","slug":"inscricoes-para-o-gpa-brasil-premio-de-sustentabilidade-acabam-dia-30","status":"publish","type":"post","link":"https:\/\/fieam.org.br\/sesi\/inscricoes-para-o-gpa-brasil-premio-de-sustentabilidade-acabam-dia-30\/","title":{"rendered":"Inscri\u00e7\u00f5es para o GPA Brasil, pr\u00eamio de sustentabilidade, acabam dia 30"},"content":{"rendered":"<div>\n<p><strong>Bras\u00edlia (21.03.12) \u2013 <\/strong>As ind\u00fastrias que executam projetos de sustentabilidade social, econ\u00f4mica ou ambiental t\u00eam at\u00e9 o pr\u00f3ximo dia 30 de mar\u00e7o para se inscrever na edi\u00e7\u00e3o nacional do <a href=\"http:\/\/www.greenprojectawards.pt\/\" target=\"_blank\" rel=\"noopener\">Green Project Awards (GPA)<\/a>, certifica\u00e7\u00e3o de reconhecimento internacional. As empresas podem participar da categoria Produtos e Servi\u00e7os, cuja comiss\u00e3o julgadora \u00e9 coordenada pela <a href=\"http:\/\/www.cni.org.br\/\" target=\"_blank\" rel=\"noopener\">Confedera\u00e7\u00e3o Nacional da Ind\u00fastria (CNI).<\/a> As outras modalidades s\u00e3o Iniciativa Jovem, Pesquisa e Desenvolvimento e Campanha de Mobiliza\u00e7\u00e3o.<\/p>\n<p>Criado e j\u00e1 consolidado em Portugal, o GPA chega pela primeira vez ao Brasil com a proposta de incentivar o interesse da sociedade civil, governos e empres\u00e1rios pela sustentabilidade, como explica Jos\u00e9 Manuel Costa, presidente da consultoria lusa GCI, idealizadora do pr\u00eamio. \u201cO GPA tem o objetivo de criar um movimento de discuss\u00e3o para o desenvolvimento sustent\u00e1vel. A categoria voltada para as ind\u00fastrias pretende incentiv\u00e1-las a promover a sustentabilidade, de modo a que incorporem nas suas cadeias de valores as quest\u00f5es sociais e econ\u00f4micas e o respeito pelo meio ambiente\u201d, assinala Costa.<\/p>\n<p>Previsto para ser entregue durante a confer\u00eancia <a href=\"http:\/\/www.onu.org.br\/tema\/rio20\/\" target=\"_blank\" rel=\"noopener\">Rio + 20<\/a>, em junho, o pr\u00eamio oferece aos vencedores de cada categoria certifica\u00e7\u00f5es de boas pr\u00e1ticas. \u201cN\u00f3s costumamos dizer que o GPA s\u00f3 tem um pr\u00eamio m\u00e1ximo, que \u00e9 a cria\u00e7\u00e3o de uma mobiliza\u00e7\u00e3o, de um efeito replicador dessas iniciativas. Esse \u00e9 o nosso maior objetivo\u201d, ressalta o presidente da GCI.<\/p>\n<p>Al\u00e9m da GCI e CNI, o pr\u00eamio \u00e9 promovido, no Brasil, pelo <a href=\"http:\/\/www.int.gov.br\/\" target=\"_blank\" rel=\"noopener\">Instituto Nacional de Tecnologia (INT)<\/a>, vinculado ao <a href=\"http:\/\/www.mct.gov.br\/\" target=\"_blank\" rel=\"noopener\">Minist\u00e9rio da Ci\u00eancia, Tecnologia e Inova\u00e7\u00e3o,<\/a> e tem o apoio do <a href=\"http:\/\/www.mma.gov.br\/\" target=\"_blank\" rel=\"noopener\">Minist\u00e9rio do Meio Ambiente<\/a> e da <a href=\"http:\/\/www.rio.rj.gov.br\/\" target=\"_blank\" rel=\"noopener\">prefeitura do Rio de Janeiro<\/a>. A auditoria do pr\u00eamio ser\u00e1 realizada pela <a href=\"http:\/\/www.kpmg.com\/br\/pt\/paginas\/default.aspx\" target=\"_blank\" rel=\"noopener\">empresa KPMG<\/a>. Mais informa\u00e7\u00f5es sobre o <a href=\"http:\/\/www.gpabrasil.com.br\/\" target=\"_blank\" rel=\"noopener\">GPA Brasil<\/a> podem ser obtidas no site <a href=\"http:\/\/www.gpabrail.com.br\/\" target=\"_blank\" rel=\"noopener\">www.gpabrail.com.br<\/a>.<\/p>\n<p>&nbsp;<\/p>\n<p><strong>Diretoria de Comunica\u00e7\u00e3o<br \/>\nSistema Ind\u00fastria (CNI SESI SENAI IEL)<\/strong><br \/>\nTel: (61) 3317-9578 \/ 9562 \/ 8917 \/ 9806 \/ 9825<br \/>\nE-mail: <a href=\"mailto:imprensa@cni.org.br\" target=\"_blank\" rel=\"noopener\">imprensa@cni.org.br<\/a><br \/>\n<a href=\"http:\/\/www.agenciacni.org.br\/\" target=\"_blank\" rel=\"noopener\">http:\/\/www.agenciacni.org.br<\/a><br \/>\nFotos: <a href=\"http:\/\/www.bancodemidia.cni.org.br\/\" target=\"_blank\" rel=\"noopener\">http:\/\/www.bancodemidia.cni.org.br<\/a><br \/>\n<a href=\"http:\/\/www.twitter.com\/JornalismoCNI\" target=\"_blank\" rel=\"noopener\">http:\/\/www.twitter.com\/JornalismoCNI<\/a><\/p>\n<\/div>\n","protected":false},"excerpt":{"rendered":"<p>Bras\u00edlia (21.03.12) \u2013 As ind\u00fastrias que executam projetos de sustentabilidade social, econ\u00f4mica ou ambiental t\u00eam at\u00e9 o pr\u00f3ximo dia 30 de mar\u00e7o para se inscrever na edi\u00e7\u00e3o nacional do Green Project Awards (GPA), certifica\u00e7\u00e3o de reconhecimento internacional. As empresas podem participar da categoria Produtos e Servi\u00e7os, cuja comiss\u00e3o julgadora \u00e9 coordenada pela Confedera\u00e7\u00e3o Nacional da [&hellip;]<\/p>\n","protected":false},"author":1,"featured_media":0,"comment_status":"open","ping_status":"open","sticky":false,"template":"","format":"standard","meta":{"footnotes":""},"categories":[25],"tags":[],"class_list":["post-2715","post","type-post","status-publish","format-standard","hentry","category-news"],"yoast_head":"<!-- This site is optimized with the Yoast SEO plugin v28.2 - https:\/\/yoast.com\/product\/yoast-seo-wordpress\/ -->\n<title>Inscri\u00e7\u00f5es para o GPA Brasil, pr\u00eamio de sustentabilidade, acabam dia 30 - SESI<\/title>\n<meta name=\"robots\" content=\"index, follow, max-snippet:-1, max-image-preview:large, max-video-preview:-1\" \/>\n<link rel=\"canonical\" href=\"https:\/\/fieam.org.br\/sesi\/inscricoes-para-o-gpa-brasil-premio-de-sustentabilidade-acabam-dia-30\/\" \/>\n<meta property=\"og:locale\" content=\"pt_BR\" \/>\n<meta property=\"og:type\" content=\"article\" \/>\n<meta property=\"og:title\" content=\"Inscri\u00e7\u00f5es para o GPA Brasil, pr\u00eamio de sustentabilidade, acabam dia 30 - SESI\" \/>\n<meta property=\"og:description\" content=\"Bras\u00edlia (21.03.12) \u2013 As ind\u00fastrias que executam projetos de sustentabilidade social, econ\u00f4mica ou ambiental t\u00eam at\u00e9 o pr\u00f3ximo dia 30 de mar\u00e7o para se inscrever na edi\u00e7\u00e3o nacional do Green Project Awards (GPA), certifica\u00e7\u00e3o de reconhecimento internacional. As empresas podem participar da categoria Produtos e Servi\u00e7os, cuja comiss\u00e3o julgadora \u00e9 coordenada pela Confedera\u00e7\u00e3o Nacional da [&hellip;]\" \/>\n<meta property=\"og:url\" content=\"https:\/\/fieam.org.br\/sesi\/inscricoes-para-o-gpa-brasil-premio-de-sustentabilidade-acabam-dia-30\/\" \/>\n<meta property=\"og:site_name\" content=\"SESI\" \/>\n<meta property=\"article:published_time\" content=\"2012-03-22T11:42:04+00:00\" \/>\n<meta name=\"author\" content=\"Autor\" \/>\n<meta name=\"twitter:card\" content=\"summary_large_image\" \/>\n<meta name=\"twitter:label1\" content=\"Escrito por\" \/>\n\t<meta name=\"twitter:data1\" content=\"Autor\" \/>\n\t<meta name=\"twitter:label2\" content=\"Est. tempo de leitura\" \/>\n\t<meta name=\"twitter:data2\" content=\"2 minutos\" \/>\n<script type=\"application\/ld+json\" class=\"yoast-schema-graph\">{\"@context\":\"https:\\\/\\\/schema.org\",\"@graph\":[{\"@type\":\"Article\",\"@id\":\"https:\\\/\\\/fieam.org.br\\\/sesi\\\/inscricoes-para-o-gpa-brasil-premio-de-sustentabilidade-acabam-dia-30\\\/#article\",\"isPartOf\":{\"@id\":\"https:\\\/\\\/fieam.org.br\\\/sesi\\\/inscricoes-para-o-gpa-brasil-premio-de-sustentabilidade-acabam-dia-30\\\/\"},\"author\":{\"name\":\"Autor\",\"@id\":\"https:\\\/\\\/fieam.org.br\\\/sesi\\\/#\\\/schema\\\/person\\\/f54998dd14d5f0695b41444f2b01c31e\"},\"headline\":\"Inscri\u00e7\u00f5es para o GPA Brasil, pr\u00eamio de sustentabilidade, acabam dia 30\",\"datePublished\":\"2012-03-22T11:42:04+00:00\",\"mainEntityOfPage\":{\"@id\":\"https:\\\/\\\/fieam.org.br\\\/sesi\\\/inscricoes-para-o-gpa-brasil-premio-de-sustentabilidade-acabam-dia-30\\\/\"},\"wordCount\":364,\"commentCount\":0,\"publisher\":{\"@id\":\"https:\\\/\\\/fieam.org.br\\\/sesi\\\/#organization\"},\"articleSection\":[\"News\"],\"inLanguage\":\"pt-BR\",\"potentialAction\":[{\"@type\":\"CommentAction\",\"name\":\"Comment\",\"target\":[\"https:\\\/\\\/fieam.org.br\\\/sesi\\\/inscricoes-para-o-gpa-brasil-premio-de-sustentabilidade-acabam-dia-30\\\/#respond\"]}]},{\"@type\":\"WebPage\",\"@id\":\"https:\\\/\\\/fieam.org.br\\\/sesi\\\/inscricoes-para-o-gpa-brasil-premio-de-sustentabilidade-acabam-dia-30\\\/\",\"url\":\"https:\\\/\\\/fieam.org.br\\\/sesi\\\/inscricoes-para-o-gpa-brasil-premio-de-sustentabilidade-acabam-dia-30\\\/\",\"name\":\"Inscri\u00e7\u00f5es para o GPA Brasil, pr\u00eamio de sustentabilidade, acabam dia 30 - SESI\",\"isPartOf\":{\"@id\":\"https:\\\/\\\/fieam.org.br\\\/sesi\\\/#website\"},\"datePublished\":\"2012-03-22T11:42:04+00:00\",\"breadcrumb\":{\"@id\":\"https:\\\/\\\/fieam.org.br\\\/sesi\\\/inscricoes-para-o-gpa-brasil-premio-de-sustentabilidade-acabam-dia-30\\\/#breadcrumb\"},\"inLanguage\":\"pt-BR\",\"potentialAction\":[{\"@type\":\"ReadAction\",\"target\":[\"https:\\\/\\\/fieam.org.br\\\/sesi\\\/inscricoes-para-o-gpa-brasil-premio-de-sustentabilidade-acabam-dia-30\\\/\"]}]},{\"@type\":\"BreadcrumbList\",\"@id\":\"https:\\\/\\\/fieam.org.br\\\/sesi\\\/inscricoes-para-o-gpa-brasil-premio-de-sustentabilidade-acabam-dia-30\\\/#breadcrumb\",\"itemListElement\":[{\"@type\":\"ListItem\",\"position\":1,\"name\":\"In\u00edcio\",\"item\":\"https:\\\/\\\/fieam.org.br\\\/sesi\\\/\"},{\"@type\":\"ListItem\",\"position\":2,\"name\":\"Inscri\u00e7\u00f5es para o GPA Brasil, pr\u00eamio de sustentabilidade, acabam dia 30\"}]},{\"@type\":\"WebSite\",\"@id\":\"https:\\\/\\\/fieam.org.br\\\/sesi\\\/#website\",\"url\":\"https:\\\/\\\/fieam.org.br\\\/sesi\\\/\",\"name\":\"SESI\",\"description\":\"Site Oficial!\",\"publisher\":{\"@id\":\"https:\\\/\\\/fieam.org.br\\\/sesi\\\/#organization\"},\"potentialAction\":[{\"@type\":\"SearchAction\",\"target\":{\"@type\":\"EntryPoint\",\"urlTemplate\":\"https:\\\/\\\/fieam.org.br\\\/sesi\\\/?s={search_term_string}\"},\"query-input\":{\"@type\":\"PropertyValueSpecification\",\"valueRequired\":true,\"valueName\":\"search_term_string\"}}],\"inLanguage\":\"pt-BR\"},{\"@type\":\"Organization\",\"@id\":\"https:\\\/\\\/fieam.org.br\\\/sesi\\\/#organization\",\"name\":\"SESI\",\"url\":\"https:\\\/\\\/fieam.org.br\\\/sesi\\\/\",\"logo\":{\"@type\":\"ImageObject\",\"inLanguage\":\"pt-BR\",\"@id\":\"https:\\\/\\\/fieam.org.br\\\/sesi\\\/#\\\/schema\\\/logo\\\/image\\\/\",\"url\":\"https:\\\/\\\/fieam.org.br\\\/sesi\\\/wp-content\\\/uploads\\\/sites\\\/14\\\/2024\\\/03\\\/cropped-fav.png\",\"contentUrl\":\"https:\\\/\\\/fieam.org.br\\\/sesi\\\/wp-content\\\/uploads\\\/sites\\\/14\\\/2024\\\/03\\\/cropped-fav.png\",\"width\":610,\"height\":589,\"caption\":\"SESI\"},\"image\":{\"@id\":\"https:\\\/\\\/fieam.org.br\\\/sesi\\\/#\\\/schema\\\/logo\\\/image\\\/\"}},{\"@type\":\"Person\",\"@id\":\"https:\\\/\\\/fieam.org.br\\\/sesi\\\/#\\\/schema\\\/person\\\/f54998dd14d5f0695b41444f2b01c31e\",\"name\":\"Autor\",\"image\":{\"@type\":\"ImageObject\",\"inLanguage\":\"pt-BR\",\"@id\":\"https:\\\/\\\/secure.gravatar.com\\\/avatar\\\/3732c223e0e1fad69062a8f770955c9068d37b055204f310a0be18d4069fe380?s=96&d=mm&r=g\",\"url\":\"https:\\\/\\\/secure.gravatar.com\\\/avatar\\\/3732c223e0e1fad69062a8f770955c9068d37b055204f310a0be18d4069fe380?s=96&d=mm&r=g\",\"contentUrl\":\"https:\\\/\\\/secure.gravatar.com\\\/avatar\\\/3732c223e0e1fad69062a8f770955c9068d37b055204f310a0be18d4069fe380?s=96&d=mm&r=g\",\"caption\":\"Autor\"},\"sameAs\":[\"https:\\\/\\\/marketingmassivo.com.br\"],\"url\":\"https:\\\/\\\/fieam.org.br\\\/sesi\\\/author\\\/admin\\\/\"}]}<\/script>\n<!-- \/ Yoast SEO plugin. -->","yoast_head_json":{"title":"Inscri\u00e7\u00f5es para o GPA Brasil, pr\u00eamio de sustentabilidade, acabam dia 30 - SESI","robots":{"index":"index","follow":"follow","max-snippet":"max-snippet:-1","max-image-preview":"max-image-preview:large","max-video-preview":"max-video-preview:-1"},"canonical":"https:\/\/fieam.org.br\/sesi\/inscricoes-para-o-gpa-brasil-premio-de-sustentabilidade-acabam-dia-30\/","og_locale":"pt_BR","og_type":"article","og_title":"Inscri\u00e7\u00f5es para o GPA Brasil, pr\u00eamio de sustentabilidade, acabam dia 30 - SESI","og_description":"Bras\u00edlia (21.03.12) \u2013 As ind\u00fastrias que executam projetos de sustentabilidade social, econ\u00f4mica ou ambiental t\u00eam at\u00e9 o pr\u00f3ximo dia 30 de mar\u00e7o para se inscrever na edi\u00e7\u00e3o nacional do Green Project Awards (GPA), certifica\u00e7\u00e3o de reconhecimento internacional. As empresas podem participar da categoria Produtos e Servi\u00e7os, cuja comiss\u00e3o julgadora \u00e9 coordenada pela Confedera\u00e7\u00e3o Nacional da [&hellip;]","og_url":"https:\/\/fieam.org.br\/sesi\/inscricoes-para-o-gpa-brasil-premio-de-sustentabilidade-acabam-dia-30\/","og_site_name":"SESI","article_published_time":"2012-03-22T11:42:04+00:00","author":"Autor","twitter_card":"summary_large_image","twitter_misc":{"Escrito por":"Autor","Est. tempo de leitura":"2 minutos"},"schema":{"@context":"https:\/\/schema.org","@graph":[{"@type":"Article","@id":"https:\/\/fieam.org.br\/sesi\/inscricoes-para-o-gpa-brasil-premio-de-sustentabilidade-acabam-dia-30\/#article","isPartOf":{"@id":"https:\/\/fieam.org.br\/sesi\/inscricoes-para-o-gpa-brasil-premio-de-sustentabilidade-acabam-dia-30\/"},"author":{"name":"Autor","@id":"https:\/\/fieam.org.br\/sesi\/#\/schema\/person\/f54998dd14d5f0695b41444f2b01c31e"},"headline":"Inscri\u00e7\u00f5es para o GPA Brasil, pr\u00eamio de sustentabilidade, acabam dia 30","datePublished":"2012-03-22T11:42:04+00:00","mainEntityOfPage":{"@id":"https:\/\/fieam.org.br\/sesi\/inscricoes-para-o-gpa-brasil-premio-de-sustentabilidade-acabam-dia-30\/"},"wordCount":364,"commentCount":0,"publisher":{"@id":"https:\/\/fieam.org.br\/sesi\/#organization"},"articleSection":["News"],"inLanguage":"pt-BR","potentialAction":[{"@type":"CommentAction","name":"Comment","target":["https:\/\/fieam.org.br\/sesi\/inscricoes-para-o-gpa-brasil-premio-de-sustentabilidade-acabam-dia-30\/#respond"]}]},{"@type":"WebPage","@id":"https:\/\/fieam.org.br\/sesi\/inscricoes-para-o-gpa-brasil-premio-de-sustentabilidade-acabam-dia-30\/","url":"https:\/\/fieam.org.br\/sesi\/inscricoes-para-o-gpa-brasil-premio-de-sustentabilidade-acabam-dia-30\/","name":"Inscri\u00e7\u00f5es para o GPA Brasil, pr\u00eamio de sustentabilidade, acabam dia 30 - SESI","isPartOf":{"@id":"https:\/\/fieam.org.br\/sesi\/#website"},"datePublished":"2012-03-22T11:42:04+00:00","breadcrumb":{"@id":"https:\/\/fieam.org.br\/sesi\/inscricoes-para-o-gpa-brasil-premio-de-sustentabilidade-acabam-dia-30\/#breadcrumb"},"inLanguage":"pt-BR","potentialAction":[{"@type":"ReadAction","target":["https:\/\/fieam.org.br\/sesi\/inscricoes-para-o-gpa-brasil-premio-de-sustentabilidade-acabam-dia-30\/"]}]},{"@type":"BreadcrumbList","@id":"https:\/\/fieam.org.br\/sesi\/inscricoes-para-o-gpa-brasil-premio-de-sustentabilidade-acabam-dia-30\/#breadcrumb","itemListElement":[{"@type":"ListItem","position":1,"name":"In\u00edcio","item":"https:\/\/fieam.org.br\/sesi\/"},{"@type":"ListItem","position":2,"name":"Inscri\u00e7\u00f5es para o GPA Brasil, pr\u00eamio de sustentabilidade, acabam dia 30"}]},{"@type":"WebSite","@id":"https:\/\/fieam.org.br\/sesi\/#website","url":"https:\/\/fieam.org.br\/sesi\/","name":"SESI","description":"Site Oficial!","publisher":{"@id":"https:\/\/fieam.org.br\/sesi\/#organization"},"potentialAction":[{"@type":"SearchAction","target":{"@type":"EntryPoint","urlTemplate":"https:\/\/fieam.org.br\/sesi\/?s={search_term_string}"},"query-input":{"@type":"PropertyValueSpecification","valueRequired":true,"valueName":"search_term_string"}}],"inLanguage":"pt-BR"},{"@type":"Organization","@id":"https:\/\/fieam.org.br\/sesi\/#organization","name":"SESI","url":"https:\/\/fieam.org.br\/sesi\/","logo":{"@type":"ImageObject","inLanguage":"pt-BR","@id":"https:\/\/fieam.org.br\/sesi\/#\/schema\/logo\/image\/","url":"https:\/\/fieam.org.br\/sesi\/wp-content\/uploads\/sites\/14\/2024\/03\/cropped-fav.png","contentUrl":"https:\/\/fieam.org.br\/sesi\/wp-content\/uploads\/sites\/14\/2024\/03\/cropped-fav.png","width":610,"height":589,"caption":"SESI"},"image":{"@id":"https:\/\/fieam.org.br\/sesi\/#\/schema\/logo\/image\/"}},{"@type":"Person","@id":"https:\/\/fieam.org.br\/sesi\/#\/schema\/person\/f54998dd14d5f0695b41444f2b01c31e","name":"Autor","image":{"@type":"ImageObject","inLanguage":"pt-BR","@id":"https:\/\/secure.gravatar.com\/avatar\/3732c223e0e1fad69062a8f770955c9068d37b055204f310a0be18d4069fe380?s=96&d=mm&r=g","url":"https:\/\/secure.gravatar.com\/avatar\/3732c223e0e1fad69062a8f770955c9068d37b055204f310a0be18d4069fe380?s=96&d=mm&r=g","contentUrl":"https:\/\/secure.gravatar.com\/avatar\/3732c223e0e1fad69062a8f770955c9068d37b055204f310a0be18d4069fe380?s=96&d=mm&r=g","caption":"Autor"},"sameAs":["https:\/\/marketingmassivo.com.br"],"url":"https:\/\/fieam.org.br\/sesi\/author\/admin\/"}]}},"_links":{"self":[{"href":"https:\/\/fieam.org.br\/sesi\/wp-json\/wp\/v2\/posts\/2715","targetHints":{"allow":["GET"]}}],"collection":[{"href":"https:\/\/fieam.org.br\/sesi\/wp-json\/wp\/v2\/posts"}],"about":[{"href":"https:\/\/fieam.org.br\/sesi\/wp-json\/wp\/v2\/types\/post"}],"author":[{"embeddable":true,"href":"https:\/\/fieam.org.br\/sesi\/wp-json\/wp\/v2\/users\/1"}],"replies":[{"embeddable":true,"href":"https:\/\/fieam.org.br\/sesi\/wp-json\/wp\/v2\/comments?post=2715"}],"version-history":[{"count":0,"href":"https:\/\/fieam.org.br\/sesi\/wp-json\/wp\/v2\/posts\/2715\/revisions"}],"wp:attachment":[{"href":"https:\/\/fieam.org.br\/sesi\/wp-json\/wp\/v2\/media?parent=2715"}],"wp:term":[{"taxonomy":"category","embeddable":true,"href":"https:\/\/fieam.org.br\/sesi\/wp-json\/wp\/v2\/categories?post=2715"},{"taxonomy":"post_tag","embeddable":true,"href":"https:\/\/fieam.org.br\/sesi\/wp-json\/wp\/v2\/tags?post=2715"}],"curies":[{"name":"wp","href":"https:\/\/api.w.org\/{rel}","templated":true}]}}