{"id":2703,"date":"2012-03-14T12:18:19","date_gmt":"2012-03-14T12:18:19","guid":{"rendered":"http:\/\/www.fieam.org.br\/site\/sesi\/?p=2703"},"modified":"2012-03-14T12:18:19","modified_gmt":"2012-03-14T12:18:19","slug":"cozinha-brasil-chega-a-escola-general-sampaio","status":"publish","type":"post","link":"https:\/\/fieam.org.br\/sesi\/cozinha-brasil-chega-a-escola-general-sampaio\/","title":{"rendered":"Cozinha Brasil chega \u00e0 Escola General Sampaio"},"content":{"rendered":"<p>&nbsp;<\/p>\n<figure id=\"attachment_2704\" aria-describedby=\"caption-attachment-2704\" style=\"width: 240px\" class=\"wp-caption alignleft\"><a href=\"http:\/\/www.fieam.org.br\/site\/sesi\/files\/2012\/03\/Professor-mostra-esteira-completa1.jpg\"><img decoding=\"async\" class=\"size-medium wp-image-2704 \" src=\"http:\/\/www.fieam.org.br\/site\/sesi\/files\/2012\/03\/Professor-mostra-esteira-completa1-300x200.jpg\" alt=\"Participantes do curso Cozinha Brasil\" width=\"240\" height=\"160\" srcset=\"https:\/\/fieam.org.br\/sesi\/wp-content\/uploads\/sites\/14\/2012\/03\/Professor-mostra-esteira-completa1-300x200.jpg 300w, https:\/\/fieam.org.br\/sesi\/wp-content\/uploads\/sites\/14\/2012\/03\/Professor-mostra-esteira-completa1-768x512.jpg 768w, https:\/\/fieam.org.br\/sesi\/wp-content\/uploads\/sites\/14\/2012\/03\/Professor-mostra-esteira-completa1.jpg 1024w\" sizes=\"(max-width: 240px) 100vw, 240px\" \/><\/a><figcaption id=\"caption-attachment-2704\" class=\"wp-caption-text\">Participantes do curso Cozinha Brasil<\/figcaption><\/figure>\n<p><a href=\"..\/responsabilidade-social-programas-e-projetos-sociais\/\" target=\"_blank\" rel=\"noopener\">O Programa Cozinha Brasil<\/a> \u2013 Alimenta\u00e7\u00e3o Inteligente do SESI, em parceria com o Programa Atleta do Futuro (PAF), iniciou ontem (14) curso de tr\u00eas dias de Educa\u00e7\u00e3o Alimentar na Escola Estadual General Sampaio, em S\u00e3o Jorge, Zona Oeste. O treinamento, a pedido da empresa Recofarma, vai beneficiar 120 pessoas, entre merendeiras, confeiteiro e manipuladores de alimentos, al\u00e9m de pessoas da comunidade, com carga hor\u00e1ria de nove horas.<\/p>\n<p>A nutricionista do <a href=\"..\/institucional\/\" target=\"_blank\" rel=\"noopener\">SESI<\/a>, Evely Medeiros, disse que um dos objetivos do curso \u00e9 conscientizar os pais para que melhorem a alimenta\u00e7\u00e3o de seus filhos, objetivando um bom rendimento escolar, haja vista que a pessoa bem alimentada possui melhor racioc\u00ednio l\u00f3gico.<\/p>\n<p>De acordo com a nutricionista, cerca de 90% das participantes s\u00e3o m\u00e3es de filhos participantes do Programa Atleta do Futuro, programa socioeducativo que contribui na forma\u00e7\u00e3o do atleta cidad\u00e3o, \u00a0desenvolvido pelo SESI em parceria com\u00a0\u00a0 a\u00a0 Secretaria do Estado de Educa\u00e7\u00e3o e Qualidade de Ensino, atendendo alunos entre 6 e 17 anos nas modalidades esportivas de futsal e t\u00eanis de mesa, al\u00e9m de dan\u00e7a.<\/p>\n<p>Para a nutricionista, alimenta\u00e7\u00e3o saud\u00e1vel \u00e9 a base para que os futuros atletas tenham bom desempenho. No primeiro dia de curso, Medeiros destacou a impot\u00e2ncia de uma alimenta\u00e7\u00e3o balanceada com pequenas por\u00e7\u00f5es de prote\u00ednas (carnes, aves, peixe), carboidratos (cereais, p\u00e3es, macarr\u00e3o), vitaminas e minerais (frutas e verduras).<\/p>\n<p>Ela disse que a refei\u00e7\u00f5es podem conter de tudo, mas de forma moderada. Questionada sobre o consumo do suco de a\u00e7a\u00ed, disse que deve ser ingerido sem a adi\u00e7\u00e3o de outros produtos, o que evita o entupimento das veias do cora\u00e7\u00e3o, quanto ao tucum\u00e3 deve ser consumido em pequenas quantidades. Disse tamb\u00e9m aos participantes que a sede \u00e9 um sinal de falta de \u00e1gua no organismo que leva a desidrata\u00e7\u00e3o e causa infec\u00e7\u00e3o urin\u00e1ria. \u201cO organismo precisa de dois litros de \u00e1gua por dia\u201d, disse.<\/p>\n<figure id=\"attachment_2705\" aria-describedby=\"caption-attachment-2705\" style=\"width: 240px\" class=\"wp-caption alignleft\"><a href=\"http:\/\/www.fieam.org.br\/site\/sesi\/files\/2012\/03\/Alunos-degustam-sopa-de-ab%C3%B3bora.jpg\"><img decoding=\"async\" class=\"size-medium wp-image-2705 \" src=\"http:\/\/www.fieam.org.br\/site\/sesi\/files\/2012\/03\/Alunos-degustam-sopa-de-ab%C3%B3bora-300x200.jpg\" alt=\"Alunos degustam sopa de ab\u00f3bora\" width=\"240\" height=\"160\" \/><\/a><figcaption id=\"caption-attachment-2705\" class=\"wp-caption-text\">Alunos degustam sopa de ab\u00f3bora<\/figcaption><\/figure>\n<p>Durante o curso, os participantes recebem orienta\u00e7\u00e3o de como preparar receitas simples com ingredientes de baixo custo e alto\u00a0 valor nutritivo, com o reaproveitamento com o\u00a0 de cascas de frutas, talos, sementes e verduras, que s\u00e3o portadores de nutrientes.<\/p>\n<p>O Programa Atleta do Futuro (PAF) \u00e9 uma iniciativa do Servi\u00e7o Social da Ind\u00fastria (SESI\/AM), em parceria com a <a href=\"http:\/\/www.seduc.am.gov.br\/\" target=\"_blank\" rel=\"noopener\">Secretaria do Estado de Educa\u00e7\u00e3o do Amazonas (Seduc)<\/a> e a <a href=\"http:\/\/www.cocacolabrasil.com.br\/\" target=\"_blank\" rel=\"noopener\">empresa Recofarma do grupo Coca-Cola<\/a>. O SESI tamb\u00e9m atende com o programa a Escola Estadual Mirtes Trigueiro, no bairro Coroado, zona Leste. Os cursos realizados pelo Programa Cozinha Brasil\u00a0 integram temas transversais ministrados aos respons\u00e1veis pelos alunos do PAF.<\/p>\n","protected":false},"excerpt":{"rendered":"<p>&nbsp; O Programa Cozinha Brasil \u2013 Alimenta\u00e7\u00e3o Inteligente do SESI, em parceria com o Programa Atleta do Futuro (PAF), iniciou ontem (14) curso de tr\u00eas dias de Educa\u00e7\u00e3o Alimentar na Escola Estadual General Sampaio, em S\u00e3o Jorge, Zona Oeste. O treinamento, a pedido da empresa Recofarma, vai beneficiar 120 pessoas, entre merendeiras, confeiteiro e manipuladores [&hellip;]<\/p>\n","protected":false},"author":1,"featured_media":0,"comment_status":"open","ping_status":"open","sticky":false,"template":"","format":"standard","meta":{"footnotes":""},"categories":[25],"tags":[],"class_list":["post-2703","post","type-post","status-publish","format-standard","hentry","category-news"],"yoast_head":"<!-- This site is optimized with the Yoast SEO plugin v28.2 - https:\/\/yoast.com\/product\/yoast-seo-wordpress\/ -->\n<title>Cozinha Brasil chega \u00e0 Escola General Sampaio - SESI<\/title>\n<meta name=\"robots\" content=\"index, follow, max-snippet:-1, max-image-preview:large, max-video-preview:-1\" \/>\n<link rel=\"canonical\" href=\"https:\/\/fieam.org.br\/sesi\/cozinha-brasil-chega-a-escola-general-sampaio\/\" \/>\n<meta property=\"og:locale\" content=\"pt_BR\" \/>\n<meta property=\"og:type\" content=\"article\" \/>\n<meta property=\"og:title\" content=\"Cozinha Brasil chega \u00e0 Escola General Sampaio - SESI\" \/>\n<meta property=\"og:description\" content=\"&nbsp; O Programa Cozinha Brasil \u2013 Alimenta\u00e7\u00e3o Inteligente do SESI, em parceria com o Programa Atleta do Futuro (PAF), iniciou ontem (14) curso de tr\u00eas dias de Educa\u00e7\u00e3o Alimentar na Escola Estadual General Sampaio, em S\u00e3o Jorge, Zona Oeste. O treinamento, a pedido da empresa Recofarma, vai beneficiar 120 pessoas, entre merendeiras, confeiteiro e manipuladores [&hellip;]\" \/>\n<meta property=\"og:url\" content=\"https:\/\/fieam.org.br\/sesi\/cozinha-brasil-chega-a-escola-general-sampaio\/\" \/>\n<meta property=\"og:site_name\" content=\"SESI\" \/>\n<meta property=\"article:published_time\" content=\"2012-03-14T12:18:19+00:00\" \/>\n<meta property=\"og:image\" content=\"https:\/\/fieam.org.br\/sesi\/wp-content\/uploads\/sites\/14\/2012\/03\/Professor-mostra-esteira-completa1.jpg\" \/>\n\t<meta property=\"og:image:width\" content=\"1024\" \/>\n\t<meta property=\"og:image:height\" content=\"683\" \/>\n\t<meta property=\"og:image:type\" content=\"image\/jpeg\" \/>\n<meta name=\"author\" content=\"Autor\" \/>\n<meta name=\"twitter:card\" content=\"summary_large_image\" \/>\n<meta name=\"twitter:label1\" content=\"Escrito por\" \/>\n\t<meta name=\"twitter:data1\" content=\"Autor\" \/>\n\t<meta name=\"twitter:label2\" content=\"Est. tempo de leitura\" \/>\n\t<meta name=\"twitter:data2\" content=\"2 minutos\" \/>\n<script type=\"application\/ld+json\" class=\"yoast-schema-graph\">{\"@context\":\"https:\\\/\\\/schema.org\",\"@graph\":[{\"@type\":\"Article\",\"@id\":\"https:\\\/\\\/fieam.org.br\\\/sesi\\\/cozinha-brasil-chega-a-escola-general-sampaio\\\/#article\",\"isPartOf\":{\"@id\":\"https:\\\/\\\/fieam.org.br\\\/sesi\\\/cozinha-brasil-chega-a-escola-general-sampaio\\\/\"},\"author\":{\"name\":\"Autor\",\"@id\":\"https:\\\/\\\/fieam.org.br\\\/sesi\\\/#\\\/schema\\\/person\\\/f54998dd14d5f0695b41444f2b01c31e\"},\"headline\":\"Cozinha Brasil chega \u00e0 Escola General Sampaio\",\"datePublished\":\"2012-03-14T12:18:19+00:00\",\"mainEntityOfPage\":{\"@id\":\"https:\\\/\\\/fieam.org.br\\\/sesi\\\/cozinha-brasil-chega-a-escola-general-sampaio\\\/\"},\"wordCount\":476,\"commentCount\":0,\"publisher\":{\"@id\":\"https:\\\/\\\/fieam.org.br\\\/sesi\\\/#organization\"},\"image\":{\"@id\":\"https:\\\/\\\/fieam.org.br\\\/sesi\\\/cozinha-brasil-chega-a-escola-general-sampaio\\\/#primaryimage\"},\"thumbnailUrl\":\"http:\\\/\\\/www.fieam.org.br\\\/site\\\/sesi\\\/files\\\/2012\\\/03\\\/Professor-mostra-esteira-completa1-300x200.jpg\",\"articleSection\":[\"News\"],\"inLanguage\":\"pt-BR\",\"potentialAction\":[{\"@type\":\"CommentAction\",\"name\":\"Comment\",\"target\":[\"https:\\\/\\\/fieam.org.br\\\/sesi\\\/cozinha-brasil-chega-a-escola-general-sampaio\\\/#respond\"]}]},{\"@type\":\"WebPage\",\"@id\":\"https:\\\/\\\/fieam.org.br\\\/sesi\\\/cozinha-brasil-chega-a-escola-general-sampaio\\\/\",\"url\":\"https:\\\/\\\/fieam.org.br\\\/sesi\\\/cozinha-brasil-chega-a-escola-general-sampaio\\\/\",\"name\":\"Cozinha Brasil chega \u00e0 Escola General Sampaio - SESI\",\"isPartOf\":{\"@id\":\"https:\\\/\\\/fieam.org.br\\\/sesi\\\/#website\"},\"primaryImageOfPage\":{\"@id\":\"https:\\\/\\\/fieam.org.br\\\/sesi\\\/cozinha-brasil-chega-a-escola-general-sampaio\\\/#primaryimage\"},\"image\":{\"@id\":\"https:\\\/\\\/fieam.org.br\\\/sesi\\\/cozinha-brasil-chega-a-escola-general-sampaio\\\/#primaryimage\"},\"thumbnailUrl\":\"http:\\\/\\\/www.fieam.org.br\\\/site\\\/sesi\\\/files\\\/2012\\\/03\\\/Professor-mostra-esteira-completa1-300x200.jpg\",\"datePublished\":\"2012-03-14T12:18:19+00:00\",\"breadcrumb\":{\"@id\":\"https:\\\/\\\/fieam.org.br\\\/sesi\\\/cozinha-brasil-chega-a-escola-general-sampaio\\\/#breadcrumb\"},\"inLanguage\":\"pt-BR\",\"potentialAction\":[{\"@type\":\"ReadAction\",\"target\":[\"https:\\\/\\\/fieam.org.br\\\/sesi\\\/cozinha-brasil-chega-a-escola-general-sampaio\\\/\"]}]},{\"@type\":\"ImageObject\",\"inLanguage\":\"pt-BR\",\"@id\":\"https:\\\/\\\/fieam.org.br\\\/sesi\\\/cozinha-brasil-chega-a-escola-general-sampaio\\\/#primaryimage\",\"url\":\"http:\\\/\\\/www.fieam.org.br\\\/site\\\/sesi\\\/files\\\/2012\\\/03\\\/Professor-mostra-esteira-completa1-300x200.jpg\",\"contentUrl\":\"http:\\\/\\\/www.fieam.org.br\\\/site\\\/sesi\\\/files\\\/2012\\\/03\\\/Professor-mostra-esteira-completa1-300x200.jpg\"},{\"@type\":\"BreadcrumbList\",\"@id\":\"https:\\\/\\\/fieam.org.br\\\/sesi\\\/cozinha-brasil-chega-a-escola-general-sampaio\\\/#breadcrumb\",\"itemListElement\":[{\"@type\":\"ListItem\",\"position\":1,\"name\":\"In\u00edcio\",\"item\":\"https:\\\/\\\/fieam.org.br\\\/sesi\\\/\"},{\"@type\":\"ListItem\",\"position\":2,\"name\":\"Cozinha Brasil chega \u00e0 Escola General Sampaio\"}]},{\"@type\":\"WebSite\",\"@id\":\"https:\\\/\\\/fieam.org.br\\\/sesi\\\/#website\",\"url\":\"https:\\\/\\\/fieam.org.br\\\/sesi\\\/\",\"name\":\"SESI\",\"description\":\"Site Oficial!\",\"publisher\":{\"@id\":\"https:\\\/\\\/fieam.org.br\\\/sesi\\\/#organization\"},\"potentialAction\":[{\"@type\":\"SearchAction\",\"target\":{\"@type\":\"EntryPoint\",\"urlTemplate\":\"https:\\\/\\\/fieam.org.br\\\/sesi\\\/?s={search_term_string}\"},\"query-input\":{\"@type\":\"PropertyValueSpecification\",\"valueRequired\":true,\"valueName\":\"search_term_string\"}}],\"inLanguage\":\"pt-BR\"},{\"@type\":\"Organization\",\"@id\":\"https:\\\/\\\/fieam.org.br\\\/sesi\\\/#organization\",\"name\":\"SESI\",\"url\":\"https:\\\/\\\/fieam.org.br\\\/sesi\\\/\",\"logo\":{\"@type\":\"ImageObject\",\"inLanguage\":\"pt-BR\",\"@id\":\"https:\\\/\\\/fieam.org.br\\\/sesi\\\/#\\\/schema\\\/logo\\\/image\\\/\",\"url\":\"https:\\\/\\\/fieam.org.br\\\/sesi\\\/wp-content\\\/uploads\\\/sites\\\/14\\\/2024\\\/03\\\/cropped-fav.png\",\"contentUrl\":\"https:\\\/\\\/fieam.org.br\\\/sesi\\\/wp-content\\\/uploads\\\/sites\\\/14\\\/2024\\\/03\\\/cropped-fav.png\",\"width\":610,\"height\":589,\"caption\":\"SESI\"},\"image\":{\"@id\":\"https:\\\/\\\/fieam.org.br\\\/sesi\\\/#\\\/schema\\\/logo\\\/image\\\/\"}},{\"@type\":\"Person\",\"@id\":\"https:\\\/\\\/fieam.org.br\\\/sesi\\\/#\\\/schema\\\/person\\\/f54998dd14d5f0695b41444f2b01c31e\",\"name\":\"Autor\",\"image\":{\"@type\":\"ImageObject\",\"inLanguage\":\"pt-BR\",\"@id\":\"https:\\\/\\\/secure.gravatar.com\\\/avatar\\\/3732c223e0e1fad69062a8f770955c9068d37b055204f310a0be18d4069fe380?s=96&d=mm&r=g\",\"url\":\"https:\\\/\\\/secure.gravatar.com\\\/avatar\\\/3732c223e0e1fad69062a8f770955c9068d37b055204f310a0be18d4069fe380?s=96&d=mm&r=g\",\"contentUrl\":\"https:\\\/\\\/secure.gravatar.com\\\/avatar\\\/3732c223e0e1fad69062a8f770955c9068d37b055204f310a0be18d4069fe380?s=96&d=mm&r=g\",\"caption\":\"Autor\"},\"sameAs\":[\"https:\\\/\\\/marketingmassivo.com.br\"],\"url\":\"https:\\\/\\\/fieam.org.br\\\/sesi\\\/author\\\/admin\\\/\"}]}<\/script>\n<!-- \/ Yoast SEO plugin. -->","yoast_head_json":{"title":"Cozinha Brasil chega \u00e0 Escola General Sampaio - SESI","robots":{"index":"index","follow":"follow","max-snippet":"max-snippet:-1","max-image-preview":"max-image-preview:large","max-video-preview":"max-video-preview:-1"},"canonical":"https:\/\/fieam.org.br\/sesi\/cozinha-brasil-chega-a-escola-general-sampaio\/","og_locale":"pt_BR","og_type":"article","og_title":"Cozinha Brasil chega \u00e0 Escola General Sampaio - SESI","og_description":"&nbsp; O Programa Cozinha Brasil \u2013 Alimenta\u00e7\u00e3o Inteligente do SESI, em parceria com o Programa Atleta do Futuro (PAF), iniciou ontem (14) curso de tr\u00eas dias de Educa\u00e7\u00e3o Alimentar na Escola Estadual General Sampaio, em S\u00e3o Jorge, Zona Oeste. O treinamento, a pedido da empresa Recofarma, vai beneficiar 120 pessoas, entre merendeiras, confeiteiro e manipuladores [&hellip;]","og_url":"https:\/\/fieam.org.br\/sesi\/cozinha-brasil-chega-a-escola-general-sampaio\/","og_site_name":"SESI","article_published_time":"2012-03-14T12:18:19+00:00","og_image":[{"width":1024,"height":683,"url":"https:\/\/fieam.org.br\/sesi\/wp-content\/uploads\/sites\/14\/2012\/03\/Professor-mostra-esteira-completa1.jpg","type":"image\/jpeg"}],"author":"Autor","twitter_card":"summary_large_image","twitter_misc":{"Escrito por":"Autor","Est. tempo de leitura":"2 minutos"},"schema":{"@context":"https:\/\/schema.org","@graph":[{"@type":"Article","@id":"https:\/\/fieam.org.br\/sesi\/cozinha-brasil-chega-a-escola-general-sampaio\/#article","isPartOf":{"@id":"https:\/\/fieam.org.br\/sesi\/cozinha-brasil-chega-a-escola-general-sampaio\/"},"author":{"name":"Autor","@id":"https:\/\/fieam.org.br\/sesi\/#\/schema\/person\/f54998dd14d5f0695b41444f2b01c31e"},"headline":"Cozinha Brasil chega \u00e0 Escola General Sampaio","datePublished":"2012-03-14T12:18:19+00:00","mainEntityOfPage":{"@id":"https:\/\/fieam.org.br\/sesi\/cozinha-brasil-chega-a-escola-general-sampaio\/"},"wordCount":476,"commentCount":0,"publisher":{"@id":"https:\/\/fieam.org.br\/sesi\/#organization"},"image":{"@id":"https:\/\/fieam.org.br\/sesi\/cozinha-brasil-chega-a-escola-general-sampaio\/#primaryimage"},"thumbnailUrl":"http:\/\/www.fieam.org.br\/site\/sesi\/files\/2012\/03\/Professor-mostra-esteira-completa1-300x200.jpg","articleSection":["News"],"inLanguage":"pt-BR","potentialAction":[{"@type":"CommentAction","name":"Comment","target":["https:\/\/fieam.org.br\/sesi\/cozinha-brasil-chega-a-escola-general-sampaio\/#respond"]}]},{"@type":"WebPage","@id":"https:\/\/fieam.org.br\/sesi\/cozinha-brasil-chega-a-escola-general-sampaio\/","url":"https:\/\/fieam.org.br\/sesi\/cozinha-brasil-chega-a-escola-general-sampaio\/","name":"Cozinha Brasil chega \u00e0 Escola General Sampaio - SESI","isPartOf":{"@id":"https:\/\/fieam.org.br\/sesi\/#website"},"primaryImageOfPage":{"@id":"https:\/\/fieam.org.br\/sesi\/cozinha-brasil-chega-a-escola-general-sampaio\/#primaryimage"},"image":{"@id":"https:\/\/fieam.org.br\/sesi\/cozinha-brasil-chega-a-escola-general-sampaio\/#primaryimage"},"thumbnailUrl":"http:\/\/www.fieam.org.br\/site\/sesi\/files\/2012\/03\/Professor-mostra-esteira-completa1-300x200.jpg","datePublished":"2012-03-14T12:18:19+00:00","breadcrumb":{"@id":"https:\/\/fieam.org.br\/sesi\/cozinha-brasil-chega-a-escola-general-sampaio\/#breadcrumb"},"inLanguage":"pt-BR","potentialAction":[{"@type":"ReadAction","target":["https:\/\/fieam.org.br\/sesi\/cozinha-brasil-chega-a-escola-general-sampaio\/"]}]},{"@type":"ImageObject","inLanguage":"pt-BR","@id":"https:\/\/fieam.org.br\/sesi\/cozinha-brasil-chega-a-escola-general-sampaio\/#primaryimage","url":"http:\/\/www.fieam.org.br\/site\/sesi\/files\/2012\/03\/Professor-mostra-esteira-completa1-300x200.jpg","contentUrl":"http:\/\/www.fieam.org.br\/site\/sesi\/files\/2012\/03\/Professor-mostra-esteira-completa1-300x200.jpg"},{"@type":"BreadcrumbList","@id":"https:\/\/fieam.org.br\/sesi\/cozinha-brasil-chega-a-escola-general-sampaio\/#breadcrumb","itemListElement":[{"@type":"ListItem","position":1,"name":"In\u00edcio","item":"https:\/\/fieam.org.br\/sesi\/"},{"@type":"ListItem","position":2,"name":"Cozinha Brasil chega \u00e0 Escola General Sampaio"}]},{"@type":"WebSite","@id":"https:\/\/fieam.org.br\/sesi\/#website","url":"https:\/\/fieam.org.br\/sesi\/","name":"SESI","description":"Site Oficial!","publisher":{"@id":"https:\/\/fieam.org.br\/sesi\/#organization"},"potentialAction":[{"@type":"SearchAction","target":{"@type":"EntryPoint","urlTemplate":"https:\/\/fieam.org.br\/sesi\/?s={search_term_string}"},"query-input":{"@type":"PropertyValueSpecification","valueRequired":true,"valueName":"search_term_string"}}],"inLanguage":"pt-BR"},{"@type":"Organization","@id":"https:\/\/fieam.org.br\/sesi\/#organization","name":"SESI","url":"https:\/\/fieam.org.br\/sesi\/","logo":{"@type":"ImageObject","inLanguage":"pt-BR","@id":"https:\/\/fieam.org.br\/sesi\/#\/schema\/logo\/image\/","url":"https:\/\/fieam.org.br\/sesi\/wp-content\/uploads\/sites\/14\/2024\/03\/cropped-fav.png","contentUrl":"https:\/\/fieam.org.br\/sesi\/wp-content\/uploads\/sites\/14\/2024\/03\/cropped-fav.png","width":610,"height":589,"caption":"SESI"},"image":{"@id":"https:\/\/fieam.org.br\/sesi\/#\/schema\/logo\/image\/"}},{"@type":"Person","@id":"https:\/\/fieam.org.br\/sesi\/#\/schema\/person\/f54998dd14d5f0695b41444f2b01c31e","name":"Autor","image":{"@type":"ImageObject","inLanguage":"pt-BR","@id":"https:\/\/secure.gravatar.com\/avatar\/3732c223e0e1fad69062a8f770955c9068d37b055204f310a0be18d4069fe380?s=96&d=mm&r=g","url":"https:\/\/secure.gravatar.com\/avatar\/3732c223e0e1fad69062a8f770955c9068d37b055204f310a0be18d4069fe380?s=96&d=mm&r=g","contentUrl":"https:\/\/secure.gravatar.com\/avatar\/3732c223e0e1fad69062a8f770955c9068d37b055204f310a0be18d4069fe380?s=96&d=mm&r=g","caption":"Autor"},"sameAs":["https:\/\/marketingmassivo.com.br"],"url":"https:\/\/fieam.org.br\/sesi\/author\/admin\/"}]}},"_links":{"self":[{"href":"https:\/\/fieam.org.br\/sesi\/wp-json\/wp\/v2\/posts\/2703","targetHints":{"allow":["GET"]}}],"collection":[{"href":"https:\/\/fieam.org.br\/sesi\/wp-json\/wp\/v2\/posts"}],"about":[{"href":"https:\/\/fieam.org.br\/sesi\/wp-json\/wp\/v2\/types\/post"}],"author":[{"embeddable":true,"href":"https:\/\/fieam.org.br\/sesi\/wp-json\/wp\/v2\/users\/1"}],"replies":[{"embeddable":true,"href":"https:\/\/fieam.org.br\/sesi\/wp-json\/wp\/v2\/comments?post=2703"}],"version-history":[{"count":0,"href":"https:\/\/fieam.org.br\/sesi\/wp-json\/wp\/v2\/posts\/2703\/revisions"}],"wp:attachment":[{"href":"https:\/\/fieam.org.br\/sesi\/wp-json\/wp\/v2\/media?parent=2703"}],"wp:term":[{"taxonomy":"category","embeddable":true,"href":"https:\/\/fieam.org.br\/sesi\/wp-json\/wp\/v2\/categories?post=2703"},{"taxonomy":"post_tag","embeddable":true,"href":"https:\/\/fieam.org.br\/sesi\/wp-json\/wp\/v2\/tags?post=2703"}],"curies":[{"name":"wp","href":"https:\/\/api.w.org\/{rel}","templated":true}]}}