{"id":2695,"date":"2012-03-13T12:09:07","date_gmt":"2012-03-13T12:09:07","guid":{"rendered":"http:\/\/www.fieam.org.br\/site\/sesi\/?p=2695"},"modified":"2012-03-13T12:09:07","modified_gmt":"2012-03-13T12:09:07","slug":"sesi-apoia-trabalhadoras-do-pim-na-corrida-da-mulher-2012","status":"publish","type":"post","link":"https:\/\/fieam.org.br\/sesi\/sesi-apoia-trabalhadoras-do-pim-na-corrida-da-mulher-2012\/","title":{"rendered":"SESI apoia trabalhadoras do PIM na Corrida da Mulher 2012"},"content":{"rendered":"<figure id=\"attachment_2696\" aria-describedby=\"caption-attachment-2696\" style=\"width: 300px\" class=\"wp-caption alignleft\"><a href=\"http:\/\/www.fieam.org.br\/site\/sesi\/files\/2012\/03\/Aquecimento-antes-da-largada.jpg\"><img fetchpriority=\"high\" decoding=\"async\" class=\"size-medium wp-image-2696\" src=\"http:\/\/www.fieam.org.br\/site\/sesi\/files\/2012\/03\/Aquecimento-antes-da-largada-300x200.jpg\" alt=\"Aquecimento antes da largada\" width=\"300\" height=\"200\" srcset=\"https:\/\/fieam.org.br\/sesi\/wp-content\/uploads\/sites\/14\/2012\/03\/Aquecimento-antes-da-largada-300x200.jpg 300w, https:\/\/fieam.org.br\/sesi\/wp-content\/uploads\/sites\/14\/2012\/03\/Aquecimento-antes-da-largada-768x512.jpg 768w, https:\/\/fieam.org.br\/sesi\/wp-content\/uploads\/sites\/14\/2012\/03\/Aquecimento-antes-da-largada.jpg 1024w\" sizes=\"(max-width: 300px) 100vw, 300px\" \/><\/a><figcaption id=\"caption-attachment-2696\" class=\"wp-caption-text\">Aquecimento antes da largada<\/figcaption><\/figure>\n<p>Duzentas trabalhadoras-atletas do <a href=\"http:\/\/www.suframa.gov.br\/\" target=\"_blank\" rel=\"noopener\">Polo Industrial de Manaus<\/a> e colaboradoras do <a href=\"..\/..\/..\/\" target=\"_blank\" rel=\"noopener\">Sistema Federa\u00e7\u00e3o das Ind\u00fastrias do Estado do Amazonas (FIEAM)<\/a> participaram\u00a0 da 2\u00aa Corrida da Mulher &#8211; Rita Calderaro, promovida pela <a href=\"http:\/\/www.manaus.am.gov.br\/desporto-lazer-e-juventude-2\/\" target=\"_blank\" rel=\"noopener\">Secretaria Municipal de Desporto e Lazer (Semdej)<\/a> e <a href=\"..\/institucional\/\" target=\"_blank\" rel=\"noopener\">Servi\u00e7o Social da Ind\u00fastria (SESI),<\/a>\u00a0 s\u00e1bado (10), na Estrada da Ponta Negra, Zona Oeste, com largada (17h) e chegada da frente do Tropical Hotel Manaus, na Ponta Negra, zona Oeste.<\/p>\n<p>Ciranilde Santos conquistou o 1\u00ba lugar percorrendo os 5 quil\u00f4metros da prova com o tempo de 17min02. M\u00e1rcia Magalh\u00e3es ficou em 2\u00ba (18min20), enquanto Keithiane Mendes ficou com a terceira coloca\u00e7\u00e3o (19min33). Gelzi\u00e2nia Vital, da Keihin, conquistou a melhor posi\u00e7\u00e3o entre as mulheres trabalhadoras do PIM ficando em 5\u00ba lugar na pontua\u00e7\u00e3o geral (19min50). Gelzi\u00e2nia disse que\u00a0 ficou satisfeita com a sua coloca\u00e7\u00e3o\u00a0 e que faltou\u00a0\u00a0 mais treinamento para alcan\u00e7ar uma melhor marca, ressaltando\u00a0 que\u00a0 tem apenas um ano de\u00a0 atletismo e que vai intensificar os treinamentos visando os Jogos Estaduais do SESI. Ela trabalha na fun\u00e7\u00e3o de operadora de equipamentos da\u00a0 Keihin.<\/p>\n<p>De acordo com a gerente de Cultura, Lazer e Esporte do SESI, Nelsi Luni\u00e9re, a corrida tem por objetivo estimular a pr\u00e1tica esportiva entre as mulheres e um novo estilo de vida. De acordo com Luniere, para dar maior visibilidade \u00e0s provas pedestres, o SESI dever\u00e1 criar um Clube de Corridas, <a href=\"..\/lazer-clube-do-trabalhador-do-amazonas\/\" target=\"_blank\" rel=\"noopener\">no Clube do Trabalhador<\/a>, onde industri\u00e1rios e comunidade possam praticar essa modalidade. Segundo a gerente, a parceria com a Prefeitura de Manaus em v\u00e1rios eventos tem proporcionado bons resultados, beneficiando industri\u00e1rios e comunidade, com destaque para as corridas da Mulher e Cidade de Manaus, al\u00e9m do Programa Atleta do Futuro, que agregam valor.<\/p>\n<p>O secret\u00e1rio Fabr\u00edcio Lima, da Semdej, disse que a Corrida da Mulher, este ano, teve a participa\u00e7\u00e3o de 1,2 mil mulheres e que todas as participantes receberam medalhas, al\u00e9m de ter \u00e0 disposi\u00e7\u00e3o, antes do evento, servi\u00e7os, como sal\u00e3o de embelezamento, massoterapia depila\u00e7\u00e3o e verifica\u00e7\u00e3o da press\u00e3o arterial.<\/p>\n<p>Segundo Fabr\u00edcio, a corrida \u00e9 uma homenagem ao Dia Internacional da Mulher, comemorado no dia 8 de mar\u00e7o. Entre as personalidades homenageadas estavam a primeira-dama do Estado, Nejmi Aziz, e Valderez Sim\u00f5es, vi\u00fava do empres\u00e1rio e ex-presidente da FIEAM, Antonio Sim\u00f5es.<\/p>\n<p>[nggallery id=78]<\/p>\n","protected":false},"excerpt":{"rendered":"<p>Duzentas trabalhadoras-atletas do Polo Industrial de Manaus e colaboradoras do Sistema Federa\u00e7\u00e3o das Ind\u00fastrias do Estado do Amazonas (FIEAM) participaram\u00a0 da 2\u00aa Corrida da Mulher &#8211; Rita Calderaro, promovida pela Secretaria Municipal de Desporto e Lazer (Semdej) e Servi\u00e7o Social da Ind\u00fastria (SESI),\u00a0 s\u00e1bado (10), na Estrada da Ponta Negra, Zona Oeste, com largada (17h) [&hellip;]<\/p>\n","protected":false},"author":1,"featured_media":0,"comment_status":"open","ping_status":"open","sticky":false,"template":"","format":"standard","meta":{"footnotes":""},"categories":[25],"tags":[],"class_list":["post-2695","post","type-post","status-publish","format-standard","hentry","category-news"],"yoast_head":"<!-- This site is optimized with the Yoast SEO plugin v28.2 - https:\/\/yoast.com\/product\/yoast-seo-wordpress\/ -->\n<title>SESI apoia trabalhadoras do PIM na Corrida da Mulher 2012 - SESI<\/title>\n<meta name=\"robots\" content=\"index, follow, max-snippet:-1, max-image-preview:large, max-video-preview:-1\" \/>\n<link rel=\"canonical\" href=\"https:\/\/fieam.org.br\/sesi\/sesi-apoia-trabalhadoras-do-pim-na-corrida-da-mulher-2012\/\" \/>\n<meta property=\"og:locale\" content=\"pt_BR\" \/>\n<meta property=\"og:type\" content=\"article\" \/>\n<meta property=\"og:title\" content=\"SESI apoia trabalhadoras do PIM na Corrida da Mulher 2012 - SESI\" \/>\n<meta property=\"og:description\" content=\"Duzentas trabalhadoras-atletas do Polo Industrial de Manaus e colaboradoras do Sistema Federa\u00e7\u00e3o das Ind\u00fastrias do Estado do Amazonas (FIEAM) participaram\u00a0 da 2\u00aa Corrida da Mulher &#8211; Rita Calderaro, promovida pela Secretaria Municipal de Desporto e Lazer (Semdej) e Servi\u00e7o Social da Ind\u00fastria (SESI),\u00a0 s\u00e1bado (10), na Estrada da Ponta Negra, Zona Oeste, com largada (17h) [&hellip;]\" \/>\n<meta property=\"og:url\" content=\"https:\/\/fieam.org.br\/sesi\/sesi-apoia-trabalhadoras-do-pim-na-corrida-da-mulher-2012\/\" \/>\n<meta property=\"og:site_name\" content=\"SESI\" \/>\n<meta property=\"article:published_time\" content=\"2012-03-13T12:09:07+00:00\" \/>\n<meta property=\"og:image\" content=\"https:\/\/fieam.org.br\/sesi\/wp-content\/uploads\/sites\/14\/2012\/03\/Aquecimento-antes-da-largada.jpg\" \/>\n\t<meta property=\"og:image:width\" content=\"1024\" \/>\n\t<meta property=\"og:image:height\" content=\"683\" \/>\n\t<meta property=\"og:image:type\" content=\"image\/jpeg\" \/>\n<meta name=\"author\" content=\"Autor\" \/>\n<meta name=\"twitter:card\" content=\"summary_large_image\" \/>\n<meta name=\"twitter:label1\" content=\"Escrito por\" \/>\n\t<meta name=\"twitter:data1\" content=\"Autor\" \/>\n\t<meta name=\"twitter:label2\" content=\"Est. tempo de leitura\" \/>\n\t<meta name=\"twitter:data2\" content=\"2 minutos\" \/>\n<script type=\"application\/ld+json\" class=\"yoast-schema-graph\">{\"@context\":\"https:\\\/\\\/schema.org\",\"@graph\":[{\"@type\":\"Article\",\"@id\":\"https:\\\/\\\/fieam.org.br\\\/sesi\\\/sesi-apoia-trabalhadoras-do-pim-na-corrida-da-mulher-2012\\\/#article\",\"isPartOf\":{\"@id\":\"https:\\\/\\\/fieam.org.br\\\/sesi\\\/sesi-apoia-trabalhadoras-do-pim-na-corrida-da-mulher-2012\\\/\"},\"author\":{\"name\":\"Autor\",\"@id\":\"https:\\\/\\\/fieam.org.br\\\/sesi\\\/#\\\/schema\\\/person\\\/f54998dd14d5f0695b41444f2b01c31e\"},\"headline\":\"SESI apoia trabalhadoras do PIM na Corrida da Mulher 2012\",\"datePublished\":\"2012-03-13T12:09:07+00:00\",\"mainEntityOfPage\":{\"@id\":\"https:\\\/\\\/fieam.org.br\\\/sesi\\\/sesi-apoia-trabalhadoras-do-pim-na-corrida-da-mulher-2012\\\/\"},\"wordCount\":415,\"commentCount\":0,\"publisher\":{\"@id\":\"https:\\\/\\\/fieam.org.br\\\/sesi\\\/#organization\"},\"image\":{\"@id\":\"https:\\\/\\\/fieam.org.br\\\/sesi\\\/sesi-apoia-trabalhadoras-do-pim-na-corrida-da-mulher-2012\\\/#primaryimage\"},\"thumbnailUrl\":\"http:\\\/\\\/www.fieam.org.br\\\/site\\\/sesi\\\/files\\\/2012\\\/03\\\/Aquecimento-antes-da-largada-300x200.jpg\",\"articleSection\":[\"News\"],\"inLanguage\":\"pt-BR\",\"potentialAction\":[{\"@type\":\"CommentAction\",\"name\":\"Comment\",\"target\":[\"https:\\\/\\\/fieam.org.br\\\/sesi\\\/sesi-apoia-trabalhadoras-do-pim-na-corrida-da-mulher-2012\\\/#respond\"]}]},{\"@type\":\"WebPage\",\"@id\":\"https:\\\/\\\/fieam.org.br\\\/sesi\\\/sesi-apoia-trabalhadoras-do-pim-na-corrida-da-mulher-2012\\\/\",\"url\":\"https:\\\/\\\/fieam.org.br\\\/sesi\\\/sesi-apoia-trabalhadoras-do-pim-na-corrida-da-mulher-2012\\\/\",\"name\":\"SESI apoia trabalhadoras do PIM na Corrida da Mulher 2012 - SESI\",\"isPartOf\":{\"@id\":\"https:\\\/\\\/fieam.org.br\\\/sesi\\\/#website\"},\"primaryImageOfPage\":{\"@id\":\"https:\\\/\\\/fieam.org.br\\\/sesi\\\/sesi-apoia-trabalhadoras-do-pim-na-corrida-da-mulher-2012\\\/#primaryimage\"},\"image\":{\"@id\":\"https:\\\/\\\/fieam.org.br\\\/sesi\\\/sesi-apoia-trabalhadoras-do-pim-na-corrida-da-mulher-2012\\\/#primaryimage\"},\"thumbnailUrl\":\"http:\\\/\\\/www.fieam.org.br\\\/site\\\/sesi\\\/files\\\/2012\\\/03\\\/Aquecimento-antes-da-largada-300x200.jpg\",\"datePublished\":\"2012-03-13T12:09:07+00:00\",\"breadcrumb\":{\"@id\":\"https:\\\/\\\/fieam.org.br\\\/sesi\\\/sesi-apoia-trabalhadoras-do-pim-na-corrida-da-mulher-2012\\\/#breadcrumb\"},\"inLanguage\":\"pt-BR\",\"potentialAction\":[{\"@type\":\"ReadAction\",\"target\":[\"https:\\\/\\\/fieam.org.br\\\/sesi\\\/sesi-apoia-trabalhadoras-do-pim-na-corrida-da-mulher-2012\\\/\"]}]},{\"@type\":\"ImageObject\",\"inLanguage\":\"pt-BR\",\"@id\":\"https:\\\/\\\/fieam.org.br\\\/sesi\\\/sesi-apoia-trabalhadoras-do-pim-na-corrida-da-mulher-2012\\\/#primaryimage\",\"url\":\"http:\\\/\\\/www.fieam.org.br\\\/site\\\/sesi\\\/files\\\/2012\\\/03\\\/Aquecimento-antes-da-largada-300x200.jpg\",\"contentUrl\":\"http:\\\/\\\/www.fieam.org.br\\\/site\\\/sesi\\\/files\\\/2012\\\/03\\\/Aquecimento-antes-da-largada-300x200.jpg\"},{\"@type\":\"BreadcrumbList\",\"@id\":\"https:\\\/\\\/fieam.org.br\\\/sesi\\\/sesi-apoia-trabalhadoras-do-pim-na-corrida-da-mulher-2012\\\/#breadcrumb\",\"itemListElement\":[{\"@type\":\"ListItem\",\"position\":1,\"name\":\"In\u00edcio\",\"item\":\"https:\\\/\\\/fieam.org.br\\\/sesi\\\/\"},{\"@type\":\"ListItem\",\"position\":2,\"name\":\"SESI apoia trabalhadoras do PIM na Corrida da Mulher 2012\"}]},{\"@type\":\"WebSite\",\"@id\":\"https:\\\/\\\/fieam.org.br\\\/sesi\\\/#website\",\"url\":\"https:\\\/\\\/fieam.org.br\\\/sesi\\\/\",\"name\":\"SESI\",\"description\":\"Site Oficial!\",\"publisher\":{\"@id\":\"https:\\\/\\\/fieam.org.br\\\/sesi\\\/#organization\"},\"potentialAction\":[{\"@type\":\"SearchAction\",\"target\":{\"@type\":\"EntryPoint\",\"urlTemplate\":\"https:\\\/\\\/fieam.org.br\\\/sesi\\\/?s={search_term_string}\"},\"query-input\":{\"@type\":\"PropertyValueSpecification\",\"valueRequired\":true,\"valueName\":\"search_term_string\"}}],\"inLanguage\":\"pt-BR\"},{\"@type\":\"Organization\",\"@id\":\"https:\\\/\\\/fieam.org.br\\\/sesi\\\/#organization\",\"name\":\"SESI\",\"url\":\"https:\\\/\\\/fieam.org.br\\\/sesi\\\/\",\"logo\":{\"@type\":\"ImageObject\",\"inLanguage\":\"pt-BR\",\"@id\":\"https:\\\/\\\/fieam.org.br\\\/sesi\\\/#\\\/schema\\\/logo\\\/image\\\/\",\"url\":\"https:\\\/\\\/fieam.org.br\\\/sesi\\\/wp-content\\\/uploads\\\/sites\\\/14\\\/2024\\\/03\\\/cropped-fav.png\",\"contentUrl\":\"https:\\\/\\\/fieam.org.br\\\/sesi\\\/wp-content\\\/uploads\\\/sites\\\/14\\\/2024\\\/03\\\/cropped-fav.png\",\"width\":610,\"height\":589,\"caption\":\"SESI\"},\"image\":{\"@id\":\"https:\\\/\\\/fieam.org.br\\\/sesi\\\/#\\\/schema\\\/logo\\\/image\\\/\"}},{\"@type\":\"Person\",\"@id\":\"https:\\\/\\\/fieam.org.br\\\/sesi\\\/#\\\/schema\\\/person\\\/f54998dd14d5f0695b41444f2b01c31e\",\"name\":\"Autor\",\"image\":{\"@type\":\"ImageObject\",\"inLanguage\":\"pt-BR\",\"@id\":\"https:\\\/\\\/secure.gravatar.com\\\/avatar\\\/3732c223e0e1fad69062a8f770955c9068d37b055204f310a0be18d4069fe380?s=96&d=mm&r=g\",\"url\":\"https:\\\/\\\/secure.gravatar.com\\\/avatar\\\/3732c223e0e1fad69062a8f770955c9068d37b055204f310a0be18d4069fe380?s=96&d=mm&r=g\",\"contentUrl\":\"https:\\\/\\\/secure.gravatar.com\\\/avatar\\\/3732c223e0e1fad69062a8f770955c9068d37b055204f310a0be18d4069fe380?s=96&d=mm&r=g\",\"caption\":\"Autor\"},\"sameAs\":[\"https:\\\/\\\/marketingmassivo.com.br\"],\"url\":\"https:\\\/\\\/fieam.org.br\\\/sesi\\\/author\\\/admin\\\/\"}]}<\/script>\n<!-- \/ Yoast SEO plugin. -->","yoast_head_json":{"title":"SESI apoia trabalhadoras do PIM na Corrida da Mulher 2012 - SESI","robots":{"index":"index","follow":"follow","max-snippet":"max-snippet:-1","max-image-preview":"max-image-preview:large","max-video-preview":"max-video-preview:-1"},"canonical":"https:\/\/fieam.org.br\/sesi\/sesi-apoia-trabalhadoras-do-pim-na-corrida-da-mulher-2012\/","og_locale":"pt_BR","og_type":"article","og_title":"SESI apoia trabalhadoras do PIM na Corrida da Mulher 2012 - SESI","og_description":"Duzentas trabalhadoras-atletas do Polo Industrial de Manaus e colaboradoras do Sistema Federa\u00e7\u00e3o das Ind\u00fastrias do Estado do Amazonas (FIEAM) participaram\u00a0 da 2\u00aa Corrida da Mulher &#8211; Rita Calderaro, promovida pela Secretaria Municipal de Desporto e Lazer (Semdej) e Servi\u00e7o Social da Ind\u00fastria (SESI),\u00a0 s\u00e1bado (10), na Estrada da Ponta Negra, Zona Oeste, com largada (17h) [&hellip;]","og_url":"https:\/\/fieam.org.br\/sesi\/sesi-apoia-trabalhadoras-do-pim-na-corrida-da-mulher-2012\/","og_site_name":"SESI","article_published_time":"2012-03-13T12:09:07+00:00","og_image":[{"width":1024,"height":683,"url":"https:\/\/fieam.org.br\/sesi\/wp-content\/uploads\/sites\/14\/2012\/03\/Aquecimento-antes-da-largada.jpg","type":"image\/jpeg"}],"author":"Autor","twitter_card":"summary_large_image","twitter_misc":{"Escrito por":"Autor","Est. tempo de leitura":"2 minutos"},"schema":{"@context":"https:\/\/schema.org","@graph":[{"@type":"Article","@id":"https:\/\/fieam.org.br\/sesi\/sesi-apoia-trabalhadoras-do-pim-na-corrida-da-mulher-2012\/#article","isPartOf":{"@id":"https:\/\/fieam.org.br\/sesi\/sesi-apoia-trabalhadoras-do-pim-na-corrida-da-mulher-2012\/"},"author":{"name":"Autor","@id":"https:\/\/fieam.org.br\/sesi\/#\/schema\/person\/f54998dd14d5f0695b41444f2b01c31e"},"headline":"SESI apoia trabalhadoras do PIM na Corrida da Mulher 2012","datePublished":"2012-03-13T12:09:07+00:00","mainEntityOfPage":{"@id":"https:\/\/fieam.org.br\/sesi\/sesi-apoia-trabalhadoras-do-pim-na-corrida-da-mulher-2012\/"},"wordCount":415,"commentCount":0,"publisher":{"@id":"https:\/\/fieam.org.br\/sesi\/#organization"},"image":{"@id":"https:\/\/fieam.org.br\/sesi\/sesi-apoia-trabalhadoras-do-pim-na-corrida-da-mulher-2012\/#primaryimage"},"thumbnailUrl":"http:\/\/www.fieam.org.br\/site\/sesi\/files\/2012\/03\/Aquecimento-antes-da-largada-300x200.jpg","articleSection":["News"],"inLanguage":"pt-BR","potentialAction":[{"@type":"CommentAction","name":"Comment","target":["https:\/\/fieam.org.br\/sesi\/sesi-apoia-trabalhadoras-do-pim-na-corrida-da-mulher-2012\/#respond"]}]},{"@type":"WebPage","@id":"https:\/\/fieam.org.br\/sesi\/sesi-apoia-trabalhadoras-do-pim-na-corrida-da-mulher-2012\/","url":"https:\/\/fieam.org.br\/sesi\/sesi-apoia-trabalhadoras-do-pim-na-corrida-da-mulher-2012\/","name":"SESI apoia trabalhadoras do PIM na Corrida da Mulher 2012 - SESI","isPartOf":{"@id":"https:\/\/fieam.org.br\/sesi\/#website"},"primaryImageOfPage":{"@id":"https:\/\/fieam.org.br\/sesi\/sesi-apoia-trabalhadoras-do-pim-na-corrida-da-mulher-2012\/#primaryimage"},"image":{"@id":"https:\/\/fieam.org.br\/sesi\/sesi-apoia-trabalhadoras-do-pim-na-corrida-da-mulher-2012\/#primaryimage"},"thumbnailUrl":"http:\/\/www.fieam.org.br\/site\/sesi\/files\/2012\/03\/Aquecimento-antes-da-largada-300x200.jpg","datePublished":"2012-03-13T12:09:07+00:00","breadcrumb":{"@id":"https:\/\/fieam.org.br\/sesi\/sesi-apoia-trabalhadoras-do-pim-na-corrida-da-mulher-2012\/#breadcrumb"},"inLanguage":"pt-BR","potentialAction":[{"@type":"ReadAction","target":["https:\/\/fieam.org.br\/sesi\/sesi-apoia-trabalhadoras-do-pim-na-corrida-da-mulher-2012\/"]}]},{"@type":"ImageObject","inLanguage":"pt-BR","@id":"https:\/\/fieam.org.br\/sesi\/sesi-apoia-trabalhadoras-do-pim-na-corrida-da-mulher-2012\/#primaryimage","url":"http:\/\/www.fieam.org.br\/site\/sesi\/files\/2012\/03\/Aquecimento-antes-da-largada-300x200.jpg","contentUrl":"http:\/\/www.fieam.org.br\/site\/sesi\/files\/2012\/03\/Aquecimento-antes-da-largada-300x200.jpg"},{"@type":"BreadcrumbList","@id":"https:\/\/fieam.org.br\/sesi\/sesi-apoia-trabalhadoras-do-pim-na-corrida-da-mulher-2012\/#breadcrumb","itemListElement":[{"@type":"ListItem","position":1,"name":"In\u00edcio","item":"https:\/\/fieam.org.br\/sesi\/"},{"@type":"ListItem","position":2,"name":"SESI apoia trabalhadoras do PIM na Corrida da Mulher 2012"}]},{"@type":"WebSite","@id":"https:\/\/fieam.org.br\/sesi\/#website","url":"https:\/\/fieam.org.br\/sesi\/","name":"SESI","description":"Site Oficial!","publisher":{"@id":"https:\/\/fieam.org.br\/sesi\/#organization"},"potentialAction":[{"@type":"SearchAction","target":{"@type":"EntryPoint","urlTemplate":"https:\/\/fieam.org.br\/sesi\/?s={search_term_string}"},"query-input":{"@type":"PropertyValueSpecification","valueRequired":true,"valueName":"search_term_string"}}],"inLanguage":"pt-BR"},{"@type":"Organization","@id":"https:\/\/fieam.org.br\/sesi\/#organization","name":"SESI","url":"https:\/\/fieam.org.br\/sesi\/","logo":{"@type":"ImageObject","inLanguage":"pt-BR","@id":"https:\/\/fieam.org.br\/sesi\/#\/schema\/logo\/image\/","url":"https:\/\/fieam.org.br\/sesi\/wp-content\/uploads\/sites\/14\/2024\/03\/cropped-fav.png","contentUrl":"https:\/\/fieam.org.br\/sesi\/wp-content\/uploads\/sites\/14\/2024\/03\/cropped-fav.png","width":610,"height":589,"caption":"SESI"},"image":{"@id":"https:\/\/fieam.org.br\/sesi\/#\/schema\/logo\/image\/"}},{"@type":"Person","@id":"https:\/\/fieam.org.br\/sesi\/#\/schema\/person\/f54998dd14d5f0695b41444f2b01c31e","name":"Autor","image":{"@type":"ImageObject","inLanguage":"pt-BR","@id":"https:\/\/secure.gravatar.com\/avatar\/3732c223e0e1fad69062a8f770955c9068d37b055204f310a0be18d4069fe380?s=96&d=mm&r=g","url":"https:\/\/secure.gravatar.com\/avatar\/3732c223e0e1fad69062a8f770955c9068d37b055204f310a0be18d4069fe380?s=96&d=mm&r=g","contentUrl":"https:\/\/secure.gravatar.com\/avatar\/3732c223e0e1fad69062a8f770955c9068d37b055204f310a0be18d4069fe380?s=96&d=mm&r=g","caption":"Autor"},"sameAs":["https:\/\/marketingmassivo.com.br"],"url":"https:\/\/fieam.org.br\/sesi\/author\/admin\/"}]}},"_links":{"self":[{"href":"https:\/\/fieam.org.br\/sesi\/wp-json\/wp\/v2\/posts\/2695","targetHints":{"allow":["GET"]}}],"collection":[{"href":"https:\/\/fieam.org.br\/sesi\/wp-json\/wp\/v2\/posts"}],"about":[{"href":"https:\/\/fieam.org.br\/sesi\/wp-json\/wp\/v2\/types\/post"}],"author":[{"embeddable":true,"href":"https:\/\/fieam.org.br\/sesi\/wp-json\/wp\/v2\/users\/1"}],"replies":[{"embeddable":true,"href":"https:\/\/fieam.org.br\/sesi\/wp-json\/wp\/v2\/comments?post=2695"}],"version-history":[{"count":0,"href":"https:\/\/fieam.org.br\/sesi\/wp-json\/wp\/v2\/posts\/2695\/revisions"}],"wp:attachment":[{"href":"https:\/\/fieam.org.br\/sesi\/wp-json\/wp\/v2\/media?parent=2695"}],"wp:term":[{"taxonomy":"category","embeddable":true,"href":"https:\/\/fieam.org.br\/sesi\/wp-json\/wp\/v2\/categories?post=2695"},{"taxonomy":"post_tag","embeddable":true,"href":"https:\/\/fieam.org.br\/sesi\/wp-json\/wp\/v2\/tags?post=2695"}],"curies":[{"name":"wp","href":"https:\/\/api.w.org\/{rel}","templated":true}]}}