{"id":2646,"date":"2012-02-27T14:44:05","date_gmt":"2012-02-27T14:44:05","guid":{"rendered":"http:\/\/www.fieam.org.br\/site\/sesi\/?p=2646"},"modified":"2012-02-27T14:44:05","modified_gmt":"2012-02-27T14:44:05","slug":"sesi-e-senai-promovem-workshop-sobre-ebep","status":"publish","type":"post","link":"https:\/\/fieam.org.br\/sesi\/sesi-e-senai-promovem-workshop-sobre-ebep\/","title":{"rendered":"SESI e SENAI promovem Workshop sobre EBEP"},"content":{"rendered":"<p><em>Educa\u00e7\u00e3o B\u00e1sica e Educa\u00e7\u00e3o Profissional<\/em><\/p>\n<p>&nbsp;<\/p>\n<p>&nbsp;<\/p>\n<p>O <a href=\"..\/institucional\/\" target=\"_blank\" rel=\"noopener\">Servi\u00e7o Social da Ind\u00fastria (SESI Amazonas)<\/a> e o <a href=\"..\/..\/senai\/institucional\/\" target=\"_blank\" rel=\"noopener\">Servi\u00e7o Nacional de Aprendizagem Industrial (SENAI Amazonas)<\/a> promovem nos dias 28 e 29 o Workshop sobre <a href=\"..\/educacao-eja\/\" target=\"_blank\" rel=\"noopener\">Educa\u00e7\u00e3o B\u00e1sica do SESI articulada com a Educa\u00e7\u00e3o Profissional do SENAI (EBEP)<\/a>, programa\u00e7\u00e3o de apresenta\u00e7\u00e3o da proposta do programa que forma jovens para os segmentos produtivos da Constru\u00e7\u00e3o Civil e Metalmec\u00e2nica.<\/p>\n<p>O evento, direcionado \u00e0s empresas do <a href=\"http:\/\/www.suframa.gov.br\/\" target=\"_blank\" rel=\"noopener\">Polo Industrial de Manaus<\/a>, ser\u00e1 realizado no dia 28, \u00e0s 18h30, na <a href=\"..\/..\/senai\/escola-senai-demostenes-travessa\/\" target=\"_blank\" rel=\"noopener\">Escola SENAI Dem\u00f3stenes Travessa<\/a>, localizada na Avenida Rodrigo Ot\u00e1vio, 510, Distrito Industrial e, na quarta-feira, o Workshop ocorrer\u00e1 na <a href=\"..\/..\/senai\/escola-senai-waldomiro-lustoza\/\" target=\"_blank\" rel=\"noopener\">Escola SENAI Waldemiro Lustoza<\/a>, da Avenida Carvalho Leal, 555, Cachoeirinha, das 18h30 \u00e0s 20h30.<\/p>\n<p>Os cursos do ensino articulado SESI e SENAI t\u00eam dura\u00e7\u00e3o de 19 meses ou 1.600 horas. A metade do curso \u00e9 desenvolvida em tempo integral na escola, onde o aluno recebe o ensino fundamental do SESI pela manh\u00e3, e o aprendizado profissionalizante \u00e0 tarde. As outras 800 horas s\u00e3o realizadas dentro das empresas que recebem os alunos do EBEP como estagi\u00e1rios, seguindo o regime firmado na Lei 10.097\/00, referente ao contrato de menor aprendiz.<\/p>\n<p>O EBEP iniciou-se no Amazonas em 2004 com turmas pilotos na \u00e1rea da constru\u00e7\u00e3o civil, nas pr\u00f3ximas turmas realizadas nos anos de 2006 e 2010 foram contemplados cerca de 40 alunos nos cursos de instalador hidr\u00e1ulico predial e eletricista instalador predial de baixa tens\u00e3o.<\/p>\n<p>A proposta para 2012 \u00e9 aumentar o atendimento aos estudantes de baixa rende, cumprindo o protocolo de compromisso firmado em 2008 entre Minist\u00e9rio da Educa\u00e7\u00e3o, Minist\u00e9rio da Fazenda, <a href=\"http:\/\/www.cni.org.br\/\" target=\"_blank\" rel=\"noopener\">Confedera\u00e7\u00e3o Nacional da Ind\u00fastria (CNI)<\/a>, SESI e SENAI.<\/p>\n<p>A meta para este ano \u00e9 matricular 248 novos alunos com a abertura de novos cursos no segmento de metalmec\u00e2nica, incluindo no portf\u00f3lio deste programa no Amazonas turmas de almoxarife, mec\u00e2nica de motocicleta, operador e programador de m\u00e1quinas a CNC e mec\u00e2nico de motores automotivos.<\/p>\n","protected":false},"excerpt":{"rendered":"<p>Educa\u00e7\u00e3o B\u00e1sica e Educa\u00e7\u00e3o Profissional &nbsp; &nbsp; O Servi\u00e7o Social da Ind\u00fastria (SESI Amazonas) e o Servi\u00e7o Nacional de Aprendizagem Industrial (SENAI Amazonas) promovem nos dias 28 e 29 o Workshop sobre Educa\u00e7\u00e3o B\u00e1sica do SESI articulada com a Educa\u00e7\u00e3o Profissional do SENAI (EBEP), programa\u00e7\u00e3o de apresenta\u00e7\u00e3o da proposta do programa que forma jovens para [&hellip;]<\/p>\n","protected":false},"author":1,"featured_media":0,"comment_status":"open","ping_status":"open","sticky":false,"template":"","format":"standard","meta":{"footnotes":""},"categories":[25],"tags":[],"class_list":["post-2646","post","type-post","status-publish","format-standard","hentry","category-news"],"yoast_head":"<!-- This site is optimized with the Yoast SEO plugin v28.2 - https:\/\/yoast.com\/product\/yoast-seo-wordpress\/ -->\n<title>SESI e SENAI promovem Workshop sobre EBEP - SESI<\/title>\n<meta name=\"robots\" content=\"index, follow, max-snippet:-1, max-image-preview:large, max-video-preview:-1\" \/>\n<link rel=\"canonical\" href=\"https:\/\/fieam.org.br\/sesi\/sesi-e-senai-promovem-workshop-sobre-ebep\/\" \/>\n<meta property=\"og:locale\" content=\"pt_BR\" \/>\n<meta property=\"og:type\" content=\"article\" \/>\n<meta property=\"og:title\" content=\"SESI e SENAI promovem Workshop sobre EBEP - SESI\" \/>\n<meta property=\"og:description\" content=\"Educa\u00e7\u00e3o B\u00e1sica e Educa\u00e7\u00e3o Profissional &nbsp; &nbsp; O Servi\u00e7o Social da Ind\u00fastria (SESI Amazonas) e o Servi\u00e7o Nacional de Aprendizagem Industrial (SENAI Amazonas) promovem nos dias 28 e 29 o Workshop sobre Educa\u00e7\u00e3o B\u00e1sica do SESI articulada com a Educa\u00e7\u00e3o Profissional do SENAI (EBEP), programa\u00e7\u00e3o de apresenta\u00e7\u00e3o da proposta do programa que forma jovens para [&hellip;]\" \/>\n<meta property=\"og:url\" content=\"https:\/\/fieam.org.br\/sesi\/sesi-e-senai-promovem-workshop-sobre-ebep\/\" \/>\n<meta property=\"og:site_name\" content=\"SESI\" \/>\n<meta property=\"article:published_time\" content=\"2012-02-27T14:44:05+00:00\" \/>\n<meta name=\"author\" content=\"Autor\" \/>\n<meta name=\"twitter:card\" content=\"summary_large_image\" \/>\n<meta name=\"twitter:label1\" content=\"Escrito por\" \/>\n\t<meta name=\"twitter:data1\" content=\"Autor\" \/>\n\t<meta name=\"twitter:label2\" content=\"Est. tempo de leitura\" \/>\n\t<meta name=\"twitter:data2\" content=\"2 minutos\" \/>\n<script type=\"application\/ld+json\" class=\"yoast-schema-graph\">{\"@context\":\"https:\\\/\\\/schema.org\",\"@graph\":[{\"@type\":\"Article\",\"@id\":\"https:\\\/\\\/fieam.org.br\\\/sesi\\\/sesi-e-senai-promovem-workshop-sobre-ebep\\\/#article\",\"isPartOf\":{\"@id\":\"https:\\\/\\\/fieam.org.br\\\/sesi\\\/sesi-e-senai-promovem-workshop-sobre-ebep\\\/\"},\"author\":{\"name\":\"Autor\",\"@id\":\"https:\\\/\\\/fieam.org.br\\\/sesi\\\/#\\\/schema\\\/person\\\/f54998dd14d5f0695b41444f2b01c31e\"},\"headline\":\"SESI e SENAI promovem Workshop sobre EBEP\",\"datePublished\":\"2012-02-27T14:44:05+00:00\",\"mainEntityOfPage\":{\"@id\":\"https:\\\/\\\/fieam.org.br\\\/sesi\\\/sesi-e-senai-promovem-workshop-sobre-ebep\\\/\"},\"wordCount\":333,\"commentCount\":0,\"publisher\":{\"@id\":\"https:\\\/\\\/fieam.org.br\\\/sesi\\\/#organization\"},\"articleSection\":[\"News\"],\"inLanguage\":\"pt-BR\",\"potentialAction\":[{\"@type\":\"CommentAction\",\"name\":\"Comment\",\"target\":[\"https:\\\/\\\/fieam.org.br\\\/sesi\\\/sesi-e-senai-promovem-workshop-sobre-ebep\\\/#respond\"]}]},{\"@type\":\"WebPage\",\"@id\":\"https:\\\/\\\/fieam.org.br\\\/sesi\\\/sesi-e-senai-promovem-workshop-sobre-ebep\\\/\",\"url\":\"https:\\\/\\\/fieam.org.br\\\/sesi\\\/sesi-e-senai-promovem-workshop-sobre-ebep\\\/\",\"name\":\"SESI e SENAI promovem Workshop sobre EBEP - SESI\",\"isPartOf\":{\"@id\":\"https:\\\/\\\/fieam.org.br\\\/sesi\\\/#website\"},\"datePublished\":\"2012-02-27T14:44:05+00:00\",\"breadcrumb\":{\"@id\":\"https:\\\/\\\/fieam.org.br\\\/sesi\\\/sesi-e-senai-promovem-workshop-sobre-ebep\\\/#breadcrumb\"},\"inLanguage\":\"pt-BR\",\"potentialAction\":[{\"@type\":\"ReadAction\",\"target\":[\"https:\\\/\\\/fieam.org.br\\\/sesi\\\/sesi-e-senai-promovem-workshop-sobre-ebep\\\/\"]}]},{\"@type\":\"BreadcrumbList\",\"@id\":\"https:\\\/\\\/fieam.org.br\\\/sesi\\\/sesi-e-senai-promovem-workshop-sobre-ebep\\\/#breadcrumb\",\"itemListElement\":[{\"@type\":\"ListItem\",\"position\":1,\"name\":\"In\u00edcio\",\"item\":\"https:\\\/\\\/fieam.org.br\\\/sesi\\\/\"},{\"@type\":\"ListItem\",\"position\":2,\"name\":\"SESI e SENAI promovem Workshop sobre EBEP\"}]},{\"@type\":\"WebSite\",\"@id\":\"https:\\\/\\\/fieam.org.br\\\/sesi\\\/#website\",\"url\":\"https:\\\/\\\/fieam.org.br\\\/sesi\\\/\",\"name\":\"SESI\",\"description\":\"Site Oficial!\",\"publisher\":{\"@id\":\"https:\\\/\\\/fieam.org.br\\\/sesi\\\/#organization\"},\"potentialAction\":[{\"@type\":\"SearchAction\",\"target\":{\"@type\":\"EntryPoint\",\"urlTemplate\":\"https:\\\/\\\/fieam.org.br\\\/sesi\\\/?s={search_term_string}\"},\"query-input\":{\"@type\":\"PropertyValueSpecification\",\"valueRequired\":true,\"valueName\":\"search_term_string\"}}],\"inLanguage\":\"pt-BR\"},{\"@type\":\"Organization\",\"@id\":\"https:\\\/\\\/fieam.org.br\\\/sesi\\\/#organization\",\"name\":\"SESI\",\"url\":\"https:\\\/\\\/fieam.org.br\\\/sesi\\\/\",\"logo\":{\"@type\":\"ImageObject\",\"inLanguage\":\"pt-BR\",\"@id\":\"https:\\\/\\\/fieam.org.br\\\/sesi\\\/#\\\/schema\\\/logo\\\/image\\\/\",\"url\":\"https:\\\/\\\/fieam.org.br\\\/sesi\\\/wp-content\\\/uploads\\\/sites\\\/14\\\/2024\\\/03\\\/cropped-fav.png\",\"contentUrl\":\"https:\\\/\\\/fieam.org.br\\\/sesi\\\/wp-content\\\/uploads\\\/sites\\\/14\\\/2024\\\/03\\\/cropped-fav.png\",\"width\":610,\"height\":589,\"caption\":\"SESI\"},\"image\":{\"@id\":\"https:\\\/\\\/fieam.org.br\\\/sesi\\\/#\\\/schema\\\/logo\\\/image\\\/\"}},{\"@type\":\"Person\",\"@id\":\"https:\\\/\\\/fieam.org.br\\\/sesi\\\/#\\\/schema\\\/person\\\/f54998dd14d5f0695b41444f2b01c31e\",\"name\":\"Autor\",\"image\":{\"@type\":\"ImageObject\",\"inLanguage\":\"pt-BR\",\"@id\":\"https:\\\/\\\/secure.gravatar.com\\\/avatar\\\/3732c223e0e1fad69062a8f770955c9068d37b055204f310a0be18d4069fe380?s=96&d=mm&r=g\",\"url\":\"https:\\\/\\\/secure.gravatar.com\\\/avatar\\\/3732c223e0e1fad69062a8f770955c9068d37b055204f310a0be18d4069fe380?s=96&d=mm&r=g\",\"contentUrl\":\"https:\\\/\\\/secure.gravatar.com\\\/avatar\\\/3732c223e0e1fad69062a8f770955c9068d37b055204f310a0be18d4069fe380?s=96&d=mm&r=g\",\"caption\":\"Autor\"},\"sameAs\":[\"https:\\\/\\\/marketingmassivo.com.br\"],\"url\":\"https:\\\/\\\/fieam.org.br\\\/sesi\\\/author\\\/admin\\\/\"}]}<\/script>\n<!-- \/ Yoast SEO plugin. -->","yoast_head_json":{"title":"SESI e SENAI promovem Workshop sobre EBEP - SESI","robots":{"index":"index","follow":"follow","max-snippet":"max-snippet:-1","max-image-preview":"max-image-preview:large","max-video-preview":"max-video-preview:-1"},"canonical":"https:\/\/fieam.org.br\/sesi\/sesi-e-senai-promovem-workshop-sobre-ebep\/","og_locale":"pt_BR","og_type":"article","og_title":"SESI e SENAI promovem Workshop sobre EBEP - SESI","og_description":"Educa\u00e7\u00e3o B\u00e1sica e Educa\u00e7\u00e3o Profissional &nbsp; &nbsp; O Servi\u00e7o Social da Ind\u00fastria (SESI Amazonas) e o Servi\u00e7o Nacional de Aprendizagem Industrial (SENAI Amazonas) promovem nos dias 28 e 29 o Workshop sobre Educa\u00e7\u00e3o B\u00e1sica do SESI articulada com a Educa\u00e7\u00e3o Profissional do SENAI (EBEP), programa\u00e7\u00e3o de apresenta\u00e7\u00e3o da proposta do programa que forma jovens para [&hellip;]","og_url":"https:\/\/fieam.org.br\/sesi\/sesi-e-senai-promovem-workshop-sobre-ebep\/","og_site_name":"SESI","article_published_time":"2012-02-27T14:44:05+00:00","author":"Autor","twitter_card":"summary_large_image","twitter_misc":{"Escrito por":"Autor","Est. tempo de leitura":"2 minutos"},"schema":{"@context":"https:\/\/schema.org","@graph":[{"@type":"Article","@id":"https:\/\/fieam.org.br\/sesi\/sesi-e-senai-promovem-workshop-sobre-ebep\/#article","isPartOf":{"@id":"https:\/\/fieam.org.br\/sesi\/sesi-e-senai-promovem-workshop-sobre-ebep\/"},"author":{"name":"Autor","@id":"https:\/\/fieam.org.br\/sesi\/#\/schema\/person\/f54998dd14d5f0695b41444f2b01c31e"},"headline":"SESI e SENAI promovem Workshop sobre EBEP","datePublished":"2012-02-27T14:44:05+00:00","mainEntityOfPage":{"@id":"https:\/\/fieam.org.br\/sesi\/sesi-e-senai-promovem-workshop-sobre-ebep\/"},"wordCount":333,"commentCount":0,"publisher":{"@id":"https:\/\/fieam.org.br\/sesi\/#organization"},"articleSection":["News"],"inLanguage":"pt-BR","potentialAction":[{"@type":"CommentAction","name":"Comment","target":["https:\/\/fieam.org.br\/sesi\/sesi-e-senai-promovem-workshop-sobre-ebep\/#respond"]}]},{"@type":"WebPage","@id":"https:\/\/fieam.org.br\/sesi\/sesi-e-senai-promovem-workshop-sobre-ebep\/","url":"https:\/\/fieam.org.br\/sesi\/sesi-e-senai-promovem-workshop-sobre-ebep\/","name":"SESI e SENAI promovem Workshop sobre EBEP - SESI","isPartOf":{"@id":"https:\/\/fieam.org.br\/sesi\/#website"},"datePublished":"2012-02-27T14:44:05+00:00","breadcrumb":{"@id":"https:\/\/fieam.org.br\/sesi\/sesi-e-senai-promovem-workshop-sobre-ebep\/#breadcrumb"},"inLanguage":"pt-BR","potentialAction":[{"@type":"ReadAction","target":["https:\/\/fieam.org.br\/sesi\/sesi-e-senai-promovem-workshop-sobre-ebep\/"]}]},{"@type":"BreadcrumbList","@id":"https:\/\/fieam.org.br\/sesi\/sesi-e-senai-promovem-workshop-sobre-ebep\/#breadcrumb","itemListElement":[{"@type":"ListItem","position":1,"name":"In\u00edcio","item":"https:\/\/fieam.org.br\/sesi\/"},{"@type":"ListItem","position":2,"name":"SESI e SENAI promovem Workshop sobre EBEP"}]},{"@type":"WebSite","@id":"https:\/\/fieam.org.br\/sesi\/#website","url":"https:\/\/fieam.org.br\/sesi\/","name":"SESI","description":"Site Oficial!","publisher":{"@id":"https:\/\/fieam.org.br\/sesi\/#organization"},"potentialAction":[{"@type":"SearchAction","target":{"@type":"EntryPoint","urlTemplate":"https:\/\/fieam.org.br\/sesi\/?s={search_term_string}"},"query-input":{"@type":"PropertyValueSpecification","valueRequired":true,"valueName":"search_term_string"}}],"inLanguage":"pt-BR"},{"@type":"Organization","@id":"https:\/\/fieam.org.br\/sesi\/#organization","name":"SESI","url":"https:\/\/fieam.org.br\/sesi\/","logo":{"@type":"ImageObject","inLanguage":"pt-BR","@id":"https:\/\/fieam.org.br\/sesi\/#\/schema\/logo\/image\/","url":"https:\/\/fieam.org.br\/sesi\/wp-content\/uploads\/sites\/14\/2024\/03\/cropped-fav.png","contentUrl":"https:\/\/fieam.org.br\/sesi\/wp-content\/uploads\/sites\/14\/2024\/03\/cropped-fav.png","width":610,"height":589,"caption":"SESI"},"image":{"@id":"https:\/\/fieam.org.br\/sesi\/#\/schema\/logo\/image\/"}},{"@type":"Person","@id":"https:\/\/fieam.org.br\/sesi\/#\/schema\/person\/f54998dd14d5f0695b41444f2b01c31e","name":"Autor","image":{"@type":"ImageObject","inLanguage":"pt-BR","@id":"https:\/\/secure.gravatar.com\/avatar\/3732c223e0e1fad69062a8f770955c9068d37b055204f310a0be18d4069fe380?s=96&d=mm&r=g","url":"https:\/\/secure.gravatar.com\/avatar\/3732c223e0e1fad69062a8f770955c9068d37b055204f310a0be18d4069fe380?s=96&d=mm&r=g","contentUrl":"https:\/\/secure.gravatar.com\/avatar\/3732c223e0e1fad69062a8f770955c9068d37b055204f310a0be18d4069fe380?s=96&d=mm&r=g","caption":"Autor"},"sameAs":["https:\/\/marketingmassivo.com.br"],"url":"https:\/\/fieam.org.br\/sesi\/author\/admin\/"}]}},"_links":{"self":[{"href":"https:\/\/fieam.org.br\/sesi\/wp-json\/wp\/v2\/posts\/2646","targetHints":{"allow":["GET"]}}],"collection":[{"href":"https:\/\/fieam.org.br\/sesi\/wp-json\/wp\/v2\/posts"}],"about":[{"href":"https:\/\/fieam.org.br\/sesi\/wp-json\/wp\/v2\/types\/post"}],"author":[{"embeddable":true,"href":"https:\/\/fieam.org.br\/sesi\/wp-json\/wp\/v2\/users\/1"}],"replies":[{"embeddable":true,"href":"https:\/\/fieam.org.br\/sesi\/wp-json\/wp\/v2\/comments?post=2646"}],"version-history":[{"count":0,"href":"https:\/\/fieam.org.br\/sesi\/wp-json\/wp\/v2\/posts\/2646\/revisions"}],"wp:attachment":[{"href":"https:\/\/fieam.org.br\/sesi\/wp-json\/wp\/v2\/media?parent=2646"}],"wp:term":[{"taxonomy":"category","embeddable":true,"href":"https:\/\/fieam.org.br\/sesi\/wp-json\/wp\/v2\/categories?post=2646"},{"taxonomy":"post_tag","embeddable":true,"href":"https:\/\/fieam.org.br\/sesi\/wp-json\/wp\/v2\/tags?post=2646"}],"curies":[{"name":"wp","href":"https:\/\/api.w.org\/{rel}","templated":true}]}}