{"id":2618,"date":"2012-02-16T10:25:45","date_gmt":"2012-02-16T10:25:45","guid":{"rendered":"http:\/\/www.fieam.org.br\/site\/sesi\/?p=2618"},"modified":"2012-02-16T10:25:45","modified_gmt":"2012-02-16T10:25:45","slug":"trabalhadoras-atletas-na-corrida-da-mulher-2012","status":"publish","type":"post","link":"https:\/\/fieam.org.br\/sesi\/trabalhadoras-atletas-na-corrida-da-mulher-2012\/","title":{"rendered":"Trabalhadoras atletas na Corrida da Mulher 2012"},"content":{"rendered":"<p><a href=\"http:\/\/www.fieam.org.br\/site\/sesi\/files\/2012\/02\/ASL_1068.jpg\"><img fetchpriority=\"high\" decoding=\"async\" class=\"alignleft size-medium wp-image-2619\" src=\"http:\/\/www.fieam.org.br\/site\/sesi\/files\/2012\/02\/ASL_1068-300x199.jpg\" alt=\"\" width=\"300\" height=\"199\" srcset=\"https:\/\/fieam.org.br\/sesi\/wp-content\/uploads\/sites\/14\/2012\/02\/ASL_1068-300x199.jpg 300w, https:\/\/fieam.org.br\/sesi\/wp-content\/uploads\/sites\/14\/2012\/02\/ASL_1068-1024x680.jpg 1024w, https:\/\/fieam.org.br\/sesi\/wp-content\/uploads\/sites\/14\/2012\/02\/ASL_1068-768x510.jpg 768w, https:\/\/fieam.org.br\/sesi\/wp-content\/uploads\/sites\/14\/2012\/02\/ASL_1068-1536x1020.jpg 1536w, https:\/\/fieam.org.br\/sesi\/wp-content\/uploads\/sites\/14\/2012\/02\/ASL_1068-2048x1360.jpg 2048w\" sizes=\"(max-width: 300px) 100vw, 300px\" \/><\/a>Duzentas trabalhadoras atletas do\u00a0<a href=\"http:\/\/www.suframa.gov.br\/\" target=\"_blank\" rel=\"noopener\">Polo Industrial de Manaus<\/a>\u00a0e colaboradoras do\u00a0<a href=\"..\/..\/\" target=\"_blank\" rel=\"noopener\">Sistema Federa\u00e7\u00e3o das Ind\u00fastrias do Estado do Amazonas (FIEAM)<\/a>\u00a0v\u00e3o participar no dia 10 de mar\u00e7o da 2\u00aa Corrida da Mulher &#8211; Rita Calderaro, promovida pela\u00a0<a href=\"http:\/\/www.manaus.am.gov.br\/?site=portal\" target=\"_blank\" rel=\"noopener\">Secretaria Municipal de Desporto e Lazer (Semdej)<\/a>\u00a0e\u00a0<a href=\"..\/institucional\/\" target=\"_blank\" rel=\"noopener\">Servi\u00e7o Social da Ind\u00fastria (SESI).<\/a><\/p>\n<p>A competi\u00e7\u00e3o ter\u00e1 a participa\u00e7\u00e3o de cerca de mil mulheres em um percurso de cinco quil\u00f4metros, com largada (17h) e chegada em frente ao <a href=\"http:\/\/www.tropicalmanaus.com.br\/portuguese\/\">Tropical Hotel de Manaus<\/a>.<\/p>\n<p>De acordo com a gerente de Cultura, Lazer e Esporte do SESI, Nelsi Luniere, a corrida tem por objetivo estimular a pr\u00e1tica esportiva entre as mulheres e um novo estilo de vida. Segundo a gerente, a parceria com a Prefeitura de Manaus em v\u00e1rios eventos tem proporcionado bons resultados, beneficiando industri\u00e1rios e comunidade.<\/p>\n<p>O secret\u00e1rio municipal de Desporto e Lazer, Fabr\u00edcio Lima, disse que a Corrida da Mulher, este ano, dobrou o n\u00famero de participantes &#8211; no ano passado foram 500.<\/p>\n<p>Segundo Fabr\u00edcio, a corrida \u00e9 uma homenagem ao Dia Internacional da Mulher, comemorado no dia 8 de mar\u00e7o e, entre as personalidades homenageadas, est\u00e3o a primeira-dama do Estado, Nejmi Aziz e Valderez Sim\u00f5es, vi\u00fava do empres\u00e1rio e ex-presidente da FIEAM, Antonio Sim\u00f5es. Ele disse tamb\u00e9m que todas as participantes receber\u00e3o medalhas e um kit composto por camiseta e n\u00famero da atleta, destacando ainda que as competidoras ter\u00e3o v\u00e1rios servi\u00e7os, como massoterapia e sal\u00e3o de beleza.<\/p>\n<p>[nggallery id=73]<\/p>\n","protected":false},"excerpt":{"rendered":"<p>Duzentas trabalhadoras atletas do\u00a0Polo Industrial de Manaus\u00a0e colaboradoras do\u00a0Sistema Federa\u00e7\u00e3o das Ind\u00fastrias do Estado do Amazonas (FIEAM)\u00a0v\u00e3o participar no dia 10 de mar\u00e7o da 2\u00aa Corrida da Mulher &#8211; Rita Calderaro, promovida pela\u00a0Secretaria Municipal de Desporto e Lazer (Semdej)\u00a0e\u00a0Servi\u00e7o Social da Ind\u00fastria (SESI). A competi\u00e7\u00e3o ter\u00e1 a participa\u00e7\u00e3o de cerca de mil mulheres em um [&hellip;]<\/p>\n","protected":false},"author":1,"featured_media":0,"comment_status":"open","ping_status":"open","sticky":false,"template":"","format":"standard","meta":{"footnotes":""},"categories":[25],"tags":[],"class_list":["post-2618","post","type-post","status-publish","format-standard","hentry","category-news"],"yoast_head":"<!-- This site is optimized with the Yoast SEO plugin v28.2 - https:\/\/yoast.com\/product\/yoast-seo-wordpress\/ -->\n<title>Trabalhadoras atletas na Corrida da Mulher 2012 - SESI<\/title>\n<meta name=\"robots\" content=\"index, follow, max-snippet:-1, max-image-preview:large, max-video-preview:-1\" \/>\n<link rel=\"canonical\" href=\"https:\/\/fieam.org.br\/sesi\/trabalhadoras-atletas-na-corrida-da-mulher-2012\/\" \/>\n<meta property=\"og:locale\" content=\"pt_BR\" \/>\n<meta property=\"og:type\" content=\"article\" \/>\n<meta property=\"og:title\" content=\"Trabalhadoras atletas na Corrida da Mulher 2012 - SESI\" \/>\n<meta property=\"og:description\" content=\"Duzentas trabalhadoras atletas do\u00a0Polo Industrial de Manaus\u00a0e colaboradoras do\u00a0Sistema Federa\u00e7\u00e3o das Ind\u00fastrias do Estado do Amazonas (FIEAM)\u00a0v\u00e3o participar no dia 10 de mar\u00e7o da 2\u00aa Corrida da Mulher &#8211; Rita Calderaro, promovida pela\u00a0Secretaria Municipal de Desporto e Lazer (Semdej)\u00a0e\u00a0Servi\u00e7o Social da Ind\u00fastria (SESI). A competi\u00e7\u00e3o ter\u00e1 a participa\u00e7\u00e3o de cerca de mil mulheres em um [&hellip;]\" \/>\n<meta property=\"og:url\" content=\"https:\/\/fieam.org.br\/sesi\/trabalhadoras-atletas-na-corrida-da-mulher-2012\/\" \/>\n<meta property=\"og:site_name\" content=\"SESI\" \/>\n<meta property=\"article:published_time\" content=\"2012-02-16T10:25:45+00:00\" \/>\n<meta property=\"og:image\" content=\"https:\/\/fieam.org.br\/sesi\/wp-content\/uploads\/sites\/14\/2012\/02\/ASL_1068.jpg\" \/>\n\t<meta property=\"og:image:width\" content=\"2240\" \/>\n\t<meta property=\"og:image:height\" content=\"1488\" \/>\n\t<meta property=\"og:image:type\" content=\"image\/jpeg\" \/>\n<meta name=\"author\" content=\"Autor\" \/>\n<meta name=\"twitter:card\" content=\"summary_large_image\" \/>\n<meta name=\"twitter:label1\" content=\"Escrito por\" \/>\n\t<meta name=\"twitter:data1\" content=\"Autor\" \/>\n\t<meta name=\"twitter:label2\" content=\"Est. tempo de leitura\" \/>\n\t<meta name=\"twitter:data2\" content=\"1 minuto\" \/>\n<script type=\"application\/ld+json\" class=\"yoast-schema-graph\">{\"@context\":\"https:\\\/\\\/schema.org\",\"@graph\":[{\"@type\":\"Article\",\"@id\":\"https:\\\/\\\/fieam.org.br\\\/sesi\\\/trabalhadoras-atletas-na-corrida-da-mulher-2012\\\/#article\",\"isPartOf\":{\"@id\":\"https:\\\/\\\/fieam.org.br\\\/sesi\\\/trabalhadoras-atletas-na-corrida-da-mulher-2012\\\/\"},\"author\":{\"name\":\"Autor\",\"@id\":\"https:\\\/\\\/fieam.org.br\\\/sesi\\\/#\\\/schema\\\/person\\\/f54998dd14d5f0695b41444f2b01c31e\"},\"headline\":\"Trabalhadoras atletas na Corrida da Mulher 2012\",\"datePublished\":\"2012-02-16T10:25:45+00:00\",\"mainEntityOfPage\":{\"@id\":\"https:\\\/\\\/fieam.org.br\\\/sesi\\\/trabalhadoras-atletas-na-corrida-da-mulher-2012\\\/\"},\"wordCount\":266,\"commentCount\":0,\"publisher\":{\"@id\":\"https:\\\/\\\/fieam.org.br\\\/sesi\\\/#organization\"},\"image\":{\"@id\":\"https:\\\/\\\/fieam.org.br\\\/sesi\\\/trabalhadoras-atletas-na-corrida-da-mulher-2012\\\/#primaryimage\"},\"thumbnailUrl\":\"http:\\\/\\\/www.fieam.org.br\\\/site\\\/sesi\\\/files\\\/2012\\\/02\\\/ASL_1068-300x199.jpg\",\"articleSection\":[\"News\"],\"inLanguage\":\"pt-BR\",\"potentialAction\":[{\"@type\":\"CommentAction\",\"name\":\"Comment\",\"target\":[\"https:\\\/\\\/fieam.org.br\\\/sesi\\\/trabalhadoras-atletas-na-corrida-da-mulher-2012\\\/#respond\"]}]},{\"@type\":\"WebPage\",\"@id\":\"https:\\\/\\\/fieam.org.br\\\/sesi\\\/trabalhadoras-atletas-na-corrida-da-mulher-2012\\\/\",\"url\":\"https:\\\/\\\/fieam.org.br\\\/sesi\\\/trabalhadoras-atletas-na-corrida-da-mulher-2012\\\/\",\"name\":\"Trabalhadoras atletas na Corrida da Mulher 2012 - SESI\",\"isPartOf\":{\"@id\":\"https:\\\/\\\/fieam.org.br\\\/sesi\\\/#website\"},\"primaryImageOfPage\":{\"@id\":\"https:\\\/\\\/fieam.org.br\\\/sesi\\\/trabalhadoras-atletas-na-corrida-da-mulher-2012\\\/#primaryimage\"},\"image\":{\"@id\":\"https:\\\/\\\/fieam.org.br\\\/sesi\\\/trabalhadoras-atletas-na-corrida-da-mulher-2012\\\/#primaryimage\"},\"thumbnailUrl\":\"http:\\\/\\\/www.fieam.org.br\\\/site\\\/sesi\\\/files\\\/2012\\\/02\\\/ASL_1068-300x199.jpg\",\"datePublished\":\"2012-02-16T10:25:45+00:00\",\"breadcrumb\":{\"@id\":\"https:\\\/\\\/fieam.org.br\\\/sesi\\\/trabalhadoras-atletas-na-corrida-da-mulher-2012\\\/#breadcrumb\"},\"inLanguage\":\"pt-BR\",\"potentialAction\":[{\"@type\":\"ReadAction\",\"target\":[\"https:\\\/\\\/fieam.org.br\\\/sesi\\\/trabalhadoras-atletas-na-corrida-da-mulher-2012\\\/\"]}]},{\"@type\":\"ImageObject\",\"inLanguage\":\"pt-BR\",\"@id\":\"https:\\\/\\\/fieam.org.br\\\/sesi\\\/trabalhadoras-atletas-na-corrida-da-mulher-2012\\\/#primaryimage\",\"url\":\"http:\\\/\\\/www.fieam.org.br\\\/site\\\/sesi\\\/files\\\/2012\\\/02\\\/ASL_1068-300x199.jpg\",\"contentUrl\":\"http:\\\/\\\/www.fieam.org.br\\\/site\\\/sesi\\\/files\\\/2012\\\/02\\\/ASL_1068-300x199.jpg\"},{\"@type\":\"BreadcrumbList\",\"@id\":\"https:\\\/\\\/fieam.org.br\\\/sesi\\\/trabalhadoras-atletas-na-corrida-da-mulher-2012\\\/#breadcrumb\",\"itemListElement\":[{\"@type\":\"ListItem\",\"position\":1,\"name\":\"In\u00edcio\",\"item\":\"https:\\\/\\\/fieam.org.br\\\/sesi\\\/\"},{\"@type\":\"ListItem\",\"position\":2,\"name\":\"Trabalhadoras atletas na Corrida da Mulher 2012\"}]},{\"@type\":\"WebSite\",\"@id\":\"https:\\\/\\\/fieam.org.br\\\/sesi\\\/#website\",\"url\":\"https:\\\/\\\/fieam.org.br\\\/sesi\\\/\",\"name\":\"SESI\",\"description\":\"Site Oficial!\",\"publisher\":{\"@id\":\"https:\\\/\\\/fieam.org.br\\\/sesi\\\/#organization\"},\"potentialAction\":[{\"@type\":\"SearchAction\",\"target\":{\"@type\":\"EntryPoint\",\"urlTemplate\":\"https:\\\/\\\/fieam.org.br\\\/sesi\\\/?s={search_term_string}\"},\"query-input\":{\"@type\":\"PropertyValueSpecification\",\"valueRequired\":true,\"valueName\":\"search_term_string\"}}],\"inLanguage\":\"pt-BR\"},{\"@type\":\"Organization\",\"@id\":\"https:\\\/\\\/fieam.org.br\\\/sesi\\\/#organization\",\"name\":\"SESI\",\"url\":\"https:\\\/\\\/fieam.org.br\\\/sesi\\\/\",\"logo\":{\"@type\":\"ImageObject\",\"inLanguage\":\"pt-BR\",\"@id\":\"https:\\\/\\\/fieam.org.br\\\/sesi\\\/#\\\/schema\\\/logo\\\/image\\\/\",\"url\":\"https:\\\/\\\/fieam.org.br\\\/sesi\\\/wp-content\\\/uploads\\\/sites\\\/14\\\/2024\\\/03\\\/cropped-fav.png\",\"contentUrl\":\"https:\\\/\\\/fieam.org.br\\\/sesi\\\/wp-content\\\/uploads\\\/sites\\\/14\\\/2024\\\/03\\\/cropped-fav.png\",\"width\":610,\"height\":589,\"caption\":\"SESI\"},\"image\":{\"@id\":\"https:\\\/\\\/fieam.org.br\\\/sesi\\\/#\\\/schema\\\/logo\\\/image\\\/\"}},{\"@type\":\"Person\",\"@id\":\"https:\\\/\\\/fieam.org.br\\\/sesi\\\/#\\\/schema\\\/person\\\/f54998dd14d5f0695b41444f2b01c31e\",\"name\":\"Autor\",\"image\":{\"@type\":\"ImageObject\",\"inLanguage\":\"pt-BR\",\"@id\":\"https:\\\/\\\/secure.gravatar.com\\\/avatar\\\/3732c223e0e1fad69062a8f770955c9068d37b055204f310a0be18d4069fe380?s=96&d=mm&r=g\",\"url\":\"https:\\\/\\\/secure.gravatar.com\\\/avatar\\\/3732c223e0e1fad69062a8f770955c9068d37b055204f310a0be18d4069fe380?s=96&d=mm&r=g\",\"contentUrl\":\"https:\\\/\\\/secure.gravatar.com\\\/avatar\\\/3732c223e0e1fad69062a8f770955c9068d37b055204f310a0be18d4069fe380?s=96&d=mm&r=g\",\"caption\":\"Autor\"},\"sameAs\":[\"https:\\\/\\\/marketingmassivo.com.br\"],\"url\":\"https:\\\/\\\/fieam.org.br\\\/sesi\\\/author\\\/admin\\\/\"}]}<\/script>\n<!-- \/ Yoast SEO plugin. -->","yoast_head_json":{"title":"Trabalhadoras atletas na Corrida da Mulher 2012 - SESI","robots":{"index":"index","follow":"follow","max-snippet":"max-snippet:-1","max-image-preview":"max-image-preview:large","max-video-preview":"max-video-preview:-1"},"canonical":"https:\/\/fieam.org.br\/sesi\/trabalhadoras-atletas-na-corrida-da-mulher-2012\/","og_locale":"pt_BR","og_type":"article","og_title":"Trabalhadoras atletas na Corrida da Mulher 2012 - SESI","og_description":"Duzentas trabalhadoras atletas do\u00a0Polo Industrial de Manaus\u00a0e colaboradoras do\u00a0Sistema Federa\u00e7\u00e3o das Ind\u00fastrias do Estado do Amazonas (FIEAM)\u00a0v\u00e3o participar no dia 10 de mar\u00e7o da 2\u00aa Corrida da Mulher &#8211; Rita Calderaro, promovida pela\u00a0Secretaria Municipal de Desporto e Lazer (Semdej)\u00a0e\u00a0Servi\u00e7o Social da Ind\u00fastria (SESI). A competi\u00e7\u00e3o ter\u00e1 a participa\u00e7\u00e3o de cerca de mil mulheres em um [&hellip;]","og_url":"https:\/\/fieam.org.br\/sesi\/trabalhadoras-atletas-na-corrida-da-mulher-2012\/","og_site_name":"SESI","article_published_time":"2012-02-16T10:25:45+00:00","og_image":[{"width":2240,"height":1488,"url":"https:\/\/fieam.org.br\/sesi\/wp-content\/uploads\/sites\/14\/2012\/02\/ASL_1068.jpg","type":"image\/jpeg"}],"author":"Autor","twitter_card":"summary_large_image","twitter_misc":{"Escrito por":"Autor","Est. tempo de leitura":"1 minuto"},"schema":{"@context":"https:\/\/schema.org","@graph":[{"@type":"Article","@id":"https:\/\/fieam.org.br\/sesi\/trabalhadoras-atletas-na-corrida-da-mulher-2012\/#article","isPartOf":{"@id":"https:\/\/fieam.org.br\/sesi\/trabalhadoras-atletas-na-corrida-da-mulher-2012\/"},"author":{"name":"Autor","@id":"https:\/\/fieam.org.br\/sesi\/#\/schema\/person\/f54998dd14d5f0695b41444f2b01c31e"},"headline":"Trabalhadoras atletas na Corrida da Mulher 2012","datePublished":"2012-02-16T10:25:45+00:00","mainEntityOfPage":{"@id":"https:\/\/fieam.org.br\/sesi\/trabalhadoras-atletas-na-corrida-da-mulher-2012\/"},"wordCount":266,"commentCount":0,"publisher":{"@id":"https:\/\/fieam.org.br\/sesi\/#organization"},"image":{"@id":"https:\/\/fieam.org.br\/sesi\/trabalhadoras-atletas-na-corrida-da-mulher-2012\/#primaryimage"},"thumbnailUrl":"http:\/\/www.fieam.org.br\/site\/sesi\/files\/2012\/02\/ASL_1068-300x199.jpg","articleSection":["News"],"inLanguage":"pt-BR","potentialAction":[{"@type":"CommentAction","name":"Comment","target":["https:\/\/fieam.org.br\/sesi\/trabalhadoras-atletas-na-corrida-da-mulher-2012\/#respond"]}]},{"@type":"WebPage","@id":"https:\/\/fieam.org.br\/sesi\/trabalhadoras-atletas-na-corrida-da-mulher-2012\/","url":"https:\/\/fieam.org.br\/sesi\/trabalhadoras-atletas-na-corrida-da-mulher-2012\/","name":"Trabalhadoras atletas na Corrida da Mulher 2012 - SESI","isPartOf":{"@id":"https:\/\/fieam.org.br\/sesi\/#website"},"primaryImageOfPage":{"@id":"https:\/\/fieam.org.br\/sesi\/trabalhadoras-atletas-na-corrida-da-mulher-2012\/#primaryimage"},"image":{"@id":"https:\/\/fieam.org.br\/sesi\/trabalhadoras-atletas-na-corrida-da-mulher-2012\/#primaryimage"},"thumbnailUrl":"http:\/\/www.fieam.org.br\/site\/sesi\/files\/2012\/02\/ASL_1068-300x199.jpg","datePublished":"2012-02-16T10:25:45+00:00","breadcrumb":{"@id":"https:\/\/fieam.org.br\/sesi\/trabalhadoras-atletas-na-corrida-da-mulher-2012\/#breadcrumb"},"inLanguage":"pt-BR","potentialAction":[{"@type":"ReadAction","target":["https:\/\/fieam.org.br\/sesi\/trabalhadoras-atletas-na-corrida-da-mulher-2012\/"]}]},{"@type":"ImageObject","inLanguage":"pt-BR","@id":"https:\/\/fieam.org.br\/sesi\/trabalhadoras-atletas-na-corrida-da-mulher-2012\/#primaryimage","url":"http:\/\/www.fieam.org.br\/site\/sesi\/files\/2012\/02\/ASL_1068-300x199.jpg","contentUrl":"http:\/\/www.fieam.org.br\/site\/sesi\/files\/2012\/02\/ASL_1068-300x199.jpg"},{"@type":"BreadcrumbList","@id":"https:\/\/fieam.org.br\/sesi\/trabalhadoras-atletas-na-corrida-da-mulher-2012\/#breadcrumb","itemListElement":[{"@type":"ListItem","position":1,"name":"In\u00edcio","item":"https:\/\/fieam.org.br\/sesi\/"},{"@type":"ListItem","position":2,"name":"Trabalhadoras atletas na Corrida da Mulher 2012"}]},{"@type":"WebSite","@id":"https:\/\/fieam.org.br\/sesi\/#website","url":"https:\/\/fieam.org.br\/sesi\/","name":"SESI","description":"Site Oficial!","publisher":{"@id":"https:\/\/fieam.org.br\/sesi\/#organization"},"potentialAction":[{"@type":"SearchAction","target":{"@type":"EntryPoint","urlTemplate":"https:\/\/fieam.org.br\/sesi\/?s={search_term_string}"},"query-input":{"@type":"PropertyValueSpecification","valueRequired":true,"valueName":"search_term_string"}}],"inLanguage":"pt-BR"},{"@type":"Organization","@id":"https:\/\/fieam.org.br\/sesi\/#organization","name":"SESI","url":"https:\/\/fieam.org.br\/sesi\/","logo":{"@type":"ImageObject","inLanguage":"pt-BR","@id":"https:\/\/fieam.org.br\/sesi\/#\/schema\/logo\/image\/","url":"https:\/\/fieam.org.br\/sesi\/wp-content\/uploads\/sites\/14\/2024\/03\/cropped-fav.png","contentUrl":"https:\/\/fieam.org.br\/sesi\/wp-content\/uploads\/sites\/14\/2024\/03\/cropped-fav.png","width":610,"height":589,"caption":"SESI"},"image":{"@id":"https:\/\/fieam.org.br\/sesi\/#\/schema\/logo\/image\/"}},{"@type":"Person","@id":"https:\/\/fieam.org.br\/sesi\/#\/schema\/person\/f54998dd14d5f0695b41444f2b01c31e","name":"Autor","image":{"@type":"ImageObject","inLanguage":"pt-BR","@id":"https:\/\/secure.gravatar.com\/avatar\/3732c223e0e1fad69062a8f770955c9068d37b055204f310a0be18d4069fe380?s=96&d=mm&r=g","url":"https:\/\/secure.gravatar.com\/avatar\/3732c223e0e1fad69062a8f770955c9068d37b055204f310a0be18d4069fe380?s=96&d=mm&r=g","contentUrl":"https:\/\/secure.gravatar.com\/avatar\/3732c223e0e1fad69062a8f770955c9068d37b055204f310a0be18d4069fe380?s=96&d=mm&r=g","caption":"Autor"},"sameAs":["https:\/\/marketingmassivo.com.br"],"url":"https:\/\/fieam.org.br\/sesi\/author\/admin\/"}]}},"_links":{"self":[{"href":"https:\/\/fieam.org.br\/sesi\/wp-json\/wp\/v2\/posts\/2618","targetHints":{"allow":["GET"]}}],"collection":[{"href":"https:\/\/fieam.org.br\/sesi\/wp-json\/wp\/v2\/posts"}],"about":[{"href":"https:\/\/fieam.org.br\/sesi\/wp-json\/wp\/v2\/types\/post"}],"author":[{"embeddable":true,"href":"https:\/\/fieam.org.br\/sesi\/wp-json\/wp\/v2\/users\/1"}],"replies":[{"embeddable":true,"href":"https:\/\/fieam.org.br\/sesi\/wp-json\/wp\/v2\/comments?post=2618"}],"version-history":[{"count":0,"href":"https:\/\/fieam.org.br\/sesi\/wp-json\/wp\/v2\/posts\/2618\/revisions"}],"wp:attachment":[{"href":"https:\/\/fieam.org.br\/sesi\/wp-json\/wp\/v2\/media?parent=2618"}],"wp:term":[{"taxonomy":"category","embeddable":true,"href":"https:\/\/fieam.org.br\/sesi\/wp-json\/wp\/v2\/categories?post=2618"},{"taxonomy":"post_tag","embeddable":true,"href":"https:\/\/fieam.org.br\/sesi\/wp-json\/wp\/v2\/tags?post=2618"}],"curies":[{"name":"wp","href":"https:\/\/api.w.org\/{rel}","templated":true}]}}