{"id":2612,"date":"2012-02-15T10:19:00","date_gmt":"2012-02-15T10:19:00","guid":{"rendered":"http:\/\/www.fieam.org.br\/site\/sesi\/?p=2612"},"modified":"2012-02-15T10:19:00","modified_gmt":"2012-02-15T10:19:00","slug":"sesi-estende-educacao-de-jovens-e-adultos-para-os-municipios","status":"publish","type":"post","link":"https:\/\/fieam.org.br\/sesi\/sesi-estende-educacao-de-jovens-e-adultos-para-os-municipios\/","title":{"rendered":"SESI estende educa\u00e7\u00e3o de jovens e adultos para os munic\u00edpios"},"content":{"rendered":"<figure id=\"attachment_2613\" aria-describedby=\"caption-attachment-2613\" style=\"width: 216px\" class=\"wp-caption alignleft\"><a href=\"http:\/\/www.fieam.org.br\/site\/sesi\/files\/2012\/02\/Alunos-da-EJA-em-atividades.jpg\"><img decoding=\"async\" class=\"size-medium wp-image-2613  \" src=\"http:\/\/www.fieam.org.br\/site\/sesi\/files\/2012\/02\/Alunos-da-EJA-em-atividades-300x192.jpg\" alt=\"Alunos da EJA em atividades\" width=\"216\" height=\"139\" srcset=\"https:\/\/fieam.org.br\/sesi\/wp-content\/uploads\/sites\/14\/2012\/02\/Alunos-da-EJA-em-atividades-300x192.jpg 300w, https:\/\/fieam.org.br\/sesi\/wp-content\/uploads\/sites\/14\/2012\/02\/Alunos-da-EJA-em-atividades-768x492.jpg 768w, https:\/\/fieam.org.br\/sesi\/wp-content\/uploads\/sites\/14\/2012\/02\/Alunos-da-EJA-em-atividades.jpg 1024w\" sizes=\"(max-width: 216px) 100vw, 216px\" \/><\/a><figcaption id=\"caption-attachment-2613\" class=\"wp-caption-text\">Alunos da EJA em atividades<\/figcaption><\/figure>\n<p>Com objetivo de ampliar educa\u00e7\u00e3o do trabalhador para que se desenvolva profissionalmente e tenha melhor qualidade de vida, o <a href=\"..\/institucional\/\" target=\"_blank\" rel=\"noopener\">SESI<\/a>, por meio da <a href=\"..\/educacao-educacao-continuada\/\" target=\"_blank\" rel=\"noopener\">Unidade de Educa\u00e7\u00e3o Continuada de Jovens e Adultos (EJA)<\/a>, al\u00e9m de Manaus, estende seus servi\u00e7os para munic\u00edpios de Iranduba, Coari, Urucar\u00e1 e Itacoatiara.<\/p>\n<p>O SESI Amazonas atende cerca de cinco mil alunos nos munic\u00edpios. Em Itacoatiara, a 176 quil\u00f4metros de Manaus, a EJA foi implantada em 2010, em parceria com o grupo Hermasa Navega\u00e7\u00e3o da Amaz\u00f4nia, e funciona com duas turmas, uma do Ensino Fundamental e uma do Ensino M\u00e9dio, atendendo colaboradores da empresa e comunidade.<\/p>\n<p>De acordo com a pedagoga, Iara Marinho Nazar\u00e9, o SESI adota a metodologia <a href=\"http:\/\/www.sesi.org.br\/sesieduca\/\" target=\"_blank\" rel=\"noopener\">SESIEDUCA<\/a>, que obedece aos princ\u00edpios de flexibilidade, continuidade e viabilidade.<\/p>\n<p>Segundo a pedagoga, o aluno pode ingressar no curso a qualquer momento e a dura\u00e7\u00e3o \u00e9 vari\u00e1vel. Ela tamb\u00e9m explica que o aluno pode ingressar na etapa de alfabetiza\u00e7\u00e3o e permanecer at\u00e9 a conclus\u00e3o do ensino m\u00e9dio, passando por toda a fase escolariza\u00e7\u00e3o no prazo de 60 meses.<\/p>\n<figure id=\"attachment_2614\" aria-describedby=\"caption-attachment-2614\" style=\"width: 216px\" class=\"wp-caption alignleft\"><a href=\"http:\/\/www.fieam.org.br\/site\/sesi\/files\/2012\/02\/Alunos-do-cursinho-preparat%C3%B3rio-em-Itacoatiara.jpg\"><img decoding=\"async\" class=\"size-medium wp-image-2614  \" src=\"http:\/\/www.fieam.org.br\/site\/sesi\/files\/2012\/02\/Alunos-do-cursinho-preparat%C3%B3rio-em-Itacoatiara-300x200.jpg\" alt=\"Alunos do cursinho preparat\u00f3rio em Itacoatiara\" width=\"216\" height=\"144\" \/><\/a><figcaption id=\"caption-attachment-2614\" class=\"wp-caption-text\">Alunos do cursinho preparat\u00f3rio em Itacoatiara<\/figcaption><\/figure>\n<p>Iara Marinho destacou ainda o baixo custo do material utilizado, al\u00e9m do aproveitamento da escolaridade anterior.<\/p>\n<p>A gerente da Unidade de Educa\u00e7\u00e3o Continuada de Jovens e Adultos, Cassandra Augusta, disse que o contrato com a Hermasa ter\u00e1 vig\u00eancia at\u00e9 mar\u00e7o de 2013, mas que dever\u00e1 ser prorrogado em raz\u00e3o dos resultados alcan\u00e7ados.<\/p>\n<p>Cassandra destacou a import\u00e2ncia da parceria com a Hermasa, empresa que utiliza tamb\u00e9m outros servi\u00e7os do SESI, como o Cozinha Brasil, programa de alimenta\u00e7\u00e3o saud\u00e1vel.<\/p>\n<p>A pedagoga participou em Itacoatiara, como convidada da Hermasa, em 6 de fevereiro, da Aula Inaugural do Curso Preparat\u00f3rio para o vestibular de Ci\u00eancias N\u00e1uticas e Maquinaria, no Centro Cultural Velha Serpa.<\/p>\n<p>O curso promovido pela Hermasa possui 40 participantes entre jovens e adultos, que v\u00e3o concorrer, com 1,5 mil candidatos de 14 estados brasileiros, ao vestibular realizado pelo o Centro de Instru\u00e7\u00e3o Almirante Braz Aguiar (Ciaba) em agosto.<\/p>\n<figure id=\"attachment_2615\" aria-describedby=\"caption-attachment-2615\" style=\"width: 216px\" class=\"wp-caption alignleft\"><a href=\"http:\/\/www.fieam.org.br\/site\/sesi\/files\/2012\/02\/Cassandra-Augusta-ao-centro-na-Hermasa.jpg\"><img decoding=\"async\" class=\"size-medium wp-image-2615  \" src=\"http:\/\/www.fieam.org.br\/site\/sesi\/files\/2012\/02\/Cassandra-Augusta-ao-centro-na-Hermasa-300x191.jpg\" alt=\"Cassandra Augusta, ao centro, na Hermasa\" width=\"216\" height=\"138\" srcset=\"https:\/\/fieam.org.br\/sesi\/wp-content\/uploads\/sites\/14\/2012\/02\/Cassandra-Augusta-ao-centro-na-Hermasa-300x191.jpg 300w, https:\/\/fieam.org.br\/sesi\/wp-content\/uploads\/sites\/14\/2012\/02\/Cassandra-Augusta-ao-centro-na-Hermasa-768x489.jpg 768w, https:\/\/fieam.org.br\/sesi\/wp-content\/uploads\/sites\/14\/2012\/02\/Cassandra-Augusta-ao-centro-na-Hermasa.jpg 1005w\" sizes=\"(max-width: 216px) 100vw, 216px\" \/><\/a><figcaption id=\"caption-attachment-2615\" class=\"wp-caption-text\">Cassandra Augusta, ao centro, na Hermasa<\/figcaption><\/figure>\n<p>Os aprovados (150) ingressar\u00e3o no Curso de Forma\u00e7\u00e3o de Oficiais da Marinha Mercante, em Bel\u00e9m (PA), com\u00a0 dura\u00e7\u00e3o de quatro anos.<\/p>\n","protected":false},"excerpt":{"rendered":"<p>Com objetivo de ampliar educa\u00e7\u00e3o do trabalhador para que se desenvolva profissionalmente e tenha melhor qualidade de vida, o SESI, por meio da Unidade de Educa\u00e7\u00e3o Continuada de Jovens e Adultos (EJA), al\u00e9m de Manaus, estende seus servi\u00e7os para munic\u00edpios de Iranduba, Coari, Urucar\u00e1 e Itacoatiara. O SESI Amazonas atende cerca de cinco mil alunos [&hellip;]<\/p>\n","protected":false},"author":1,"featured_media":0,"comment_status":"open","ping_status":"open","sticky":false,"template":"","format":"standard","meta":{"footnotes":""},"categories":[25],"tags":[],"class_list":["post-2612","post","type-post","status-publish","format-standard","hentry","category-news"],"yoast_head":"<!-- This site is optimized with the Yoast SEO plugin v28.2 - https:\/\/yoast.com\/product\/yoast-seo-wordpress\/ -->\n<title>SESI estende educa\u00e7\u00e3o de jovens e adultos para os munic\u00edpios - SESI<\/title>\n<meta name=\"robots\" content=\"index, follow, max-snippet:-1, max-image-preview:large, max-video-preview:-1\" \/>\n<link rel=\"canonical\" href=\"https:\/\/fieam.org.br\/sesi\/sesi-estende-educacao-de-jovens-e-adultos-para-os-municipios\/\" \/>\n<meta property=\"og:locale\" content=\"pt_BR\" \/>\n<meta property=\"og:type\" content=\"article\" \/>\n<meta property=\"og:title\" content=\"SESI estende educa\u00e7\u00e3o de jovens e adultos para os munic\u00edpios - SESI\" \/>\n<meta property=\"og:description\" content=\"Com objetivo de ampliar educa\u00e7\u00e3o do trabalhador para que se desenvolva profissionalmente e tenha melhor qualidade de vida, o SESI, por meio da Unidade de Educa\u00e7\u00e3o Continuada de Jovens e Adultos (EJA), al\u00e9m de Manaus, estende seus servi\u00e7os para munic\u00edpios de Iranduba, Coari, Urucar\u00e1 e Itacoatiara. O SESI Amazonas atende cerca de cinco mil alunos [&hellip;]\" \/>\n<meta property=\"og:url\" content=\"https:\/\/fieam.org.br\/sesi\/sesi-estende-educacao-de-jovens-e-adultos-para-os-municipios\/\" \/>\n<meta property=\"og:site_name\" content=\"SESI\" \/>\n<meta property=\"article:published_time\" content=\"2012-02-15T10:19:00+00:00\" \/>\n<meta property=\"og:image\" content=\"https:\/\/fieam.org.br\/sesi\/wp-content\/uploads\/sites\/14\/2012\/02\/Alunos-da-EJA-em-atividades.jpg\" \/>\n\t<meta property=\"og:image:width\" content=\"1024\" \/>\n\t<meta property=\"og:image:height\" content=\"656\" \/>\n\t<meta property=\"og:image:type\" content=\"image\/jpeg\" \/>\n<meta name=\"author\" content=\"Autor\" \/>\n<meta name=\"twitter:card\" content=\"summary_large_image\" \/>\n<meta name=\"twitter:label1\" content=\"Escrito por\" \/>\n\t<meta name=\"twitter:data1\" content=\"Autor\" \/>\n\t<meta name=\"twitter:label2\" content=\"Est. tempo de leitura\" \/>\n\t<meta name=\"twitter:data2\" content=\"2 minutos\" \/>\n<script type=\"application\/ld+json\" class=\"yoast-schema-graph\">{\"@context\":\"https:\\\/\\\/schema.org\",\"@graph\":[{\"@type\":\"Article\",\"@id\":\"https:\\\/\\\/fieam.org.br\\\/sesi\\\/sesi-estende-educacao-de-jovens-e-adultos-para-os-municipios\\\/#article\",\"isPartOf\":{\"@id\":\"https:\\\/\\\/fieam.org.br\\\/sesi\\\/sesi-estende-educacao-de-jovens-e-adultos-para-os-municipios\\\/\"},\"author\":{\"name\":\"Autor\",\"@id\":\"https:\\\/\\\/fieam.org.br\\\/sesi\\\/#\\\/schema\\\/person\\\/f54998dd14d5f0695b41444f2b01c31e\"},\"headline\":\"SESI estende educa\u00e7\u00e3o de jovens e adultos para os munic\u00edpios\",\"datePublished\":\"2012-02-15T10:19:00+00:00\",\"mainEntityOfPage\":{\"@id\":\"https:\\\/\\\/fieam.org.br\\\/sesi\\\/sesi-estende-educacao-de-jovens-e-adultos-para-os-municipios\\\/\"},\"wordCount\":419,\"commentCount\":0,\"publisher\":{\"@id\":\"https:\\\/\\\/fieam.org.br\\\/sesi\\\/#organization\"},\"image\":{\"@id\":\"https:\\\/\\\/fieam.org.br\\\/sesi\\\/sesi-estende-educacao-de-jovens-e-adultos-para-os-municipios\\\/#primaryimage\"},\"thumbnailUrl\":\"http:\\\/\\\/www.fieam.org.br\\\/site\\\/sesi\\\/files\\\/2012\\\/02\\\/Alunos-da-EJA-em-atividades-300x192.jpg\",\"articleSection\":[\"News\"],\"inLanguage\":\"pt-BR\",\"potentialAction\":[{\"@type\":\"CommentAction\",\"name\":\"Comment\",\"target\":[\"https:\\\/\\\/fieam.org.br\\\/sesi\\\/sesi-estende-educacao-de-jovens-e-adultos-para-os-municipios\\\/#respond\"]}]},{\"@type\":\"WebPage\",\"@id\":\"https:\\\/\\\/fieam.org.br\\\/sesi\\\/sesi-estende-educacao-de-jovens-e-adultos-para-os-municipios\\\/\",\"url\":\"https:\\\/\\\/fieam.org.br\\\/sesi\\\/sesi-estende-educacao-de-jovens-e-adultos-para-os-municipios\\\/\",\"name\":\"SESI estende educa\u00e7\u00e3o de jovens e adultos para os munic\u00edpios - SESI\",\"isPartOf\":{\"@id\":\"https:\\\/\\\/fieam.org.br\\\/sesi\\\/#website\"},\"primaryImageOfPage\":{\"@id\":\"https:\\\/\\\/fieam.org.br\\\/sesi\\\/sesi-estende-educacao-de-jovens-e-adultos-para-os-municipios\\\/#primaryimage\"},\"image\":{\"@id\":\"https:\\\/\\\/fieam.org.br\\\/sesi\\\/sesi-estende-educacao-de-jovens-e-adultos-para-os-municipios\\\/#primaryimage\"},\"thumbnailUrl\":\"http:\\\/\\\/www.fieam.org.br\\\/site\\\/sesi\\\/files\\\/2012\\\/02\\\/Alunos-da-EJA-em-atividades-300x192.jpg\",\"datePublished\":\"2012-02-15T10:19:00+00:00\",\"breadcrumb\":{\"@id\":\"https:\\\/\\\/fieam.org.br\\\/sesi\\\/sesi-estende-educacao-de-jovens-e-adultos-para-os-municipios\\\/#breadcrumb\"},\"inLanguage\":\"pt-BR\",\"potentialAction\":[{\"@type\":\"ReadAction\",\"target\":[\"https:\\\/\\\/fieam.org.br\\\/sesi\\\/sesi-estende-educacao-de-jovens-e-adultos-para-os-municipios\\\/\"]}]},{\"@type\":\"ImageObject\",\"inLanguage\":\"pt-BR\",\"@id\":\"https:\\\/\\\/fieam.org.br\\\/sesi\\\/sesi-estende-educacao-de-jovens-e-adultos-para-os-municipios\\\/#primaryimage\",\"url\":\"http:\\\/\\\/www.fieam.org.br\\\/site\\\/sesi\\\/files\\\/2012\\\/02\\\/Alunos-da-EJA-em-atividades-300x192.jpg\",\"contentUrl\":\"http:\\\/\\\/www.fieam.org.br\\\/site\\\/sesi\\\/files\\\/2012\\\/02\\\/Alunos-da-EJA-em-atividades-300x192.jpg\"},{\"@type\":\"BreadcrumbList\",\"@id\":\"https:\\\/\\\/fieam.org.br\\\/sesi\\\/sesi-estende-educacao-de-jovens-e-adultos-para-os-municipios\\\/#breadcrumb\",\"itemListElement\":[{\"@type\":\"ListItem\",\"position\":1,\"name\":\"In\u00edcio\",\"item\":\"https:\\\/\\\/fieam.org.br\\\/sesi\\\/\"},{\"@type\":\"ListItem\",\"position\":2,\"name\":\"SESI estende educa\u00e7\u00e3o de jovens e adultos para os munic\u00edpios\"}]},{\"@type\":\"WebSite\",\"@id\":\"https:\\\/\\\/fieam.org.br\\\/sesi\\\/#website\",\"url\":\"https:\\\/\\\/fieam.org.br\\\/sesi\\\/\",\"name\":\"SESI\",\"description\":\"Site Oficial!\",\"publisher\":{\"@id\":\"https:\\\/\\\/fieam.org.br\\\/sesi\\\/#organization\"},\"potentialAction\":[{\"@type\":\"SearchAction\",\"target\":{\"@type\":\"EntryPoint\",\"urlTemplate\":\"https:\\\/\\\/fieam.org.br\\\/sesi\\\/?s={search_term_string}\"},\"query-input\":{\"@type\":\"PropertyValueSpecification\",\"valueRequired\":true,\"valueName\":\"search_term_string\"}}],\"inLanguage\":\"pt-BR\"},{\"@type\":\"Organization\",\"@id\":\"https:\\\/\\\/fieam.org.br\\\/sesi\\\/#organization\",\"name\":\"SESI\",\"url\":\"https:\\\/\\\/fieam.org.br\\\/sesi\\\/\",\"logo\":{\"@type\":\"ImageObject\",\"inLanguage\":\"pt-BR\",\"@id\":\"https:\\\/\\\/fieam.org.br\\\/sesi\\\/#\\\/schema\\\/logo\\\/image\\\/\",\"url\":\"https:\\\/\\\/fieam.org.br\\\/sesi\\\/wp-content\\\/uploads\\\/sites\\\/14\\\/2024\\\/03\\\/cropped-fav.png\",\"contentUrl\":\"https:\\\/\\\/fieam.org.br\\\/sesi\\\/wp-content\\\/uploads\\\/sites\\\/14\\\/2024\\\/03\\\/cropped-fav.png\",\"width\":610,\"height\":589,\"caption\":\"SESI\"},\"image\":{\"@id\":\"https:\\\/\\\/fieam.org.br\\\/sesi\\\/#\\\/schema\\\/logo\\\/image\\\/\"}},{\"@type\":\"Person\",\"@id\":\"https:\\\/\\\/fieam.org.br\\\/sesi\\\/#\\\/schema\\\/person\\\/f54998dd14d5f0695b41444f2b01c31e\",\"name\":\"Autor\",\"image\":{\"@type\":\"ImageObject\",\"inLanguage\":\"pt-BR\",\"@id\":\"https:\\\/\\\/secure.gravatar.com\\\/avatar\\\/3732c223e0e1fad69062a8f770955c9068d37b055204f310a0be18d4069fe380?s=96&d=mm&r=g\",\"url\":\"https:\\\/\\\/secure.gravatar.com\\\/avatar\\\/3732c223e0e1fad69062a8f770955c9068d37b055204f310a0be18d4069fe380?s=96&d=mm&r=g\",\"contentUrl\":\"https:\\\/\\\/secure.gravatar.com\\\/avatar\\\/3732c223e0e1fad69062a8f770955c9068d37b055204f310a0be18d4069fe380?s=96&d=mm&r=g\",\"caption\":\"Autor\"},\"sameAs\":[\"https:\\\/\\\/marketingmassivo.com.br\"],\"url\":\"https:\\\/\\\/fieam.org.br\\\/sesi\\\/author\\\/admin\\\/\"}]}<\/script>\n<!-- \/ Yoast SEO plugin. -->","yoast_head_json":{"title":"SESI estende educa\u00e7\u00e3o de jovens e adultos para os munic\u00edpios - SESI","robots":{"index":"index","follow":"follow","max-snippet":"max-snippet:-1","max-image-preview":"max-image-preview:large","max-video-preview":"max-video-preview:-1"},"canonical":"https:\/\/fieam.org.br\/sesi\/sesi-estende-educacao-de-jovens-e-adultos-para-os-municipios\/","og_locale":"pt_BR","og_type":"article","og_title":"SESI estende educa\u00e7\u00e3o de jovens e adultos para os munic\u00edpios - SESI","og_description":"Com objetivo de ampliar educa\u00e7\u00e3o do trabalhador para que se desenvolva profissionalmente e tenha melhor qualidade de vida, o SESI, por meio da Unidade de Educa\u00e7\u00e3o Continuada de Jovens e Adultos (EJA), al\u00e9m de Manaus, estende seus servi\u00e7os para munic\u00edpios de Iranduba, Coari, Urucar\u00e1 e Itacoatiara. O SESI Amazonas atende cerca de cinco mil alunos [&hellip;]","og_url":"https:\/\/fieam.org.br\/sesi\/sesi-estende-educacao-de-jovens-e-adultos-para-os-municipios\/","og_site_name":"SESI","article_published_time":"2012-02-15T10:19:00+00:00","og_image":[{"width":1024,"height":656,"url":"https:\/\/fieam.org.br\/sesi\/wp-content\/uploads\/sites\/14\/2012\/02\/Alunos-da-EJA-em-atividades.jpg","type":"image\/jpeg"}],"author":"Autor","twitter_card":"summary_large_image","twitter_misc":{"Escrito por":"Autor","Est. tempo de leitura":"2 minutos"},"schema":{"@context":"https:\/\/schema.org","@graph":[{"@type":"Article","@id":"https:\/\/fieam.org.br\/sesi\/sesi-estende-educacao-de-jovens-e-adultos-para-os-municipios\/#article","isPartOf":{"@id":"https:\/\/fieam.org.br\/sesi\/sesi-estende-educacao-de-jovens-e-adultos-para-os-municipios\/"},"author":{"name":"Autor","@id":"https:\/\/fieam.org.br\/sesi\/#\/schema\/person\/f54998dd14d5f0695b41444f2b01c31e"},"headline":"SESI estende educa\u00e7\u00e3o de jovens e adultos para os munic\u00edpios","datePublished":"2012-02-15T10:19:00+00:00","mainEntityOfPage":{"@id":"https:\/\/fieam.org.br\/sesi\/sesi-estende-educacao-de-jovens-e-adultos-para-os-municipios\/"},"wordCount":419,"commentCount":0,"publisher":{"@id":"https:\/\/fieam.org.br\/sesi\/#organization"},"image":{"@id":"https:\/\/fieam.org.br\/sesi\/sesi-estende-educacao-de-jovens-e-adultos-para-os-municipios\/#primaryimage"},"thumbnailUrl":"http:\/\/www.fieam.org.br\/site\/sesi\/files\/2012\/02\/Alunos-da-EJA-em-atividades-300x192.jpg","articleSection":["News"],"inLanguage":"pt-BR","potentialAction":[{"@type":"CommentAction","name":"Comment","target":["https:\/\/fieam.org.br\/sesi\/sesi-estende-educacao-de-jovens-e-adultos-para-os-municipios\/#respond"]}]},{"@type":"WebPage","@id":"https:\/\/fieam.org.br\/sesi\/sesi-estende-educacao-de-jovens-e-adultos-para-os-municipios\/","url":"https:\/\/fieam.org.br\/sesi\/sesi-estende-educacao-de-jovens-e-adultos-para-os-municipios\/","name":"SESI estende educa\u00e7\u00e3o de jovens e adultos para os munic\u00edpios - SESI","isPartOf":{"@id":"https:\/\/fieam.org.br\/sesi\/#website"},"primaryImageOfPage":{"@id":"https:\/\/fieam.org.br\/sesi\/sesi-estende-educacao-de-jovens-e-adultos-para-os-municipios\/#primaryimage"},"image":{"@id":"https:\/\/fieam.org.br\/sesi\/sesi-estende-educacao-de-jovens-e-adultos-para-os-municipios\/#primaryimage"},"thumbnailUrl":"http:\/\/www.fieam.org.br\/site\/sesi\/files\/2012\/02\/Alunos-da-EJA-em-atividades-300x192.jpg","datePublished":"2012-02-15T10:19:00+00:00","breadcrumb":{"@id":"https:\/\/fieam.org.br\/sesi\/sesi-estende-educacao-de-jovens-e-adultos-para-os-municipios\/#breadcrumb"},"inLanguage":"pt-BR","potentialAction":[{"@type":"ReadAction","target":["https:\/\/fieam.org.br\/sesi\/sesi-estende-educacao-de-jovens-e-adultos-para-os-municipios\/"]}]},{"@type":"ImageObject","inLanguage":"pt-BR","@id":"https:\/\/fieam.org.br\/sesi\/sesi-estende-educacao-de-jovens-e-adultos-para-os-municipios\/#primaryimage","url":"http:\/\/www.fieam.org.br\/site\/sesi\/files\/2012\/02\/Alunos-da-EJA-em-atividades-300x192.jpg","contentUrl":"http:\/\/www.fieam.org.br\/site\/sesi\/files\/2012\/02\/Alunos-da-EJA-em-atividades-300x192.jpg"},{"@type":"BreadcrumbList","@id":"https:\/\/fieam.org.br\/sesi\/sesi-estende-educacao-de-jovens-e-adultos-para-os-municipios\/#breadcrumb","itemListElement":[{"@type":"ListItem","position":1,"name":"In\u00edcio","item":"https:\/\/fieam.org.br\/sesi\/"},{"@type":"ListItem","position":2,"name":"SESI estende educa\u00e7\u00e3o de jovens e adultos para os munic\u00edpios"}]},{"@type":"WebSite","@id":"https:\/\/fieam.org.br\/sesi\/#website","url":"https:\/\/fieam.org.br\/sesi\/","name":"SESI","description":"Site Oficial!","publisher":{"@id":"https:\/\/fieam.org.br\/sesi\/#organization"},"potentialAction":[{"@type":"SearchAction","target":{"@type":"EntryPoint","urlTemplate":"https:\/\/fieam.org.br\/sesi\/?s={search_term_string}"},"query-input":{"@type":"PropertyValueSpecification","valueRequired":true,"valueName":"search_term_string"}}],"inLanguage":"pt-BR"},{"@type":"Organization","@id":"https:\/\/fieam.org.br\/sesi\/#organization","name":"SESI","url":"https:\/\/fieam.org.br\/sesi\/","logo":{"@type":"ImageObject","inLanguage":"pt-BR","@id":"https:\/\/fieam.org.br\/sesi\/#\/schema\/logo\/image\/","url":"https:\/\/fieam.org.br\/sesi\/wp-content\/uploads\/sites\/14\/2024\/03\/cropped-fav.png","contentUrl":"https:\/\/fieam.org.br\/sesi\/wp-content\/uploads\/sites\/14\/2024\/03\/cropped-fav.png","width":610,"height":589,"caption":"SESI"},"image":{"@id":"https:\/\/fieam.org.br\/sesi\/#\/schema\/logo\/image\/"}},{"@type":"Person","@id":"https:\/\/fieam.org.br\/sesi\/#\/schema\/person\/f54998dd14d5f0695b41444f2b01c31e","name":"Autor","image":{"@type":"ImageObject","inLanguage":"pt-BR","@id":"https:\/\/secure.gravatar.com\/avatar\/3732c223e0e1fad69062a8f770955c9068d37b055204f310a0be18d4069fe380?s=96&d=mm&r=g","url":"https:\/\/secure.gravatar.com\/avatar\/3732c223e0e1fad69062a8f770955c9068d37b055204f310a0be18d4069fe380?s=96&d=mm&r=g","contentUrl":"https:\/\/secure.gravatar.com\/avatar\/3732c223e0e1fad69062a8f770955c9068d37b055204f310a0be18d4069fe380?s=96&d=mm&r=g","caption":"Autor"},"sameAs":["https:\/\/marketingmassivo.com.br"],"url":"https:\/\/fieam.org.br\/sesi\/author\/admin\/"}]}},"_links":{"self":[{"href":"https:\/\/fieam.org.br\/sesi\/wp-json\/wp\/v2\/posts\/2612","targetHints":{"allow":["GET"]}}],"collection":[{"href":"https:\/\/fieam.org.br\/sesi\/wp-json\/wp\/v2\/posts"}],"about":[{"href":"https:\/\/fieam.org.br\/sesi\/wp-json\/wp\/v2\/types\/post"}],"author":[{"embeddable":true,"href":"https:\/\/fieam.org.br\/sesi\/wp-json\/wp\/v2\/users\/1"}],"replies":[{"embeddable":true,"href":"https:\/\/fieam.org.br\/sesi\/wp-json\/wp\/v2\/comments?post=2612"}],"version-history":[{"count":0,"href":"https:\/\/fieam.org.br\/sesi\/wp-json\/wp\/v2\/posts\/2612\/revisions"}],"wp:attachment":[{"href":"https:\/\/fieam.org.br\/sesi\/wp-json\/wp\/v2\/media?parent=2612"}],"wp:term":[{"taxonomy":"category","embeddable":true,"href":"https:\/\/fieam.org.br\/sesi\/wp-json\/wp\/v2\/categories?post=2612"},{"taxonomy":"post_tag","embeddable":true,"href":"https:\/\/fieam.org.br\/sesi\/wp-json\/wp\/v2\/tags?post=2612"}],"curies":[{"name":"wp","href":"https:\/\/api.w.org\/{rel}","templated":true}]}}