{"id":2569,"date":"2012-02-07T18:08:14","date_gmt":"2012-02-07T18:08:14","guid":{"rendered":"http:\/\/www.fieam.org.br\/site\/sesi\/?p=2569"},"modified":"2012-02-07T18:08:14","modified_gmt":"2012-02-07T18:08:14","slug":"rede-sesi-de-educacao-planeja-novidades-para-2012","status":"publish","type":"post","link":"https:\/\/fieam.org.br\/sesi\/rede-sesi-de-educacao-planeja-novidades-para-2012\/","title":{"rendered":"Rede SESI de Educa\u00e7\u00e3o planeja novidades para 2012"},"content":{"rendered":"<p><a href=\"http:\/\/www.fieam.org.br\/site\/sesi\/files\/2012\/02\/Segundo-a-Ger.-de-Educ.-do-SESI-AM-Rita-Machado-os-alunos-ter%C3%A3o-aulas-de-m%C3%BAsica-xadrez-e-educa%C3%A7%C3%A3o-financeira-neste-ano-letivo.jpg\"><img fetchpriority=\"high\" decoding=\"async\" class=\"alignleft size-medium wp-image-2572\" src=\"http:\/\/www.fieam.org.br\/site\/sesi\/files\/2012\/02\/Segundo-a-Ger.-de-Educ.-do-SESI-AM-Rita-Machado-os-alunos-ter%C3%A3o-aulas-de-m%C3%BAsica-xadrez-e-educa%C3%A7%C3%A3o-financeira-neste-ano-letivo-300x200.jpg\" alt=\"\" width=\"300\" height=\"200\" \/><\/a><a href=\"..\/institucional\/\" target=\"_blank\" rel=\"noopener\">O Servi\u00e7o Social da Ind\u00fastria (SESI\/AM)<\/a> est\u00e1 preparado para receber 5.250 alunos na volta \u00e0s aulas 2012. A equipe de docentes da Rede SESI de <a href=\"..\/educacao\/\" target=\"_blank\" rel=\"noopener\">Educa\u00e7\u00e3o<\/a> participou de capacita\u00e7\u00e3o pedag\u00f3gica com consultores da Rede Pit\u00e1goras, empresa que desenvolve a metodologia de ensino utilizada nas Unidades do SESI.<\/p>\n<p>Segundo o superintendente do SESI\/AM, Luiz Alberto Medeiros, al\u00e9m da amplia\u00e7\u00e3o de 10 salas de aula na Unidade 08 (creche), o SESI tamb\u00e9m investe em metodologia com objetivo de alcan\u00e7ar um n\u00edvel de excel\u00eancia em educa\u00e7\u00e3o de crian\u00e7as e adolescentes. \u201c\u00c9 preciso formar jovens preparados para os desafios da vida adulta e esse processo inicia j\u00e1 na educa\u00e7\u00e3o infantil\u201d, disse.<\/p>\n<p>No encontro, foram debatidas tem\u00e1ticas como a educa\u00e7\u00e3o inclusiva e os desafios de cuidar e educar de crian\u00e7as com necessidades especiais, o processo do construcionismo &#8211; a constru\u00e7\u00e3o do conhecimento e; o est\u00edmulo ao engajamento dos alunos do 6\u00ba ao 9\u00ba ano e tamb\u00e9m a import\u00e2ncia dos projetos especiais para as turmas do ensino fundamental.<\/p>\n<p>\u201cO projeto possibilita a intera\u00e7\u00e3o entre as disciplinas e faz com que o aluno se torne mais respons\u00e1vel, comprometa-se com o grupo e possa se projetar no tempo, planificando a\u00e7\u00f5es futuras\u201d, disse a consultora Vera Maria Paix\u00e3o.<\/p>\n<p>Segundo a gerente de Educa\u00e7\u00e3o do SESI\/AM, Rita Machado, as novidades para 2012 s\u00e3o as aulas de xadrez (para alunos do 1\u00ba per\u00edodo ao 9\u00ba ano), m\u00fasica (todos os alunos) e educa\u00e7\u00e3o financeira (ensino fundamental). \u201cPara o segundo semestre, est\u00e1 previsto o lan\u00e7amento da Sala de Recursos, dedicada exclusivamente para alunos com necessidades especiais. O aluno poder\u00e1 frequentar esta sala em hor\u00e1rios extras e ser\u00e1 estimulado com jogos e metodologias din\u00e2micas, visando seu desenvolvimento\u201d, vislumbrou.<\/p>\n<p><a href=\"http:\/\/www.fieam.org.br\/site\/sesi\/files\/2012\/02\/Os-professores-do-SESI-durante-a-capacita%C3%A7%C3%A3o-pedag%C3%B3gica.jpg\"><img decoding=\"async\" class=\"alignleft size-medium wp-image-2573\" src=\"http:\/\/www.fieam.org.br\/site\/sesi\/files\/2012\/02\/Os-professores-do-SESI-durante-a-capacita%C3%A7%C3%A3o-pedag%C3%B3gica-300x200.jpg\" alt=\"\" width=\"300\" height=\"200\" \/><\/a>Machado aponta tamb\u00e9m a mudan\u00e7a no sistema de avalia\u00e7\u00e3o dos alunos. \u201cO objetivo \u00e9 adequar o padr\u00e3o das avalia\u00e7\u00f5es do SESI \u00e0s provas do Enem para que o aluno se adapte ao estilo de prova desde cedo tornando o vestibular um processo natural\u201d, projetou a gerente.<\/p>\n<p>&nbsp;<\/p>\n<p>[nggallery id=70]<\/p>\n","protected":false},"excerpt":{"rendered":"<p>O Servi\u00e7o Social da Ind\u00fastria (SESI\/AM) est\u00e1 preparado para receber 5.250 alunos na volta \u00e0s aulas 2012. A equipe de docentes da Rede SESI de Educa\u00e7\u00e3o participou de capacita\u00e7\u00e3o pedag\u00f3gica com consultores da Rede Pit\u00e1goras, empresa que desenvolve a metodologia de ensino utilizada nas Unidades do SESI. Segundo o superintendente do SESI\/AM, Luiz Alberto Medeiros, [&hellip;]<\/p>\n","protected":false},"author":1,"featured_media":0,"comment_status":"open","ping_status":"open","sticky":false,"template":"","format":"standard","meta":{"footnotes":""},"categories":[25],"tags":[],"class_list":["post-2569","post","type-post","status-publish","format-standard","hentry","category-news"],"yoast_head":"<!-- This site is optimized with the Yoast SEO plugin v28.2 - https:\/\/yoast.com\/product\/yoast-seo-wordpress\/ -->\n<title>Rede SESI de Educa\u00e7\u00e3o planeja novidades para 2012 - SESI<\/title>\n<meta name=\"robots\" content=\"index, follow, max-snippet:-1, max-image-preview:large, max-video-preview:-1\" \/>\n<link rel=\"canonical\" href=\"https:\/\/fieam.org.br\/sesi\/rede-sesi-de-educacao-planeja-novidades-para-2012\/\" \/>\n<meta property=\"og:locale\" content=\"pt_BR\" \/>\n<meta property=\"og:type\" content=\"article\" \/>\n<meta property=\"og:title\" content=\"Rede SESI de Educa\u00e7\u00e3o planeja novidades para 2012 - SESI\" \/>\n<meta property=\"og:description\" content=\"O Servi\u00e7o Social da Ind\u00fastria (SESI\/AM) est\u00e1 preparado para receber 5.250 alunos na volta \u00e0s aulas 2012. A equipe de docentes da Rede SESI de Educa\u00e7\u00e3o participou de capacita\u00e7\u00e3o pedag\u00f3gica com consultores da Rede Pit\u00e1goras, empresa que desenvolve a metodologia de ensino utilizada nas Unidades do SESI. Segundo o superintendente do SESI\/AM, Luiz Alberto Medeiros, [&hellip;]\" \/>\n<meta property=\"og:url\" content=\"https:\/\/fieam.org.br\/sesi\/rede-sesi-de-educacao-planeja-novidades-para-2012\/\" \/>\n<meta property=\"og:site_name\" content=\"SESI\" \/>\n<meta property=\"article:published_time\" content=\"2012-02-07T18:08:14+00:00\" \/>\n<meta name=\"author\" content=\"Autor\" \/>\n<meta name=\"twitter:card\" content=\"summary_large_image\" \/>\n<meta name=\"twitter:label1\" content=\"Escrito por\" \/>\n\t<meta name=\"twitter:data1\" content=\"Autor\" \/>\n\t<meta name=\"twitter:label2\" content=\"Est. tempo de leitura\" \/>\n\t<meta name=\"twitter:data2\" content=\"2 minutos\" \/>\n<script type=\"application\/ld+json\" class=\"yoast-schema-graph\">{\"@context\":\"https:\\\/\\\/schema.org\",\"@graph\":[{\"@type\":\"Article\",\"@id\":\"https:\\\/\\\/fieam.org.br\\\/sesi\\\/rede-sesi-de-educacao-planeja-novidades-para-2012\\\/#article\",\"isPartOf\":{\"@id\":\"https:\\\/\\\/fieam.org.br\\\/sesi\\\/rede-sesi-de-educacao-planeja-novidades-para-2012\\\/\"},\"author\":{\"name\":\"Autor\",\"@id\":\"https:\\\/\\\/fieam.org.br\\\/sesi\\\/#\\\/schema\\\/person\\\/f54998dd14d5f0695b41444f2b01c31e\"},\"headline\":\"Rede SESI de Educa\u00e7\u00e3o planeja novidades para 2012\",\"datePublished\":\"2012-02-07T18:08:14+00:00\",\"mainEntityOfPage\":{\"@id\":\"https:\\\/\\\/fieam.org.br\\\/sesi\\\/rede-sesi-de-educacao-planeja-novidades-para-2012\\\/\"},\"wordCount\":362,\"commentCount\":0,\"publisher\":{\"@id\":\"https:\\\/\\\/fieam.org.br\\\/sesi\\\/#organization\"},\"image\":{\"@id\":\"https:\\\/\\\/fieam.org.br\\\/sesi\\\/rede-sesi-de-educacao-planeja-novidades-para-2012\\\/#primaryimage\"},\"thumbnailUrl\":\"http:\\\/\\\/www.fieam.org.br\\\/site\\\/sesi\\\/files\\\/2012\\\/02\\\/Segundo-a-Ger.-de-Educ.-do-SESI-AM-Rita-Machado-os-alunos-ter%C3%A3o-aulas-de-m%C3%BAsica-xadrez-e-educa%C3%A7%C3%A3o-financeira-neste-ano-letivo-300x200.jpg\",\"articleSection\":[\"News\"],\"inLanguage\":\"pt-BR\",\"potentialAction\":[{\"@type\":\"CommentAction\",\"name\":\"Comment\",\"target\":[\"https:\\\/\\\/fieam.org.br\\\/sesi\\\/rede-sesi-de-educacao-planeja-novidades-para-2012\\\/#respond\"]}]},{\"@type\":\"WebPage\",\"@id\":\"https:\\\/\\\/fieam.org.br\\\/sesi\\\/rede-sesi-de-educacao-planeja-novidades-para-2012\\\/\",\"url\":\"https:\\\/\\\/fieam.org.br\\\/sesi\\\/rede-sesi-de-educacao-planeja-novidades-para-2012\\\/\",\"name\":\"Rede SESI de Educa\u00e7\u00e3o planeja novidades para 2012 - SESI\",\"isPartOf\":{\"@id\":\"https:\\\/\\\/fieam.org.br\\\/sesi\\\/#website\"},\"primaryImageOfPage\":{\"@id\":\"https:\\\/\\\/fieam.org.br\\\/sesi\\\/rede-sesi-de-educacao-planeja-novidades-para-2012\\\/#primaryimage\"},\"image\":{\"@id\":\"https:\\\/\\\/fieam.org.br\\\/sesi\\\/rede-sesi-de-educacao-planeja-novidades-para-2012\\\/#primaryimage\"},\"thumbnailUrl\":\"http:\\\/\\\/www.fieam.org.br\\\/site\\\/sesi\\\/files\\\/2012\\\/02\\\/Segundo-a-Ger.-de-Educ.-do-SESI-AM-Rita-Machado-os-alunos-ter%C3%A3o-aulas-de-m%C3%BAsica-xadrez-e-educa%C3%A7%C3%A3o-financeira-neste-ano-letivo-300x200.jpg\",\"datePublished\":\"2012-02-07T18:08:14+00:00\",\"breadcrumb\":{\"@id\":\"https:\\\/\\\/fieam.org.br\\\/sesi\\\/rede-sesi-de-educacao-planeja-novidades-para-2012\\\/#breadcrumb\"},\"inLanguage\":\"pt-BR\",\"potentialAction\":[{\"@type\":\"ReadAction\",\"target\":[\"https:\\\/\\\/fieam.org.br\\\/sesi\\\/rede-sesi-de-educacao-planeja-novidades-para-2012\\\/\"]}]},{\"@type\":\"ImageObject\",\"inLanguage\":\"pt-BR\",\"@id\":\"https:\\\/\\\/fieam.org.br\\\/sesi\\\/rede-sesi-de-educacao-planeja-novidades-para-2012\\\/#primaryimage\",\"url\":\"http:\\\/\\\/www.fieam.org.br\\\/site\\\/sesi\\\/files\\\/2012\\\/02\\\/Segundo-a-Ger.-de-Educ.-do-SESI-AM-Rita-Machado-os-alunos-ter%C3%A3o-aulas-de-m%C3%BAsica-xadrez-e-educa%C3%A7%C3%A3o-financeira-neste-ano-letivo-300x200.jpg\",\"contentUrl\":\"http:\\\/\\\/www.fieam.org.br\\\/site\\\/sesi\\\/files\\\/2012\\\/02\\\/Segundo-a-Ger.-de-Educ.-do-SESI-AM-Rita-Machado-os-alunos-ter%C3%A3o-aulas-de-m%C3%BAsica-xadrez-e-educa%C3%A7%C3%A3o-financeira-neste-ano-letivo-300x200.jpg\"},{\"@type\":\"BreadcrumbList\",\"@id\":\"https:\\\/\\\/fieam.org.br\\\/sesi\\\/rede-sesi-de-educacao-planeja-novidades-para-2012\\\/#breadcrumb\",\"itemListElement\":[{\"@type\":\"ListItem\",\"position\":1,\"name\":\"In\u00edcio\",\"item\":\"https:\\\/\\\/fieam.org.br\\\/sesi\\\/\"},{\"@type\":\"ListItem\",\"position\":2,\"name\":\"Rede SESI de Educa\u00e7\u00e3o planeja novidades para 2012\"}]},{\"@type\":\"WebSite\",\"@id\":\"https:\\\/\\\/fieam.org.br\\\/sesi\\\/#website\",\"url\":\"https:\\\/\\\/fieam.org.br\\\/sesi\\\/\",\"name\":\"SESI\",\"description\":\"Site Oficial!\",\"publisher\":{\"@id\":\"https:\\\/\\\/fieam.org.br\\\/sesi\\\/#organization\"},\"potentialAction\":[{\"@type\":\"SearchAction\",\"target\":{\"@type\":\"EntryPoint\",\"urlTemplate\":\"https:\\\/\\\/fieam.org.br\\\/sesi\\\/?s={search_term_string}\"},\"query-input\":{\"@type\":\"PropertyValueSpecification\",\"valueRequired\":true,\"valueName\":\"search_term_string\"}}],\"inLanguage\":\"pt-BR\"},{\"@type\":\"Organization\",\"@id\":\"https:\\\/\\\/fieam.org.br\\\/sesi\\\/#organization\",\"name\":\"SESI\",\"url\":\"https:\\\/\\\/fieam.org.br\\\/sesi\\\/\",\"logo\":{\"@type\":\"ImageObject\",\"inLanguage\":\"pt-BR\",\"@id\":\"https:\\\/\\\/fieam.org.br\\\/sesi\\\/#\\\/schema\\\/logo\\\/image\\\/\",\"url\":\"https:\\\/\\\/fieam.org.br\\\/sesi\\\/wp-content\\\/uploads\\\/sites\\\/14\\\/2024\\\/03\\\/cropped-fav.png\",\"contentUrl\":\"https:\\\/\\\/fieam.org.br\\\/sesi\\\/wp-content\\\/uploads\\\/sites\\\/14\\\/2024\\\/03\\\/cropped-fav.png\",\"width\":610,\"height\":589,\"caption\":\"SESI\"},\"image\":{\"@id\":\"https:\\\/\\\/fieam.org.br\\\/sesi\\\/#\\\/schema\\\/logo\\\/image\\\/\"}},{\"@type\":\"Person\",\"@id\":\"https:\\\/\\\/fieam.org.br\\\/sesi\\\/#\\\/schema\\\/person\\\/f54998dd14d5f0695b41444f2b01c31e\",\"name\":\"Autor\",\"image\":{\"@type\":\"ImageObject\",\"inLanguage\":\"pt-BR\",\"@id\":\"https:\\\/\\\/secure.gravatar.com\\\/avatar\\\/3732c223e0e1fad69062a8f770955c9068d37b055204f310a0be18d4069fe380?s=96&d=mm&r=g\",\"url\":\"https:\\\/\\\/secure.gravatar.com\\\/avatar\\\/3732c223e0e1fad69062a8f770955c9068d37b055204f310a0be18d4069fe380?s=96&d=mm&r=g\",\"contentUrl\":\"https:\\\/\\\/secure.gravatar.com\\\/avatar\\\/3732c223e0e1fad69062a8f770955c9068d37b055204f310a0be18d4069fe380?s=96&d=mm&r=g\",\"caption\":\"Autor\"},\"sameAs\":[\"https:\\\/\\\/marketingmassivo.com.br\"],\"url\":\"https:\\\/\\\/fieam.org.br\\\/sesi\\\/author\\\/admin\\\/\"}]}<\/script>\n<!-- \/ Yoast SEO plugin. -->","yoast_head_json":{"title":"Rede SESI de Educa\u00e7\u00e3o planeja novidades para 2012 - SESI","robots":{"index":"index","follow":"follow","max-snippet":"max-snippet:-1","max-image-preview":"max-image-preview:large","max-video-preview":"max-video-preview:-1"},"canonical":"https:\/\/fieam.org.br\/sesi\/rede-sesi-de-educacao-planeja-novidades-para-2012\/","og_locale":"pt_BR","og_type":"article","og_title":"Rede SESI de Educa\u00e7\u00e3o planeja novidades para 2012 - SESI","og_description":"O Servi\u00e7o Social da Ind\u00fastria (SESI\/AM) est\u00e1 preparado para receber 5.250 alunos na volta \u00e0s aulas 2012. A equipe de docentes da Rede SESI de Educa\u00e7\u00e3o participou de capacita\u00e7\u00e3o pedag\u00f3gica com consultores da Rede Pit\u00e1goras, empresa que desenvolve a metodologia de ensino utilizada nas Unidades do SESI. Segundo o superintendente do SESI\/AM, Luiz Alberto Medeiros, [&hellip;]","og_url":"https:\/\/fieam.org.br\/sesi\/rede-sesi-de-educacao-planeja-novidades-para-2012\/","og_site_name":"SESI","article_published_time":"2012-02-07T18:08:14+00:00","author":"Autor","twitter_card":"summary_large_image","twitter_misc":{"Escrito por":"Autor","Est. tempo de leitura":"2 minutos"},"schema":{"@context":"https:\/\/schema.org","@graph":[{"@type":"Article","@id":"https:\/\/fieam.org.br\/sesi\/rede-sesi-de-educacao-planeja-novidades-para-2012\/#article","isPartOf":{"@id":"https:\/\/fieam.org.br\/sesi\/rede-sesi-de-educacao-planeja-novidades-para-2012\/"},"author":{"name":"Autor","@id":"https:\/\/fieam.org.br\/sesi\/#\/schema\/person\/f54998dd14d5f0695b41444f2b01c31e"},"headline":"Rede SESI de Educa\u00e7\u00e3o planeja novidades para 2012","datePublished":"2012-02-07T18:08:14+00:00","mainEntityOfPage":{"@id":"https:\/\/fieam.org.br\/sesi\/rede-sesi-de-educacao-planeja-novidades-para-2012\/"},"wordCount":362,"commentCount":0,"publisher":{"@id":"https:\/\/fieam.org.br\/sesi\/#organization"},"image":{"@id":"https:\/\/fieam.org.br\/sesi\/rede-sesi-de-educacao-planeja-novidades-para-2012\/#primaryimage"},"thumbnailUrl":"http:\/\/www.fieam.org.br\/site\/sesi\/files\/2012\/02\/Segundo-a-Ger.-de-Educ.-do-SESI-AM-Rita-Machado-os-alunos-ter%C3%A3o-aulas-de-m%C3%BAsica-xadrez-e-educa%C3%A7%C3%A3o-financeira-neste-ano-letivo-300x200.jpg","articleSection":["News"],"inLanguage":"pt-BR","potentialAction":[{"@type":"CommentAction","name":"Comment","target":["https:\/\/fieam.org.br\/sesi\/rede-sesi-de-educacao-planeja-novidades-para-2012\/#respond"]}]},{"@type":"WebPage","@id":"https:\/\/fieam.org.br\/sesi\/rede-sesi-de-educacao-planeja-novidades-para-2012\/","url":"https:\/\/fieam.org.br\/sesi\/rede-sesi-de-educacao-planeja-novidades-para-2012\/","name":"Rede SESI de Educa\u00e7\u00e3o planeja novidades para 2012 - SESI","isPartOf":{"@id":"https:\/\/fieam.org.br\/sesi\/#website"},"primaryImageOfPage":{"@id":"https:\/\/fieam.org.br\/sesi\/rede-sesi-de-educacao-planeja-novidades-para-2012\/#primaryimage"},"image":{"@id":"https:\/\/fieam.org.br\/sesi\/rede-sesi-de-educacao-planeja-novidades-para-2012\/#primaryimage"},"thumbnailUrl":"http:\/\/www.fieam.org.br\/site\/sesi\/files\/2012\/02\/Segundo-a-Ger.-de-Educ.-do-SESI-AM-Rita-Machado-os-alunos-ter%C3%A3o-aulas-de-m%C3%BAsica-xadrez-e-educa%C3%A7%C3%A3o-financeira-neste-ano-letivo-300x200.jpg","datePublished":"2012-02-07T18:08:14+00:00","breadcrumb":{"@id":"https:\/\/fieam.org.br\/sesi\/rede-sesi-de-educacao-planeja-novidades-para-2012\/#breadcrumb"},"inLanguage":"pt-BR","potentialAction":[{"@type":"ReadAction","target":["https:\/\/fieam.org.br\/sesi\/rede-sesi-de-educacao-planeja-novidades-para-2012\/"]}]},{"@type":"ImageObject","inLanguage":"pt-BR","@id":"https:\/\/fieam.org.br\/sesi\/rede-sesi-de-educacao-planeja-novidades-para-2012\/#primaryimage","url":"http:\/\/www.fieam.org.br\/site\/sesi\/files\/2012\/02\/Segundo-a-Ger.-de-Educ.-do-SESI-AM-Rita-Machado-os-alunos-ter%C3%A3o-aulas-de-m%C3%BAsica-xadrez-e-educa%C3%A7%C3%A3o-financeira-neste-ano-letivo-300x200.jpg","contentUrl":"http:\/\/www.fieam.org.br\/site\/sesi\/files\/2012\/02\/Segundo-a-Ger.-de-Educ.-do-SESI-AM-Rita-Machado-os-alunos-ter%C3%A3o-aulas-de-m%C3%BAsica-xadrez-e-educa%C3%A7%C3%A3o-financeira-neste-ano-letivo-300x200.jpg"},{"@type":"BreadcrumbList","@id":"https:\/\/fieam.org.br\/sesi\/rede-sesi-de-educacao-planeja-novidades-para-2012\/#breadcrumb","itemListElement":[{"@type":"ListItem","position":1,"name":"In\u00edcio","item":"https:\/\/fieam.org.br\/sesi\/"},{"@type":"ListItem","position":2,"name":"Rede SESI de Educa\u00e7\u00e3o planeja novidades para 2012"}]},{"@type":"WebSite","@id":"https:\/\/fieam.org.br\/sesi\/#website","url":"https:\/\/fieam.org.br\/sesi\/","name":"SESI","description":"Site Oficial!","publisher":{"@id":"https:\/\/fieam.org.br\/sesi\/#organization"},"potentialAction":[{"@type":"SearchAction","target":{"@type":"EntryPoint","urlTemplate":"https:\/\/fieam.org.br\/sesi\/?s={search_term_string}"},"query-input":{"@type":"PropertyValueSpecification","valueRequired":true,"valueName":"search_term_string"}}],"inLanguage":"pt-BR"},{"@type":"Organization","@id":"https:\/\/fieam.org.br\/sesi\/#organization","name":"SESI","url":"https:\/\/fieam.org.br\/sesi\/","logo":{"@type":"ImageObject","inLanguage":"pt-BR","@id":"https:\/\/fieam.org.br\/sesi\/#\/schema\/logo\/image\/","url":"https:\/\/fieam.org.br\/sesi\/wp-content\/uploads\/sites\/14\/2024\/03\/cropped-fav.png","contentUrl":"https:\/\/fieam.org.br\/sesi\/wp-content\/uploads\/sites\/14\/2024\/03\/cropped-fav.png","width":610,"height":589,"caption":"SESI"},"image":{"@id":"https:\/\/fieam.org.br\/sesi\/#\/schema\/logo\/image\/"}},{"@type":"Person","@id":"https:\/\/fieam.org.br\/sesi\/#\/schema\/person\/f54998dd14d5f0695b41444f2b01c31e","name":"Autor","image":{"@type":"ImageObject","inLanguage":"pt-BR","@id":"https:\/\/secure.gravatar.com\/avatar\/3732c223e0e1fad69062a8f770955c9068d37b055204f310a0be18d4069fe380?s=96&d=mm&r=g","url":"https:\/\/secure.gravatar.com\/avatar\/3732c223e0e1fad69062a8f770955c9068d37b055204f310a0be18d4069fe380?s=96&d=mm&r=g","contentUrl":"https:\/\/secure.gravatar.com\/avatar\/3732c223e0e1fad69062a8f770955c9068d37b055204f310a0be18d4069fe380?s=96&d=mm&r=g","caption":"Autor"},"sameAs":["https:\/\/marketingmassivo.com.br"],"url":"https:\/\/fieam.org.br\/sesi\/author\/admin\/"}]}},"_links":{"self":[{"href":"https:\/\/fieam.org.br\/sesi\/wp-json\/wp\/v2\/posts\/2569","targetHints":{"allow":["GET"]}}],"collection":[{"href":"https:\/\/fieam.org.br\/sesi\/wp-json\/wp\/v2\/posts"}],"about":[{"href":"https:\/\/fieam.org.br\/sesi\/wp-json\/wp\/v2\/types\/post"}],"author":[{"embeddable":true,"href":"https:\/\/fieam.org.br\/sesi\/wp-json\/wp\/v2\/users\/1"}],"replies":[{"embeddable":true,"href":"https:\/\/fieam.org.br\/sesi\/wp-json\/wp\/v2\/comments?post=2569"}],"version-history":[{"count":0,"href":"https:\/\/fieam.org.br\/sesi\/wp-json\/wp\/v2\/posts\/2569\/revisions"}],"wp:attachment":[{"href":"https:\/\/fieam.org.br\/sesi\/wp-json\/wp\/v2\/media?parent=2569"}],"wp:term":[{"taxonomy":"category","embeddable":true,"href":"https:\/\/fieam.org.br\/sesi\/wp-json\/wp\/v2\/categories?post=2569"},{"taxonomy":"post_tag","embeddable":true,"href":"https:\/\/fieam.org.br\/sesi\/wp-json\/wp\/v2\/tags?post=2569"}],"curies":[{"name":"wp","href":"https:\/\/api.w.org\/{rel}","templated":true}]}}