{"id":2563,"date":"2012-02-06T10:43:41","date_gmt":"2012-02-06T10:43:41","guid":{"rendered":"http:\/\/www.fieam.org.br\/site\/sesi\/?p=2563"},"modified":"2012-02-06T10:43:41","modified_gmt":"2012-02-06T10:43:41","slug":"sesi-inscreve-nos-cursos-de-formacao-cultural-2012","status":"publish","type":"post","link":"https:\/\/fieam.org.br\/sesi\/sesi-inscreve-nos-cursos-de-formacao-cultural-2012\/","title":{"rendered":"SESI inscreve nos cursos de Forma\u00e7\u00e3o Cultural 2012"},"content":{"rendered":"<p><a href=\"http:\/\/www.fieam.org.br\/site\/sesi\/files\/2012\/02\/ImagemFixa2.jpg\"><img fetchpriority=\"high\" decoding=\"async\" class=\"alignleft size-medium wp-image-2567\" src=\"http:\/\/www.fieam.org.br\/site\/sesi\/files\/2012\/02\/ImagemFixa2-300x199.jpg\" alt=\"\" width=\"300\" height=\"199\" \/><\/a>Os cursos de Baby Class 1,2,3 e 4, Ballet Cl\u00e1ssico, Jazz para Iniciante (Infantil de Adulto), Dan\u00e7a do Ventre, Dan\u00e7a de Sal\u00e3o para Casais e Viol\u00e3o est\u00e3o na programa\u00e7\u00e3o Cultural 2012 do <a href=\"..\/institucional\/\" target=\"_blank\" rel=\"noopener\">Servi\u00e7o Social da Ind\u00fastria (SESI\/AM)<\/a>. As inscri\u00e7\u00f5es est\u00e3o abertas e possuem 50% de desconto para o trabalhador da ind\u00fastria e seus dependentes.<\/p>\n<p>As aulas de Baby Class 1\u00e9 destinada \u00e0 faixa et\u00e1ria de 4 a 6 anos e, (das 8h \u00e0s 9h para iniciantes) e de 4 a 5 anos ( das 15h \u00e0s 16h para iniciantes e experientes), ambos \u00e0s segundas e quartas. Enquanto que as de Baby Class 2 \u00e9\u00a0 para a faixa et\u00e1ria de 6 a 7 e 7 a 10, \u00e0s ter\u00e7as e quintas, nos hor\u00e1rios de 9h \u00e0s 10h ( iniciantes) e 16h \u00e0s 17h (iniciantes e experientes). No Baby Class 3, destinado a crian\u00e7as de 8 a 10 anos, as aulas s\u00e3o oferecidas as segundas e quartas, das 16h \u00e0s 17h para iniciantes. J\u00e1 no Baby Class 4 a faixa et\u00e1ria \u00e9 de 7 a 10 anos, das 17h \u00e0s 18h, para crian\u00e7as experientes.<\/p>\n<p>O Bal\u00e9 Cl\u00e1ssico para iniciantes \u00e9 oferecido das 14h \u00e0s 15h (faixa de11 a 17 anos), as ter\u00e7as e quintas; das 9h \u00e0s 10h (11 a 18 anos) e das10h \u00e0s 11h ( a partir de 19 anos), \u00e0s segundas e quartas. J\u00e1 os experientes podem fazer nos hor\u00e1rio de 8h \u00e0s 9h (11 a 18 anos), \u00e0s ter\u00e7as e quintas; de 14h \u00e0s 15h (11 a 18 anos), \u00e0s segundas e quartas; E das 18h30\u00e0s 19h30 (18 a 30 anos) para iniciantes e graduados, \u00e0s segundas e quartas.<\/p>\n<p>As aulas de Jazz s\u00e3o oferecidas \u00e0s ter\u00e7as e quintas, das 16h \u00e0s 17h (iniciantes \u2013 8 a 17 anos); e das 18h30 \u00e0s 19h30 para iniciantes e experientes (de 18 a 30 anos). Al\u00e9m desses cursos o SESI oferece tamb\u00e9m aulas de Dan\u00e7a do Ventre ( a partir de 15 anos) , \u00e0s ter\u00e7as e quintas, das 10h \u00e0s 11h (iniciantes) e aos s\u00e1bados, das 13h30 \u00e0s 15h (experientes). E aulas de Dan\u00e7a de Sal\u00e3o ( a partir de 15 anos), das 15h30 \u00e0s 17h (aos s\u00e1bados).<\/p>\n<p>Todos estes cursos ser\u00e3o ministrados no <a href=\"..\/lazer-clube-do-trabalhador-do-amazonas\/\" target=\"_blank\" rel=\"noopener\">Clube do Trabalhador (Alameda Cosme Ferreira, 7399 \u2013 Aleixo)<\/a>. Outras informa\u00e7\u00f5es pelos n\u00fameros: 3216-1030.<\/p>\n","protected":false},"excerpt":{"rendered":"<p>Os cursos de Baby Class 1,2,3 e 4, Ballet Cl\u00e1ssico, Jazz para Iniciante (Infantil de Adulto), Dan\u00e7a do Ventre, Dan\u00e7a de Sal\u00e3o para Casais e Viol\u00e3o est\u00e3o na programa\u00e7\u00e3o Cultural 2012 do Servi\u00e7o Social da Ind\u00fastria (SESI\/AM). As inscri\u00e7\u00f5es est\u00e3o abertas e possuem 50% de desconto para o trabalhador da ind\u00fastria e seus dependentes. As [&hellip;]<\/p>\n","protected":false},"author":1,"featured_media":0,"comment_status":"open","ping_status":"open","sticky":false,"template":"","format":"standard","meta":{"footnotes":""},"categories":[25],"tags":[],"class_list":["post-2563","post","type-post","status-publish","format-standard","hentry","category-news"],"yoast_head":"<!-- This site is optimized with the Yoast SEO plugin v28.2 - https:\/\/yoast.com\/product\/yoast-seo-wordpress\/ -->\n<title>SESI inscreve nos cursos de Forma\u00e7\u00e3o Cultural 2012 - SESI<\/title>\n<meta name=\"robots\" content=\"index, follow, max-snippet:-1, max-image-preview:large, max-video-preview:-1\" \/>\n<link rel=\"canonical\" href=\"https:\/\/fieam.org.br\/sesi\/sesi-inscreve-nos-cursos-de-formacao-cultural-2012\/\" \/>\n<meta property=\"og:locale\" content=\"pt_BR\" \/>\n<meta property=\"og:type\" content=\"article\" \/>\n<meta property=\"og:title\" content=\"SESI inscreve nos cursos de Forma\u00e7\u00e3o Cultural 2012 - SESI\" \/>\n<meta property=\"og:description\" content=\"Os cursos de Baby Class 1,2,3 e 4, Ballet Cl\u00e1ssico, Jazz para Iniciante (Infantil de Adulto), Dan\u00e7a do Ventre, Dan\u00e7a de Sal\u00e3o para Casais e Viol\u00e3o est\u00e3o na programa\u00e7\u00e3o Cultural 2012 do Servi\u00e7o Social da Ind\u00fastria (SESI\/AM). As inscri\u00e7\u00f5es est\u00e3o abertas e possuem 50% de desconto para o trabalhador da ind\u00fastria e seus dependentes. As [&hellip;]\" \/>\n<meta property=\"og:url\" content=\"https:\/\/fieam.org.br\/sesi\/sesi-inscreve-nos-cursos-de-formacao-cultural-2012\/\" \/>\n<meta property=\"og:site_name\" content=\"SESI\" \/>\n<meta property=\"article:published_time\" content=\"2012-02-06T10:43:41+00:00\" \/>\n<meta property=\"og:image\" content=\"https:\/\/fieam.org.br\/sesi\/wp-content\/uploads\/sites\/14\/2012\/02\/ImagemFixa2.jpg\" \/>\n\t<meta property=\"og:image:width\" content=\"2098\" \/>\n\t<meta property=\"og:image:height\" content=\"1398\" \/>\n\t<meta property=\"og:image:type\" content=\"image\/jpeg\" \/>\n<meta name=\"author\" content=\"Autor\" \/>\n<meta name=\"twitter:card\" content=\"summary_large_image\" \/>\n<meta name=\"twitter:label1\" content=\"Escrito por\" \/>\n\t<meta name=\"twitter:data1\" content=\"Autor\" \/>\n\t<meta name=\"twitter:label2\" content=\"Est. tempo de leitura\" \/>\n\t<meta name=\"twitter:data2\" content=\"2 minutos\" \/>\n<script type=\"application\/ld+json\" class=\"yoast-schema-graph\">{\"@context\":\"https:\\\/\\\/schema.org\",\"@graph\":[{\"@type\":\"Article\",\"@id\":\"https:\\\/\\\/fieam.org.br\\\/sesi\\\/sesi-inscreve-nos-cursos-de-formacao-cultural-2012\\\/#article\",\"isPartOf\":{\"@id\":\"https:\\\/\\\/fieam.org.br\\\/sesi\\\/sesi-inscreve-nos-cursos-de-formacao-cultural-2012\\\/\"},\"author\":{\"name\":\"Autor\",\"@id\":\"https:\\\/\\\/fieam.org.br\\\/sesi\\\/#\\\/schema\\\/person\\\/f54998dd14d5f0695b41444f2b01c31e\"},\"headline\":\"SESI inscreve nos cursos de Forma\u00e7\u00e3o Cultural 2012\",\"datePublished\":\"2012-02-06T10:43:41+00:00\",\"mainEntityOfPage\":{\"@id\":\"https:\\\/\\\/fieam.org.br\\\/sesi\\\/sesi-inscreve-nos-cursos-de-formacao-cultural-2012\\\/\"},\"wordCount\":378,\"commentCount\":0,\"publisher\":{\"@id\":\"https:\\\/\\\/fieam.org.br\\\/sesi\\\/#organization\"},\"image\":{\"@id\":\"https:\\\/\\\/fieam.org.br\\\/sesi\\\/sesi-inscreve-nos-cursos-de-formacao-cultural-2012\\\/#primaryimage\"},\"thumbnailUrl\":\"http:\\\/\\\/www.fieam.org.br\\\/site\\\/sesi\\\/files\\\/2012\\\/02\\\/ImagemFixa2-300x199.jpg\",\"articleSection\":[\"News\"],\"inLanguage\":\"pt-BR\",\"potentialAction\":[{\"@type\":\"CommentAction\",\"name\":\"Comment\",\"target\":[\"https:\\\/\\\/fieam.org.br\\\/sesi\\\/sesi-inscreve-nos-cursos-de-formacao-cultural-2012\\\/#respond\"]}]},{\"@type\":\"WebPage\",\"@id\":\"https:\\\/\\\/fieam.org.br\\\/sesi\\\/sesi-inscreve-nos-cursos-de-formacao-cultural-2012\\\/\",\"url\":\"https:\\\/\\\/fieam.org.br\\\/sesi\\\/sesi-inscreve-nos-cursos-de-formacao-cultural-2012\\\/\",\"name\":\"SESI inscreve nos cursos de Forma\u00e7\u00e3o Cultural 2012 - SESI\",\"isPartOf\":{\"@id\":\"https:\\\/\\\/fieam.org.br\\\/sesi\\\/#website\"},\"primaryImageOfPage\":{\"@id\":\"https:\\\/\\\/fieam.org.br\\\/sesi\\\/sesi-inscreve-nos-cursos-de-formacao-cultural-2012\\\/#primaryimage\"},\"image\":{\"@id\":\"https:\\\/\\\/fieam.org.br\\\/sesi\\\/sesi-inscreve-nos-cursos-de-formacao-cultural-2012\\\/#primaryimage\"},\"thumbnailUrl\":\"http:\\\/\\\/www.fieam.org.br\\\/site\\\/sesi\\\/files\\\/2012\\\/02\\\/ImagemFixa2-300x199.jpg\",\"datePublished\":\"2012-02-06T10:43:41+00:00\",\"breadcrumb\":{\"@id\":\"https:\\\/\\\/fieam.org.br\\\/sesi\\\/sesi-inscreve-nos-cursos-de-formacao-cultural-2012\\\/#breadcrumb\"},\"inLanguage\":\"pt-BR\",\"potentialAction\":[{\"@type\":\"ReadAction\",\"target\":[\"https:\\\/\\\/fieam.org.br\\\/sesi\\\/sesi-inscreve-nos-cursos-de-formacao-cultural-2012\\\/\"]}]},{\"@type\":\"ImageObject\",\"inLanguage\":\"pt-BR\",\"@id\":\"https:\\\/\\\/fieam.org.br\\\/sesi\\\/sesi-inscreve-nos-cursos-de-formacao-cultural-2012\\\/#primaryimage\",\"url\":\"http:\\\/\\\/www.fieam.org.br\\\/site\\\/sesi\\\/files\\\/2012\\\/02\\\/ImagemFixa2-300x199.jpg\",\"contentUrl\":\"http:\\\/\\\/www.fieam.org.br\\\/site\\\/sesi\\\/files\\\/2012\\\/02\\\/ImagemFixa2-300x199.jpg\"},{\"@type\":\"BreadcrumbList\",\"@id\":\"https:\\\/\\\/fieam.org.br\\\/sesi\\\/sesi-inscreve-nos-cursos-de-formacao-cultural-2012\\\/#breadcrumb\",\"itemListElement\":[{\"@type\":\"ListItem\",\"position\":1,\"name\":\"In\u00edcio\",\"item\":\"https:\\\/\\\/fieam.org.br\\\/sesi\\\/\"},{\"@type\":\"ListItem\",\"position\":2,\"name\":\"SESI inscreve nos cursos de Forma\u00e7\u00e3o Cultural 2012\"}]},{\"@type\":\"WebSite\",\"@id\":\"https:\\\/\\\/fieam.org.br\\\/sesi\\\/#website\",\"url\":\"https:\\\/\\\/fieam.org.br\\\/sesi\\\/\",\"name\":\"SESI\",\"description\":\"Site Oficial!\",\"publisher\":{\"@id\":\"https:\\\/\\\/fieam.org.br\\\/sesi\\\/#organization\"},\"potentialAction\":[{\"@type\":\"SearchAction\",\"target\":{\"@type\":\"EntryPoint\",\"urlTemplate\":\"https:\\\/\\\/fieam.org.br\\\/sesi\\\/?s={search_term_string}\"},\"query-input\":{\"@type\":\"PropertyValueSpecification\",\"valueRequired\":true,\"valueName\":\"search_term_string\"}}],\"inLanguage\":\"pt-BR\"},{\"@type\":\"Organization\",\"@id\":\"https:\\\/\\\/fieam.org.br\\\/sesi\\\/#organization\",\"name\":\"SESI\",\"url\":\"https:\\\/\\\/fieam.org.br\\\/sesi\\\/\",\"logo\":{\"@type\":\"ImageObject\",\"inLanguage\":\"pt-BR\",\"@id\":\"https:\\\/\\\/fieam.org.br\\\/sesi\\\/#\\\/schema\\\/logo\\\/image\\\/\",\"url\":\"https:\\\/\\\/fieam.org.br\\\/sesi\\\/wp-content\\\/uploads\\\/sites\\\/14\\\/2024\\\/03\\\/cropped-fav.png\",\"contentUrl\":\"https:\\\/\\\/fieam.org.br\\\/sesi\\\/wp-content\\\/uploads\\\/sites\\\/14\\\/2024\\\/03\\\/cropped-fav.png\",\"width\":610,\"height\":589,\"caption\":\"SESI\"},\"image\":{\"@id\":\"https:\\\/\\\/fieam.org.br\\\/sesi\\\/#\\\/schema\\\/logo\\\/image\\\/\"}},{\"@type\":\"Person\",\"@id\":\"https:\\\/\\\/fieam.org.br\\\/sesi\\\/#\\\/schema\\\/person\\\/f54998dd14d5f0695b41444f2b01c31e\",\"name\":\"Autor\",\"image\":{\"@type\":\"ImageObject\",\"inLanguage\":\"pt-BR\",\"@id\":\"https:\\\/\\\/secure.gravatar.com\\\/avatar\\\/3732c223e0e1fad69062a8f770955c9068d37b055204f310a0be18d4069fe380?s=96&d=mm&r=g\",\"url\":\"https:\\\/\\\/secure.gravatar.com\\\/avatar\\\/3732c223e0e1fad69062a8f770955c9068d37b055204f310a0be18d4069fe380?s=96&d=mm&r=g\",\"contentUrl\":\"https:\\\/\\\/secure.gravatar.com\\\/avatar\\\/3732c223e0e1fad69062a8f770955c9068d37b055204f310a0be18d4069fe380?s=96&d=mm&r=g\",\"caption\":\"Autor\"},\"sameAs\":[\"https:\\\/\\\/marketingmassivo.com.br\"],\"url\":\"https:\\\/\\\/fieam.org.br\\\/sesi\\\/author\\\/admin\\\/\"}]}<\/script>\n<!-- \/ Yoast SEO plugin. -->","yoast_head_json":{"title":"SESI inscreve nos cursos de Forma\u00e7\u00e3o Cultural 2012 - SESI","robots":{"index":"index","follow":"follow","max-snippet":"max-snippet:-1","max-image-preview":"max-image-preview:large","max-video-preview":"max-video-preview:-1"},"canonical":"https:\/\/fieam.org.br\/sesi\/sesi-inscreve-nos-cursos-de-formacao-cultural-2012\/","og_locale":"pt_BR","og_type":"article","og_title":"SESI inscreve nos cursos de Forma\u00e7\u00e3o Cultural 2012 - SESI","og_description":"Os cursos de Baby Class 1,2,3 e 4, Ballet Cl\u00e1ssico, Jazz para Iniciante (Infantil de Adulto), Dan\u00e7a do Ventre, Dan\u00e7a de Sal\u00e3o para Casais e Viol\u00e3o est\u00e3o na programa\u00e7\u00e3o Cultural 2012 do Servi\u00e7o Social da Ind\u00fastria (SESI\/AM). As inscri\u00e7\u00f5es est\u00e3o abertas e possuem 50% de desconto para o trabalhador da ind\u00fastria e seus dependentes. As [&hellip;]","og_url":"https:\/\/fieam.org.br\/sesi\/sesi-inscreve-nos-cursos-de-formacao-cultural-2012\/","og_site_name":"SESI","article_published_time":"2012-02-06T10:43:41+00:00","og_image":[{"width":2098,"height":1398,"url":"https:\/\/fieam.org.br\/sesi\/wp-content\/uploads\/sites\/14\/2012\/02\/ImagemFixa2.jpg","type":"image\/jpeg"}],"author":"Autor","twitter_card":"summary_large_image","twitter_misc":{"Escrito por":"Autor","Est. tempo de leitura":"2 minutos"},"schema":{"@context":"https:\/\/schema.org","@graph":[{"@type":"Article","@id":"https:\/\/fieam.org.br\/sesi\/sesi-inscreve-nos-cursos-de-formacao-cultural-2012\/#article","isPartOf":{"@id":"https:\/\/fieam.org.br\/sesi\/sesi-inscreve-nos-cursos-de-formacao-cultural-2012\/"},"author":{"name":"Autor","@id":"https:\/\/fieam.org.br\/sesi\/#\/schema\/person\/f54998dd14d5f0695b41444f2b01c31e"},"headline":"SESI inscreve nos cursos de Forma\u00e7\u00e3o Cultural 2012","datePublished":"2012-02-06T10:43:41+00:00","mainEntityOfPage":{"@id":"https:\/\/fieam.org.br\/sesi\/sesi-inscreve-nos-cursos-de-formacao-cultural-2012\/"},"wordCount":378,"commentCount":0,"publisher":{"@id":"https:\/\/fieam.org.br\/sesi\/#organization"},"image":{"@id":"https:\/\/fieam.org.br\/sesi\/sesi-inscreve-nos-cursos-de-formacao-cultural-2012\/#primaryimage"},"thumbnailUrl":"http:\/\/www.fieam.org.br\/site\/sesi\/files\/2012\/02\/ImagemFixa2-300x199.jpg","articleSection":["News"],"inLanguage":"pt-BR","potentialAction":[{"@type":"CommentAction","name":"Comment","target":["https:\/\/fieam.org.br\/sesi\/sesi-inscreve-nos-cursos-de-formacao-cultural-2012\/#respond"]}]},{"@type":"WebPage","@id":"https:\/\/fieam.org.br\/sesi\/sesi-inscreve-nos-cursos-de-formacao-cultural-2012\/","url":"https:\/\/fieam.org.br\/sesi\/sesi-inscreve-nos-cursos-de-formacao-cultural-2012\/","name":"SESI inscreve nos cursos de Forma\u00e7\u00e3o Cultural 2012 - SESI","isPartOf":{"@id":"https:\/\/fieam.org.br\/sesi\/#website"},"primaryImageOfPage":{"@id":"https:\/\/fieam.org.br\/sesi\/sesi-inscreve-nos-cursos-de-formacao-cultural-2012\/#primaryimage"},"image":{"@id":"https:\/\/fieam.org.br\/sesi\/sesi-inscreve-nos-cursos-de-formacao-cultural-2012\/#primaryimage"},"thumbnailUrl":"http:\/\/www.fieam.org.br\/site\/sesi\/files\/2012\/02\/ImagemFixa2-300x199.jpg","datePublished":"2012-02-06T10:43:41+00:00","breadcrumb":{"@id":"https:\/\/fieam.org.br\/sesi\/sesi-inscreve-nos-cursos-de-formacao-cultural-2012\/#breadcrumb"},"inLanguage":"pt-BR","potentialAction":[{"@type":"ReadAction","target":["https:\/\/fieam.org.br\/sesi\/sesi-inscreve-nos-cursos-de-formacao-cultural-2012\/"]}]},{"@type":"ImageObject","inLanguage":"pt-BR","@id":"https:\/\/fieam.org.br\/sesi\/sesi-inscreve-nos-cursos-de-formacao-cultural-2012\/#primaryimage","url":"http:\/\/www.fieam.org.br\/site\/sesi\/files\/2012\/02\/ImagemFixa2-300x199.jpg","contentUrl":"http:\/\/www.fieam.org.br\/site\/sesi\/files\/2012\/02\/ImagemFixa2-300x199.jpg"},{"@type":"BreadcrumbList","@id":"https:\/\/fieam.org.br\/sesi\/sesi-inscreve-nos-cursos-de-formacao-cultural-2012\/#breadcrumb","itemListElement":[{"@type":"ListItem","position":1,"name":"In\u00edcio","item":"https:\/\/fieam.org.br\/sesi\/"},{"@type":"ListItem","position":2,"name":"SESI inscreve nos cursos de Forma\u00e7\u00e3o Cultural 2012"}]},{"@type":"WebSite","@id":"https:\/\/fieam.org.br\/sesi\/#website","url":"https:\/\/fieam.org.br\/sesi\/","name":"SESI","description":"Site Oficial!","publisher":{"@id":"https:\/\/fieam.org.br\/sesi\/#organization"},"potentialAction":[{"@type":"SearchAction","target":{"@type":"EntryPoint","urlTemplate":"https:\/\/fieam.org.br\/sesi\/?s={search_term_string}"},"query-input":{"@type":"PropertyValueSpecification","valueRequired":true,"valueName":"search_term_string"}}],"inLanguage":"pt-BR"},{"@type":"Organization","@id":"https:\/\/fieam.org.br\/sesi\/#organization","name":"SESI","url":"https:\/\/fieam.org.br\/sesi\/","logo":{"@type":"ImageObject","inLanguage":"pt-BR","@id":"https:\/\/fieam.org.br\/sesi\/#\/schema\/logo\/image\/","url":"https:\/\/fieam.org.br\/sesi\/wp-content\/uploads\/sites\/14\/2024\/03\/cropped-fav.png","contentUrl":"https:\/\/fieam.org.br\/sesi\/wp-content\/uploads\/sites\/14\/2024\/03\/cropped-fav.png","width":610,"height":589,"caption":"SESI"},"image":{"@id":"https:\/\/fieam.org.br\/sesi\/#\/schema\/logo\/image\/"}},{"@type":"Person","@id":"https:\/\/fieam.org.br\/sesi\/#\/schema\/person\/f54998dd14d5f0695b41444f2b01c31e","name":"Autor","image":{"@type":"ImageObject","inLanguage":"pt-BR","@id":"https:\/\/secure.gravatar.com\/avatar\/3732c223e0e1fad69062a8f770955c9068d37b055204f310a0be18d4069fe380?s=96&d=mm&r=g","url":"https:\/\/secure.gravatar.com\/avatar\/3732c223e0e1fad69062a8f770955c9068d37b055204f310a0be18d4069fe380?s=96&d=mm&r=g","contentUrl":"https:\/\/secure.gravatar.com\/avatar\/3732c223e0e1fad69062a8f770955c9068d37b055204f310a0be18d4069fe380?s=96&d=mm&r=g","caption":"Autor"},"sameAs":["https:\/\/marketingmassivo.com.br"],"url":"https:\/\/fieam.org.br\/sesi\/author\/admin\/"}]}},"_links":{"self":[{"href":"https:\/\/fieam.org.br\/sesi\/wp-json\/wp\/v2\/posts\/2563","targetHints":{"allow":["GET"]}}],"collection":[{"href":"https:\/\/fieam.org.br\/sesi\/wp-json\/wp\/v2\/posts"}],"about":[{"href":"https:\/\/fieam.org.br\/sesi\/wp-json\/wp\/v2\/types\/post"}],"author":[{"embeddable":true,"href":"https:\/\/fieam.org.br\/sesi\/wp-json\/wp\/v2\/users\/1"}],"replies":[{"embeddable":true,"href":"https:\/\/fieam.org.br\/sesi\/wp-json\/wp\/v2\/comments?post=2563"}],"version-history":[{"count":0,"href":"https:\/\/fieam.org.br\/sesi\/wp-json\/wp\/v2\/posts\/2563\/revisions"}],"wp:attachment":[{"href":"https:\/\/fieam.org.br\/sesi\/wp-json\/wp\/v2\/media?parent=2563"}],"wp:term":[{"taxonomy":"category","embeddable":true,"href":"https:\/\/fieam.org.br\/sesi\/wp-json\/wp\/v2\/categories?post=2563"},{"taxonomy":"post_tag","embeddable":true,"href":"https:\/\/fieam.org.br\/sesi\/wp-json\/wp\/v2\/tags?post=2563"}],"curies":[{"name":"wp","href":"https:\/\/api.w.org\/{rel}","templated":true}]}}