{"id":24253,"date":"2026-05-01T20:20:15","date_gmt":"2026-05-01T20:20:15","guid":{"rendered":"https:\/\/fieam.org.br\/sesi\/?p=24253"},"modified":"2026-05-01T21:15:18","modified_gmt":"2026-05-01T21:15:18","slug":"correr-e-para-todo-mundo-2a-corrida-nacional-do-sesi-reune-mais-de-1000-atletas-na-base-aerea-de-manaus","status":"publish","type":"post","link":"https:\/\/fieam.org.br\/sesi\/correr-e-para-todo-mundo-2a-corrida-nacional-do-sesi-reune-mais-de-1000-atletas-na-base-aerea-de-manaus\/","title":{"rendered":"\u201cCorrer \u00e9 para todo mundo\u201d: 2\u00aa Corrida Nacional do SESI re\u00fane mais de 1000 atletas na Base A\u00e9rea de Manaus"},"content":{"rendered":"<p>Nem mesmo a chuva da manh\u00e3 deste s\u00e1bado foi capaz de desanimar mais de 1000 participantes da 2\u00aa Corrida Nacional do SESI, realizada na Base A\u00e9rea de Manaus, no bairro Crespo, para comemorar o Dia do Trabalhador. Inspirados no lema \u201cCorrer \u00e9 para todo mundo\u201d, industri\u00e1rios, atletas profissionais, amadores e atletas PCDs, competiram nas provas de 5k, 10k e caminhada de 3k, com apoio de familiares e representantes do setor industrial amazonense em uma grande celebra\u00e7\u00e3o da sa\u00fade, inclus\u00e3o e qualidade de vida.<\/p>\n<p><img fetchpriority=\"high\" decoding=\"async\" class=\" wp-image-24255 aligncenter\" src=\"https:\/\/fieam.org.br\/sesi\/wp-content\/uploads\/sites\/14\/2026\/05\/Lais-Julia-nem-esperava-pela-colocacao-alcancada-200x300.jpg\" alt=\"\" width=\"254\" height=\"381\" srcset=\"https:\/\/fieam.org.br\/sesi\/wp-content\/uploads\/sites\/14\/2026\/05\/Lais-Julia-nem-esperava-pela-colocacao-alcancada-200x300.jpg 200w, https:\/\/fieam.org.br\/sesi\/wp-content\/uploads\/sites\/14\/2026\/05\/Lais-Julia-nem-esperava-pela-colocacao-alcancada-683x1024.jpg 683w, https:\/\/fieam.org.br\/sesi\/wp-content\/uploads\/sites\/14\/2026\/05\/Lais-Julia-nem-esperava-pela-colocacao-alcancada-768x1152.jpg 768w, https:\/\/fieam.org.br\/sesi\/wp-content\/uploads\/sites\/14\/2026\/05\/Lais-Julia-nem-esperava-pela-colocacao-alcancada-1024x1536.jpg 1024w, https:\/\/fieam.org.br\/sesi\/wp-content\/uploads\/sites\/14\/2026\/05\/Lais-Julia-nem-esperava-pela-colocacao-alcancada-rotated.jpg 1280w\" sizes=\"(max-width: 254px) 100vw, 254px\" \/><\/p>\n<p>A corrida integra a mobiliza\u00e7\u00e3o nacional promovida pelo SESI em 25 estados e no Distrito Federal, alcan\u00e7ando 36 cidades em todo o pa\u00eds e reunindo mais de 60 mil inscritos. Em Manaus, o percurso em meio \u00e0 \u00e1rea verde da Base A\u00e9rea trouxe um desafio extra aos corredores, com ladeiras e chuva durante a prova, mas o esp\u00edrito esportivo prevaleceu, a exemplo da corredora La\u00eds J\u00falia G\u00f3es, de 36 anos, que venceu na categoria 5K feminino, faixa et\u00e1ria de 30 a 39 anos, com o tempo de 25min55s.<\/p>\n<p>La\u00eds encontrou na corrida uma forma de superar a depress\u00e3o. \u201cEu comecei a correr h\u00e1 sete meses. A corrida me levantou. Hoje eu corro pela minha sa\u00fade mental. Se eu n\u00e3o correr, sinto falta, e ainda trago o marido junto\u201d, relatou emocionada ap\u00f3s subir ao p\u00f3dio.<\/p>\n<p>A superintendente do SESI Amazonas, Rosana Vasconcelos, mencionou a import\u00e2ncia da parceria com o Comando A\u00e9reo Regional e refor\u00e7ou o papel do esporte na promo\u00e7\u00e3o da sa\u00fade e bem-estar. \u201cFoi uma manh\u00e3 linda para celebrar o Dia do Trabalhador com uma atividade f\u00edsica que preserva a sa\u00fade e ainda inspira outras pessoas a se inserirem nesse processo de qualidade de vida. Estamos muito felizes por realizar essa corrida em uma \u00e1rea t\u00e3o preservada, cercada de verde, que trouxe ainda mais energia aos participantes\u201d, afirmou.<\/p>\n<p><img decoding=\"async\" class=\" wp-image-24256 aligncenter\" src=\"https:\/\/fieam.org.br\/sesi\/wp-content\/uploads\/sites\/14\/2026\/05\/WhatsApp-Image-2026-05-01-at-16.04.29-1-300x218.jpeg\" alt=\"\" width=\"595\" height=\"433\" srcset=\"https:\/\/fieam.org.br\/sesi\/wp-content\/uploads\/sites\/14\/2026\/05\/WhatsApp-Image-2026-05-01-at-16.04.29-1-300x218.jpeg 300w, https:\/\/fieam.org.br\/sesi\/wp-content\/uploads\/sites\/14\/2026\/05\/WhatsApp-Image-2026-05-01-at-16.04.29-1-1024x744.jpeg 1024w, https:\/\/fieam.org.br\/sesi\/wp-content\/uploads\/sites\/14\/2026\/05\/WhatsApp-Image-2026-05-01-at-16.04.29-1-768x558.jpeg 768w, https:\/\/fieam.org.br\/sesi\/wp-content\/uploads\/sites\/14\/2026\/05\/WhatsApp-Image-2026-05-01-at-16.04.29-1-1536x1115.jpeg 1536w, https:\/\/fieam.org.br\/sesi\/wp-content\/uploads\/sites\/14\/2026\/05\/WhatsApp-Image-2026-05-01-at-16.04.29-1-2048x1487.jpeg 2048w\" sizes=\"(max-width: 595px) 100vw, 595px\" \/><\/p>\n<p>Rosana agradeceu o apoio do S\u00e9timo Comando A\u00e9reo Regional (VII Comar), respons\u00e1vel por sediar o evento. O major-brigadeiro do Ar M\u00e1rlio Estebanez, comandante do VII Comar, disse que o SESI \u00e9 um parceiro importante da For\u00e7a A\u00e9rea Brasileira. \u201cJ\u00e1 atuamos juntos em outros eventos e sentimos orgulho em contribuir com iniciativas dessa natureza, que incentivam a pr\u00e1tica esportiva, a integra\u00e7\u00e3o e a qualidade de vida\u201d, ressaltou.<\/p>\n<p>A gerente de Projetos do Conselho Nacional do SESI, Roberta Oliveira, veio a Manaus para acompanhar a competi\u00e7\u00e3o amazonense e atentou para as particularidades locais. \u201cAqui em Manaus \u00e9 diferente de tudo. \u00c9 correr cercado por verde, com calor e chuva ao mesmo tempo. Isso \u00e9 o Brasil. E o mais importante \u00e9 que a corrida promove sa\u00fade, integra\u00e7\u00e3o, solidariedade e companheirismo\u201d, comentou.<\/p>\n<p><strong>Hist\u00f3rias de supera\u00e7\u00e3o<\/strong><\/p>\n<p><img decoding=\"async\" class=\" wp-image-24257 aligncenter\" src=\"https:\/\/fieam.org.br\/sesi\/wp-content\/uploads\/sites\/14\/2026\/05\/Vencedores-da-modalidade-5k-PCD-Visual-Masculino-300x200.jpeg\" alt=\"\" width=\"533\" height=\"355\" srcset=\"https:\/\/fieam.org.br\/sesi\/wp-content\/uploads\/sites\/14\/2026\/05\/Vencedores-da-modalidade-5k-PCD-Visual-Masculino-300x200.jpeg 300w, https:\/\/fieam.org.br\/sesi\/wp-content\/uploads\/sites\/14\/2026\/05\/Vencedores-da-modalidade-5k-PCD-Visual-Masculino-1024x682.jpeg 1024w, https:\/\/fieam.org.br\/sesi\/wp-content\/uploads\/sites\/14\/2026\/05\/Vencedores-da-modalidade-5k-PCD-Visual-Masculino-768x512.jpeg 768w, https:\/\/fieam.org.br\/sesi\/wp-content\/uploads\/sites\/14\/2026\/05\/Vencedores-da-modalidade-5k-PCD-Visual-Masculino.jpeg 1280w\" sizes=\"(max-width: 533px) 100vw, 533px\" \/><\/p>\n<p>Campe\u00e3o da categoria 5K PCD Visual Masculino, Williams Seixas, 48 anos, conquistou o tempo de 21min27s. Deficiente visual, contou que come\u00e7ou a correr h\u00e1 cerca de 10 anos para melhorar o condicionamento f\u00edsico no futebol de cegos. \u201cComecei a correr para manter a sa\u00fade e ganhar resist\u00eancia f\u00edsica. Hoje a corrida virou paix\u00e3o. Cada prova \u00e9 um desafio novo e a vontade \u00e9 sempre melhorar\u201d, disse.<\/p>\n<p><img loading=\"lazy\" decoding=\"async\" class=\" wp-image-24260 alignleft\" src=\"https:\/\/fieam.org.br\/sesi\/wp-content\/uploads\/sites\/14\/2026\/05\/Doraci-Vicente-alongando-para-cumprir-a-prova-225x300.jpg\" alt=\"\" width=\"297\" height=\"396\" srcset=\"https:\/\/fieam.org.br\/sesi\/wp-content\/uploads\/sites\/14\/2026\/05\/Doraci-Vicente-alongando-para-cumprir-a-prova-225x300.jpg 225w, https:\/\/fieam.org.br\/sesi\/wp-content\/uploads\/sites\/14\/2026\/05\/Doraci-Vicente-alongando-para-cumprir-a-prova-768x1024.jpg 768w, https:\/\/fieam.org.br\/sesi\/wp-content\/uploads\/sites\/14\/2026\/05\/Doraci-Vicente-alongando-para-cumprir-a-prova-1152x1536.jpg 1152w, https:\/\/fieam.org.br\/sesi\/wp-content\/uploads\/sites\/14\/2026\/05\/Doraci-Vicente-alongando-para-cumprir-a-prova-rotated.jpg 1300w\" sizes=\"(max-width: 297px) 100vw, 297px\" \/>A enfermeira aposentada Doraci Vicente, 60 anos, tamb\u00e9m transmitia triunfo na pista. A atleta enfrentou um c\u00e2ncer de mama e encontrou na corrida um caminho para recupera\u00e7\u00e3o e bem-estar. \u201c\u00c9 a primeira vez que eu corro na corrida do SESI. N\u00e3o corro com inten\u00e7\u00e3o de chegar ao p\u00f3dio ou ganhar trof\u00e9us. Corro pela minha sa\u00fade e pela minha recupera\u00e7\u00e3o completa\u201d, destacou.<\/p>\n<p>A busca por qualidade de vida tamb\u00e9m motivou a aut\u00f4noma B\u00e1rbara Cunha, de 41 anos, que participou acompanhada de suas duas cachorrinhas. Adepta de atividades ao ar livre, ela ressaltou o papel das corridas como forma de aliviar a rotina. \u201cO objetivo \u00e9 cuidar da mente, sair dos afazeres do dia a dia. Eu tenho uma rela\u00e7\u00e3o de amor com o SESI, fa\u00e7o academia e nata\u00e7\u00e3o no Clube do Trabalhador e participo sempre dos eventos\u201d, afirmou.<\/p>\n<p>Na categoria competitiva, Benedita Oliveira, de 63 anos, conquistou o primeiro lugar na faixa et\u00e1ria de 60 a 69 anos, concluindo os 5 quil\u00f4metros em 32 minutos. \u201cFoi um trajeto muito dif\u00edcil, \u00edngreme, mas gra\u00e7as a Deus consegui o primeiro lugar. Eu amo correr, sempre gostei de esportes\u201d, comemorou.<\/p>\n<p>Jo\u00e3o Paulo Marques, de 33 anos, foi o vencedor na categoria Industri\u00e1rio 5K durante a Corrida Nacional do SESI. O operador de Campo na Inova Videolar, acostumado \u00e0 rotina intensa da ind\u00fastria, relatou que a prova exigiu esfor\u00e7o f\u00edsico e resist\u00eancia, principalmente por conta das condi\u00e7\u00f5es do trajeto. \u201cFoi bastante desafiador o percurso, a lama. Na verdade, eu tive que puxar bastante, principalmente nas ladeiras, mas gra\u00e7as a Deus conseguimos superar os limites e sair campe\u00e3o\u201d, afirmou.<\/p>\n<p>O industri\u00e1rio contou que pratica corrida h\u00e1 cerca de dois anos e mant\u00e9m uma rotina intensa de treinamentos para alcan\u00e7ar bom desempenho nas competi\u00e7\u00f5es. \u201cA gente vai trabalhando para ter um bom desempenho nas provas. Tem treinamento de fortalecimento, treinamento em pista, treinamentos longos, tem uma varia\u00e7\u00e3o de treinamentos\u201d, explicou.<\/p>\n<p>Jo\u00e3o tamb\u00e9m destacou a dificuldade de conciliar os treinos com a rotina de trabalho na ind\u00fastria. \u201c\u00c9 um desafio conciliar o meu trabalho com os treinamentos. Quem trabalha na ind\u00fastria sabe, mas \u00e9 um compromisso com a sa\u00fade e tamb\u00e9m com o alto rendimento\u201d, disse.<\/p>\n<p><strong>Participa\u00e7\u00e3o da ind\u00fastria amazonense<\/strong><\/p>\n<p><img loading=\"lazy\" decoding=\"async\" class=\" wp-image-24262 aligncenter\" src=\"https:\/\/fieam.org.br\/sesi\/wp-content\/uploads\/sites\/14\/2026\/05\/2a-Corrida-Nacional-do-SESI-26-300x200.jpeg\" alt=\"\" width=\"491\" height=\"327\" srcset=\"https:\/\/fieam.org.br\/sesi\/wp-content\/uploads\/sites\/14\/2026\/05\/2a-Corrida-Nacional-do-SESI-26-300x200.jpeg 300w, https:\/\/fieam.org.br\/sesi\/wp-content\/uploads\/sites\/14\/2026\/05\/2a-Corrida-Nacional-do-SESI-26-1024x682.jpeg 1024w, https:\/\/fieam.org.br\/sesi\/wp-content\/uploads\/sites\/14\/2026\/05\/2a-Corrida-Nacional-do-SESI-26-768x512.jpeg 768w, https:\/\/fieam.org.br\/sesi\/wp-content\/uploads\/sites\/14\/2026\/05\/2a-Corrida-Nacional-do-SESI-26.jpeg 1280w\" sizes=\"(max-width: 491px) 100vw, 491px\" \/><\/p>\n<p>Na categoria industri\u00e1rio, o ferramenteiro Jos\u00e9 Ribamar Rodrigues, de 59 anos, conquistou o 2\u00ba lugar nos 10 quil\u00f4metros. O funcion\u00e1rio da empresa Pastore mant\u00e9m uma rotina de treinos no SESI desde 1998. \u201cO segredo \u00e9 sair do trabalho e continuar treinando. Sa\u00fade \u00e9 isso. Eu treino nata\u00e7\u00e3o e corrida no SESI h\u00e1 muitos anos e isso faz toda diferen\u00e7a na minha vida\u201d, afirmou.<\/p>\n<p><img loading=\"lazy\" decoding=\"async\" class=\"wp-image-24263 alignright\" src=\"https:\/\/fieam.org.br\/sesi\/wp-content\/uploads\/sites\/14\/2026\/05\/IMG_3435-200x300.jpg\" alt=\"\" width=\"291\" height=\"437\" srcset=\"https:\/\/fieam.org.br\/sesi\/wp-content\/uploads\/sites\/14\/2026\/05\/IMG_3435-200x300.jpg 200w, https:\/\/fieam.org.br\/sesi\/wp-content\/uploads\/sites\/14\/2026\/05\/IMG_3435-683x1024.jpg 683w, https:\/\/fieam.org.br\/sesi\/wp-content\/uploads\/sites\/14\/2026\/05\/IMG_3435-768x1152.jpg 768w, https:\/\/fieam.org.br\/sesi\/wp-content\/uploads\/sites\/14\/2026\/05\/IMG_3435-1024x1536.jpg 1024w, https:\/\/fieam.org.br\/sesi\/wp-content\/uploads\/sites\/14\/2026\/05\/IMG_3435-rotated.jpg 1200w\" sizes=\"(max-width: 291px) 100vw, 291px\" \/>Outro participante que chamou aten\u00e7\u00e3o foi Bruno Silva dos Santos, analista de PCP da empresa Gree, que percorreu os 5 quil\u00f4metros acompanhado do filho Murilo, de apenas cinco meses. \u201cEssa \u00e9 a segunda corrida dele do SESI. Ano passado ele estava na barriga da m\u00e3e, agora veio comigo no percurso. Quero passar essa experi\u00eancia para ele desde cedo\u201d, contou.<\/p>\n<p>A 2\u00aa Corrida Nacional do SESI tamb\u00e9m contou com a participa\u00e7\u00e3o da diretoria da Federa\u00e7\u00e3o das Ind\u00fastrias do Estado do Amazonas (FIEAM), presidentes de sindicatos industriais e conselheiros da institui\u00e7\u00e3o. Entre eles esteve a conselheira representante da Superintend\u00eancia Regional do Trabalho e Emprego, Maria Francinete Correia de Lima, al\u00e9m do diretor e presidente do Sindicato das Ind\u00fastrias de Alimenta\u00e7\u00e3o de Manaus (SIAM), Pedro Monteiro, que participou da corrida e tamb\u00e9m entregou medalhas aos atletas, assim como o presidente do Sindicato da Ind\u00fastria de Aparelhos El\u00e9tricos, Eletr\u00f4nicos e Similares do Estado do Amazonas (Sinaees), Rildo da Silva.<\/p>\n<p>\u201cA corrida foi sensacional. Est\u00e1 tudo muito bem-organizado. \u00c9 um evento que precisa ser cada vez mais divulgado para que mais pessoas possam participar e valorizar o que temos na Amaz\u00f4nia\u201d, destacou Silva.<\/p>\n<p><img loading=\"lazy\" decoding=\"async\" class=\" wp-image-24261 aligncenter\" src=\"https:\/\/fieam.org.br\/sesi\/wp-content\/uploads\/sites\/14\/2026\/05\/Equipe-da-Poliamazon-300x200.jpg\" alt=\"\" width=\"559\" height=\"372\" srcset=\"https:\/\/fieam.org.br\/sesi\/wp-content\/uploads\/sites\/14\/2026\/05\/Equipe-da-Poliamazon-300x200.jpg 300w, https:\/\/fieam.org.br\/sesi\/wp-content\/uploads\/sites\/14\/2026\/05\/Equipe-da-Poliamazon-1024x683.jpg 1024w, https:\/\/fieam.org.br\/sesi\/wp-content\/uploads\/sites\/14\/2026\/05\/Equipe-da-Poliamazon-768x512.jpg 768w, https:\/\/fieam.org.br\/sesi\/wp-content\/uploads\/sites\/14\/2026\/05\/Equipe-da-Poliamazon-1536x1024.jpg 1536w, https:\/\/fieam.org.br\/sesi\/wp-content\/uploads\/sites\/14\/2026\/05\/Equipe-da-Poliamazon.jpg 1920w\" sizes=\"(max-width: 559px) 100vw, 559px\" \/><\/p>\n<p>Empresas do Polo Industrial de Manaus tamb\u00e9m mobilizaram equipes para o evento, como a Poliamazon Metal\u00fargica da Amaz\u00f4nia. Na ocasi\u00e3o, o gerente geral Fernando Pereira Martins explicou que a empresa vem incentivando a pr\u00e1tica esportiva entre os colaboradores. \u201cA Poliamazon come\u00e7ou a participar no ano passado e agora j\u00e1 veio com equipe pr\u00f3pria. A corrida \u00e9 uma forma de promover sa\u00fade e integra\u00e7\u00e3o entre os trabalhadores\u201d, afirmou.<\/p>\n<p>Mais do que uma competi\u00e7\u00e3o, a Corrida Nacional do SESI se consolida como um espa\u00e7o de encontro, inclus\u00e3o e supera\u00e7\u00e3o, mostrando que o esporte pode transformar vidas e aproximar pessoas de diferentes hist\u00f3rias, gera\u00e7\u00f5es e realidades.<\/p>\n<p>&nbsp;<\/p>\n<p>Fotografias:<\/p>\n<p><a href=\"https:\/\/flic.kr\/s\/aHBqjCSyfY\">https:\/\/flic.kr\/s\/aHBqjCSyfY<\/a><\/p>\n","protected":false},"excerpt":{"rendered":"<p>Nem mesmo a chuva da manh\u00e3 deste s\u00e1bado foi capaz de desanimar mais de 1000 participantes da 2\u00aa Corrida Nacional do SESI, realizada na Base A\u00e9rea de Manaus, no bairro Crespo, para comemorar o Dia do Trabalhador. Inspirados no lema \u201cCorrer \u00e9 para todo mundo\u201d, industri\u00e1rios, atletas profissionais, amadores e atletas PCDs, competiram nas provas [&hellip;]<\/p>\n","protected":false},"author":9,"featured_media":24254,"comment_status":"open","ping_status":"open","sticky":false,"template":"","format":"standard","meta":{"footnotes":""},"categories":[20,25,26],"tags":[],"class_list":["post-24253","post","type-post","status-publish","format-standard","has-post-thumbnail","hentry","category-banner-destaque","category-news","category-news-destaque"],"yoast_head":"<!-- This site is optimized with the Yoast SEO plugin v26.8 - https:\/\/yoast.com\/product\/yoast-seo-wordpress\/ -->\n<title>\u201cCorrer \u00e9 para todo mundo\u201d: 2\u00aa Corrida Nacional do SESI re\u00fane mais de 1000 atletas na Base A\u00e9rea de Manaus - SESI<\/title>\n<meta name=\"robots\" content=\"index, follow, max-snippet:-1, max-image-preview:large, max-video-preview:-1\" \/>\n<link rel=\"canonical\" href=\"https:\/\/fieam.org.br\/sesi\/correr-e-para-todo-mundo-2a-corrida-nacional-do-sesi-reune-mais-de-1000-atletas-na-base-aerea-de-manaus\/\" \/>\n<meta property=\"og:locale\" content=\"pt_BR\" \/>\n<meta property=\"og:type\" content=\"article\" \/>\n<meta property=\"og:title\" content=\"\u201cCorrer \u00e9 para todo mundo\u201d: 2\u00aa Corrida Nacional do SESI re\u00fane mais de 1000 atletas na Base A\u00e9rea de Manaus - SESI\" \/>\n<meta property=\"og:description\" content=\"Nem mesmo a chuva da manh\u00e3 deste s\u00e1bado foi capaz de desanimar mais de 1000 participantes da 2\u00aa Corrida Nacional do SESI, realizada na Base A\u00e9rea de Manaus, no bairro Crespo, para comemorar o Dia do Trabalhador. Inspirados no lema \u201cCorrer \u00e9 para todo mundo\u201d, industri\u00e1rios, atletas profissionais, amadores e atletas PCDs, competiram nas provas [&hellip;]\" \/>\n<meta property=\"og:url\" content=\"https:\/\/fieam.org.br\/sesi\/correr-e-para-todo-mundo-2a-corrida-nacional-do-sesi-reune-mais-de-1000-atletas-na-base-aerea-de-manaus\/\" \/>\n<meta property=\"og:site_name\" content=\"SESI\" \/>\n<meta property=\"article:published_time\" content=\"2026-05-01T20:20:15+00:00\" \/>\n<meta property=\"article:modified_time\" content=\"2026-05-01T21:15:18+00:00\" \/>\n<meta property=\"og:image\" content=\"https:\/\/fieam.org.br\/sesi\/wp-content\/uploads\/sites\/14\/2026\/05\/Joao-Paulo-Oliveira-33-anos-foi-o-1o-a-atravessar-a-linha-de-chegada.jpg\" \/>\n\t<meta property=\"og:image:width\" content=\"1920\" \/>\n\t<meta property=\"og:image:height\" content=\"1280\" \/>\n\t<meta property=\"og:image:type\" content=\"image\/jpeg\" \/>\n<meta name=\"author\" content=\"cris\" \/>\n<meta name=\"twitter:card\" content=\"summary_large_image\" \/>\n<meta name=\"twitter:creator\" content=\"@tour-virtual@fieam.org.br\" \/>\n<meta name=\"twitter:label1\" content=\"Escrito por\" \/>\n\t<meta name=\"twitter:data1\" content=\"cris\" \/>\n\t<meta name=\"twitter:label2\" content=\"Est. tempo de leitura\" \/>\n\t<meta name=\"twitter:data2\" content=\"9 minutos\" \/>\n<script type=\"application\/ld+json\" class=\"yoast-schema-graph\">{\"@context\":\"https:\/\/schema.org\",\"@graph\":[{\"@type\":\"Article\",\"@id\":\"https:\/\/fieam.org.br\/sesi\/correr-e-para-todo-mundo-2a-corrida-nacional-do-sesi-reune-mais-de-1000-atletas-na-base-aerea-de-manaus\/#article\",\"isPartOf\":{\"@id\":\"https:\/\/fieam.org.br\/sesi\/correr-e-para-todo-mundo-2a-corrida-nacional-do-sesi-reune-mais-de-1000-atletas-na-base-aerea-de-manaus\/\"},\"author\":{\"name\":\"cris\",\"@id\":\"https:\/\/fieam.org.br\/sesi\/#\/schema\/person\/ff86678b986855fb9f8d2e599eab31ae\"},\"headline\":\"\u201cCorrer \u00e9 para todo mundo\u201d: 2\u00aa Corrida Nacional do SESI re\u00fane mais de 1000 atletas na Base A\u00e9rea de Manaus\",\"datePublished\":\"2026-05-01T20:20:15+00:00\",\"dateModified\":\"2026-05-01T21:15:18+00:00\",\"mainEntityOfPage\":{\"@id\":\"https:\/\/fieam.org.br\/sesi\/correr-e-para-todo-mundo-2a-corrida-nacional-do-sesi-reune-mais-de-1000-atletas-na-base-aerea-de-manaus\/\"},\"wordCount\":1330,\"commentCount\":0,\"publisher\":{\"@id\":\"https:\/\/fieam.org.br\/sesi\/#organization\"},\"image\":{\"@id\":\"https:\/\/fieam.org.br\/sesi\/correr-e-para-todo-mundo-2a-corrida-nacional-do-sesi-reune-mais-de-1000-atletas-na-base-aerea-de-manaus\/#primaryimage\"},\"thumbnailUrl\":\"https:\/\/fieam.org.br\/sesi\/wp-content\/uploads\/sites\/14\/2026\/05\/Joao-Paulo-Oliveira-33-anos-foi-o-1o-a-atravessar-a-linha-de-chegada.jpg\",\"articleSection\":[\"Banner Destaque\",\"News\",\"News Destaque\"],\"inLanguage\":\"pt-BR\",\"potentialAction\":[{\"@type\":\"CommentAction\",\"name\":\"Comment\",\"target\":[\"https:\/\/fieam.org.br\/sesi\/correr-e-para-todo-mundo-2a-corrida-nacional-do-sesi-reune-mais-de-1000-atletas-na-base-aerea-de-manaus\/#respond\"]}]},{\"@type\":\"WebPage\",\"@id\":\"https:\/\/fieam.org.br\/sesi\/correr-e-para-todo-mundo-2a-corrida-nacional-do-sesi-reune-mais-de-1000-atletas-na-base-aerea-de-manaus\/\",\"url\":\"https:\/\/fieam.org.br\/sesi\/correr-e-para-todo-mundo-2a-corrida-nacional-do-sesi-reune-mais-de-1000-atletas-na-base-aerea-de-manaus\/\",\"name\":\"\u201cCorrer \u00e9 para todo mundo\u201d: 2\u00aa Corrida Nacional do SESI re\u00fane mais de 1000 atletas na Base A\u00e9rea de Manaus - SESI\",\"isPartOf\":{\"@id\":\"https:\/\/fieam.org.br\/sesi\/#website\"},\"primaryImageOfPage\":{\"@id\":\"https:\/\/fieam.org.br\/sesi\/correr-e-para-todo-mundo-2a-corrida-nacional-do-sesi-reune-mais-de-1000-atletas-na-base-aerea-de-manaus\/#primaryimage\"},\"image\":{\"@id\":\"https:\/\/fieam.org.br\/sesi\/correr-e-para-todo-mundo-2a-corrida-nacional-do-sesi-reune-mais-de-1000-atletas-na-base-aerea-de-manaus\/#primaryimage\"},\"thumbnailUrl\":\"https:\/\/fieam.org.br\/sesi\/wp-content\/uploads\/sites\/14\/2026\/05\/Joao-Paulo-Oliveira-33-anos-foi-o-1o-a-atravessar-a-linha-de-chegada.jpg\",\"datePublished\":\"2026-05-01T20:20:15+00:00\",\"dateModified\":\"2026-05-01T21:15:18+00:00\",\"breadcrumb\":{\"@id\":\"https:\/\/fieam.org.br\/sesi\/correr-e-para-todo-mundo-2a-corrida-nacional-do-sesi-reune-mais-de-1000-atletas-na-base-aerea-de-manaus\/#breadcrumb\"},\"inLanguage\":\"pt-BR\",\"potentialAction\":[{\"@type\":\"ReadAction\",\"target\":[\"https:\/\/fieam.org.br\/sesi\/correr-e-para-todo-mundo-2a-corrida-nacional-do-sesi-reune-mais-de-1000-atletas-na-base-aerea-de-manaus\/\"]}]},{\"@type\":\"ImageObject\",\"inLanguage\":\"pt-BR\",\"@id\":\"https:\/\/fieam.org.br\/sesi\/correr-e-para-todo-mundo-2a-corrida-nacional-do-sesi-reune-mais-de-1000-atletas-na-base-aerea-de-manaus\/#primaryimage\",\"url\":\"https:\/\/fieam.org.br\/sesi\/wp-content\/uploads\/sites\/14\/2026\/05\/Joao-Paulo-Oliveira-33-anos-foi-o-1o-a-atravessar-a-linha-de-chegada.jpg\",\"contentUrl\":\"https:\/\/fieam.org.br\/sesi\/wp-content\/uploads\/sites\/14\/2026\/05\/Joao-Paulo-Oliveira-33-anos-foi-o-1o-a-atravessar-a-linha-de-chegada.jpg\",\"width\":1920,\"height\":1280},{\"@type\":\"BreadcrumbList\",\"@id\":\"https:\/\/fieam.org.br\/sesi\/correr-e-para-todo-mundo-2a-corrida-nacional-do-sesi-reune-mais-de-1000-atletas-na-base-aerea-de-manaus\/#breadcrumb\",\"itemListElement\":[{\"@type\":\"ListItem\",\"position\":1,\"name\":\"In\u00edcio\",\"item\":\"https:\/\/fieam.org.br\/sesi\/\"},{\"@type\":\"ListItem\",\"position\":2,\"name\":\"\u201cCorrer \u00e9 para todo mundo\u201d: 2\u00aa Corrida Nacional do SESI re\u00fane mais de 1000 atletas na Base A\u00e9rea de Manaus\"}]},{\"@type\":\"WebSite\",\"@id\":\"https:\/\/fieam.org.br\/sesi\/#website\",\"url\":\"https:\/\/fieam.org.br\/sesi\/\",\"name\":\"SESI\",\"description\":\"Site Oficial!\",\"publisher\":{\"@id\":\"https:\/\/fieam.org.br\/sesi\/#organization\"},\"potentialAction\":[{\"@type\":\"SearchAction\",\"target\":{\"@type\":\"EntryPoint\",\"urlTemplate\":\"https:\/\/fieam.org.br\/sesi\/?s={search_term_string}\"},\"query-input\":{\"@type\":\"PropertyValueSpecification\",\"valueRequired\":true,\"valueName\":\"search_term_string\"}}],\"inLanguage\":\"pt-BR\"},{\"@type\":\"Organization\",\"@id\":\"https:\/\/fieam.org.br\/sesi\/#organization\",\"name\":\"SESI\",\"url\":\"https:\/\/fieam.org.br\/sesi\/\",\"logo\":{\"@type\":\"ImageObject\",\"inLanguage\":\"pt-BR\",\"@id\":\"https:\/\/fieam.org.br\/sesi\/#\/schema\/logo\/image\/\",\"url\":\"https:\/\/fieam.org.br\/sesi\/wp-content\/uploads\/sites\/14\/2024\/03\/cropped-fav.png\",\"contentUrl\":\"https:\/\/fieam.org.br\/sesi\/wp-content\/uploads\/sites\/14\/2024\/03\/cropped-fav.png\",\"width\":610,\"height\":589,\"caption\":\"SESI\"},\"image\":{\"@id\":\"https:\/\/fieam.org.br\/sesi\/#\/schema\/logo\/image\/\"}},{\"@type\":\"Person\",\"@id\":\"https:\/\/fieam.org.br\/sesi\/#\/schema\/person\/ff86678b986855fb9f8d2e599eab31ae\",\"name\":\"cris\",\"image\":{\"@type\":\"ImageObject\",\"inLanguage\":\"pt-BR\",\"@id\":\"https:\/\/fieam.org.br\/sesi\/#\/schema\/person\/image\/\",\"url\":\"https:\/\/secure.gravatar.com\/avatar\/e66688f9186abb74f11662d64a816c0971765b5f3721fc721afe90af108548a3?s=96&d=mm&r=g\",\"contentUrl\":\"https:\/\/secure.gravatar.com\/avatar\/e66688f9186abb74f11662d64a816c0971765b5f3721fc721afe90af108548a3?s=96&d=mm&r=g\",\"caption\":\"cris\"},\"sameAs\":[\"https:\/\/x.com\/tour-virtual@fieam.org.br\"],\"url\":\"https:\/\/fieam.org.br\/sesi\/author\/cris\/\"}]}<\/script>\n<!-- \/ Yoast SEO plugin. -->","yoast_head_json":{"title":"\u201cCorrer \u00e9 para todo mundo\u201d: 2\u00aa Corrida Nacional do SESI re\u00fane mais de 1000 atletas na Base A\u00e9rea de Manaus - SESI","robots":{"index":"index","follow":"follow","max-snippet":"max-snippet:-1","max-image-preview":"max-image-preview:large","max-video-preview":"max-video-preview:-1"},"canonical":"https:\/\/fieam.org.br\/sesi\/correr-e-para-todo-mundo-2a-corrida-nacional-do-sesi-reune-mais-de-1000-atletas-na-base-aerea-de-manaus\/","og_locale":"pt_BR","og_type":"article","og_title":"\u201cCorrer \u00e9 para todo mundo\u201d: 2\u00aa Corrida Nacional do SESI re\u00fane mais de 1000 atletas na Base A\u00e9rea de Manaus - SESI","og_description":"Nem mesmo a chuva da manh\u00e3 deste s\u00e1bado foi capaz de desanimar mais de 1000 participantes da 2\u00aa Corrida Nacional do SESI, realizada na Base A\u00e9rea de Manaus, no bairro Crespo, para comemorar o Dia do Trabalhador. Inspirados no lema \u201cCorrer \u00e9 para todo mundo\u201d, industri\u00e1rios, atletas profissionais, amadores e atletas PCDs, competiram nas provas [&hellip;]","og_url":"https:\/\/fieam.org.br\/sesi\/correr-e-para-todo-mundo-2a-corrida-nacional-do-sesi-reune-mais-de-1000-atletas-na-base-aerea-de-manaus\/","og_site_name":"SESI","article_published_time":"2026-05-01T20:20:15+00:00","article_modified_time":"2026-05-01T21:15:18+00:00","og_image":[{"width":1920,"height":1280,"url":"https:\/\/fieam.org.br\/sesi\/wp-content\/uploads\/sites\/14\/2026\/05\/Joao-Paulo-Oliveira-33-anos-foi-o-1o-a-atravessar-a-linha-de-chegada.jpg","type":"image\/jpeg"}],"author":"cris","twitter_card":"summary_large_image","twitter_creator":"@tour-virtual@fieam.org.br","twitter_misc":{"Escrito por":"cris","Est. tempo de leitura":"9 minutos"},"schema":{"@context":"https:\/\/schema.org","@graph":[{"@type":"Article","@id":"https:\/\/fieam.org.br\/sesi\/correr-e-para-todo-mundo-2a-corrida-nacional-do-sesi-reune-mais-de-1000-atletas-na-base-aerea-de-manaus\/#article","isPartOf":{"@id":"https:\/\/fieam.org.br\/sesi\/correr-e-para-todo-mundo-2a-corrida-nacional-do-sesi-reune-mais-de-1000-atletas-na-base-aerea-de-manaus\/"},"author":{"name":"cris","@id":"https:\/\/fieam.org.br\/sesi\/#\/schema\/person\/ff86678b986855fb9f8d2e599eab31ae"},"headline":"\u201cCorrer \u00e9 para todo mundo\u201d: 2\u00aa Corrida Nacional do SESI re\u00fane mais de 1000 atletas na Base A\u00e9rea de Manaus","datePublished":"2026-05-01T20:20:15+00:00","dateModified":"2026-05-01T21:15:18+00:00","mainEntityOfPage":{"@id":"https:\/\/fieam.org.br\/sesi\/correr-e-para-todo-mundo-2a-corrida-nacional-do-sesi-reune-mais-de-1000-atletas-na-base-aerea-de-manaus\/"},"wordCount":1330,"commentCount":0,"publisher":{"@id":"https:\/\/fieam.org.br\/sesi\/#organization"},"image":{"@id":"https:\/\/fieam.org.br\/sesi\/correr-e-para-todo-mundo-2a-corrida-nacional-do-sesi-reune-mais-de-1000-atletas-na-base-aerea-de-manaus\/#primaryimage"},"thumbnailUrl":"https:\/\/fieam.org.br\/sesi\/wp-content\/uploads\/sites\/14\/2026\/05\/Joao-Paulo-Oliveira-33-anos-foi-o-1o-a-atravessar-a-linha-de-chegada.jpg","articleSection":["Banner Destaque","News","News Destaque"],"inLanguage":"pt-BR","potentialAction":[{"@type":"CommentAction","name":"Comment","target":["https:\/\/fieam.org.br\/sesi\/correr-e-para-todo-mundo-2a-corrida-nacional-do-sesi-reune-mais-de-1000-atletas-na-base-aerea-de-manaus\/#respond"]}]},{"@type":"WebPage","@id":"https:\/\/fieam.org.br\/sesi\/correr-e-para-todo-mundo-2a-corrida-nacional-do-sesi-reune-mais-de-1000-atletas-na-base-aerea-de-manaus\/","url":"https:\/\/fieam.org.br\/sesi\/correr-e-para-todo-mundo-2a-corrida-nacional-do-sesi-reune-mais-de-1000-atletas-na-base-aerea-de-manaus\/","name":"\u201cCorrer \u00e9 para todo mundo\u201d: 2\u00aa Corrida Nacional do SESI re\u00fane mais de 1000 atletas na Base A\u00e9rea de Manaus - SESI","isPartOf":{"@id":"https:\/\/fieam.org.br\/sesi\/#website"},"primaryImageOfPage":{"@id":"https:\/\/fieam.org.br\/sesi\/correr-e-para-todo-mundo-2a-corrida-nacional-do-sesi-reune-mais-de-1000-atletas-na-base-aerea-de-manaus\/#primaryimage"},"image":{"@id":"https:\/\/fieam.org.br\/sesi\/correr-e-para-todo-mundo-2a-corrida-nacional-do-sesi-reune-mais-de-1000-atletas-na-base-aerea-de-manaus\/#primaryimage"},"thumbnailUrl":"https:\/\/fieam.org.br\/sesi\/wp-content\/uploads\/sites\/14\/2026\/05\/Joao-Paulo-Oliveira-33-anos-foi-o-1o-a-atravessar-a-linha-de-chegada.jpg","datePublished":"2026-05-01T20:20:15+00:00","dateModified":"2026-05-01T21:15:18+00:00","breadcrumb":{"@id":"https:\/\/fieam.org.br\/sesi\/correr-e-para-todo-mundo-2a-corrida-nacional-do-sesi-reune-mais-de-1000-atletas-na-base-aerea-de-manaus\/#breadcrumb"},"inLanguage":"pt-BR","potentialAction":[{"@type":"ReadAction","target":["https:\/\/fieam.org.br\/sesi\/correr-e-para-todo-mundo-2a-corrida-nacional-do-sesi-reune-mais-de-1000-atletas-na-base-aerea-de-manaus\/"]}]},{"@type":"ImageObject","inLanguage":"pt-BR","@id":"https:\/\/fieam.org.br\/sesi\/correr-e-para-todo-mundo-2a-corrida-nacional-do-sesi-reune-mais-de-1000-atletas-na-base-aerea-de-manaus\/#primaryimage","url":"https:\/\/fieam.org.br\/sesi\/wp-content\/uploads\/sites\/14\/2026\/05\/Joao-Paulo-Oliveira-33-anos-foi-o-1o-a-atravessar-a-linha-de-chegada.jpg","contentUrl":"https:\/\/fieam.org.br\/sesi\/wp-content\/uploads\/sites\/14\/2026\/05\/Joao-Paulo-Oliveira-33-anos-foi-o-1o-a-atravessar-a-linha-de-chegada.jpg","width":1920,"height":1280},{"@type":"BreadcrumbList","@id":"https:\/\/fieam.org.br\/sesi\/correr-e-para-todo-mundo-2a-corrida-nacional-do-sesi-reune-mais-de-1000-atletas-na-base-aerea-de-manaus\/#breadcrumb","itemListElement":[{"@type":"ListItem","position":1,"name":"In\u00edcio","item":"https:\/\/fieam.org.br\/sesi\/"},{"@type":"ListItem","position":2,"name":"\u201cCorrer \u00e9 para todo mundo\u201d: 2\u00aa Corrida Nacional do SESI re\u00fane mais de 1000 atletas na Base A\u00e9rea de Manaus"}]},{"@type":"WebSite","@id":"https:\/\/fieam.org.br\/sesi\/#website","url":"https:\/\/fieam.org.br\/sesi\/","name":"SESI","description":"Site Oficial!","publisher":{"@id":"https:\/\/fieam.org.br\/sesi\/#organization"},"potentialAction":[{"@type":"SearchAction","target":{"@type":"EntryPoint","urlTemplate":"https:\/\/fieam.org.br\/sesi\/?s={search_term_string}"},"query-input":{"@type":"PropertyValueSpecification","valueRequired":true,"valueName":"search_term_string"}}],"inLanguage":"pt-BR"},{"@type":"Organization","@id":"https:\/\/fieam.org.br\/sesi\/#organization","name":"SESI","url":"https:\/\/fieam.org.br\/sesi\/","logo":{"@type":"ImageObject","inLanguage":"pt-BR","@id":"https:\/\/fieam.org.br\/sesi\/#\/schema\/logo\/image\/","url":"https:\/\/fieam.org.br\/sesi\/wp-content\/uploads\/sites\/14\/2024\/03\/cropped-fav.png","contentUrl":"https:\/\/fieam.org.br\/sesi\/wp-content\/uploads\/sites\/14\/2024\/03\/cropped-fav.png","width":610,"height":589,"caption":"SESI"},"image":{"@id":"https:\/\/fieam.org.br\/sesi\/#\/schema\/logo\/image\/"}},{"@type":"Person","@id":"https:\/\/fieam.org.br\/sesi\/#\/schema\/person\/ff86678b986855fb9f8d2e599eab31ae","name":"cris","image":{"@type":"ImageObject","inLanguage":"pt-BR","@id":"https:\/\/fieam.org.br\/sesi\/#\/schema\/person\/image\/","url":"https:\/\/secure.gravatar.com\/avatar\/e66688f9186abb74f11662d64a816c0971765b5f3721fc721afe90af108548a3?s=96&d=mm&r=g","contentUrl":"https:\/\/secure.gravatar.com\/avatar\/e66688f9186abb74f11662d64a816c0971765b5f3721fc721afe90af108548a3?s=96&d=mm&r=g","caption":"cris"},"sameAs":["https:\/\/x.com\/tour-virtual@fieam.org.br"],"url":"https:\/\/fieam.org.br\/sesi\/author\/cris\/"}]}},"_links":{"self":[{"href":"https:\/\/fieam.org.br\/sesi\/wp-json\/wp\/v2\/posts\/24253","targetHints":{"allow":["GET"]}}],"collection":[{"href":"https:\/\/fieam.org.br\/sesi\/wp-json\/wp\/v2\/posts"}],"about":[{"href":"https:\/\/fieam.org.br\/sesi\/wp-json\/wp\/v2\/types\/post"}],"author":[{"embeddable":true,"href":"https:\/\/fieam.org.br\/sesi\/wp-json\/wp\/v2\/users\/9"}],"replies":[{"embeddable":true,"href":"https:\/\/fieam.org.br\/sesi\/wp-json\/wp\/v2\/comments?post=24253"}],"version-history":[{"count":4,"href":"https:\/\/fieam.org.br\/sesi\/wp-json\/wp\/v2\/posts\/24253\/revisions"}],"predecessor-version":[{"id":24267,"href":"https:\/\/fieam.org.br\/sesi\/wp-json\/wp\/v2\/posts\/24253\/revisions\/24267"}],"wp:featuredmedia":[{"embeddable":true,"href":"https:\/\/fieam.org.br\/sesi\/wp-json\/wp\/v2\/media\/24254"}],"wp:attachment":[{"href":"https:\/\/fieam.org.br\/sesi\/wp-json\/wp\/v2\/media?parent=24253"}],"wp:term":[{"taxonomy":"category","embeddable":true,"href":"https:\/\/fieam.org.br\/sesi\/wp-json\/wp\/v2\/categories?post=24253"},{"taxonomy":"post_tag","embeddable":true,"href":"https:\/\/fieam.org.br\/sesi\/wp-json\/wp\/v2\/tags?post=24253"}],"curies":[{"name":"wp","href":"https:\/\/api.w.org\/{rel}","templated":true}]}}