{"id":24247,"date":"2026-04-25T12:41:16","date_gmt":"2026-04-25T12:41:16","guid":{"rendered":"https:\/\/fieam.org.br\/sesi\/?p=24247"},"modified":"2026-04-25T12:41:16","modified_gmt":"2026-04-25T12:41:16","slug":"sesi-e-senai-amazonas-lancam-o-projeto-seja-pro","status":"publish","type":"post","link":"https:\/\/fieam.org.br\/sesi\/sesi-e-senai-amazonas-lancam-o-projeto-seja-pro\/","title":{"rendered":"SESI e SENAI Amazonas lan\u00e7am o projeto SEJA PRO+"},"content":{"rendered":"<p style=\"text-align: center\"><em>Novo programa integra EJA e cursos profissionalizantes para ampliar acesso ao mercado de trabalho<\/em><\/p>\n<p>O Servi\u00e7o Social da Ind\u00fastria (SESI Amazonas), Conselho Nacional do SESI e do Minist\u00e9rio do Trabalho e Emprego (MTE), em parceria com o Servi\u00e7o Nacional de Aprendizagem Industrial (SENAI Amazonas), lan\u00e7aram oficialmente na quinta-feira (23), o programa Seja Pro+ Trabalho e Emprego, que vai proporcionar mais de 900 vagas gratuitas em cursos que combinam educa\u00e7\u00e3o b\u00e1sica e forma\u00e7\u00e3o profissional, por meio da modalidade de Educa\u00e7\u00e3o de Jovens e Adultos (EJA). O evento ocorreu na sede da Federa\u00e7\u00e3o das Ind\u00fastrias do Estado do Amazonas (FIEAM), reunindo representantes da educa\u00e7\u00e3o, setor industrial e entidades parceiras.<\/p>\n<p>A superintendente do SESI-AM, Rosana Vasconcelos, destacou o car\u00e1ter estrat\u00e9gico da iniciativa diante de um cen\u00e1rio de escassez de m\u00e3o de obra qualificada no pa\u00eds. \u201cO Brasil tem sofrido com a falta de profissionais qualificados, e esse programa surge para fortalecer a educa\u00e7\u00e3o b\u00e1sica aliada \u00e0 forma\u00e7\u00e3o profissional, preparando jovens para o mercado de trabalho\u201d, afirmou. Segundo ela, a proposta integra uma pol\u00edtica nacional e prev\u00ea atender jovens entre 18 e 29 anos, permitindo a conclus\u00e3o dos estudos ao mesmo tempo em que se obt\u00e9m qualifica\u00e7\u00e3o t\u00e9cnica.<\/p>\n<p><img fetchpriority=\"high\" decoding=\"async\" class=\"aligncenter wp-image-24248\" src=\"https:\/\/fieam.org.br\/sesi\/wp-content\/uploads\/sites\/14\/2026\/04\/Superintendente-do-SESI-AM-Rosana-Vasconcelos-reforca-impacto-social-do-programa-150x150.jpg\" alt=\"\" width=\"500\" height=\"333\" srcset=\"https:\/\/fieam.org.br\/sesi\/wp-content\/uploads\/sites\/14\/2026\/04\/Superintendente-do-SESI-AM-Rosana-Vasconcelos-reforca-impacto-social-do-programa-300x200.jpg 300w, https:\/\/fieam.org.br\/sesi\/wp-content\/uploads\/sites\/14\/2026\/04\/Superintendente-do-SESI-AM-Rosana-Vasconcelos-reforca-impacto-social-do-programa-1024x682.jpg 1024w, https:\/\/fieam.org.br\/sesi\/wp-content\/uploads\/sites\/14\/2026\/04\/Superintendente-do-SESI-AM-Rosana-Vasconcelos-reforca-impacto-social-do-programa-768x512.jpg 768w, https:\/\/fieam.org.br\/sesi\/wp-content\/uploads\/sites\/14\/2026\/04\/Superintendente-do-SESI-AM-Rosana-Vasconcelos-reforca-impacto-social-do-programa-1536x1024.jpg 1536w, https:\/\/fieam.org.br\/sesi\/wp-content\/uploads\/sites\/14\/2026\/04\/Superintendente-do-SESI-AM-Rosana-Vasconcelos-reforca-impacto-social-do-programa.jpg 2000w\" sizes=\"(max-width: 500px) 100vw, 500px\" \/><\/p>\n<p>O modelo da EJA profissionalizante tamb\u00e9m contempla a\u00e7\u00f5es de empregabilidade, com apoio do<span style=\"color: #333333\"> Instituto Euvaldo Lodi <\/span>(IEL), visando facilitar a inser\u00e7\u00e3o ou recoloca\u00e7\u00e3o dos alunos no mercado de trabalho.<\/p>\n<p>Rosana tamb\u00e9m refor\u00e7ou o papel das parcerias institucionais para o sucesso do projeto. \u201cN\u00f3s, enquanto iniciativa privada, precisamos caminhar de m\u00e3os dadas com os entes p\u00fablicos. Esse \u00e9 um programa de continuidade, n\u00e3o de passagem, e depende da integra\u00e7\u00e3o entre todos os setores\u201d, disse.<\/p>\n<p>A gerente da EJA do SESI, Patr\u00edcia Bezerra, apresentou os primeiros resultados do programa, j\u00e1 em andamento desde o in\u00edcio do ano. Cerca de 200 alunos j\u00e1 participam das primeiras turmas, com cursos voltados a \u00e1reas como log\u00edstica e almoxarifado. \u201cO diferencial do projeto \u00e9 exatamente essa articula\u00e7\u00e3o entre a educa\u00e7\u00e3o b\u00e1sica e a profissionaliza\u00e7\u00e3o, al\u00e9m do suporte com bolsa perman\u00eancia para garantir que o aluno consiga concluir seus estudos\u201d, explicou.<\/p>\n<p>A gerente de EJA da Secretaria Municipal de Educa\u00e7\u00e3o (Semed), Alina Bind\u00e1, ressaltou a import\u00e2ncia da iniciativa diante dos desafios educacionais da capital amazonense. \u201cTemos mais de 150 mil pessoas em Manaus que n\u00e3o conclu\u00edram a educa\u00e7\u00e3o b\u00e1sica. Essa proposta, que une escolariza\u00e7\u00e3o e qualifica\u00e7\u00e3o profissional, vai ao encontro do perfil dos nossos estudantes e representa uma oportunidade concreta de mudan\u00e7a de vida\u201d, afirmou.<\/p>\n<p>Na mesma linha, o conselheiro do Conselho Estadual de Educa\u00e7\u00e3o e do F\u00f3rum Estadual de Educa\u00e7\u00e3o (FEAM), Nilton Carlos da Silva, destacou o car\u00e1ter social do programa. \u201cO Seja Pro+ garante n\u00e3o apenas educa\u00e7\u00e3o, mas cidadania. N\u00e3o podemos separar escolariza\u00e7\u00e3o de qualifica\u00e7\u00e3o profissional. Esse projeto atende pessoas em situa\u00e7\u00e3o de vulnerabilidade e assegura um direito fundamental que muitas vezes \u00e9 negligenciado\u201d, declarou.<\/p>\n<p>Do ponto de vista do setor produtivo, a iniciativa foi recebida com entusiasmo. A encarregada de Recursos Humanos da empresa Bertolini, Glenda Caroline Martins, enfatizou o impacto direto na empregabilidade. \u201cEsse projeto nos d\u00e1 mais tranquilidade em rela\u00e7\u00e3o ao futuro, porque ajuda a formar profissionais para \u00e1reas onde hoje h\u00e1 grande car\u00eancia. Ele melhora a vida das pessoas e fortalece o mercado de trabalho\u201d, disse.<\/p>\n<p>Empres\u00e1rios tamb\u00e9m apontaram a dificuldade hist\u00f3rica de encontrar trabalhadores com escolaridade e qualifica\u00e7\u00e3o adequadas. O secret\u00e1rio do Sindicato das Ind\u00fastrias de Panifica\u00e7\u00e3o e Confeitaria do Amazonas (Sindpam) e 1\u00ba tesoureiro da FIEAM, Jonas Neves destacou que muitos trabalhadores enfrentam barreiras para estudar devido \u00e0 rotina intensa. Nesse contexto, ele avaliou que incentivos como gratuidade e bolsas s\u00e3o fundamentais para ampliar o acesso e enfatizou a import\u00e2ncia da flexibilidade da forma\u00e7\u00e3o, com cursos semipresenciais que permitem ao aluno conciliar estudos e jornada profissional. A proposta pedag\u00f3gica inclui ainda a forma\u00e7\u00e3o integral dos participantes, com foco no desenvolvimento de compet\u00eancias pr\u00e1ticas e na autonomia cidad\u00e3.<\/p>\n<p>O programa Seja Pro+ Amazonas integra esfor\u00e7os do SESI e do SENAI para enfrentar simultaneamente dois desafios centrais do pa\u00eds: a baixa escolaridade e a falta de qualifica\u00e7\u00e3o profissional. Com modelo semipresencial e foco em empregabilidade, a iniciativa aposta na educa\u00e7\u00e3o como ferramenta de transforma\u00e7\u00e3o social e desenvolvimento econ\u00f4mico.<\/p>\n<p>O projeto \u00e9 estruturado a partir de uma ampla rede de coopera\u00e7\u00e3o institucional, que envolve \u00f3rg\u00e3os como Secretaria de Educa\u00e7\u00e3o (Semed), Secretaria Municipal do Trabalho, Empreendedorismo e Inova\u00e7\u00e3o (Semtepi), Secretaria da Mulher, Minist\u00e9rio P\u00fablico do Trabalho (MPT), Superintend\u00eancia Regional do Trabalho (SRT), Sistema Nacional de Emprego (Sine) estadual e municipal, al\u00e9m de sindicatos e entidades parceiras. A articula\u00e7\u00e3o conjunta busca transformar o programa em uma plataforma completa de cidadania, qualifica\u00e7\u00e3o e inclus\u00e3o produtiva.<\/p>\n<p>Rosana Vasconcelos refor\u00e7ou o compromisso com os resultados. \u201cDaqui at\u00e9 o fim do ano, queremos voltar a nos reunir com n\u00fameros mais consolidados e com a certeza de que estamos ampliando oportunidades e transformando realidades por meio da educa\u00e7\u00e3o\u201d, concluiu.<\/p>\n<p>O evento contou com a presen\u00e7a da superintendente do IEL, Andrea Guerra; do diretor regional do SENAI-AM, Rog\u00e9rio Pereira; do diretor t\u00e9cnico do SENAI-AM, Rafael Lobo; o gerente de Educa\u00e7\u00e3o Profissional do SENAI-AM, Jos\u00e9 Nabir; da gerente da Escola SESI David N\u00f3voa Alvarez, Viviane Barroso; da Gerente de Projetos e Programas Educacionais do SESI-AM, Ana Karina Holanda e do diretor executivo do Sine Manaus, Pedro Lima.<\/p>\n<p><img decoding=\"async\" class=\"aligncenter wp-image-24250\" src=\"https:\/\/fieam.org.br\/sesi\/wp-content\/uploads\/sites\/14\/2026\/04\/Presenca-ativa-reforca-relevancia-do-programa-para-o-Amazonas-150x150.jpg\" alt=\"\" width=\"500\" height=\"375\" srcset=\"https:\/\/fieam.org.br\/sesi\/wp-content\/uploads\/sites\/14\/2026\/04\/Presenca-ativa-reforca-relevancia-do-programa-para-o-Amazonas-300x225.jpg 300w, https:\/\/fieam.org.br\/sesi\/wp-content\/uploads\/sites\/14\/2026\/04\/Presenca-ativa-reforca-relevancia-do-programa-para-o-Amazonas-1024x768.jpg 1024w, https:\/\/fieam.org.br\/sesi\/wp-content\/uploads\/sites\/14\/2026\/04\/Presenca-ativa-reforca-relevancia-do-programa-para-o-Amazonas-768x576.jpg 768w, https:\/\/fieam.org.br\/sesi\/wp-content\/uploads\/sites\/14\/2026\/04\/Presenca-ativa-reforca-relevancia-do-programa-para-o-Amazonas-1536x1152.jpg 1536w, https:\/\/fieam.org.br\/sesi\/wp-content\/uploads\/sites\/14\/2026\/04\/Presenca-ativa-reforca-relevancia-do-programa-para-o-Amazonas.jpg 2000w\" sizes=\"(max-width: 500px) 100vw, 500px\" \/><\/p>\n<p>\ud83c\udf9e\ufe0f <span style=\"color: #000080\"><a style=\"color: #000080\" href=\"https:\/\/www.instagram.com\/reel\/DXhrvyXjtNi\/?igsh=MTdmZXB0em1ucW82eA%3D%3D\">Clique aqui<\/a> <\/span>para curtir o nosso reels.<\/p>\n","protected":false},"excerpt":{"rendered":"<p>Novo programa integra EJA e cursos profissionalizantes para ampliar acesso ao mercado de trabalho O Servi\u00e7o Social da Ind\u00fastria (SESI Amazonas), Conselho Nacional do SESI e do Minist\u00e9rio do Trabalho e Emprego (MTE), em parceria com o Servi\u00e7o Nacional de Aprendizagem Industrial (SENAI Amazonas), lan\u00e7aram oficialmente na quinta-feira (23), o programa Seja Pro+ Trabalho e [&hellip;]<\/p>\n","protected":false},"author":18,"featured_media":24249,"comment_status":"open","ping_status":"open","sticky":false,"template":"","format":"standard","meta":{"footnotes":""},"categories":[1],"tags":[],"class_list":["post-24247","post","type-post","status-publish","format-standard","has-post-thumbnail","hentry","category-geral"],"yoast_head":"<!-- This site is optimized with the Yoast SEO plugin v26.8 - https:\/\/yoast.com\/product\/yoast-seo-wordpress\/ -->\n<title>SESI e SENAI Amazonas lan\u00e7am o projeto SEJA PRO+ - SESI<\/title>\n<meta name=\"robots\" content=\"index, follow, max-snippet:-1, max-image-preview:large, max-video-preview:-1\" \/>\n<link rel=\"canonical\" href=\"https:\/\/fieam.org.br\/sesi\/sesi-e-senai-amazonas-lancam-o-projeto-seja-pro\/\" \/>\n<meta property=\"og:locale\" content=\"pt_BR\" \/>\n<meta property=\"og:type\" content=\"article\" \/>\n<meta property=\"og:title\" content=\"SESI e SENAI Amazonas lan\u00e7am o projeto SEJA PRO+ - SESI\" \/>\n<meta property=\"og:description\" content=\"Novo programa integra EJA e cursos profissionalizantes para ampliar acesso ao mercado de trabalho O Servi\u00e7o Social da Ind\u00fastria (SESI Amazonas), Conselho Nacional do SESI e do Minist\u00e9rio do Trabalho e Emprego (MTE), em parceria com o Servi\u00e7o Nacional de Aprendizagem Industrial (SENAI Amazonas), lan\u00e7aram oficialmente na quinta-feira (23), o programa Seja Pro+ Trabalho e [&hellip;]\" \/>\n<meta property=\"og:url\" content=\"https:\/\/fieam.org.br\/sesi\/sesi-e-senai-amazonas-lancam-o-projeto-seja-pro\/\" \/>\n<meta property=\"og:site_name\" content=\"SESI\" \/>\n<meta property=\"article:published_time\" content=\"2026-04-25T12:41:16+00:00\" \/>\n<meta property=\"og:image\" content=\"https:\/\/fieam.org.br\/sesi\/wp-content\/uploads\/sites\/14\/2026\/04\/Seja-Pro-e-apresentado-como-resposta-a-falta-de-mao-de-obra-qualificada.jpg\" \/>\n\t<meta property=\"og:image:width\" content=\"2000\" \/>\n\t<meta property=\"og:image:height\" content=\"1500\" \/>\n\t<meta property=\"og:image:type\" content=\"image\/jpeg\" \/>\n<meta name=\"author\" content=\"danielearaujo\" \/>\n<meta name=\"twitter:card\" content=\"summary_large_image\" \/>\n<meta name=\"twitter:label1\" content=\"Escrito por\" \/>\n\t<meta name=\"twitter:data1\" content=\"danielearaujo\" \/>\n\t<meta name=\"twitter:label2\" content=\"Est. tempo de leitura\" \/>\n\t<meta name=\"twitter:data2\" content=\"6 minutos\" \/>\n<script type=\"application\/ld+json\" class=\"yoast-schema-graph\">{\"@context\":\"https:\/\/schema.org\",\"@graph\":[{\"@type\":\"Article\",\"@id\":\"https:\/\/fieam.org.br\/sesi\/sesi-e-senai-amazonas-lancam-o-projeto-seja-pro\/#article\",\"isPartOf\":{\"@id\":\"https:\/\/fieam.org.br\/sesi\/sesi-e-senai-amazonas-lancam-o-projeto-seja-pro\/\"},\"author\":{\"name\":\"danielearaujo\",\"@id\":\"https:\/\/fieam.org.br\/sesi\/#\/schema\/person\/2da52793836d1930a7ba5eb194412a29\"},\"headline\":\"SESI e SENAI Amazonas lan\u00e7am o projeto SEJA PRO+\",\"datePublished\":\"2026-04-25T12:41:16+00:00\",\"mainEntityOfPage\":{\"@id\":\"https:\/\/fieam.org.br\/sesi\/sesi-e-senai-amazonas-lancam-o-projeto-seja-pro\/\"},\"wordCount\":969,\"commentCount\":0,\"publisher\":{\"@id\":\"https:\/\/fieam.org.br\/sesi\/#organization\"},\"image\":{\"@id\":\"https:\/\/fieam.org.br\/sesi\/sesi-e-senai-amazonas-lancam-o-projeto-seja-pro\/#primaryimage\"},\"thumbnailUrl\":\"https:\/\/fieam.org.br\/sesi\/wp-content\/uploads\/sites\/14\/2026\/04\/Seja-Pro-e-apresentado-como-resposta-a-falta-de-mao-de-obra-qualificada.jpg\",\"articleSection\":[\"Geral\"],\"inLanguage\":\"pt-BR\",\"potentialAction\":[{\"@type\":\"CommentAction\",\"name\":\"Comment\",\"target\":[\"https:\/\/fieam.org.br\/sesi\/sesi-e-senai-amazonas-lancam-o-projeto-seja-pro\/#respond\"]}]},{\"@type\":\"WebPage\",\"@id\":\"https:\/\/fieam.org.br\/sesi\/sesi-e-senai-amazonas-lancam-o-projeto-seja-pro\/\",\"url\":\"https:\/\/fieam.org.br\/sesi\/sesi-e-senai-amazonas-lancam-o-projeto-seja-pro\/\",\"name\":\"SESI e SENAI Amazonas lan\u00e7am o projeto SEJA PRO+ - SESI\",\"isPartOf\":{\"@id\":\"https:\/\/fieam.org.br\/sesi\/#website\"},\"primaryImageOfPage\":{\"@id\":\"https:\/\/fieam.org.br\/sesi\/sesi-e-senai-amazonas-lancam-o-projeto-seja-pro\/#primaryimage\"},\"image\":{\"@id\":\"https:\/\/fieam.org.br\/sesi\/sesi-e-senai-amazonas-lancam-o-projeto-seja-pro\/#primaryimage\"},\"thumbnailUrl\":\"https:\/\/fieam.org.br\/sesi\/wp-content\/uploads\/sites\/14\/2026\/04\/Seja-Pro-e-apresentado-como-resposta-a-falta-de-mao-de-obra-qualificada.jpg\",\"datePublished\":\"2026-04-25T12:41:16+00:00\",\"breadcrumb\":{\"@id\":\"https:\/\/fieam.org.br\/sesi\/sesi-e-senai-amazonas-lancam-o-projeto-seja-pro\/#breadcrumb\"},\"inLanguage\":\"pt-BR\",\"potentialAction\":[{\"@type\":\"ReadAction\",\"target\":[\"https:\/\/fieam.org.br\/sesi\/sesi-e-senai-amazonas-lancam-o-projeto-seja-pro\/\"]}]},{\"@type\":\"ImageObject\",\"inLanguage\":\"pt-BR\",\"@id\":\"https:\/\/fieam.org.br\/sesi\/sesi-e-senai-amazonas-lancam-o-projeto-seja-pro\/#primaryimage\",\"url\":\"https:\/\/fieam.org.br\/sesi\/wp-content\/uploads\/sites\/14\/2026\/04\/Seja-Pro-e-apresentado-como-resposta-a-falta-de-mao-de-obra-qualificada.jpg\",\"contentUrl\":\"https:\/\/fieam.org.br\/sesi\/wp-content\/uploads\/sites\/14\/2026\/04\/Seja-Pro-e-apresentado-como-resposta-a-falta-de-mao-de-obra-qualificada.jpg\",\"width\":2000,\"height\":1500},{\"@type\":\"BreadcrumbList\",\"@id\":\"https:\/\/fieam.org.br\/sesi\/sesi-e-senai-amazonas-lancam-o-projeto-seja-pro\/#breadcrumb\",\"itemListElement\":[{\"@type\":\"ListItem\",\"position\":1,\"name\":\"In\u00edcio\",\"item\":\"https:\/\/fieam.org.br\/sesi\/\"},{\"@type\":\"ListItem\",\"position\":2,\"name\":\"SESI e SENAI Amazonas lan\u00e7am o projeto SEJA PRO+\"}]},{\"@type\":\"WebSite\",\"@id\":\"https:\/\/fieam.org.br\/sesi\/#website\",\"url\":\"https:\/\/fieam.org.br\/sesi\/\",\"name\":\"SESI\",\"description\":\"Site Oficial!\",\"publisher\":{\"@id\":\"https:\/\/fieam.org.br\/sesi\/#organization\"},\"potentialAction\":[{\"@type\":\"SearchAction\",\"target\":{\"@type\":\"EntryPoint\",\"urlTemplate\":\"https:\/\/fieam.org.br\/sesi\/?s={search_term_string}\"},\"query-input\":{\"@type\":\"PropertyValueSpecification\",\"valueRequired\":true,\"valueName\":\"search_term_string\"}}],\"inLanguage\":\"pt-BR\"},{\"@type\":\"Organization\",\"@id\":\"https:\/\/fieam.org.br\/sesi\/#organization\",\"name\":\"SESI\",\"url\":\"https:\/\/fieam.org.br\/sesi\/\",\"logo\":{\"@type\":\"ImageObject\",\"inLanguage\":\"pt-BR\",\"@id\":\"https:\/\/fieam.org.br\/sesi\/#\/schema\/logo\/image\/\",\"url\":\"https:\/\/fieam.org.br\/sesi\/wp-content\/uploads\/sites\/14\/2024\/03\/cropped-fav.png\",\"contentUrl\":\"https:\/\/fieam.org.br\/sesi\/wp-content\/uploads\/sites\/14\/2024\/03\/cropped-fav.png\",\"width\":610,\"height\":589,\"caption\":\"SESI\"},\"image\":{\"@id\":\"https:\/\/fieam.org.br\/sesi\/#\/schema\/logo\/image\/\"}},{\"@type\":\"Person\",\"@id\":\"https:\/\/fieam.org.br\/sesi\/#\/schema\/person\/2da52793836d1930a7ba5eb194412a29\",\"name\":\"danielearaujo\",\"image\":{\"@type\":\"ImageObject\",\"inLanguage\":\"pt-BR\",\"@id\":\"https:\/\/fieam.org.br\/sesi\/#\/schema\/person\/image\/\",\"url\":\"https:\/\/secure.gravatar.com\/avatar\/3d05aa1b7ec7a61527da2f5640dbbb4d48b79db9fb5693b998f5966d1b316426?s=96&d=mm&r=g\",\"contentUrl\":\"https:\/\/secure.gravatar.com\/avatar\/3d05aa1b7ec7a61527da2f5640dbbb4d48b79db9fb5693b998f5966d1b316426?s=96&d=mm&r=g\",\"caption\":\"danielearaujo\"},\"url\":\"https:\/\/fieam.org.br\/sesi\/author\/danielearaujo\/\"}]}<\/script>\n<!-- \/ Yoast SEO plugin. -->","yoast_head_json":{"title":"SESI e SENAI Amazonas lan\u00e7am o projeto SEJA PRO+ - SESI","robots":{"index":"index","follow":"follow","max-snippet":"max-snippet:-1","max-image-preview":"max-image-preview:large","max-video-preview":"max-video-preview:-1"},"canonical":"https:\/\/fieam.org.br\/sesi\/sesi-e-senai-amazonas-lancam-o-projeto-seja-pro\/","og_locale":"pt_BR","og_type":"article","og_title":"SESI e SENAI Amazonas lan\u00e7am o projeto SEJA PRO+ - SESI","og_description":"Novo programa integra EJA e cursos profissionalizantes para ampliar acesso ao mercado de trabalho O Servi\u00e7o Social da Ind\u00fastria (SESI Amazonas), Conselho Nacional do SESI e do Minist\u00e9rio do Trabalho e Emprego (MTE), em parceria com o Servi\u00e7o Nacional de Aprendizagem Industrial (SENAI Amazonas), lan\u00e7aram oficialmente na quinta-feira (23), o programa Seja Pro+ Trabalho e [&hellip;]","og_url":"https:\/\/fieam.org.br\/sesi\/sesi-e-senai-amazonas-lancam-o-projeto-seja-pro\/","og_site_name":"SESI","article_published_time":"2026-04-25T12:41:16+00:00","og_image":[{"width":2000,"height":1500,"url":"https:\/\/fieam.org.br\/sesi\/wp-content\/uploads\/sites\/14\/2026\/04\/Seja-Pro-e-apresentado-como-resposta-a-falta-de-mao-de-obra-qualificada.jpg","type":"image\/jpeg"}],"author":"danielearaujo","twitter_card":"summary_large_image","twitter_misc":{"Escrito por":"danielearaujo","Est. tempo de leitura":"6 minutos"},"schema":{"@context":"https:\/\/schema.org","@graph":[{"@type":"Article","@id":"https:\/\/fieam.org.br\/sesi\/sesi-e-senai-amazonas-lancam-o-projeto-seja-pro\/#article","isPartOf":{"@id":"https:\/\/fieam.org.br\/sesi\/sesi-e-senai-amazonas-lancam-o-projeto-seja-pro\/"},"author":{"name":"danielearaujo","@id":"https:\/\/fieam.org.br\/sesi\/#\/schema\/person\/2da52793836d1930a7ba5eb194412a29"},"headline":"SESI e SENAI Amazonas lan\u00e7am o projeto SEJA PRO+","datePublished":"2026-04-25T12:41:16+00:00","mainEntityOfPage":{"@id":"https:\/\/fieam.org.br\/sesi\/sesi-e-senai-amazonas-lancam-o-projeto-seja-pro\/"},"wordCount":969,"commentCount":0,"publisher":{"@id":"https:\/\/fieam.org.br\/sesi\/#organization"},"image":{"@id":"https:\/\/fieam.org.br\/sesi\/sesi-e-senai-amazonas-lancam-o-projeto-seja-pro\/#primaryimage"},"thumbnailUrl":"https:\/\/fieam.org.br\/sesi\/wp-content\/uploads\/sites\/14\/2026\/04\/Seja-Pro-e-apresentado-como-resposta-a-falta-de-mao-de-obra-qualificada.jpg","articleSection":["Geral"],"inLanguage":"pt-BR","potentialAction":[{"@type":"CommentAction","name":"Comment","target":["https:\/\/fieam.org.br\/sesi\/sesi-e-senai-amazonas-lancam-o-projeto-seja-pro\/#respond"]}]},{"@type":"WebPage","@id":"https:\/\/fieam.org.br\/sesi\/sesi-e-senai-amazonas-lancam-o-projeto-seja-pro\/","url":"https:\/\/fieam.org.br\/sesi\/sesi-e-senai-amazonas-lancam-o-projeto-seja-pro\/","name":"SESI e SENAI Amazonas lan\u00e7am o projeto SEJA PRO+ - SESI","isPartOf":{"@id":"https:\/\/fieam.org.br\/sesi\/#website"},"primaryImageOfPage":{"@id":"https:\/\/fieam.org.br\/sesi\/sesi-e-senai-amazonas-lancam-o-projeto-seja-pro\/#primaryimage"},"image":{"@id":"https:\/\/fieam.org.br\/sesi\/sesi-e-senai-amazonas-lancam-o-projeto-seja-pro\/#primaryimage"},"thumbnailUrl":"https:\/\/fieam.org.br\/sesi\/wp-content\/uploads\/sites\/14\/2026\/04\/Seja-Pro-e-apresentado-como-resposta-a-falta-de-mao-de-obra-qualificada.jpg","datePublished":"2026-04-25T12:41:16+00:00","breadcrumb":{"@id":"https:\/\/fieam.org.br\/sesi\/sesi-e-senai-amazonas-lancam-o-projeto-seja-pro\/#breadcrumb"},"inLanguage":"pt-BR","potentialAction":[{"@type":"ReadAction","target":["https:\/\/fieam.org.br\/sesi\/sesi-e-senai-amazonas-lancam-o-projeto-seja-pro\/"]}]},{"@type":"ImageObject","inLanguage":"pt-BR","@id":"https:\/\/fieam.org.br\/sesi\/sesi-e-senai-amazonas-lancam-o-projeto-seja-pro\/#primaryimage","url":"https:\/\/fieam.org.br\/sesi\/wp-content\/uploads\/sites\/14\/2026\/04\/Seja-Pro-e-apresentado-como-resposta-a-falta-de-mao-de-obra-qualificada.jpg","contentUrl":"https:\/\/fieam.org.br\/sesi\/wp-content\/uploads\/sites\/14\/2026\/04\/Seja-Pro-e-apresentado-como-resposta-a-falta-de-mao-de-obra-qualificada.jpg","width":2000,"height":1500},{"@type":"BreadcrumbList","@id":"https:\/\/fieam.org.br\/sesi\/sesi-e-senai-amazonas-lancam-o-projeto-seja-pro\/#breadcrumb","itemListElement":[{"@type":"ListItem","position":1,"name":"In\u00edcio","item":"https:\/\/fieam.org.br\/sesi\/"},{"@type":"ListItem","position":2,"name":"SESI e SENAI Amazonas lan\u00e7am o projeto SEJA PRO+"}]},{"@type":"WebSite","@id":"https:\/\/fieam.org.br\/sesi\/#website","url":"https:\/\/fieam.org.br\/sesi\/","name":"SESI","description":"Site Oficial!","publisher":{"@id":"https:\/\/fieam.org.br\/sesi\/#organization"},"potentialAction":[{"@type":"SearchAction","target":{"@type":"EntryPoint","urlTemplate":"https:\/\/fieam.org.br\/sesi\/?s={search_term_string}"},"query-input":{"@type":"PropertyValueSpecification","valueRequired":true,"valueName":"search_term_string"}}],"inLanguage":"pt-BR"},{"@type":"Organization","@id":"https:\/\/fieam.org.br\/sesi\/#organization","name":"SESI","url":"https:\/\/fieam.org.br\/sesi\/","logo":{"@type":"ImageObject","inLanguage":"pt-BR","@id":"https:\/\/fieam.org.br\/sesi\/#\/schema\/logo\/image\/","url":"https:\/\/fieam.org.br\/sesi\/wp-content\/uploads\/sites\/14\/2024\/03\/cropped-fav.png","contentUrl":"https:\/\/fieam.org.br\/sesi\/wp-content\/uploads\/sites\/14\/2024\/03\/cropped-fav.png","width":610,"height":589,"caption":"SESI"},"image":{"@id":"https:\/\/fieam.org.br\/sesi\/#\/schema\/logo\/image\/"}},{"@type":"Person","@id":"https:\/\/fieam.org.br\/sesi\/#\/schema\/person\/2da52793836d1930a7ba5eb194412a29","name":"danielearaujo","image":{"@type":"ImageObject","inLanguage":"pt-BR","@id":"https:\/\/fieam.org.br\/sesi\/#\/schema\/person\/image\/","url":"https:\/\/secure.gravatar.com\/avatar\/3d05aa1b7ec7a61527da2f5640dbbb4d48b79db9fb5693b998f5966d1b316426?s=96&d=mm&r=g","contentUrl":"https:\/\/secure.gravatar.com\/avatar\/3d05aa1b7ec7a61527da2f5640dbbb4d48b79db9fb5693b998f5966d1b316426?s=96&d=mm&r=g","caption":"danielearaujo"},"url":"https:\/\/fieam.org.br\/sesi\/author\/danielearaujo\/"}]}},"_links":{"self":[{"href":"https:\/\/fieam.org.br\/sesi\/wp-json\/wp\/v2\/posts\/24247","targetHints":{"allow":["GET"]}}],"collection":[{"href":"https:\/\/fieam.org.br\/sesi\/wp-json\/wp\/v2\/posts"}],"about":[{"href":"https:\/\/fieam.org.br\/sesi\/wp-json\/wp\/v2\/types\/post"}],"author":[{"embeddable":true,"href":"https:\/\/fieam.org.br\/sesi\/wp-json\/wp\/v2\/users\/18"}],"replies":[{"embeddable":true,"href":"https:\/\/fieam.org.br\/sesi\/wp-json\/wp\/v2\/comments?post=24247"}],"version-history":[{"count":2,"href":"https:\/\/fieam.org.br\/sesi\/wp-json\/wp\/v2\/posts\/24247\/revisions"}],"predecessor-version":[{"id":24252,"href":"https:\/\/fieam.org.br\/sesi\/wp-json\/wp\/v2\/posts\/24247\/revisions\/24252"}],"wp:featuredmedia":[{"embeddable":true,"href":"https:\/\/fieam.org.br\/sesi\/wp-json\/wp\/v2\/media\/24249"}],"wp:attachment":[{"href":"https:\/\/fieam.org.br\/sesi\/wp-json\/wp\/v2\/media?parent=24247"}],"wp:term":[{"taxonomy":"category","embeddable":true,"href":"https:\/\/fieam.org.br\/sesi\/wp-json\/wp\/v2\/categories?post=24247"},{"taxonomy":"post_tag","embeddable":true,"href":"https:\/\/fieam.org.br\/sesi\/wp-json\/wp\/v2\/tags?post=24247"}],"curies":[{"name":"wp","href":"https:\/\/api.w.org\/{rel}","templated":true}]}}