{"id":24210,"date":"2026-03-09T22:01:28","date_gmt":"2026-03-09T22:01:28","guid":{"rendered":"https:\/\/fieam.org.br\/sesi\/?p=24210"},"modified":"2026-03-09T22:01:28","modified_gmt":"2026-03-09T22:01:28","slug":"alunos-do-amazonas-aprovam-experiencia-em-robotica","status":"publish","type":"post","link":"https:\/\/fieam.org.br\/sesi\/alunos-do-amazonas-aprovam-experiencia-em-robotica\/","title":{"rendered":"Alunos do Amazonas aprovam experi\u00eancia em rob\u00f3tica"},"content":{"rendered":"<p>Trabalho em equipe e aprendizado marcam participa\u00e7\u00e3o dos estudantes no Festival SESI de Educa\u00e7\u00e3o 2026<\/p>\n<p>&nbsp;<\/p>\n<p>Entre desafios t\u00e9cnicos, noites de prepara\u00e7\u00e3o e coopera\u00e7\u00e3o entre equipes, estudantes do Amazonas aprovaram a experi\u00eancia no Festival SESI de Educa\u00e7\u00e3o 2026 nos dias 4 a 8 na Bienal do Parque Ibirapuera, em S\u00e3o Paulo. Como frutos das provas, os participantes citam o esp\u00edrito de supera\u00e7\u00e3o, o trabalho em equipe e os aprendizados que a rob\u00f3tica proporciona dentro e fora da sala de aula.<\/p>\n<p>O evento reuniu centenas de estudantes de todo o Brasil em quatro modalidades de tecnologia e engenharia: FIRST\u00ae LEGO\u00ae League (FLL), FIRST\u00ae Tech Challenge (FTC), FIRST\u00ae Robotics Competition (FRC) e F1 in Schools \u2013 STEM Racing. No Amazonas, a rob\u00f3tica faz parte da forma\u00e7\u00e3o dos alunos do SESI, integrada \u00e0 grade curricular, ampliando o acesso \u00e0 educa\u00e7\u00e3o tecnol\u00f3gica desde cedo.<\/p>\n<p>Lucas Costa dos Santos, de 16 anos, comp\u00f4s a equipe Prodixy, da Escola SESI de Refer\u00eancia Dra. Emina B. Mustafa, na modalidade FRC, ap\u00f3s quatro anos de espera. \u201cDesde quando eu participava da FLL eu sonhava muito com isso. Se eu pudesse resumir a experi\u00eancia em uma palavra, seria: inesquec\u00edvel\u201d, afirmou.<\/p>\n<p>De acordo com o aluno, o torneio \u00e9 uma oportunidade de trocar experi\u00eancias com equipes de outras regi\u00f5es e mostrar o potencial da rob\u00f3tica desenvolvida no Norte do pa\u00eds. \u201cUma das nossas miss\u00f5es \u00e9 fazer as equipes conhecerem a Prodixy, de Manaus, de longe, que passa dificuldades e mesmo assim n\u00e3o desiste\u201d, disse.<\/p>\n<p><strong>Desafios e supera\u00e7\u00e3o na arena<\/strong><\/p>\n<p><img fetchpriority=\"high\" decoding=\"async\" class=\" wp-image-24216 aligncenter\" src=\"https:\/\/fieam.org.br\/sesi\/wp-content\/uploads\/sites\/14\/2026\/03\/Equipe-Prodixy-faz-10-anos-de-atuacao-na-Robotica-300x200.jpg\" alt=\"\" width=\"539\" height=\"359\" srcset=\"https:\/\/fieam.org.br\/sesi\/wp-content\/uploads\/sites\/14\/2026\/03\/Equipe-Prodixy-faz-10-anos-de-atuacao-na-Robotica-300x200.jpg 300w, https:\/\/fieam.org.br\/sesi\/wp-content\/uploads\/sites\/14\/2026\/03\/Equipe-Prodixy-faz-10-anos-de-atuacao-na-Robotica-1024x683.jpg 1024w, https:\/\/fieam.org.br\/sesi\/wp-content\/uploads\/sites\/14\/2026\/03\/Equipe-Prodixy-faz-10-anos-de-atuacao-na-Robotica-768x512.jpg 768w, https:\/\/fieam.org.br\/sesi\/wp-content\/uploads\/sites\/14\/2026\/03\/Equipe-Prodixy-faz-10-anos-de-atuacao-na-Robotica-1536x1024.jpg 1536w, https:\/\/fieam.org.br\/sesi\/wp-content\/uploads\/sites\/14\/2026\/03\/Equipe-Prodixy-faz-10-anos-de-atuacao-na-Robotica-2048x1366.jpg 2048w\" sizes=\"(max-width: 539px) 100vw, 539px\" \/><\/p>\n<p>A temporada foi marcada por desafios t\u00e9cnicos para os amazonenses. A equipe Prodixy enfrentou um dos momentos mais cr\u00edticos pouco antes das partidas iniciais da FRC, quando o rob\u00f4 foi verificado com tamanho fora do padr\u00e3o. A solu\u00e7\u00e3o exigiu mudan\u00e7as imediatas e radicais: cortar estruturas met\u00e1licas, reduzir partes de madeira do suporte e at\u00e9 retirar componentes importantes, como as c\u00e2meras sensoriais que auxiliavam nas miss\u00f5es do rob\u00f4.<\/p>\n<p>Mesmo com os ajustes de \u00faltima hora, os estudantes decidiram seguir na competi\u00e7\u00e3o. O aluno Rainer Melo de Andrade, de 17 anos, explicou que a equipe remontou o rob\u00f4 v\u00e1rias vezes no torneio. \u201cDas nove partidas, acho que remontamos o rob\u00f4 cinco vezes, mas conseguimos superar todos esses desafios\u201d, relatou. \u201cO maior aprendizado foi trabalhar em equipe. A gente se tornou mais unido e conseguiu fazer muito mais coisas juntos\u201d, destacou.<\/p>\n<p><strong>Pr\u00eamio para o esp\u00edrito colaborativo<\/strong><\/p>\n<p><img decoding=\"async\" class=\"wp-image-24212 aligncenter\" src=\"https:\/\/fieam.org.br\/sesi\/wp-content\/uploads\/sites\/14\/2026\/03\/Liga-da-Ovomaltine-da-escola-1o-CMPM-300x200.jpg\" alt=\"\" width=\"596\" height=\"397\" srcset=\"https:\/\/fieam.org.br\/sesi\/wp-content\/uploads\/sites\/14\/2026\/03\/Liga-da-Ovomaltine-da-escola-1o-CMPM-300x200.jpg 300w, https:\/\/fieam.org.br\/sesi\/wp-content\/uploads\/sites\/14\/2026\/03\/Liga-da-Ovomaltine-da-escola-1o-CMPM-1024x682.jpg 1024w, https:\/\/fieam.org.br\/sesi\/wp-content\/uploads\/sites\/14\/2026\/03\/Liga-da-Ovomaltine-da-escola-1o-CMPM-768x512.jpg 768w, https:\/\/fieam.org.br\/sesi\/wp-content\/uploads\/sites\/14\/2026\/03\/Liga-da-Ovomaltine-da-escola-1o-CMPM-1536x1024.jpg 1536w, https:\/\/fieam.org.br\/sesi\/wp-content\/uploads\/sites\/14\/2026\/03\/Liga-da-Ovomaltine-da-escola-1o-CMPM.jpg 2000w\" sizes=\"(max-width: 596px) 100vw, 596px\" \/><\/p>\n<p>A equipe apadrinhada pelo SESI Amazonas, a Liga do Ovomaltine, do 1\u00ba Col\u00e9gio da Pol\u00edcia Militar de Manaus (1\u00ba CMPM), recebeu o Pr\u00eamio Parceria (Partnership Award), na modalidade FLL, concedido a equipes que demonstram coopera\u00e7\u00e3o e apoio entre os competidores.<\/p>\n<p>Durante o evento, os integrantes ajudaram outras equipes em momentos cr\u00edticos, inclusive emprestando pe\u00e7as quando um rob\u00f4 apresentou falhas. \u201cUma das coisas mais gratificantes foi quando est\u00e1vamos torcendo por outra equipe e o motor dela parou. A rea\u00e7\u00e3o de todo mundo foi correr para pegar outro para ajudar. Isso mostra como a rob\u00f3tica nos muda como pessoas\u201d, afirmou o t\u00e9cnico Ismael Freire, ao comentar o significado do pr\u00eamio.<\/p>\n<p><strong>Rob\u00f3tica muda vidas<\/strong><\/p>\n<p><img decoding=\"async\" class=\" wp-image-24215 aligncenter\" src=\"https:\/\/fieam.org.br\/sesi\/wp-content\/uploads\/sites\/14\/2026\/03\/Igor-deixara-um-grande-desafio-para-os-proximos-competidores-300x195.jpg\" alt=\"\" width=\"580\" height=\"377\" srcset=\"https:\/\/fieam.org.br\/sesi\/wp-content\/uploads\/sites\/14\/2026\/03\/Igor-deixara-um-grande-desafio-para-os-proximos-competidores-300x195.jpg 300w, https:\/\/fieam.org.br\/sesi\/wp-content\/uploads\/sites\/14\/2026\/03\/Igor-deixara-um-grande-desafio-para-os-proximos-competidores-1024x667.jpg 1024w, https:\/\/fieam.org.br\/sesi\/wp-content\/uploads\/sites\/14\/2026\/03\/Igor-deixara-um-grande-desafio-para-os-proximos-competidores-768x500.jpg 768w, https:\/\/fieam.org.br\/sesi\/wp-content\/uploads\/sites\/14\/2026\/03\/Igor-deixara-um-grande-desafio-para-os-proximos-competidores-1536x1000.jpg 1536w, https:\/\/fieam.org.br\/sesi\/wp-content\/uploads\/sites\/14\/2026\/03\/Igor-deixara-um-grande-desafio-para-os-proximos-competidores-2048x1334.jpg 2048w\" sizes=\"(max-width: 580px) 100vw, 580px\" \/><\/p>\n<p>O impacto da rob\u00f3tica na forma\u00e7\u00e3o dos estudantes tamb\u00e9m ficou evidente nas hist\u00f3rias compartilhadas no festival, a exemplo do aluno da Escola SESI de Refer\u00eancia Dra. Emina B. Mustafa, Igor Jos\u00e9, da equipe Apoema na modalidade STEM Racing. Competidor pelo 6\u00ba ano consecutivo, encerra um ciclo no ensino m\u00e9dio, mas pretende levar o aprendizado para a vida.<\/p>\n<p>\u201cO foco e o esfor\u00e7o s\u00e3o o que mant\u00eam a equipe organizada e fazem o trabalho acontecer. Aprendi a me comunicar em p\u00fablico, a ter responsabilidade e a me organizar melhor\u201d, disse. \u201cA rob\u00f3tica abriu muitas portas para mim. Depois dessas experi\u00eancias, quero cursar engenharia mec\u00e2nica\u201d, anunciou.<\/p>\n<p><strong>Reconhecimento individual<\/strong><\/p>\n<p><img loading=\"lazy\" decoding=\"async\" class=\" wp-image-24218 aligncenter\" src=\"https:\/\/fieam.org.br\/sesi\/wp-content\/uploads\/sites\/14\/2026\/03\/Guilherme-Albuquerque-da-equipe-de-FRC-Prodixy-Copia-300x244.jpeg\" alt=\"\" width=\"497\" height=\"404\" srcset=\"https:\/\/fieam.org.br\/sesi\/wp-content\/uploads\/sites\/14\/2026\/03\/Guilherme-Albuquerque-da-equipe-de-FRC-Prodixy-Copia-300x244.jpeg 300w, https:\/\/fieam.org.br\/sesi\/wp-content\/uploads\/sites\/14\/2026\/03\/Guilherme-Albuquerque-da-equipe-de-FRC-Prodixy-Copia-1024x833.jpeg 1024w, https:\/\/fieam.org.br\/sesi\/wp-content\/uploads\/sites\/14\/2026\/03\/Guilherme-Albuquerque-da-equipe-de-FRC-Prodixy-Copia-768x625.jpeg 768w, https:\/\/fieam.org.br\/sesi\/wp-content\/uploads\/sites\/14\/2026\/03\/Guilherme-Albuquerque-da-equipe-de-FRC-Prodixy-Copia.jpeg 1200w\" sizes=\"(max-width: 497px) 100vw, 497px\" \/><\/p>\n<p>O SESI Amazonas garantiu reconhecimentos individuais. O aluno Guilherme Albuquerque, 17 anos, da equipe Prodixy, da modalidade FRC, recebeu o bot\u00e3o Safety All Star, concedido a participantes que promovem boas pr\u00e1ticas de seguran\u00e7a durante as atividades. \u201cSempre lembro o pessoal de usar os equipamentos de prote\u00e7\u00e3o. Seguran\u00e7a \u00e9 muito importante, tanto na rob\u00f3tica quanto dentro de uma empresa\u201d, afirmou Albuquerque.<\/p>\n<p>A estudante Alicia Beckman tamb\u00e9m fez jus ao botton \u201cYou Inspire Me\u201d, entregue a participantes que inspiram colegas durante a competi\u00e7\u00e3o.<\/p>\n<p><strong>Da sala de aula para mentoria<\/strong><\/p>\n<p><img loading=\"lazy\" decoding=\"async\" class=\" wp-image-24217 aligncenter\" src=\"https:\/\/fieam.org.br\/sesi\/wp-content\/uploads\/sites\/14\/2026\/03\/Erick-Nava-ao-centro-hoje-com-20-anos-e-tecnico-da-equipe-Prodixy-300x200.jpg\" alt=\"\" width=\"600\" height=\"400\" srcset=\"https:\/\/fieam.org.br\/sesi\/wp-content\/uploads\/sites\/14\/2026\/03\/Erick-Nava-ao-centro-hoje-com-20-anos-e-tecnico-da-equipe-Prodixy-300x200.jpg 300w, https:\/\/fieam.org.br\/sesi\/wp-content\/uploads\/sites\/14\/2026\/03\/Erick-Nava-ao-centro-hoje-com-20-anos-e-tecnico-da-equipe-Prodixy-1024x683.jpg 1024w, https:\/\/fieam.org.br\/sesi\/wp-content\/uploads\/sites\/14\/2026\/03\/Erick-Nava-ao-centro-hoje-com-20-anos-e-tecnico-da-equipe-Prodixy-768x512.jpg 768w, https:\/\/fieam.org.br\/sesi\/wp-content\/uploads\/sites\/14\/2026\/03\/Erick-Nava-ao-centro-hoje-com-20-anos-e-tecnico-da-equipe-Prodixy-1536x1024.jpg 1536w, https:\/\/fieam.org.br\/sesi\/wp-content\/uploads\/sites\/14\/2026\/03\/Erick-Nava-ao-centro-hoje-com-20-anos-e-tecnico-da-equipe-Prodixy-2048x1365.jpg 2048w\" sizes=\"(max-width: 600px) 100vw, 600px\" \/><\/p>\n<p>Erick Nava, atualmente t\u00e9cnico da equipe Prodixy, \u00e9 ex-aluno do SESI. Come\u00e7ou na rob\u00f3tica em 2016 e participou das principais categorias da FIRST antes de retornar \u00e0 escola como educador.<\/p>\n<p>\u201cPassei pela FLL, pela FTC e FRC. Depois de me formar, voltar como t\u00e9cnico \u00e9 uma experi\u00eancia em que posso ajudar os alunos a viver tudo isso tamb\u00e9m\u201d, afirmou. \u201cS\u00e3o muitos desafios. A gente quer continuar fortalecendo a rob\u00f3tica no estado e voltar ainda mais forte nas pr\u00f3ximas temporadas\u201d.<\/p>\n<p><strong>Legado al\u00e9m competi\u00e7\u00e3o<\/strong><\/p>\n<p>Para a gestora da Escola SESI Dra. Emina Barbosa Mustafa, Ana Karina, o principal legado da experi\u00eancia, que se encerrou no domingo (8), est\u00e1 na forma\u00e7\u00e3o humana dos participantes. \u201cCada um que veio para esse torneio sai daqui diferente\u201d, apontou. Para ela, a iniciativa refor\u00e7ou que, na arena da rob\u00f3tica, inova\u00e7\u00e3o e conhecimento caminham lado a lado com valores como coopera\u00e7\u00e3o, resili\u00eancia e trabalho em equipe \u2014 aprendizados que os estudantes levar\u00e3o para toda a vida.<\/p>\n","protected":false},"excerpt":{"rendered":"<p>Trabalho em equipe e aprendizado marcam participa\u00e7\u00e3o dos estudantes no Festival SESI de Educa\u00e7\u00e3o 2026 &nbsp; Entre desafios t\u00e9cnicos, noites de prepara\u00e7\u00e3o e coopera\u00e7\u00e3o entre equipes, estudantes do Amazonas aprovaram a experi\u00eancia no Festival SESI de Educa\u00e7\u00e3o 2026 nos dias 4 a 8 na Bienal do Parque Ibirapuera, em S\u00e3o Paulo. Como frutos das provas, [&hellip;]<\/p>\n","protected":false},"author":9,"featured_media":24219,"comment_status":"open","ping_status":"open","sticky":false,"template":"","format":"standard","meta":{"footnotes":""},"categories":[1],"tags":[],"class_list":["post-24210","post","type-post","status-publish","format-standard","has-post-thumbnail","hentry","category-geral"],"yoast_head":"<!-- This site is optimized with the Yoast SEO plugin v26.8 - https:\/\/yoast.com\/product\/yoast-seo-wordpress\/ -->\n<title>Alunos do Amazonas aprovam experi\u00eancia em rob\u00f3tica - SESI<\/title>\n<meta name=\"robots\" content=\"index, follow, max-snippet:-1, max-image-preview:large, max-video-preview:-1\" \/>\n<link rel=\"canonical\" href=\"https:\/\/fieam.org.br\/sesi\/alunos-do-amazonas-aprovam-experiencia-em-robotica\/\" \/>\n<meta property=\"og:locale\" content=\"pt_BR\" \/>\n<meta property=\"og:type\" content=\"article\" \/>\n<meta property=\"og:title\" content=\"Alunos do Amazonas aprovam experi\u00eancia em rob\u00f3tica - SESI\" \/>\n<meta property=\"og:description\" content=\"Trabalho em equipe e aprendizado marcam participa\u00e7\u00e3o dos estudantes no Festival SESI de Educa\u00e7\u00e3o 2026 &nbsp; Entre desafios t\u00e9cnicos, noites de prepara\u00e7\u00e3o e coopera\u00e7\u00e3o entre equipes, estudantes do Amazonas aprovaram a experi\u00eancia no Festival SESI de Educa\u00e7\u00e3o 2026 nos dias 4 a 8 na Bienal do Parque Ibirapuera, em S\u00e3o Paulo. Como frutos das provas, [&hellip;]\" \/>\n<meta property=\"og:url\" content=\"https:\/\/fieam.org.br\/sesi\/alunos-do-amazonas-aprovam-experiencia-em-robotica\/\" \/>\n<meta property=\"og:site_name\" content=\"SESI\" \/>\n<meta property=\"article:published_time\" content=\"2026-03-09T22:01:28+00:00\" \/>\n<meta property=\"og:image\" content=\"https:\/\/fieam.org.br\/sesi\/wp-content\/uploads\/sites\/14\/2026\/03\/IMG_1462.jpg\" \/>\n\t<meta property=\"og:image:width\" content=\"2400\" \/>\n\t<meta property=\"og:image:height\" content=\"1600\" \/>\n\t<meta property=\"og:image:type\" content=\"image\/jpeg\" \/>\n<meta name=\"author\" content=\"cris\" \/>\n<meta name=\"twitter:card\" content=\"summary_large_image\" \/>\n<meta name=\"twitter:creator\" content=\"@tour-virtual@fieam.org.br\" \/>\n<meta name=\"twitter:label1\" content=\"Escrito por\" \/>\n\t<meta name=\"twitter:data1\" content=\"cris\" \/>\n\t<meta name=\"twitter:label2\" content=\"Est. tempo de leitura\" \/>\n\t<meta name=\"twitter:data2\" content=\"6 minutos\" \/>\n<script type=\"application\/ld+json\" class=\"yoast-schema-graph\">{\"@context\":\"https:\/\/schema.org\",\"@graph\":[{\"@type\":\"Article\",\"@id\":\"https:\/\/fieam.org.br\/sesi\/alunos-do-amazonas-aprovam-experiencia-em-robotica\/#article\",\"isPartOf\":{\"@id\":\"https:\/\/fieam.org.br\/sesi\/alunos-do-amazonas-aprovam-experiencia-em-robotica\/\"},\"author\":{\"name\":\"cris\",\"@id\":\"https:\/\/fieam.org.br\/sesi\/#\/schema\/person\/ff86678b986855fb9f8d2e599eab31ae\"},\"headline\":\"Alunos do Amazonas aprovam experi\u00eancia em rob\u00f3tica\",\"datePublished\":\"2026-03-09T22:01:28+00:00\",\"mainEntityOfPage\":{\"@id\":\"https:\/\/fieam.org.br\/sesi\/alunos-do-amazonas-aprovam-experiencia-em-robotica\/\"},\"wordCount\":932,\"commentCount\":0,\"publisher\":{\"@id\":\"https:\/\/fieam.org.br\/sesi\/#organization\"},\"image\":{\"@id\":\"https:\/\/fieam.org.br\/sesi\/alunos-do-amazonas-aprovam-experiencia-em-robotica\/#primaryimage\"},\"thumbnailUrl\":\"https:\/\/fieam.org.br\/sesi\/wp-content\/uploads\/sites\/14\/2026\/03\/IMG_1462.jpg\",\"articleSection\":[\"Geral\"],\"inLanguage\":\"pt-BR\",\"potentialAction\":[{\"@type\":\"CommentAction\",\"name\":\"Comment\",\"target\":[\"https:\/\/fieam.org.br\/sesi\/alunos-do-amazonas-aprovam-experiencia-em-robotica\/#respond\"]}]},{\"@type\":\"WebPage\",\"@id\":\"https:\/\/fieam.org.br\/sesi\/alunos-do-amazonas-aprovam-experiencia-em-robotica\/\",\"url\":\"https:\/\/fieam.org.br\/sesi\/alunos-do-amazonas-aprovam-experiencia-em-robotica\/\",\"name\":\"Alunos do Amazonas aprovam experi\u00eancia em rob\u00f3tica - SESI\",\"isPartOf\":{\"@id\":\"https:\/\/fieam.org.br\/sesi\/#website\"},\"primaryImageOfPage\":{\"@id\":\"https:\/\/fieam.org.br\/sesi\/alunos-do-amazonas-aprovam-experiencia-em-robotica\/#primaryimage\"},\"image\":{\"@id\":\"https:\/\/fieam.org.br\/sesi\/alunos-do-amazonas-aprovam-experiencia-em-robotica\/#primaryimage\"},\"thumbnailUrl\":\"https:\/\/fieam.org.br\/sesi\/wp-content\/uploads\/sites\/14\/2026\/03\/IMG_1462.jpg\",\"datePublished\":\"2026-03-09T22:01:28+00:00\",\"breadcrumb\":{\"@id\":\"https:\/\/fieam.org.br\/sesi\/alunos-do-amazonas-aprovam-experiencia-em-robotica\/#breadcrumb\"},\"inLanguage\":\"pt-BR\",\"potentialAction\":[{\"@type\":\"ReadAction\",\"target\":[\"https:\/\/fieam.org.br\/sesi\/alunos-do-amazonas-aprovam-experiencia-em-robotica\/\"]}]},{\"@type\":\"ImageObject\",\"inLanguage\":\"pt-BR\",\"@id\":\"https:\/\/fieam.org.br\/sesi\/alunos-do-amazonas-aprovam-experiencia-em-robotica\/#primaryimage\",\"url\":\"https:\/\/fieam.org.br\/sesi\/wp-content\/uploads\/sites\/14\/2026\/03\/IMG_1462.jpg\",\"contentUrl\":\"https:\/\/fieam.org.br\/sesi\/wp-content\/uploads\/sites\/14\/2026\/03\/IMG_1462.jpg\",\"width\":2400,\"height\":1600},{\"@type\":\"BreadcrumbList\",\"@id\":\"https:\/\/fieam.org.br\/sesi\/alunos-do-amazonas-aprovam-experiencia-em-robotica\/#breadcrumb\",\"itemListElement\":[{\"@type\":\"ListItem\",\"position\":1,\"name\":\"In\u00edcio\",\"item\":\"https:\/\/fieam.org.br\/sesi\/\"},{\"@type\":\"ListItem\",\"position\":2,\"name\":\"Alunos do Amazonas aprovam experi\u00eancia em rob\u00f3tica\"}]},{\"@type\":\"WebSite\",\"@id\":\"https:\/\/fieam.org.br\/sesi\/#website\",\"url\":\"https:\/\/fieam.org.br\/sesi\/\",\"name\":\"SESI\",\"description\":\"Site Oficial!\",\"publisher\":{\"@id\":\"https:\/\/fieam.org.br\/sesi\/#organization\"},\"potentialAction\":[{\"@type\":\"SearchAction\",\"target\":{\"@type\":\"EntryPoint\",\"urlTemplate\":\"https:\/\/fieam.org.br\/sesi\/?s={search_term_string}\"},\"query-input\":{\"@type\":\"PropertyValueSpecification\",\"valueRequired\":true,\"valueName\":\"search_term_string\"}}],\"inLanguage\":\"pt-BR\"},{\"@type\":\"Organization\",\"@id\":\"https:\/\/fieam.org.br\/sesi\/#organization\",\"name\":\"SESI\",\"url\":\"https:\/\/fieam.org.br\/sesi\/\",\"logo\":{\"@type\":\"ImageObject\",\"inLanguage\":\"pt-BR\",\"@id\":\"https:\/\/fieam.org.br\/sesi\/#\/schema\/logo\/image\/\",\"url\":\"https:\/\/fieam.org.br\/sesi\/wp-content\/uploads\/sites\/14\/2024\/03\/cropped-fav.png\",\"contentUrl\":\"https:\/\/fieam.org.br\/sesi\/wp-content\/uploads\/sites\/14\/2024\/03\/cropped-fav.png\",\"width\":610,\"height\":589,\"caption\":\"SESI\"},\"image\":{\"@id\":\"https:\/\/fieam.org.br\/sesi\/#\/schema\/logo\/image\/\"}},{\"@type\":\"Person\",\"@id\":\"https:\/\/fieam.org.br\/sesi\/#\/schema\/person\/ff86678b986855fb9f8d2e599eab31ae\",\"name\":\"cris\",\"image\":{\"@type\":\"ImageObject\",\"inLanguage\":\"pt-BR\",\"@id\":\"https:\/\/fieam.org.br\/sesi\/#\/schema\/person\/image\/\",\"url\":\"https:\/\/secure.gravatar.com\/avatar\/e66688f9186abb74f11662d64a816c0971765b5f3721fc721afe90af108548a3?s=96&d=mm&r=g\",\"contentUrl\":\"https:\/\/secure.gravatar.com\/avatar\/e66688f9186abb74f11662d64a816c0971765b5f3721fc721afe90af108548a3?s=96&d=mm&r=g\",\"caption\":\"cris\"},\"sameAs\":[\"https:\/\/x.com\/tour-virtual@fieam.org.br\"],\"url\":\"https:\/\/fieam.org.br\/sesi\/author\/cris\/\"}]}<\/script>\n<!-- \/ Yoast SEO plugin. -->","yoast_head_json":{"title":"Alunos do Amazonas aprovam experi\u00eancia em rob\u00f3tica - SESI","robots":{"index":"index","follow":"follow","max-snippet":"max-snippet:-1","max-image-preview":"max-image-preview:large","max-video-preview":"max-video-preview:-1"},"canonical":"https:\/\/fieam.org.br\/sesi\/alunos-do-amazonas-aprovam-experiencia-em-robotica\/","og_locale":"pt_BR","og_type":"article","og_title":"Alunos do Amazonas aprovam experi\u00eancia em rob\u00f3tica - SESI","og_description":"Trabalho em equipe e aprendizado marcam participa\u00e7\u00e3o dos estudantes no Festival SESI de Educa\u00e7\u00e3o 2026 &nbsp; Entre desafios t\u00e9cnicos, noites de prepara\u00e7\u00e3o e coopera\u00e7\u00e3o entre equipes, estudantes do Amazonas aprovaram a experi\u00eancia no Festival SESI de Educa\u00e7\u00e3o 2026 nos dias 4 a 8 na Bienal do Parque Ibirapuera, em S\u00e3o Paulo. Como frutos das provas, [&hellip;]","og_url":"https:\/\/fieam.org.br\/sesi\/alunos-do-amazonas-aprovam-experiencia-em-robotica\/","og_site_name":"SESI","article_published_time":"2026-03-09T22:01:28+00:00","og_image":[{"width":2400,"height":1600,"url":"https:\/\/fieam.org.br\/sesi\/wp-content\/uploads\/sites\/14\/2026\/03\/IMG_1462.jpg","type":"image\/jpeg"}],"author":"cris","twitter_card":"summary_large_image","twitter_creator":"@tour-virtual@fieam.org.br","twitter_misc":{"Escrito por":"cris","Est. tempo de leitura":"6 minutos"},"schema":{"@context":"https:\/\/schema.org","@graph":[{"@type":"Article","@id":"https:\/\/fieam.org.br\/sesi\/alunos-do-amazonas-aprovam-experiencia-em-robotica\/#article","isPartOf":{"@id":"https:\/\/fieam.org.br\/sesi\/alunos-do-amazonas-aprovam-experiencia-em-robotica\/"},"author":{"name":"cris","@id":"https:\/\/fieam.org.br\/sesi\/#\/schema\/person\/ff86678b986855fb9f8d2e599eab31ae"},"headline":"Alunos do Amazonas aprovam experi\u00eancia em rob\u00f3tica","datePublished":"2026-03-09T22:01:28+00:00","mainEntityOfPage":{"@id":"https:\/\/fieam.org.br\/sesi\/alunos-do-amazonas-aprovam-experiencia-em-robotica\/"},"wordCount":932,"commentCount":0,"publisher":{"@id":"https:\/\/fieam.org.br\/sesi\/#organization"},"image":{"@id":"https:\/\/fieam.org.br\/sesi\/alunos-do-amazonas-aprovam-experiencia-em-robotica\/#primaryimage"},"thumbnailUrl":"https:\/\/fieam.org.br\/sesi\/wp-content\/uploads\/sites\/14\/2026\/03\/IMG_1462.jpg","articleSection":["Geral"],"inLanguage":"pt-BR","potentialAction":[{"@type":"CommentAction","name":"Comment","target":["https:\/\/fieam.org.br\/sesi\/alunos-do-amazonas-aprovam-experiencia-em-robotica\/#respond"]}]},{"@type":"WebPage","@id":"https:\/\/fieam.org.br\/sesi\/alunos-do-amazonas-aprovam-experiencia-em-robotica\/","url":"https:\/\/fieam.org.br\/sesi\/alunos-do-amazonas-aprovam-experiencia-em-robotica\/","name":"Alunos do Amazonas aprovam experi\u00eancia em rob\u00f3tica - SESI","isPartOf":{"@id":"https:\/\/fieam.org.br\/sesi\/#website"},"primaryImageOfPage":{"@id":"https:\/\/fieam.org.br\/sesi\/alunos-do-amazonas-aprovam-experiencia-em-robotica\/#primaryimage"},"image":{"@id":"https:\/\/fieam.org.br\/sesi\/alunos-do-amazonas-aprovam-experiencia-em-robotica\/#primaryimage"},"thumbnailUrl":"https:\/\/fieam.org.br\/sesi\/wp-content\/uploads\/sites\/14\/2026\/03\/IMG_1462.jpg","datePublished":"2026-03-09T22:01:28+00:00","breadcrumb":{"@id":"https:\/\/fieam.org.br\/sesi\/alunos-do-amazonas-aprovam-experiencia-em-robotica\/#breadcrumb"},"inLanguage":"pt-BR","potentialAction":[{"@type":"ReadAction","target":["https:\/\/fieam.org.br\/sesi\/alunos-do-amazonas-aprovam-experiencia-em-robotica\/"]}]},{"@type":"ImageObject","inLanguage":"pt-BR","@id":"https:\/\/fieam.org.br\/sesi\/alunos-do-amazonas-aprovam-experiencia-em-robotica\/#primaryimage","url":"https:\/\/fieam.org.br\/sesi\/wp-content\/uploads\/sites\/14\/2026\/03\/IMG_1462.jpg","contentUrl":"https:\/\/fieam.org.br\/sesi\/wp-content\/uploads\/sites\/14\/2026\/03\/IMG_1462.jpg","width":2400,"height":1600},{"@type":"BreadcrumbList","@id":"https:\/\/fieam.org.br\/sesi\/alunos-do-amazonas-aprovam-experiencia-em-robotica\/#breadcrumb","itemListElement":[{"@type":"ListItem","position":1,"name":"In\u00edcio","item":"https:\/\/fieam.org.br\/sesi\/"},{"@type":"ListItem","position":2,"name":"Alunos do Amazonas aprovam experi\u00eancia em rob\u00f3tica"}]},{"@type":"WebSite","@id":"https:\/\/fieam.org.br\/sesi\/#website","url":"https:\/\/fieam.org.br\/sesi\/","name":"SESI","description":"Site Oficial!","publisher":{"@id":"https:\/\/fieam.org.br\/sesi\/#organization"},"potentialAction":[{"@type":"SearchAction","target":{"@type":"EntryPoint","urlTemplate":"https:\/\/fieam.org.br\/sesi\/?s={search_term_string}"},"query-input":{"@type":"PropertyValueSpecification","valueRequired":true,"valueName":"search_term_string"}}],"inLanguage":"pt-BR"},{"@type":"Organization","@id":"https:\/\/fieam.org.br\/sesi\/#organization","name":"SESI","url":"https:\/\/fieam.org.br\/sesi\/","logo":{"@type":"ImageObject","inLanguage":"pt-BR","@id":"https:\/\/fieam.org.br\/sesi\/#\/schema\/logo\/image\/","url":"https:\/\/fieam.org.br\/sesi\/wp-content\/uploads\/sites\/14\/2024\/03\/cropped-fav.png","contentUrl":"https:\/\/fieam.org.br\/sesi\/wp-content\/uploads\/sites\/14\/2024\/03\/cropped-fav.png","width":610,"height":589,"caption":"SESI"},"image":{"@id":"https:\/\/fieam.org.br\/sesi\/#\/schema\/logo\/image\/"}},{"@type":"Person","@id":"https:\/\/fieam.org.br\/sesi\/#\/schema\/person\/ff86678b986855fb9f8d2e599eab31ae","name":"cris","image":{"@type":"ImageObject","inLanguage":"pt-BR","@id":"https:\/\/fieam.org.br\/sesi\/#\/schema\/person\/image\/","url":"https:\/\/secure.gravatar.com\/avatar\/e66688f9186abb74f11662d64a816c0971765b5f3721fc721afe90af108548a3?s=96&d=mm&r=g","contentUrl":"https:\/\/secure.gravatar.com\/avatar\/e66688f9186abb74f11662d64a816c0971765b5f3721fc721afe90af108548a3?s=96&d=mm&r=g","caption":"cris"},"sameAs":["https:\/\/x.com\/tour-virtual@fieam.org.br"],"url":"https:\/\/fieam.org.br\/sesi\/author\/cris\/"}]}},"_links":{"self":[{"href":"https:\/\/fieam.org.br\/sesi\/wp-json\/wp\/v2\/posts\/24210","targetHints":{"allow":["GET"]}}],"collection":[{"href":"https:\/\/fieam.org.br\/sesi\/wp-json\/wp\/v2\/posts"}],"about":[{"href":"https:\/\/fieam.org.br\/sesi\/wp-json\/wp\/v2\/types\/post"}],"author":[{"embeddable":true,"href":"https:\/\/fieam.org.br\/sesi\/wp-json\/wp\/v2\/users\/9"}],"replies":[{"embeddable":true,"href":"https:\/\/fieam.org.br\/sesi\/wp-json\/wp\/v2\/comments?post=24210"}],"version-history":[{"count":1,"href":"https:\/\/fieam.org.br\/sesi\/wp-json\/wp\/v2\/posts\/24210\/revisions"}],"predecessor-version":[{"id":24220,"href":"https:\/\/fieam.org.br\/sesi\/wp-json\/wp\/v2\/posts\/24210\/revisions\/24220"}],"wp:featuredmedia":[{"embeddable":true,"href":"https:\/\/fieam.org.br\/sesi\/wp-json\/wp\/v2\/media\/24219"}],"wp:attachment":[{"href":"https:\/\/fieam.org.br\/sesi\/wp-json\/wp\/v2\/media?parent=24210"}],"wp:term":[{"taxonomy":"category","embeddable":true,"href":"https:\/\/fieam.org.br\/sesi\/wp-json\/wp\/v2\/categories?post=24210"},{"taxonomy":"post_tag","embeddable":true,"href":"https:\/\/fieam.org.br\/sesi\/wp-json\/wp\/v2\/tags?post=24210"}],"curies":[{"name":"wp","href":"https:\/\/api.w.org\/{rel}","templated":true}]}}