{"id":24198,"date":"2026-03-06T17:17:32","date_gmt":"2026-03-06T17:17:32","guid":{"rendered":"https:\/\/fieam.org.br\/sesi\/?p=24198"},"modified":"2026-03-06T17:17:32","modified_gmt":"2026-03-06T17:17:32","slug":"festival-sesi-de-educacao-estimula-competicao-pelo-conhecimento","status":"publish","type":"post","link":"https:\/\/fieam.org.br\/sesi\/festival-sesi-de-educacao-estimula-competicao-pelo-conhecimento\/","title":{"rendered":"Festival SESI de Educa\u00e7\u00e3o estimula competi\u00e7\u00e3o pelo conhecimento"},"content":{"rendered":"<p>Explorar os mist\u00e9rios do passado por meio da arqueologia e propor solu\u00e7\u00f5es para desafios enfrentados por profissionais da \u00e1rea. Esse \u00e9 o desafio que move os participantes do torneio de rob\u00f3tica do 8\u00ba Festival SESI de Educa\u00e7\u00e3o at\u00e9 domingo (8) no Parque Ibirapuera (SP). Ao longo do primeiro dia, as equipes come\u00e7aram a montagem dos pits, espa\u00e7os que funcionam como oficinas tempor\u00e1rias para ajustes de rob\u00f4s, organiza\u00e7\u00e3o de equipamentos e prepara\u00e7\u00e3o para as disputas.<\/p>\n<p><img fetchpriority=\"high\" decoding=\"async\" class=\" wp-image-24202 aligncenter\" src=\"https:\/\/fieam.org.br\/sesi\/wp-content\/uploads\/sites\/14\/2026\/03\/Equipe-da-Apoema-na-montagem-do-pit-300x200.jpeg\" alt=\"\" width=\"630\" height=\"420\" srcset=\"https:\/\/fieam.org.br\/sesi\/wp-content\/uploads\/sites\/14\/2026\/03\/Equipe-da-Apoema-na-montagem-do-pit-300x200.jpeg 300w, https:\/\/fieam.org.br\/sesi\/wp-content\/uploads\/sites\/14\/2026\/03\/Equipe-da-Apoema-na-montagem-do-pit-1024x682.jpeg 1024w, https:\/\/fieam.org.br\/sesi\/wp-content\/uploads\/sites\/14\/2026\/03\/Equipe-da-Apoema-na-montagem-do-pit-768x512.jpeg 768w, https:\/\/fieam.org.br\/sesi\/wp-content\/uploads\/sites\/14\/2026\/03\/Equipe-da-Apoema-na-montagem-do-pit.jpeg 1280w\" sizes=\"(max-width: 630px) 100vw, 630px\" \/><\/p>\n<p>O Amazonas participa com cinco equipes: tr\u00eas s\u00e3o da Escola SESI de Refer\u00eancia Dra. Emina Barbosa Mustafa, Prodixy (FTC e FRC) e Apoema (STEM Racing). E duas, apadrinhadas pelo SESI Amazonas: Liga do Ovomaltine, do Col\u00e9gio da Pol\u00edcia Militar do Amazonas (1\u00ba CMPM), e Engenheiros do A\u00e7a\u00ed, equipe de garagem formada por estudantes de Manaus, ambas competidoras na modalidade FIRST LEGO League.<\/p>\n<p><img decoding=\"async\" class=\" wp-image-24203 aligncenter\" src=\"https:\/\/fieam.org.br\/sesi\/wp-content\/uploads\/sites\/14\/2026\/03\/A-superintendente-do-SESI-Amazonas-ao-centro-Rosana-Vasconcelos-acompanhou-as-equipes-no-Festival-300x188.jpeg\" alt=\"\" width=\"649\" height=\"407\" srcset=\"https:\/\/fieam.org.br\/sesi\/wp-content\/uploads\/sites\/14\/2026\/03\/A-superintendente-do-SESI-Amazonas-ao-centro-Rosana-Vasconcelos-acompanhou-as-equipes-no-Festival-300x188.jpeg 300w, https:\/\/fieam.org.br\/sesi\/wp-content\/uploads\/sites\/14\/2026\/03\/A-superintendente-do-SESI-Amazonas-ao-centro-Rosana-Vasconcelos-acompanhou-as-equipes-no-Festival-1024x643.jpeg 1024w, https:\/\/fieam.org.br\/sesi\/wp-content\/uploads\/sites\/14\/2026\/03\/A-superintendente-do-SESI-Amazonas-ao-centro-Rosana-Vasconcelos-acompanhou-as-equipes-no-Festival-768x482.jpeg 768w, https:\/\/fieam.org.br\/sesi\/wp-content\/uploads\/sites\/14\/2026\/03\/A-superintendente-do-SESI-Amazonas-ao-centro-Rosana-Vasconcelos-acompanhou-as-equipes-no-Festival.jpeg 1260w\" sizes=\"(max-width: 649px) 100vw, 649px\" \/><\/p>\n<p>A superintendente do SESI Amazonas, Rosana Vasconcelos, acompanhou a montagem dos pits e conversou com os estudantes. \u201cO torneio \u00e9 uma competi\u00e7\u00e3o pelo conhecimento, pela educa\u00e7\u00e3o, pela inova\u00e7\u00e3o. O SESI Amazonas est\u00e1 muito feliz em trazer as equipes de nossa escola e mais duas equipes apadrinhadas. Para n\u00f3s, \u00e9 a educa\u00e7\u00e3o sem fronteiras. \u00c9 um orgulho e extremamente emocionante ver esses jovens concentrados, trabalhando nos projetos, vivendo essa experi\u00eancia de responsabilidade, autonomia, gest\u00e3o de projeto e log\u00edstica\u201d, disse.<\/p>\n<p><strong>Educa\u00e7\u00e3o tecnol\u00f3gica<\/strong><\/p>\n<p>A abertura oficial contou com uma mensagem em v\u00eddeo do presidente da Confedera\u00e7\u00e3o Nacional da Ind\u00fastria (CNI), Ricardo Alban, que ressaltou a import\u00e2ncia da rob\u00f3tica educacional para o futuro do pa\u00eds. \u201cQueremos agradecer o entusiasmo e a motiva\u00e7\u00e3o de voc\u00eas para que possamos fazer deste torneio n\u00e3o apenas uma competi\u00e7\u00e3o, mas uma esperan\u00e7a para construir um novo pa\u00eds. S\u00e3o voc\u00eas, jovens, que v\u00e3o tornar isso uma realidade\u201d, declarou.<\/p>\n<p><img decoding=\"async\" class=\" wp-image-24204 aligncenter\" src=\"https:\/\/fieam.org.br\/sesi\/wp-content\/uploads\/sites\/14\/2026\/03\/IMG_0488-300x200.jpg\" alt=\"\" width=\"656\" height=\"437\" srcset=\"https:\/\/fieam.org.br\/sesi\/wp-content\/uploads\/sites\/14\/2026\/03\/IMG_0488-300x200.jpg 300w, https:\/\/fieam.org.br\/sesi\/wp-content\/uploads\/sites\/14\/2026\/03\/IMG_0488-1024x683.jpg 1024w, https:\/\/fieam.org.br\/sesi\/wp-content\/uploads\/sites\/14\/2026\/03\/IMG_0488-768x512.jpg 768w, https:\/\/fieam.org.br\/sesi\/wp-content\/uploads\/sites\/14\/2026\/03\/IMG_0488-1536x1024.jpg 1536w, https:\/\/fieam.org.br\/sesi\/wp-content\/uploads\/sites\/14\/2026\/03\/IMG_0488-2048x1365.jpg 2048w\" sizes=\"(max-width: 656px) 100vw, 656px\" \/><\/p>\n<p>Para o presidente do Conselho Nacional do SESI, Fausto Augusto, o festival mostra que \u00e9 poss\u00edvel construir uma educa\u00e7\u00e3o tecnol\u00f3gica em todo o Brasil. Aqui reunimos a diversidade dos territ\u00f3rios e provamos que, quando investimos em educa\u00e7\u00e3o, podemos chegar cada vez mais longe\u201d, disse.<\/p>\n<p>Fausto tamb\u00e9m ressaltou a forte presen\u00e7a feminina na competi\u00e7\u00e3o. \u201cO festival \u00e9 um espa\u00e7o de empoderamento. Muitas das pessoas envolvidas na rob\u00f3tica aqui s\u00e3o mulheres, e isso \u00e9 muito importante. Tamb\u00e9m \u00e9 um espa\u00e7o de conviv\u00eancia e de constru\u00e7\u00e3o de um Brasil melhor\u201d, completou.<\/p>\n<p><strong>Oportunidade de aprendizado<\/strong><\/p>\n<p><img loading=\"lazy\" decoding=\"async\" class=\" wp-image-24201 aligncenter\" src=\"https:\/\/fieam.org.br\/sesi\/wp-content\/uploads\/sites\/14\/2026\/03\/Equipe-Liga-do-Ovomaltine-e-uma-das-apadrinhadas-do-SESI-Amazonas-e-compete-na-FLL-300x200.jpeg\" alt=\"\" width=\"624\" height=\"416\" srcset=\"https:\/\/fieam.org.br\/sesi\/wp-content\/uploads\/sites\/14\/2026\/03\/Equipe-Liga-do-Ovomaltine-e-uma-das-apadrinhadas-do-SESI-Amazonas-e-compete-na-FLL-300x200.jpeg 300w, https:\/\/fieam.org.br\/sesi\/wp-content\/uploads\/sites\/14\/2026\/03\/Equipe-Liga-do-Ovomaltine-e-uma-das-apadrinhadas-do-SESI-Amazonas-e-compete-na-FLL-1024x682.jpeg 1024w, https:\/\/fieam.org.br\/sesi\/wp-content\/uploads\/sites\/14\/2026\/03\/Equipe-Liga-do-Ovomaltine-e-uma-das-apadrinhadas-do-SESI-Amazonas-e-compete-na-FLL-768x512.jpeg 768w, https:\/\/fieam.org.br\/sesi\/wp-content\/uploads\/sites\/14\/2026\/03\/Equipe-Liga-do-Ovomaltine-e-uma-das-apadrinhadas-do-SESI-Amazonas-e-compete-na-FLL.jpeg 1280w\" sizes=\"(max-width: 624px) 100vw, 624px\" \/><\/p>\n<p>Para muitos estudantes, o festival representa uma oportunidade \u00fanica de aprendizado e novas experi\u00eancias. \u00c9 o caso de Bernardo Monteiro, de 14 anos, integrante da equipe Engenheiros do A\u00e7a\u00ed, que participa pela primeira vez da etapa nacional.<\/p>\n<p>\u201c\u00c9 uma sensa\u00e7\u00e3o t\u00e3o nova que eu nem sei explicar. Algo \u00fanico. Eu n\u00e3o vim aqui para ganhar trof\u00e9u, mas para me divertir e fazer amizades\u201d, contou o estudante, que tamb\u00e9m aproveitou a viagem para conhecer S\u00e3o Paulo e andar de metr\u00f4 pela primeira vez.<\/p>\n<p>A estudante Ra\u00edssa da Costa Vieira, de 15 anos, da equipe Liga do Ovomaltine, tamb\u00e9m vive uma experi\u00eancia in\u00e9dita. Para ela, a viagem ao festival representa a realiza\u00e7\u00e3o de um sonho.<\/p>\n<p>\u201c\u00c9 a primeira vez que estou viajando. Eu nunca tinha nem atravessado a ponte\u201d, disse, referindo-se \u00e0 Ponte Rio Negro, que liga Manaus ao munic\u00edpio de Iranduba. \u201cViajar de avi\u00e3o foi incr\u00edvel, e quando chegamos aqui deu aquele friozinho. \u00c9 uma oportunidade que a gente nunca imaginou ter.\u201d<\/p>\n<p><strong>Representatividade ind\u00edgena <\/strong><\/p>\n<p><img loading=\"lazy\" decoding=\"async\" class=\" wp-image-24200 aligncenter\" src=\"https:\/\/fieam.org.br\/sesi\/wp-content\/uploads\/sites\/14\/2026\/03\/A-indigena-Fernanda-Brazao-participa-pela-primeira-vez-da-competicao-e-da-robotica-200x300.jpg\" alt=\"\" width=\"312\" height=\"469\" srcset=\"https:\/\/fieam.org.br\/sesi\/wp-content\/uploads\/sites\/14\/2026\/03\/A-indigena-Fernanda-Brazao-participa-pela-primeira-vez-da-competicao-e-da-robotica-200x300.jpg 200w, https:\/\/fieam.org.br\/sesi\/wp-content\/uploads\/sites\/14\/2026\/03\/A-indigena-Fernanda-Brazao-participa-pela-primeira-vez-da-competicao-e-da-robotica-683x1024.jpg 683w, https:\/\/fieam.org.br\/sesi\/wp-content\/uploads\/sites\/14\/2026\/03\/A-indigena-Fernanda-Brazao-participa-pela-primeira-vez-da-competicao-e-da-robotica-768x1152.jpg 768w, https:\/\/fieam.org.br\/sesi\/wp-content\/uploads\/sites\/14\/2026\/03\/A-indigena-Fernanda-Brazao-participa-pela-primeira-vez-da-competicao-e-da-robotica-1024x1536.jpg 1024w, https:\/\/fieam.org.br\/sesi\/wp-content\/uploads\/sites\/14\/2026\/03\/A-indigena-Fernanda-Brazao-participa-pela-primeira-vez-da-competicao-e-da-robotica-1365x2048.jpg 1365w, https:\/\/fieam.org.br\/sesi\/wp-content\/uploads\/sites\/14\/2026\/03\/A-indigena-Fernanda-Brazao-participa-pela-primeira-vez-da-competicao-e-da-robotica-scaled.jpg 1707w\" sizes=\"(max-width: 312px) 100vw, 312px\" \/><\/p>\n<p>Entre os participantes do Amazonas est\u00e1 Fernanda Braz\u00e3o, de 16 anos, integrante da equipe Prodixy na categoria FIRST Robotics Competition (FRC). Ind\u00edgena da comunidade Terra Preta, ela destaca a import\u00e2ncia de representar sua identidade no festival. \u201c\u00c9 uma experi\u00eancia incr\u00edvel. Eu quero mostrar quem eu sou, mostrar que uma menina ind\u00edgena teve acesso \u00e0 rob\u00f3tica. Isso abre a nossa vis\u00e3o de futuro e d\u00e1 vontade de aprender cada vez mais\u201d, afirmou.<\/p>\n<p>Fernanda tamb\u00e9m ressaltou o desejo de levar o conhecimento adquirido para sua comunidade. \u201cA rob\u00f3tica traz interesse pela ci\u00eancia e pela tecnologia. Eu quero levar isso para a minha comunidade, porque tem muitas crian\u00e7as que querem aprender e explorar o mundo\u201d, disse.<\/p>\n<p><strong>Emo\u00e7\u00e3o na \u00faltima participa\u00e7\u00e3o<\/strong><\/p>\n<p>Para Ericka Thamilly Lima, de 17 anos, integrante da equipe Prodixy na categoria FRC, o festival deste ano tem um significado especial: \u00e9 sua \u00faltima participa\u00e7\u00e3o como competidora. Segundo ela, o primeiro dia foi marcado por alguns desafios na montagem do pit da equipe, mas nada que comprometa o desempenho nos pr\u00f3ximos dias.<\/p>\n<p>\u201cTivemos alguns probleminhas na montagem do pit, n\u00e3o ficou exatamente como quer\u00edamos, mas nada que atrapalhe a competi\u00e7\u00e3o. Nosso principal foco \u00e9 trabalhar como uma equipe, se apoiar, torcer. Se um cair, todos caem; se um ganhar, todos ganham\u201d, destacou.<\/p>\n<p>Ao relembrar sua trajet\u00f3ria na rob\u00f3tica, Ericka descreve o momento com emo\u00e7\u00e3o. \u201c\u00c9 como ver um filme passando. Lembro da minha primeira participa\u00e7\u00e3o, em 2024, e de tudo o que vivemos at\u00e9 aqui. \u00c9 um sentimento \u00fanico. Espero voltar ao Festival como ju\u00edza ou volunt\u00e1ria, porque quero continuar vivendo esses momentos por muitos anos\u201d, disse ela.<\/p>\n<p><strong>Pr\u00f3xima parada \u00e9 na Bahia<\/strong><\/p>\n<p>Nesta edi\u00e7\u00e3o, mais de 2,3 mil estudantes do Pa\u00eds, com idades entre 9 e 19 anos, est\u00e3o distribu\u00eddos em 240 equipes competidoras, disputando nas modalidades FIRST\u00ae LEGO\u00ae League Challenge (FLLC), FIRST\u00ae Tech Challenge (FTC), FIRST\u00ae Robotics Competition (FRC) e STEM Racing, programas internacionais da FIRST\u00ae que utilizam ci\u00eancia, tecnologia e engenharia como ferramentas de aprendizado.<\/p>\n<p>Durante a cerim\u00f4nia de abertura, tamb\u00e9m foi anunciado que a pr\u00f3xima edi\u00e7\u00e3o do Festival SESI de Educa\u00e7\u00e3o, em 2027, ser\u00e1 realizada na Bahia.<\/p>\n","protected":false},"excerpt":{"rendered":"<p>Explorar os mist\u00e9rios do passado por meio da arqueologia e propor solu\u00e7\u00f5es para desafios enfrentados por profissionais da \u00e1rea. Esse \u00e9 o desafio que move os participantes do torneio de rob\u00f3tica do 8\u00ba Festival SESI de Educa\u00e7\u00e3o at\u00e9 domingo (8) no Parque Ibirapuera (SP). Ao longo do primeiro dia, as equipes come\u00e7aram a montagem dos [&hellip;]<\/p>\n","protected":false},"author":9,"featured_media":24199,"comment_status":"open","ping_status":"open","sticky":false,"template":"","format":"standard","meta":{"footnotes":""},"categories":[1],"tags":[],"class_list":["post-24198","post","type-post","status-publish","format-standard","has-post-thumbnail","hentry","category-geral"],"yoast_head":"<!-- This site is optimized with the Yoast SEO plugin v26.8 - https:\/\/yoast.com\/product\/yoast-seo-wordpress\/ -->\n<title>Festival SESI de Educa\u00e7\u00e3o estimula competi\u00e7\u00e3o pelo conhecimento - SESI<\/title>\n<meta name=\"robots\" content=\"index, follow, max-snippet:-1, max-image-preview:large, max-video-preview:-1\" \/>\n<link rel=\"canonical\" href=\"https:\/\/fieam.org.br\/sesi\/festival-sesi-de-educacao-estimula-competicao-pelo-conhecimento\/\" \/>\n<meta property=\"og:locale\" content=\"pt_BR\" \/>\n<meta property=\"og:type\" content=\"article\" \/>\n<meta property=\"og:title\" content=\"Festival SESI de Educa\u00e7\u00e3o estimula competi\u00e7\u00e3o pelo conhecimento - SESI\" \/>\n<meta property=\"og:description\" content=\"Explorar os mist\u00e9rios do passado por meio da arqueologia e propor solu\u00e7\u00f5es para desafios enfrentados por profissionais da \u00e1rea. Esse \u00e9 o desafio que move os participantes do torneio de rob\u00f3tica do 8\u00ba Festival SESI de Educa\u00e7\u00e3o at\u00e9 domingo (8) no Parque Ibirapuera (SP). Ao longo do primeiro dia, as equipes come\u00e7aram a montagem dos [&hellip;]\" \/>\n<meta property=\"og:url\" content=\"https:\/\/fieam.org.br\/sesi\/festival-sesi-de-educacao-estimula-competicao-pelo-conhecimento\/\" \/>\n<meta property=\"og:site_name\" content=\"SESI\" \/>\n<meta property=\"article:published_time\" content=\"2026-03-06T17:17:32+00:00\" \/>\n<meta property=\"og:image\" content=\"https:\/\/fieam.org.br\/sesi\/wp-content\/uploads\/sites\/14\/2026\/03\/Equipes-Prodixy-e-Apoema-competem-em-tres-modalidades.jpeg\" \/>\n\t<meta property=\"og:image:width\" content=\"1280\" \/>\n\t<meta property=\"og:image:height\" content=\"853\" \/>\n\t<meta property=\"og:image:type\" content=\"image\/jpeg\" \/>\n<meta name=\"author\" content=\"cris\" \/>\n<meta name=\"twitter:card\" content=\"summary_large_image\" \/>\n<meta name=\"twitter:creator\" content=\"@tour-virtual@fieam.org.br\" \/>\n<meta name=\"twitter:label1\" content=\"Escrito por\" \/>\n\t<meta name=\"twitter:data1\" content=\"cris\" \/>\n\t<meta name=\"twitter:label2\" content=\"Est. tempo de leitura\" \/>\n\t<meta name=\"twitter:data2\" content=\"7 minutos\" \/>\n<script type=\"application\/ld+json\" class=\"yoast-schema-graph\">{\"@context\":\"https:\/\/schema.org\",\"@graph\":[{\"@type\":\"Article\",\"@id\":\"https:\/\/fieam.org.br\/sesi\/festival-sesi-de-educacao-estimula-competicao-pelo-conhecimento\/#article\",\"isPartOf\":{\"@id\":\"https:\/\/fieam.org.br\/sesi\/festival-sesi-de-educacao-estimula-competicao-pelo-conhecimento\/\"},\"author\":{\"name\":\"cris\",\"@id\":\"https:\/\/fieam.org.br\/sesi\/#\/schema\/person\/ff86678b986855fb9f8d2e599eab31ae\"},\"headline\":\"Festival SESI de Educa\u00e7\u00e3o estimula competi\u00e7\u00e3o pelo conhecimento\",\"datePublished\":\"2026-03-06T17:17:32+00:00\",\"mainEntityOfPage\":{\"@id\":\"https:\/\/fieam.org.br\/sesi\/festival-sesi-de-educacao-estimula-competicao-pelo-conhecimento\/\"},\"wordCount\":973,\"commentCount\":0,\"publisher\":{\"@id\":\"https:\/\/fieam.org.br\/sesi\/#organization\"},\"image\":{\"@id\":\"https:\/\/fieam.org.br\/sesi\/festival-sesi-de-educacao-estimula-competicao-pelo-conhecimento\/#primaryimage\"},\"thumbnailUrl\":\"https:\/\/fieam.org.br\/sesi\/wp-content\/uploads\/sites\/14\/2026\/03\/Equipes-Prodixy-e-Apoema-competem-em-tres-modalidades.jpeg\",\"articleSection\":[\"Geral\"],\"inLanguage\":\"pt-BR\",\"potentialAction\":[{\"@type\":\"CommentAction\",\"name\":\"Comment\",\"target\":[\"https:\/\/fieam.org.br\/sesi\/festival-sesi-de-educacao-estimula-competicao-pelo-conhecimento\/#respond\"]}]},{\"@type\":\"WebPage\",\"@id\":\"https:\/\/fieam.org.br\/sesi\/festival-sesi-de-educacao-estimula-competicao-pelo-conhecimento\/\",\"url\":\"https:\/\/fieam.org.br\/sesi\/festival-sesi-de-educacao-estimula-competicao-pelo-conhecimento\/\",\"name\":\"Festival SESI de Educa\u00e7\u00e3o estimula competi\u00e7\u00e3o pelo conhecimento - SESI\",\"isPartOf\":{\"@id\":\"https:\/\/fieam.org.br\/sesi\/#website\"},\"primaryImageOfPage\":{\"@id\":\"https:\/\/fieam.org.br\/sesi\/festival-sesi-de-educacao-estimula-competicao-pelo-conhecimento\/#primaryimage\"},\"image\":{\"@id\":\"https:\/\/fieam.org.br\/sesi\/festival-sesi-de-educacao-estimula-competicao-pelo-conhecimento\/#primaryimage\"},\"thumbnailUrl\":\"https:\/\/fieam.org.br\/sesi\/wp-content\/uploads\/sites\/14\/2026\/03\/Equipes-Prodixy-e-Apoema-competem-em-tres-modalidades.jpeg\",\"datePublished\":\"2026-03-06T17:17:32+00:00\",\"breadcrumb\":{\"@id\":\"https:\/\/fieam.org.br\/sesi\/festival-sesi-de-educacao-estimula-competicao-pelo-conhecimento\/#breadcrumb\"},\"inLanguage\":\"pt-BR\",\"potentialAction\":[{\"@type\":\"ReadAction\",\"target\":[\"https:\/\/fieam.org.br\/sesi\/festival-sesi-de-educacao-estimula-competicao-pelo-conhecimento\/\"]}]},{\"@type\":\"ImageObject\",\"inLanguage\":\"pt-BR\",\"@id\":\"https:\/\/fieam.org.br\/sesi\/festival-sesi-de-educacao-estimula-competicao-pelo-conhecimento\/#primaryimage\",\"url\":\"https:\/\/fieam.org.br\/sesi\/wp-content\/uploads\/sites\/14\/2026\/03\/Equipes-Prodixy-e-Apoema-competem-em-tres-modalidades.jpeg\",\"contentUrl\":\"https:\/\/fieam.org.br\/sesi\/wp-content\/uploads\/sites\/14\/2026\/03\/Equipes-Prodixy-e-Apoema-competem-em-tres-modalidades.jpeg\",\"width\":1280,\"height\":853},{\"@type\":\"BreadcrumbList\",\"@id\":\"https:\/\/fieam.org.br\/sesi\/festival-sesi-de-educacao-estimula-competicao-pelo-conhecimento\/#breadcrumb\",\"itemListElement\":[{\"@type\":\"ListItem\",\"position\":1,\"name\":\"In\u00edcio\",\"item\":\"https:\/\/fieam.org.br\/sesi\/\"},{\"@type\":\"ListItem\",\"position\":2,\"name\":\"Festival SESI de Educa\u00e7\u00e3o estimula competi\u00e7\u00e3o pelo conhecimento\"}]},{\"@type\":\"WebSite\",\"@id\":\"https:\/\/fieam.org.br\/sesi\/#website\",\"url\":\"https:\/\/fieam.org.br\/sesi\/\",\"name\":\"SESI\",\"description\":\"Site Oficial!\",\"publisher\":{\"@id\":\"https:\/\/fieam.org.br\/sesi\/#organization\"},\"potentialAction\":[{\"@type\":\"SearchAction\",\"target\":{\"@type\":\"EntryPoint\",\"urlTemplate\":\"https:\/\/fieam.org.br\/sesi\/?s={search_term_string}\"},\"query-input\":{\"@type\":\"PropertyValueSpecification\",\"valueRequired\":true,\"valueName\":\"search_term_string\"}}],\"inLanguage\":\"pt-BR\"},{\"@type\":\"Organization\",\"@id\":\"https:\/\/fieam.org.br\/sesi\/#organization\",\"name\":\"SESI\",\"url\":\"https:\/\/fieam.org.br\/sesi\/\",\"logo\":{\"@type\":\"ImageObject\",\"inLanguage\":\"pt-BR\",\"@id\":\"https:\/\/fieam.org.br\/sesi\/#\/schema\/logo\/image\/\",\"url\":\"https:\/\/fieam.org.br\/sesi\/wp-content\/uploads\/sites\/14\/2024\/03\/cropped-fav.png\",\"contentUrl\":\"https:\/\/fieam.org.br\/sesi\/wp-content\/uploads\/sites\/14\/2024\/03\/cropped-fav.png\",\"width\":610,\"height\":589,\"caption\":\"SESI\"},\"image\":{\"@id\":\"https:\/\/fieam.org.br\/sesi\/#\/schema\/logo\/image\/\"}},{\"@type\":\"Person\",\"@id\":\"https:\/\/fieam.org.br\/sesi\/#\/schema\/person\/ff86678b986855fb9f8d2e599eab31ae\",\"name\":\"cris\",\"image\":{\"@type\":\"ImageObject\",\"inLanguage\":\"pt-BR\",\"@id\":\"https:\/\/fieam.org.br\/sesi\/#\/schema\/person\/image\/\",\"url\":\"https:\/\/secure.gravatar.com\/avatar\/e66688f9186abb74f11662d64a816c0971765b5f3721fc721afe90af108548a3?s=96&d=mm&r=g\",\"contentUrl\":\"https:\/\/secure.gravatar.com\/avatar\/e66688f9186abb74f11662d64a816c0971765b5f3721fc721afe90af108548a3?s=96&d=mm&r=g\",\"caption\":\"cris\"},\"sameAs\":[\"https:\/\/x.com\/tour-virtual@fieam.org.br\"],\"url\":\"https:\/\/fieam.org.br\/sesi\/author\/cris\/\"}]}<\/script>\n<!-- \/ Yoast SEO plugin. -->","yoast_head_json":{"title":"Festival SESI de Educa\u00e7\u00e3o estimula competi\u00e7\u00e3o pelo conhecimento - SESI","robots":{"index":"index","follow":"follow","max-snippet":"max-snippet:-1","max-image-preview":"max-image-preview:large","max-video-preview":"max-video-preview:-1"},"canonical":"https:\/\/fieam.org.br\/sesi\/festival-sesi-de-educacao-estimula-competicao-pelo-conhecimento\/","og_locale":"pt_BR","og_type":"article","og_title":"Festival SESI de Educa\u00e7\u00e3o estimula competi\u00e7\u00e3o pelo conhecimento - SESI","og_description":"Explorar os mist\u00e9rios do passado por meio da arqueologia e propor solu\u00e7\u00f5es para desafios enfrentados por profissionais da \u00e1rea. Esse \u00e9 o desafio que move os participantes do torneio de rob\u00f3tica do 8\u00ba Festival SESI de Educa\u00e7\u00e3o at\u00e9 domingo (8) no Parque Ibirapuera (SP). Ao longo do primeiro dia, as equipes come\u00e7aram a montagem dos [&hellip;]","og_url":"https:\/\/fieam.org.br\/sesi\/festival-sesi-de-educacao-estimula-competicao-pelo-conhecimento\/","og_site_name":"SESI","article_published_time":"2026-03-06T17:17:32+00:00","og_image":[{"width":1280,"height":853,"url":"https:\/\/fieam.org.br\/sesi\/wp-content\/uploads\/sites\/14\/2026\/03\/Equipes-Prodixy-e-Apoema-competem-em-tres-modalidades.jpeg","type":"image\/jpeg"}],"author":"cris","twitter_card":"summary_large_image","twitter_creator":"@tour-virtual@fieam.org.br","twitter_misc":{"Escrito por":"cris","Est. tempo de leitura":"7 minutos"},"schema":{"@context":"https:\/\/schema.org","@graph":[{"@type":"Article","@id":"https:\/\/fieam.org.br\/sesi\/festival-sesi-de-educacao-estimula-competicao-pelo-conhecimento\/#article","isPartOf":{"@id":"https:\/\/fieam.org.br\/sesi\/festival-sesi-de-educacao-estimula-competicao-pelo-conhecimento\/"},"author":{"name":"cris","@id":"https:\/\/fieam.org.br\/sesi\/#\/schema\/person\/ff86678b986855fb9f8d2e599eab31ae"},"headline":"Festival SESI de Educa\u00e7\u00e3o estimula competi\u00e7\u00e3o pelo conhecimento","datePublished":"2026-03-06T17:17:32+00:00","mainEntityOfPage":{"@id":"https:\/\/fieam.org.br\/sesi\/festival-sesi-de-educacao-estimula-competicao-pelo-conhecimento\/"},"wordCount":973,"commentCount":0,"publisher":{"@id":"https:\/\/fieam.org.br\/sesi\/#organization"},"image":{"@id":"https:\/\/fieam.org.br\/sesi\/festival-sesi-de-educacao-estimula-competicao-pelo-conhecimento\/#primaryimage"},"thumbnailUrl":"https:\/\/fieam.org.br\/sesi\/wp-content\/uploads\/sites\/14\/2026\/03\/Equipes-Prodixy-e-Apoema-competem-em-tres-modalidades.jpeg","articleSection":["Geral"],"inLanguage":"pt-BR","potentialAction":[{"@type":"CommentAction","name":"Comment","target":["https:\/\/fieam.org.br\/sesi\/festival-sesi-de-educacao-estimula-competicao-pelo-conhecimento\/#respond"]}]},{"@type":"WebPage","@id":"https:\/\/fieam.org.br\/sesi\/festival-sesi-de-educacao-estimula-competicao-pelo-conhecimento\/","url":"https:\/\/fieam.org.br\/sesi\/festival-sesi-de-educacao-estimula-competicao-pelo-conhecimento\/","name":"Festival SESI de Educa\u00e7\u00e3o estimula competi\u00e7\u00e3o pelo conhecimento - SESI","isPartOf":{"@id":"https:\/\/fieam.org.br\/sesi\/#website"},"primaryImageOfPage":{"@id":"https:\/\/fieam.org.br\/sesi\/festival-sesi-de-educacao-estimula-competicao-pelo-conhecimento\/#primaryimage"},"image":{"@id":"https:\/\/fieam.org.br\/sesi\/festival-sesi-de-educacao-estimula-competicao-pelo-conhecimento\/#primaryimage"},"thumbnailUrl":"https:\/\/fieam.org.br\/sesi\/wp-content\/uploads\/sites\/14\/2026\/03\/Equipes-Prodixy-e-Apoema-competem-em-tres-modalidades.jpeg","datePublished":"2026-03-06T17:17:32+00:00","breadcrumb":{"@id":"https:\/\/fieam.org.br\/sesi\/festival-sesi-de-educacao-estimula-competicao-pelo-conhecimento\/#breadcrumb"},"inLanguage":"pt-BR","potentialAction":[{"@type":"ReadAction","target":["https:\/\/fieam.org.br\/sesi\/festival-sesi-de-educacao-estimula-competicao-pelo-conhecimento\/"]}]},{"@type":"ImageObject","inLanguage":"pt-BR","@id":"https:\/\/fieam.org.br\/sesi\/festival-sesi-de-educacao-estimula-competicao-pelo-conhecimento\/#primaryimage","url":"https:\/\/fieam.org.br\/sesi\/wp-content\/uploads\/sites\/14\/2026\/03\/Equipes-Prodixy-e-Apoema-competem-em-tres-modalidades.jpeg","contentUrl":"https:\/\/fieam.org.br\/sesi\/wp-content\/uploads\/sites\/14\/2026\/03\/Equipes-Prodixy-e-Apoema-competem-em-tres-modalidades.jpeg","width":1280,"height":853},{"@type":"BreadcrumbList","@id":"https:\/\/fieam.org.br\/sesi\/festival-sesi-de-educacao-estimula-competicao-pelo-conhecimento\/#breadcrumb","itemListElement":[{"@type":"ListItem","position":1,"name":"In\u00edcio","item":"https:\/\/fieam.org.br\/sesi\/"},{"@type":"ListItem","position":2,"name":"Festival SESI de Educa\u00e7\u00e3o estimula competi\u00e7\u00e3o pelo conhecimento"}]},{"@type":"WebSite","@id":"https:\/\/fieam.org.br\/sesi\/#website","url":"https:\/\/fieam.org.br\/sesi\/","name":"SESI","description":"Site Oficial!","publisher":{"@id":"https:\/\/fieam.org.br\/sesi\/#organization"},"potentialAction":[{"@type":"SearchAction","target":{"@type":"EntryPoint","urlTemplate":"https:\/\/fieam.org.br\/sesi\/?s={search_term_string}"},"query-input":{"@type":"PropertyValueSpecification","valueRequired":true,"valueName":"search_term_string"}}],"inLanguage":"pt-BR"},{"@type":"Organization","@id":"https:\/\/fieam.org.br\/sesi\/#organization","name":"SESI","url":"https:\/\/fieam.org.br\/sesi\/","logo":{"@type":"ImageObject","inLanguage":"pt-BR","@id":"https:\/\/fieam.org.br\/sesi\/#\/schema\/logo\/image\/","url":"https:\/\/fieam.org.br\/sesi\/wp-content\/uploads\/sites\/14\/2024\/03\/cropped-fav.png","contentUrl":"https:\/\/fieam.org.br\/sesi\/wp-content\/uploads\/sites\/14\/2024\/03\/cropped-fav.png","width":610,"height":589,"caption":"SESI"},"image":{"@id":"https:\/\/fieam.org.br\/sesi\/#\/schema\/logo\/image\/"}},{"@type":"Person","@id":"https:\/\/fieam.org.br\/sesi\/#\/schema\/person\/ff86678b986855fb9f8d2e599eab31ae","name":"cris","image":{"@type":"ImageObject","inLanguage":"pt-BR","@id":"https:\/\/fieam.org.br\/sesi\/#\/schema\/person\/image\/","url":"https:\/\/secure.gravatar.com\/avatar\/e66688f9186abb74f11662d64a816c0971765b5f3721fc721afe90af108548a3?s=96&d=mm&r=g","contentUrl":"https:\/\/secure.gravatar.com\/avatar\/e66688f9186abb74f11662d64a816c0971765b5f3721fc721afe90af108548a3?s=96&d=mm&r=g","caption":"cris"},"sameAs":["https:\/\/x.com\/tour-virtual@fieam.org.br"],"url":"https:\/\/fieam.org.br\/sesi\/author\/cris\/"}]}},"_links":{"self":[{"href":"https:\/\/fieam.org.br\/sesi\/wp-json\/wp\/v2\/posts\/24198","targetHints":{"allow":["GET"]}}],"collection":[{"href":"https:\/\/fieam.org.br\/sesi\/wp-json\/wp\/v2\/posts"}],"about":[{"href":"https:\/\/fieam.org.br\/sesi\/wp-json\/wp\/v2\/types\/post"}],"author":[{"embeddable":true,"href":"https:\/\/fieam.org.br\/sesi\/wp-json\/wp\/v2\/users\/9"}],"replies":[{"embeddable":true,"href":"https:\/\/fieam.org.br\/sesi\/wp-json\/wp\/v2\/comments?post=24198"}],"version-history":[{"count":1,"href":"https:\/\/fieam.org.br\/sesi\/wp-json\/wp\/v2\/posts\/24198\/revisions"}],"predecessor-version":[{"id":24205,"href":"https:\/\/fieam.org.br\/sesi\/wp-json\/wp\/v2\/posts\/24198\/revisions\/24205"}],"wp:featuredmedia":[{"embeddable":true,"href":"https:\/\/fieam.org.br\/sesi\/wp-json\/wp\/v2\/media\/24199"}],"wp:attachment":[{"href":"https:\/\/fieam.org.br\/sesi\/wp-json\/wp\/v2\/media?parent=24198"}],"wp:term":[{"taxonomy":"category","embeddable":true,"href":"https:\/\/fieam.org.br\/sesi\/wp-json\/wp\/v2\/categories?post=24198"},{"taxonomy":"post_tag","embeddable":true,"href":"https:\/\/fieam.org.br\/sesi\/wp-json\/wp\/v2\/tags?post=24198"}],"curies":[{"name":"wp","href":"https:\/\/api.w.org\/{rel}","templated":true}]}}