{"id":24187,"date":"2026-03-03T19:11:21","date_gmt":"2026-03-03T19:11:21","guid":{"rendered":"https:\/\/fieam.org.br\/sesi\/?p=24187"},"modified":"2026-03-03T19:12:26","modified_gmt":"2026-03-03T19:12:26","slug":"amazonas-compete-em-robotica-no-festival-sesi-de-educacao-2026","status":"publish","type":"post","link":"https:\/\/fieam.org.br\/sesi\/amazonas-compete-em-robotica-no-festival-sesi-de-educacao-2026\/","title":{"rendered":"Amazonas compete em rob\u00f3tica no Festival SESI de Educa\u00e7\u00e3o 2026"},"content":{"rendered":"<p>Alunos da Escola SESI de Refer\u00eancia Dra. Emina Barbosa Mustafa chegaram em S\u00e3o Paulo para representar o Amazonas nas competi\u00e7\u00f5es de rob\u00f3tica do Festival SESI de Educa\u00e7\u00e3o 2026, dias 4 a 8, no pavilh\u00e3o da Funda\u00e7\u00e3o Bienal &#8211; Parque Ibirapuera. Dezoito alunos e quatro t\u00e9cnicos levam para a competi\u00e7\u00e3o rob\u00f4s desenvolvidos com engenharia estrat\u00e9gica, programa\u00e7\u00e3o avan\u00e7ada e projetos sociais voltados \u00e0 democratiza\u00e7\u00e3o do acesso \u00e0 tecnologia.<\/p>\n<p><img fetchpriority=\"high\" decoding=\"async\" class=\"wp-image-24189 aligncenter\" src=\"https:\/\/fieam.org.br\/sesi\/wp-content\/uploads\/sites\/14\/2026\/03\/IMG_1227.JPG-300x169.jpeg\" alt=\"\" width=\"657\" height=\"370\" srcset=\"https:\/\/fieam.org.br\/sesi\/wp-content\/uploads\/sites\/14\/2026\/03\/IMG_1227.JPG-300x169.jpeg 300w, https:\/\/fieam.org.br\/sesi\/wp-content\/uploads\/sites\/14\/2026\/03\/IMG_1227.JPG-1024x576.jpeg 1024w, https:\/\/fieam.org.br\/sesi\/wp-content\/uploads\/sites\/14\/2026\/03\/IMG_1227.JPG-768x432.jpeg 768w, https:\/\/fieam.org.br\/sesi\/wp-content\/uploads\/sites\/14\/2026\/03\/IMG_1227.JPG-1536x864.jpeg 1536w, https:\/\/fieam.org.br\/sesi\/wp-content\/uploads\/sites\/14\/2026\/03\/IMG_1227.JPG-2048x1152.jpeg 2048w\" sizes=\"(max-width: 657px) 100vw, 657px\" \/><\/p>\n<p>A equipe Prodixy vai disputar nas categorias FIRST\u00ae Tech Challenge (FTC) e FIRST\u00ae Robotics Competition (FRC). E a equipe Apoema vai concorrer na categoria Stem Racing, buscando garantir vaga para a competi\u00e7\u00e3o internacional.<\/p>\n<p><img decoding=\"async\" class=\"wp-image-24190 aligncenter\" src=\"https:\/\/fieam.org.br\/sesi\/wp-content\/uploads\/sites\/14\/2026\/03\/IMG_1224.JPG-300x169.jpeg\" alt=\"\" width=\"651\" height=\"367\" srcset=\"https:\/\/fieam.org.br\/sesi\/wp-content\/uploads\/sites\/14\/2026\/03\/IMG_1224.JPG-300x169.jpeg 300w, https:\/\/fieam.org.br\/sesi\/wp-content\/uploads\/sites\/14\/2026\/03\/IMG_1224.JPG-1024x576.jpeg 1024w, https:\/\/fieam.org.br\/sesi\/wp-content\/uploads\/sites\/14\/2026\/03\/IMG_1224.JPG-768x432.jpeg 768w, https:\/\/fieam.org.br\/sesi\/wp-content\/uploads\/sites\/14\/2026\/03\/IMG_1224.JPG-1536x864.jpeg 1536w, https:\/\/fieam.org.br\/sesi\/wp-content\/uploads\/sites\/14\/2026\/03\/IMG_1224.JPG-2048x1152.jpeg 2048w\" sizes=\"(max-width: 651px) 100vw, 651px\" \/><\/p>\n<p>Para a FIRST\u00ae Tech Challenge (FTC), a Prodixy desenvolveu o rob\u00f4 #16050, projetado para cumprir com efici\u00eancia os desafios propostos pela competi\u00e7\u00e3o nacional que avalia o desempenho t\u00e9cnico, a estrat\u00e9gia, inova\u00e7\u00e3o e o trabalho em equipe.<\/p>\n<p>A equipe segue um processo estruturado de engenharia, que inclui pesquisa t\u00e9cnica, prototipagem cont\u00ednua, testes de valida\u00e7\u00e3o e tomada de decis\u00f5es baseada em dados. Para isso, utiliza softwares aplicados na ind\u00fastria e na engenharia moderna, como Fusion 360, Onshape e Tinkercad, respons\u00e1veis pela modelagem CAD, simula\u00e7\u00f5es e ajustes estruturais antes da fabrica\u00e7\u00e3o das pe\u00e7as.<\/p>\n<p>O projeto foi desenvolvido ao longo de meses de estudos e testes pr\u00e1ticos, com dedica\u00e7\u00e3o di\u00e1ria dos estudantes para garantir que o rob\u00f4 atendesse integralmente aos requisitos t\u00e9cnicos da competi\u00e7\u00e3o e apresentasse alto desempenho em arena.<\/p>\n<p>A estudante Lauryn Santiago, 16, respons\u00e1vel pela programa\u00e7\u00e3o do rob\u00f4, destaca que o processo exigiu persist\u00eancia e aprendizado constante. \u201cUm dos maiores desafios foi adaptar o rob\u00f4 \u00e0s dimens\u00f5es exigidas e fazer com que todos os sistemas funcionassem juntos de forma eficiente. Tivemos que testar v\u00e1rias solu\u00e7\u00f5es at\u00e9 chegar ao resultado ideal. Cada erro virou aprendizado para melhorar o desempenho\u201d, afirma.<\/p>\n<p>Lauryn tamb\u00e9m ressalta a import\u00e2ncia de sua atua\u00e7\u00e3o em uma \u00e1rea ainda marcada por desafios para meninas. \u201cNo come\u00e7o, ser menina na programa\u00e7\u00e3o parecia intimidante, mas a rob\u00f3tica me mostrou que capacidade n\u00e3o tem g\u00eanero. Hoje me sinto mais confiante e quero incentivar outras meninas a entrarem na tecnologia.\u201d<\/p>\n<p><strong>Categoria FIRST\u00ae Robotics Competition (FRC)<\/strong><\/p>\n<p>Nessa categoria mais complexa, a Prodixy desenvolveu o rob\u00f4 Grace, nome inspirado na cientista da computa\u00e7\u00e3o Grace Hopper. O equipamento foi projetado para executar tarefas em uma arena de grande escala, exigindo resist\u00eancia mec\u00e2nica, velocidade e precis\u00e3o estrat\u00e9gica.<\/p>\n<p>Entre os diferenciais do rob\u00f4 est\u00e3o a programa\u00e7\u00e3o em Java, com uso da biblioteca oficial WPILib, padr\u00e3o da FIRST; arquitetura Command-Based, que organiza o funcionamento em subsistemas independentes, aumentando a confiabilidade; sistema de movimenta\u00e7\u00e3o Tank Drive, priorizando tra\u00e7\u00e3o, estabilidade e desempenho defensivo; uso de limitadores de acelera\u00e7\u00e3o (Slew Rate Limiter), garantindo maior controle durante a pilotagem; pe\u00e7as personalizadas produzidas em impress\u00e3o 3D, otimizando manuten\u00e7\u00e3o e distribui\u00e7\u00e3o de peso; e sistema el\u00e9trico reposicionado para reduzir interfer\u00eancias e facilitar reparos durante as partidas.<\/p>\n<p>\u201cA estrat\u00e9gia da equipe aposta em ciclos r\u00e1pidos de pontua\u00e7\u00e3o, com capacidade de coletar at\u00e9 12 pe\u00e7as por ciclo, atuando como pontuadora principal e defensora secund\u00e1ria dentro das alian\u00e7as formadas durante os jogos\u201d, segundo a t\u00e9cnica Ana Caroline Duarte.<\/p>\n<p>Nesta temporada, a Prodixy prioriza um rob\u00f4 mais robusto e confi\u00e1vel, com melhorias na organiza\u00e7\u00e3o do c\u00f3digo, facilidade de manuten\u00e7\u00e3o e efici\u00eancia mec\u00e2nica, reduzindo riscos de falhas em competi\u00e7\u00e3o e aumentando a consist\u00eancia das a\u00e7\u00f5es em campo.<\/p>\n<p><strong>Tecnologia com prop\u00f3sito social<\/strong><\/p>\n<p>Al\u00e9m do desempenho t\u00e9cnico, a FTC e a FRC valorizam o impacto social das equipes. Nesse aspecto a Prodixy desenvolveu iniciativas voltadas \u00e0 inclus\u00e3o educacional e ao incentivo \u00e0 ci\u00eancia e tecnologia.<\/p>\n<p>Entre os sete projetos apresentados pela equipe est\u00e1 a iniciativa \u2018Biblioteca sem Fronteiras\u2019, que busca ampliar o acesso ao conhecimento por meio da doa\u00e7\u00e3o e circula\u00e7\u00e3o de livros, para promover leitura e educa\u00e7\u00e3o em comunidades com acesso limitado a recursos educacionais.<\/p>\n<p>Outro destaque \u00e9 o Prodixy Girls, projeto criado para incentivar a participa\u00e7\u00e3o feminina nas \u00e1reas STEAM (Ci\u00eancia, Tecnologia, Engenharia, Artes e Matem\u00e1tica). A iniciativa promove mentorias, oficinas e a\u00e7\u00f5es inspiradoras voltadas especialmente para meninas, estimulando confian\u00e7a, lideran\u00e7a e interesse pela tecnologia desde cedo.<\/p>\n<p>A estudante Ericka Thamilly Lima, 17, integrante da \u00e1rea de projetos sociais, acompanha diretamente essas a\u00e7\u00f5es desde que ingressou na equipe, em 2024. Segundo ela, o maior desafio enfrentado est\u00e1 relacionado ao acesso desigual \u00e0 educa\u00e7\u00e3o tecnol\u00f3gica na regi\u00e3o.<\/p>\n<p>\u201cO principal desafio com toda certeza \u00e9 a quest\u00e3o da educa\u00e7\u00e3o, tanto b\u00e1sica quanto tecnol\u00f3gica, percebemos que muitas pessoas de baixa renda n\u00e3o tem acesso \u00e0 educa\u00e7\u00e3o b\u00e1sica e muito menos a tecnol\u00f3gica, e que Manaus tem um grande problema em ampliar o acesso \u00e0 tecnologia e rob\u00f3tica no estado, ent\u00e3o nossos projetos trazem os dois para impactar realmente a comunidade\u201d, disse.<\/p>\n","protected":false},"excerpt":{"rendered":"<p>Alunos da Escola SESI de Refer\u00eancia Dra. Emina Barbosa Mustafa chegaram em S\u00e3o Paulo para representar o Amazonas nas competi\u00e7\u00f5es de rob\u00f3tica do Festival SESI de Educa\u00e7\u00e3o 2026, dias 4 a 8, no pavilh\u00e3o da Funda\u00e7\u00e3o Bienal &#8211; Parque Ibirapuera. Dezoito alunos e quatro t\u00e9cnicos levam para a competi\u00e7\u00e3o rob\u00f4s desenvolvidos com engenharia estrat\u00e9gica, programa\u00e7\u00e3o [&hellip;]<\/p>\n","protected":false},"author":9,"featured_media":24188,"comment_status":"open","ping_status":"open","sticky":false,"template":"","format":"standard","meta":{"footnotes":""},"categories":[1],"tags":[],"class_list":["post-24187","post","type-post","status-publish","format-standard","has-post-thumbnail","hentry","category-geral"],"yoast_head":"<!-- This site is optimized with the Yoast SEO plugin v26.8 - https:\/\/yoast.com\/product\/yoast-seo-wordpress\/ -->\n<title>Amazonas compete em rob\u00f3tica no Festival SESI de Educa\u00e7\u00e3o 2026 - SESI<\/title>\n<meta name=\"robots\" content=\"index, follow, max-snippet:-1, max-image-preview:large, max-video-preview:-1\" \/>\n<link rel=\"canonical\" href=\"https:\/\/fieam.org.br\/sesi\/amazonas-compete-em-robotica-no-festival-sesi-de-educacao-2026\/\" \/>\n<meta property=\"og:locale\" content=\"pt_BR\" \/>\n<meta property=\"og:type\" content=\"article\" \/>\n<meta property=\"og:title\" content=\"Amazonas compete em rob\u00f3tica no Festival SESI de Educa\u00e7\u00e3o 2026 - SESI\" \/>\n<meta property=\"og:description\" content=\"Alunos da Escola SESI de Refer\u00eancia Dra. Emina Barbosa Mustafa chegaram em S\u00e3o Paulo para representar o Amazonas nas competi\u00e7\u00f5es de rob\u00f3tica do Festival SESI de Educa\u00e7\u00e3o 2026, dias 4 a 8, no pavilh\u00e3o da Funda\u00e7\u00e3o Bienal &#8211; Parque Ibirapuera. Dezoito alunos e quatro t\u00e9cnicos levam para a competi\u00e7\u00e3o rob\u00f4s desenvolvidos com engenharia estrat\u00e9gica, programa\u00e7\u00e3o [&hellip;]\" \/>\n<meta property=\"og:url\" content=\"https:\/\/fieam.org.br\/sesi\/amazonas-compete-em-robotica-no-festival-sesi-de-educacao-2026\/\" \/>\n<meta property=\"og:site_name\" content=\"SESI\" \/>\n<meta property=\"article:published_time\" content=\"2026-03-03T19:11:21+00:00\" \/>\n<meta property=\"article:modified_time\" content=\"2026-03-03T19:12:26+00:00\" \/>\n<meta property=\"og:image\" content=\"https:\/\/fieam.org.br\/sesi\/wp-content\/uploads\/sites\/14\/2026\/03\/Comitiva-formada-por-alunos-e-tecnicos-participam-do-Festival-SESI-de-Educacao-em-Sao-Paulo.jpg\" \/>\n\t<meta property=\"og:image:width\" content=\"2000\" \/>\n\t<meta property=\"og:image:height\" content=\"1125\" \/>\n\t<meta property=\"og:image:type\" content=\"image\/jpeg\" \/>\n<meta name=\"author\" content=\"cris\" \/>\n<meta name=\"twitter:card\" content=\"summary_large_image\" \/>\n<meta name=\"twitter:creator\" content=\"@tour-virtual@fieam.org.br\" \/>\n<meta name=\"twitter:label1\" content=\"Escrito por\" \/>\n\t<meta name=\"twitter:data1\" content=\"cris\" \/>\n\t<meta name=\"twitter:label2\" content=\"Est. tempo de leitura\" \/>\n\t<meta name=\"twitter:data2\" content=\"5 minutos\" \/>\n<script type=\"application\/ld+json\" class=\"yoast-schema-graph\">{\"@context\":\"https:\/\/schema.org\",\"@graph\":[{\"@type\":\"Article\",\"@id\":\"https:\/\/fieam.org.br\/sesi\/amazonas-compete-em-robotica-no-festival-sesi-de-educacao-2026\/#article\",\"isPartOf\":{\"@id\":\"https:\/\/fieam.org.br\/sesi\/amazonas-compete-em-robotica-no-festival-sesi-de-educacao-2026\/\"},\"author\":{\"name\":\"cris\",\"@id\":\"https:\/\/fieam.org.br\/sesi\/#\/schema\/person\/ff86678b986855fb9f8d2e599eab31ae\"},\"headline\":\"Amazonas compete em rob\u00f3tica no Festival SESI de Educa\u00e7\u00e3o 2026\",\"datePublished\":\"2026-03-03T19:11:21+00:00\",\"dateModified\":\"2026-03-03T19:12:26+00:00\",\"mainEntityOfPage\":{\"@id\":\"https:\/\/fieam.org.br\/sesi\/amazonas-compete-em-robotica-no-festival-sesi-de-educacao-2026\/\"},\"wordCount\":858,\"commentCount\":0,\"publisher\":{\"@id\":\"https:\/\/fieam.org.br\/sesi\/#organization\"},\"image\":{\"@id\":\"https:\/\/fieam.org.br\/sesi\/amazonas-compete-em-robotica-no-festival-sesi-de-educacao-2026\/#primaryimage\"},\"thumbnailUrl\":\"https:\/\/fieam.org.br\/sesi\/wp-content\/uploads\/sites\/14\/2026\/03\/Comitiva-formada-por-alunos-e-tecnicos-participam-do-Festival-SESI-de-Educacao-em-Sao-Paulo.jpg\",\"articleSection\":[\"Geral\"],\"inLanguage\":\"pt-BR\",\"potentialAction\":[{\"@type\":\"CommentAction\",\"name\":\"Comment\",\"target\":[\"https:\/\/fieam.org.br\/sesi\/amazonas-compete-em-robotica-no-festival-sesi-de-educacao-2026\/#respond\"]}]},{\"@type\":\"WebPage\",\"@id\":\"https:\/\/fieam.org.br\/sesi\/amazonas-compete-em-robotica-no-festival-sesi-de-educacao-2026\/\",\"url\":\"https:\/\/fieam.org.br\/sesi\/amazonas-compete-em-robotica-no-festival-sesi-de-educacao-2026\/\",\"name\":\"Amazonas compete em rob\u00f3tica no Festival SESI de Educa\u00e7\u00e3o 2026 - SESI\",\"isPartOf\":{\"@id\":\"https:\/\/fieam.org.br\/sesi\/#website\"},\"primaryImageOfPage\":{\"@id\":\"https:\/\/fieam.org.br\/sesi\/amazonas-compete-em-robotica-no-festival-sesi-de-educacao-2026\/#primaryimage\"},\"image\":{\"@id\":\"https:\/\/fieam.org.br\/sesi\/amazonas-compete-em-robotica-no-festival-sesi-de-educacao-2026\/#primaryimage\"},\"thumbnailUrl\":\"https:\/\/fieam.org.br\/sesi\/wp-content\/uploads\/sites\/14\/2026\/03\/Comitiva-formada-por-alunos-e-tecnicos-participam-do-Festival-SESI-de-Educacao-em-Sao-Paulo.jpg\",\"datePublished\":\"2026-03-03T19:11:21+00:00\",\"dateModified\":\"2026-03-03T19:12:26+00:00\",\"breadcrumb\":{\"@id\":\"https:\/\/fieam.org.br\/sesi\/amazonas-compete-em-robotica-no-festival-sesi-de-educacao-2026\/#breadcrumb\"},\"inLanguage\":\"pt-BR\",\"potentialAction\":[{\"@type\":\"ReadAction\",\"target\":[\"https:\/\/fieam.org.br\/sesi\/amazonas-compete-em-robotica-no-festival-sesi-de-educacao-2026\/\"]}]},{\"@type\":\"ImageObject\",\"inLanguage\":\"pt-BR\",\"@id\":\"https:\/\/fieam.org.br\/sesi\/amazonas-compete-em-robotica-no-festival-sesi-de-educacao-2026\/#primaryimage\",\"url\":\"https:\/\/fieam.org.br\/sesi\/wp-content\/uploads\/sites\/14\/2026\/03\/Comitiva-formada-por-alunos-e-tecnicos-participam-do-Festival-SESI-de-Educacao-em-Sao-Paulo.jpg\",\"contentUrl\":\"https:\/\/fieam.org.br\/sesi\/wp-content\/uploads\/sites\/14\/2026\/03\/Comitiva-formada-por-alunos-e-tecnicos-participam-do-Festival-SESI-de-Educacao-em-Sao-Paulo.jpg\",\"width\":2000,\"height\":1125},{\"@type\":\"BreadcrumbList\",\"@id\":\"https:\/\/fieam.org.br\/sesi\/amazonas-compete-em-robotica-no-festival-sesi-de-educacao-2026\/#breadcrumb\",\"itemListElement\":[{\"@type\":\"ListItem\",\"position\":1,\"name\":\"In\u00edcio\",\"item\":\"https:\/\/fieam.org.br\/sesi\/\"},{\"@type\":\"ListItem\",\"position\":2,\"name\":\"Amazonas compete em rob\u00f3tica no Festival SESI de Educa\u00e7\u00e3o 2026\"}]},{\"@type\":\"WebSite\",\"@id\":\"https:\/\/fieam.org.br\/sesi\/#website\",\"url\":\"https:\/\/fieam.org.br\/sesi\/\",\"name\":\"SESI\",\"description\":\"Site Oficial!\",\"publisher\":{\"@id\":\"https:\/\/fieam.org.br\/sesi\/#organization\"},\"potentialAction\":[{\"@type\":\"SearchAction\",\"target\":{\"@type\":\"EntryPoint\",\"urlTemplate\":\"https:\/\/fieam.org.br\/sesi\/?s={search_term_string}\"},\"query-input\":{\"@type\":\"PropertyValueSpecification\",\"valueRequired\":true,\"valueName\":\"search_term_string\"}}],\"inLanguage\":\"pt-BR\"},{\"@type\":\"Organization\",\"@id\":\"https:\/\/fieam.org.br\/sesi\/#organization\",\"name\":\"SESI\",\"url\":\"https:\/\/fieam.org.br\/sesi\/\",\"logo\":{\"@type\":\"ImageObject\",\"inLanguage\":\"pt-BR\",\"@id\":\"https:\/\/fieam.org.br\/sesi\/#\/schema\/logo\/image\/\",\"url\":\"https:\/\/fieam.org.br\/sesi\/wp-content\/uploads\/sites\/14\/2024\/03\/cropped-fav.png\",\"contentUrl\":\"https:\/\/fieam.org.br\/sesi\/wp-content\/uploads\/sites\/14\/2024\/03\/cropped-fav.png\",\"width\":610,\"height\":589,\"caption\":\"SESI\"},\"image\":{\"@id\":\"https:\/\/fieam.org.br\/sesi\/#\/schema\/logo\/image\/\"}},{\"@type\":\"Person\",\"@id\":\"https:\/\/fieam.org.br\/sesi\/#\/schema\/person\/ff86678b986855fb9f8d2e599eab31ae\",\"name\":\"cris\",\"image\":{\"@type\":\"ImageObject\",\"inLanguage\":\"pt-BR\",\"@id\":\"https:\/\/fieam.org.br\/sesi\/#\/schema\/person\/image\/\",\"url\":\"https:\/\/secure.gravatar.com\/avatar\/e66688f9186abb74f11662d64a816c0971765b5f3721fc721afe90af108548a3?s=96&d=mm&r=g\",\"contentUrl\":\"https:\/\/secure.gravatar.com\/avatar\/e66688f9186abb74f11662d64a816c0971765b5f3721fc721afe90af108548a3?s=96&d=mm&r=g\",\"caption\":\"cris\"},\"sameAs\":[\"https:\/\/x.com\/tour-virtual@fieam.org.br\"],\"url\":\"https:\/\/fieam.org.br\/sesi\/author\/cris\/\"}]}<\/script>\n<!-- \/ Yoast SEO plugin. -->","yoast_head_json":{"title":"Amazonas compete em rob\u00f3tica no Festival SESI de Educa\u00e7\u00e3o 2026 - SESI","robots":{"index":"index","follow":"follow","max-snippet":"max-snippet:-1","max-image-preview":"max-image-preview:large","max-video-preview":"max-video-preview:-1"},"canonical":"https:\/\/fieam.org.br\/sesi\/amazonas-compete-em-robotica-no-festival-sesi-de-educacao-2026\/","og_locale":"pt_BR","og_type":"article","og_title":"Amazonas compete em rob\u00f3tica no Festival SESI de Educa\u00e7\u00e3o 2026 - SESI","og_description":"Alunos da Escola SESI de Refer\u00eancia Dra. Emina Barbosa Mustafa chegaram em S\u00e3o Paulo para representar o Amazonas nas competi\u00e7\u00f5es de rob\u00f3tica do Festival SESI de Educa\u00e7\u00e3o 2026, dias 4 a 8, no pavilh\u00e3o da Funda\u00e7\u00e3o Bienal &#8211; Parque Ibirapuera. Dezoito alunos e quatro t\u00e9cnicos levam para a competi\u00e7\u00e3o rob\u00f4s desenvolvidos com engenharia estrat\u00e9gica, programa\u00e7\u00e3o [&hellip;]","og_url":"https:\/\/fieam.org.br\/sesi\/amazonas-compete-em-robotica-no-festival-sesi-de-educacao-2026\/","og_site_name":"SESI","article_published_time":"2026-03-03T19:11:21+00:00","article_modified_time":"2026-03-03T19:12:26+00:00","og_image":[{"width":2000,"height":1125,"url":"https:\/\/fieam.org.br\/sesi\/wp-content\/uploads\/sites\/14\/2026\/03\/Comitiva-formada-por-alunos-e-tecnicos-participam-do-Festival-SESI-de-Educacao-em-Sao-Paulo.jpg","type":"image\/jpeg"}],"author":"cris","twitter_card":"summary_large_image","twitter_creator":"@tour-virtual@fieam.org.br","twitter_misc":{"Escrito por":"cris","Est. tempo de leitura":"5 minutos"},"schema":{"@context":"https:\/\/schema.org","@graph":[{"@type":"Article","@id":"https:\/\/fieam.org.br\/sesi\/amazonas-compete-em-robotica-no-festival-sesi-de-educacao-2026\/#article","isPartOf":{"@id":"https:\/\/fieam.org.br\/sesi\/amazonas-compete-em-robotica-no-festival-sesi-de-educacao-2026\/"},"author":{"name":"cris","@id":"https:\/\/fieam.org.br\/sesi\/#\/schema\/person\/ff86678b986855fb9f8d2e599eab31ae"},"headline":"Amazonas compete em rob\u00f3tica no Festival SESI de Educa\u00e7\u00e3o 2026","datePublished":"2026-03-03T19:11:21+00:00","dateModified":"2026-03-03T19:12:26+00:00","mainEntityOfPage":{"@id":"https:\/\/fieam.org.br\/sesi\/amazonas-compete-em-robotica-no-festival-sesi-de-educacao-2026\/"},"wordCount":858,"commentCount":0,"publisher":{"@id":"https:\/\/fieam.org.br\/sesi\/#organization"},"image":{"@id":"https:\/\/fieam.org.br\/sesi\/amazonas-compete-em-robotica-no-festival-sesi-de-educacao-2026\/#primaryimage"},"thumbnailUrl":"https:\/\/fieam.org.br\/sesi\/wp-content\/uploads\/sites\/14\/2026\/03\/Comitiva-formada-por-alunos-e-tecnicos-participam-do-Festival-SESI-de-Educacao-em-Sao-Paulo.jpg","articleSection":["Geral"],"inLanguage":"pt-BR","potentialAction":[{"@type":"CommentAction","name":"Comment","target":["https:\/\/fieam.org.br\/sesi\/amazonas-compete-em-robotica-no-festival-sesi-de-educacao-2026\/#respond"]}]},{"@type":"WebPage","@id":"https:\/\/fieam.org.br\/sesi\/amazonas-compete-em-robotica-no-festival-sesi-de-educacao-2026\/","url":"https:\/\/fieam.org.br\/sesi\/amazonas-compete-em-robotica-no-festival-sesi-de-educacao-2026\/","name":"Amazonas compete em rob\u00f3tica no Festival SESI de Educa\u00e7\u00e3o 2026 - SESI","isPartOf":{"@id":"https:\/\/fieam.org.br\/sesi\/#website"},"primaryImageOfPage":{"@id":"https:\/\/fieam.org.br\/sesi\/amazonas-compete-em-robotica-no-festival-sesi-de-educacao-2026\/#primaryimage"},"image":{"@id":"https:\/\/fieam.org.br\/sesi\/amazonas-compete-em-robotica-no-festival-sesi-de-educacao-2026\/#primaryimage"},"thumbnailUrl":"https:\/\/fieam.org.br\/sesi\/wp-content\/uploads\/sites\/14\/2026\/03\/Comitiva-formada-por-alunos-e-tecnicos-participam-do-Festival-SESI-de-Educacao-em-Sao-Paulo.jpg","datePublished":"2026-03-03T19:11:21+00:00","dateModified":"2026-03-03T19:12:26+00:00","breadcrumb":{"@id":"https:\/\/fieam.org.br\/sesi\/amazonas-compete-em-robotica-no-festival-sesi-de-educacao-2026\/#breadcrumb"},"inLanguage":"pt-BR","potentialAction":[{"@type":"ReadAction","target":["https:\/\/fieam.org.br\/sesi\/amazonas-compete-em-robotica-no-festival-sesi-de-educacao-2026\/"]}]},{"@type":"ImageObject","inLanguage":"pt-BR","@id":"https:\/\/fieam.org.br\/sesi\/amazonas-compete-em-robotica-no-festival-sesi-de-educacao-2026\/#primaryimage","url":"https:\/\/fieam.org.br\/sesi\/wp-content\/uploads\/sites\/14\/2026\/03\/Comitiva-formada-por-alunos-e-tecnicos-participam-do-Festival-SESI-de-Educacao-em-Sao-Paulo.jpg","contentUrl":"https:\/\/fieam.org.br\/sesi\/wp-content\/uploads\/sites\/14\/2026\/03\/Comitiva-formada-por-alunos-e-tecnicos-participam-do-Festival-SESI-de-Educacao-em-Sao-Paulo.jpg","width":2000,"height":1125},{"@type":"BreadcrumbList","@id":"https:\/\/fieam.org.br\/sesi\/amazonas-compete-em-robotica-no-festival-sesi-de-educacao-2026\/#breadcrumb","itemListElement":[{"@type":"ListItem","position":1,"name":"In\u00edcio","item":"https:\/\/fieam.org.br\/sesi\/"},{"@type":"ListItem","position":2,"name":"Amazonas compete em rob\u00f3tica no Festival SESI de Educa\u00e7\u00e3o 2026"}]},{"@type":"WebSite","@id":"https:\/\/fieam.org.br\/sesi\/#website","url":"https:\/\/fieam.org.br\/sesi\/","name":"SESI","description":"Site Oficial!","publisher":{"@id":"https:\/\/fieam.org.br\/sesi\/#organization"},"potentialAction":[{"@type":"SearchAction","target":{"@type":"EntryPoint","urlTemplate":"https:\/\/fieam.org.br\/sesi\/?s={search_term_string}"},"query-input":{"@type":"PropertyValueSpecification","valueRequired":true,"valueName":"search_term_string"}}],"inLanguage":"pt-BR"},{"@type":"Organization","@id":"https:\/\/fieam.org.br\/sesi\/#organization","name":"SESI","url":"https:\/\/fieam.org.br\/sesi\/","logo":{"@type":"ImageObject","inLanguage":"pt-BR","@id":"https:\/\/fieam.org.br\/sesi\/#\/schema\/logo\/image\/","url":"https:\/\/fieam.org.br\/sesi\/wp-content\/uploads\/sites\/14\/2024\/03\/cropped-fav.png","contentUrl":"https:\/\/fieam.org.br\/sesi\/wp-content\/uploads\/sites\/14\/2024\/03\/cropped-fav.png","width":610,"height":589,"caption":"SESI"},"image":{"@id":"https:\/\/fieam.org.br\/sesi\/#\/schema\/logo\/image\/"}},{"@type":"Person","@id":"https:\/\/fieam.org.br\/sesi\/#\/schema\/person\/ff86678b986855fb9f8d2e599eab31ae","name":"cris","image":{"@type":"ImageObject","inLanguage":"pt-BR","@id":"https:\/\/fieam.org.br\/sesi\/#\/schema\/person\/image\/","url":"https:\/\/secure.gravatar.com\/avatar\/e66688f9186abb74f11662d64a816c0971765b5f3721fc721afe90af108548a3?s=96&d=mm&r=g","contentUrl":"https:\/\/secure.gravatar.com\/avatar\/e66688f9186abb74f11662d64a816c0971765b5f3721fc721afe90af108548a3?s=96&d=mm&r=g","caption":"cris"},"sameAs":["https:\/\/x.com\/tour-virtual@fieam.org.br"],"url":"https:\/\/fieam.org.br\/sesi\/author\/cris\/"}]}},"_links":{"self":[{"href":"https:\/\/fieam.org.br\/sesi\/wp-json\/wp\/v2\/posts\/24187","targetHints":{"allow":["GET"]}}],"collection":[{"href":"https:\/\/fieam.org.br\/sesi\/wp-json\/wp\/v2\/posts"}],"about":[{"href":"https:\/\/fieam.org.br\/sesi\/wp-json\/wp\/v2\/types\/post"}],"author":[{"embeddable":true,"href":"https:\/\/fieam.org.br\/sesi\/wp-json\/wp\/v2\/users\/9"}],"replies":[{"embeddable":true,"href":"https:\/\/fieam.org.br\/sesi\/wp-json\/wp\/v2\/comments?post=24187"}],"version-history":[{"count":2,"href":"https:\/\/fieam.org.br\/sesi\/wp-json\/wp\/v2\/posts\/24187\/revisions"}],"predecessor-version":[{"id":24192,"href":"https:\/\/fieam.org.br\/sesi\/wp-json\/wp\/v2\/posts\/24187\/revisions\/24192"}],"wp:featuredmedia":[{"embeddable":true,"href":"https:\/\/fieam.org.br\/sesi\/wp-json\/wp\/v2\/media\/24188"}],"wp:attachment":[{"href":"https:\/\/fieam.org.br\/sesi\/wp-json\/wp\/v2\/media?parent=24187"}],"wp:term":[{"taxonomy":"category","embeddable":true,"href":"https:\/\/fieam.org.br\/sesi\/wp-json\/wp\/v2\/categories?post=24187"},{"taxonomy":"post_tag","embeddable":true,"href":"https:\/\/fieam.org.br\/sesi\/wp-json\/wp\/v2\/tags?post=24187"}],"curies":[{"name":"wp","href":"https:\/\/api.w.org\/{rel}","templated":true}]}}