{"id":24154,"date":"2026-02-24T13:14:07","date_gmt":"2026-02-24T13:14:07","guid":{"rendered":"https:\/\/fieam.org.br\/sesi\/?p=24154"},"modified":"2026-03-25T14:30:24","modified_gmt":"2026-03-25T14:30:24","slug":"comunicado-processo-seletivo-externo-no-009-2026-per-professor-de-educacao-regular","status":"publish","type":"post","link":"https:\/\/fieam.org.br\/sesi\/comunicado-processo-seletivo-externo-no-009-2026-per-professor-de-educacao-regular\/","title":{"rendered":"COMUNICADO PROCESSO SELETIVO EXTERNO \u2013 N\u00ba 009-2026\/PER \u2013 PROFESSOR DE EDUCA\u00c7\u00c3O REGULAR"},"content":{"rendered":"<p><strong>COMUNICADO PROCESSO SELETIVO EXTERNO \u2013 N\u00ba 009-2026<\/strong><\/p>\n<p><strong>C\u00d3DIGO DA VAGA: <\/strong>001<\/p>\n<p><strong>CARGO: <\/strong>PER \u2013 PROFESSOR DE EDUCA\u00c7\u00c3O REGULAR<\/p>\n<p><strong>OCUPA\u00c7\u00c3O: <\/strong>PROFESSOR (EDUCA\u00c7\u00c3O INFANTIL)<\/p>\n<p><strong>CURSO DE ATUA\u00c7\u00c3O:<\/strong> PEDAGOGIA<\/p>\n<p><strong>C\u00d3DIGO DA VAGA: <\/strong>002<\/p>\n<p><strong>CARGO: <\/strong>PER \u2013 PROFESSOR DE EDUCA\u00c7\u00c3O REGULAR<\/p>\n<p><strong>OCUPA\u00c7\u00c3O: <\/strong>PROFESSOR (1\u00ba AO 2\u00ba ANO)<\/p>\n<p><strong>CURSO DE ATUA\u00c7\u00c3O:<\/strong> PEDAGOGIA<\/p>\n<p>O Servi\u00e7o Social da Ind\u00fastria (SESI), por meio da Ger\u00eancia de Gest\u00e3o de Pessoas\/Sele\u00e7\u00e3o de Talentos do Sistema Ind\u00fastria do Estado do Amazonas (FIEAM, SESI, SENAI e IEL), abre inscri\u00e7\u00f5es para forma\u00e7\u00e3o de cadastro de reserva. A lota\u00e7\u00e3o ser\u00e1 na Escola SESI Dr. Francisco Garcia, na cidade de Manaus.<\/p>\n<p><a href=\"https:\/\/fieam.org.br\/sesi\/wp-content\/uploads\/sites\/14\/2026\/02\/230226-1-010-2026-PSE-EFGARCIA-PER_PROFPEDAG-1.pdf\">Clique aqui para obter mais informa\u00e7\u00f5es pertinentes ao processo.<\/a><\/p>\n<p><a href=\"https:\/\/fieam.org.br\/sesi\/wp-content\/uploads\/sites\/14\/2026\/02\/cadastro-inicial-NOVO_VALE-ESTE.docx\">Formul\u00e1rio para Cadastro Inicial<\/a><\/p>\n<p><a href=\"https:\/\/fieam.org.br\/sesi\/wp-content\/uploads\/sites\/14\/2026\/02\/230226_Formulario-para-interposicao-de-recurso.docx\">Formul\u00e1rio para Interposi\u00e7\u00e3o de Recurso\u00a0<\/a><\/p>\n<p><a href=\"https:\/\/fieam.org.br\/sesi\/wp-content\/uploads\/sites\/14\/2026\/02\/050326-3-009-2026-RESULT.-PARCIAL-ETAPA-1-PSE-EFGARCIA-PER_PROFPEDAG-1.pdf\">Resultado Parcial Etapa 1<\/a><\/p>\n<p><a href=\"https:\/\/fieam.org.br\/sesi\/wp-content\/uploads\/sites\/14\/2026\/02\/100326-5-009-2026-RESULT.-FINAL-ETAPA-1-PSE-EFGARCIA-PER_PROFPEDAG.pdf\">Resultado Final Etapa 1<\/a><\/p>\n<p><a href=\"https:\/\/fieam.org.br\/sesi\/wp-content\/uploads\/sites\/14\/2026\/02\/190326-6-009-2026-RESULT.-PARCIAL-ETAPA-2-PSE-EFGARCIA-PER_PROFPEDAG.pdf\"><span lang=\"PT\">Resultado Parcial Etapa 2<\/span><\/a><\/p>\n<p><a href=\"https:\/\/fieam.org.br\/sesi\/wp-content\/uploads\/sites\/14\/2026\/02\/250326_7-009-2026-RESULT.-FINAL-ETAPA-2-PSE-EFGARCIA-PER_PROFPEDAG.pdf\">Resultado Final Etapa 2<\/a><\/p>\n<p>&nbsp;<\/p>\n<p>&nbsp;<\/p>\n<p>&nbsp;<\/p>\n<p>&nbsp;<\/p>\n<p>&nbsp;<\/p>\n","protected":false},"excerpt":{"rendered":"<p>COMUNICADO PROCESSO SELETIVO EXTERNO \u2013 N\u00ba 009-2026 C\u00d3DIGO DA VAGA: 001 CARGO: PER \u2013 PROFESSOR DE EDUCA\u00c7\u00c3O REGULAR OCUPA\u00c7\u00c3O: PROFESSOR (EDUCA\u00c7\u00c3O INFANTIL) CURSO DE ATUA\u00c7\u00c3O: PEDAGOGIA C\u00d3DIGO DA VAGA: 002 CARGO: PER \u2013 PROFESSOR DE EDUCA\u00c7\u00c3O REGULAR OCUPA\u00c7\u00c3O: PROFESSOR (1\u00ba AO 2\u00ba ANO) CURSO DE ATUA\u00c7\u00c3O: PEDAGOGIA O Servi\u00e7o Social da Ind\u00fastria (SESI), por meio [&hellip;]<\/p>\n","protected":false},"author":11,"featured_media":22091,"comment_status":"open","ping_status":"open","sticky":false,"template":"","format":"standard","meta":{"footnotes":""},"categories":[20,28],"tags":[],"class_list":["post-24154","post","type-post","status-publish","format-standard","has-post-thumbnail","hentry","category-banner-destaque","category-selecao"],"yoast_head":"<!-- This site is optimized with the Yoast SEO plugin v26.8 - https:\/\/yoast.com\/product\/yoast-seo-wordpress\/ -->\n<title>COMUNICADO PROCESSO SELETIVO EXTERNO \u2013 N\u00ba 009-2026\/PER \u2013 PROFESSOR DE EDUCA\u00c7\u00c3O REGULAR - SESI<\/title>\n<meta name=\"robots\" content=\"index, follow, max-snippet:-1, max-image-preview:large, max-video-preview:-1\" \/>\n<link rel=\"canonical\" href=\"https:\/\/fieam.org.br\/sesi\/comunicado-processo-seletivo-externo-no-009-2026-per-professor-de-educacao-regular\/\" \/>\n<meta property=\"og:locale\" content=\"pt_BR\" \/>\n<meta property=\"og:type\" content=\"article\" \/>\n<meta property=\"og:title\" content=\"COMUNICADO PROCESSO SELETIVO EXTERNO \u2013 N\u00ba 009-2026\/PER \u2013 PROFESSOR DE EDUCA\u00c7\u00c3O REGULAR - SESI\" \/>\n<meta property=\"og:description\" content=\"COMUNICADO PROCESSO SELETIVO EXTERNO \u2013 N\u00ba 009-2026 C\u00d3DIGO DA VAGA: 001 CARGO: PER \u2013 PROFESSOR DE EDUCA\u00c7\u00c3O REGULAR OCUPA\u00c7\u00c3O: PROFESSOR (EDUCA\u00c7\u00c3O INFANTIL) CURSO DE ATUA\u00c7\u00c3O: PEDAGOGIA C\u00d3DIGO DA VAGA: 002 CARGO: PER \u2013 PROFESSOR DE EDUCA\u00c7\u00c3O REGULAR OCUPA\u00c7\u00c3O: PROFESSOR (1\u00ba AO 2\u00ba ANO) CURSO DE ATUA\u00c7\u00c3O: PEDAGOGIA O Servi\u00e7o Social da Ind\u00fastria (SESI), por meio [&hellip;]\" \/>\n<meta property=\"og:url\" content=\"https:\/\/fieam.org.br\/sesi\/comunicado-processo-seletivo-externo-no-009-2026-per-professor-de-educacao-regular\/\" \/>\n<meta property=\"og:site_name\" content=\"SESI\" \/>\n<meta property=\"article:published_time\" content=\"2026-02-24T13:14:07+00:00\" \/>\n<meta property=\"article:modified_time\" content=\"2026-03-25T14:30:24+00:00\" \/>\n<meta property=\"og:image\" content=\"https:\/\/fieam.org.br\/sesi\/wp-content\/uploads\/sites\/14\/2025\/06\/SELECAO-DE-TALENTOS-SENAI-copia-2.png\" \/>\n\t<meta property=\"og:image:width\" content=\"466\" \/>\n\t<meta property=\"og:image:height\" content=\"466\" \/>\n\t<meta property=\"og:image:type\" content=\"image\/png\" \/>\n<meta name=\"author\" content=\"ericafrazao\" \/>\n<meta name=\"twitter:card\" content=\"summary_large_image\" \/>\n<meta name=\"twitter:label1\" content=\"Escrito por\" \/>\n\t<meta name=\"twitter:data1\" content=\"ericafrazao\" \/>\n\t<meta name=\"twitter:label2\" content=\"Est. tempo de leitura\" \/>\n\t<meta name=\"twitter:data2\" content=\"1 minuto\" \/>\n<script type=\"application\/ld+json\" class=\"yoast-schema-graph\">{\"@context\":\"https:\/\/schema.org\",\"@graph\":[{\"@type\":\"Article\",\"@id\":\"https:\/\/fieam.org.br\/sesi\/comunicado-processo-seletivo-externo-no-009-2026-per-professor-de-educacao-regular\/#article\",\"isPartOf\":{\"@id\":\"https:\/\/fieam.org.br\/sesi\/comunicado-processo-seletivo-externo-no-009-2026-per-professor-de-educacao-regular\/\"},\"author\":{\"name\":\"ericafrazao\",\"@id\":\"https:\/\/fieam.org.br\/sesi\/#\/schema\/person\/e7180bddb56f859ea09b3f217040b3eb\"},\"headline\":\"COMUNICADO PROCESSO SELETIVO EXTERNO \u2013 N\u00ba 009-2026\/PER \u2013 PROFESSOR DE EDUCA\u00c7\u00c3O REGULAR\",\"datePublished\":\"2026-02-24T13:14:07+00:00\",\"dateModified\":\"2026-03-25T14:30:24+00:00\",\"mainEntityOfPage\":{\"@id\":\"https:\/\/fieam.org.br\/sesi\/comunicado-processo-seletivo-externo-no-009-2026-per-professor-de-educacao-regular\/\"},\"wordCount\":159,\"commentCount\":0,\"publisher\":{\"@id\":\"https:\/\/fieam.org.br\/sesi\/#organization\"},\"image\":{\"@id\":\"https:\/\/fieam.org.br\/sesi\/comunicado-processo-seletivo-externo-no-009-2026-per-professor-de-educacao-regular\/#primaryimage\"},\"thumbnailUrl\":\"https:\/\/fieam.org.br\/sesi\/wp-content\/uploads\/sites\/14\/2025\/06\/SELECAO-DE-TALENTOS-SENAI-copia-2.png\",\"articleSection\":[\"Banner Destaque\",\"selecao\"],\"inLanguage\":\"pt-BR\",\"potentialAction\":[{\"@type\":\"CommentAction\",\"name\":\"Comment\",\"target\":[\"https:\/\/fieam.org.br\/sesi\/comunicado-processo-seletivo-externo-no-009-2026-per-professor-de-educacao-regular\/#respond\"]}]},{\"@type\":\"WebPage\",\"@id\":\"https:\/\/fieam.org.br\/sesi\/comunicado-processo-seletivo-externo-no-009-2026-per-professor-de-educacao-regular\/\",\"url\":\"https:\/\/fieam.org.br\/sesi\/comunicado-processo-seletivo-externo-no-009-2026-per-professor-de-educacao-regular\/\",\"name\":\"COMUNICADO PROCESSO SELETIVO EXTERNO \u2013 N\u00ba 009-2026\/PER \u2013 PROFESSOR DE EDUCA\u00c7\u00c3O REGULAR - SESI\",\"isPartOf\":{\"@id\":\"https:\/\/fieam.org.br\/sesi\/#website\"},\"primaryImageOfPage\":{\"@id\":\"https:\/\/fieam.org.br\/sesi\/comunicado-processo-seletivo-externo-no-009-2026-per-professor-de-educacao-regular\/#primaryimage\"},\"image\":{\"@id\":\"https:\/\/fieam.org.br\/sesi\/comunicado-processo-seletivo-externo-no-009-2026-per-professor-de-educacao-regular\/#primaryimage\"},\"thumbnailUrl\":\"https:\/\/fieam.org.br\/sesi\/wp-content\/uploads\/sites\/14\/2025\/06\/SELECAO-DE-TALENTOS-SENAI-copia-2.png\",\"datePublished\":\"2026-02-24T13:14:07+00:00\",\"dateModified\":\"2026-03-25T14:30:24+00:00\",\"breadcrumb\":{\"@id\":\"https:\/\/fieam.org.br\/sesi\/comunicado-processo-seletivo-externo-no-009-2026-per-professor-de-educacao-regular\/#breadcrumb\"},\"inLanguage\":\"pt-BR\",\"potentialAction\":[{\"@type\":\"ReadAction\",\"target\":[\"https:\/\/fieam.org.br\/sesi\/comunicado-processo-seletivo-externo-no-009-2026-per-professor-de-educacao-regular\/\"]}]},{\"@type\":\"ImageObject\",\"inLanguage\":\"pt-BR\",\"@id\":\"https:\/\/fieam.org.br\/sesi\/comunicado-processo-seletivo-externo-no-009-2026-per-professor-de-educacao-regular\/#primaryimage\",\"url\":\"https:\/\/fieam.org.br\/sesi\/wp-content\/uploads\/sites\/14\/2025\/06\/SELECAO-DE-TALENTOS-SENAI-copia-2.png\",\"contentUrl\":\"https:\/\/fieam.org.br\/sesi\/wp-content\/uploads\/sites\/14\/2025\/06\/SELECAO-DE-TALENTOS-SENAI-copia-2.png\",\"width\":466,\"height\":466},{\"@type\":\"BreadcrumbList\",\"@id\":\"https:\/\/fieam.org.br\/sesi\/comunicado-processo-seletivo-externo-no-009-2026-per-professor-de-educacao-regular\/#breadcrumb\",\"itemListElement\":[{\"@type\":\"ListItem\",\"position\":1,\"name\":\"In\u00edcio\",\"item\":\"https:\/\/fieam.org.br\/sesi\/\"},{\"@type\":\"ListItem\",\"position\":2,\"name\":\"COMUNICADO PROCESSO SELETIVO EXTERNO \u2013 N\u00ba 009-2026\/PER \u2013 PROFESSOR DE EDUCA\u00c7\u00c3O REGULAR\"}]},{\"@type\":\"WebSite\",\"@id\":\"https:\/\/fieam.org.br\/sesi\/#website\",\"url\":\"https:\/\/fieam.org.br\/sesi\/\",\"name\":\"SESI\",\"description\":\"Site Oficial!\",\"publisher\":{\"@id\":\"https:\/\/fieam.org.br\/sesi\/#organization\"},\"potentialAction\":[{\"@type\":\"SearchAction\",\"target\":{\"@type\":\"EntryPoint\",\"urlTemplate\":\"https:\/\/fieam.org.br\/sesi\/?s={search_term_string}\"},\"query-input\":{\"@type\":\"PropertyValueSpecification\",\"valueRequired\":true,\"valueName\":\"search_term_string\"}}],\"inLanguage\":\"pt-BR\"},{\"@type\":\"Organization\",\"@id\":\"https:\/\/fieam.org.br\/sesi\/#organization\",\"name\":\"SESI\",\"url\":\"https:\/\/fieam.org.br\/sesi\/\",\"logo\":{\"@type\":\"ImageObject\",\"inLanguage\":\"pt-BR\",\"@id\":\"https:\/\/fieam.org.br\/sesi\/#\/schema\/logo\/image\/\",\"url\":\"https:\/\/fieam.org.br\/sesi\/wp-content\/uploads\/sites\/14\/2024\/03\/cropped-fav.png\",\"contentUrl\":\"https:\/\/fieam.org.br\/sesi\/wp-content\/uploads\/sites\/14\/2024\/03\/cropped-fav.png\",\"width\":610,\"height\":589,\"caption\":\"SESI\"},\"image\":{\"@id\":\"https:\/\/fieam.org.br\/sesi\/#\/schema\/logo\/image\/\"}},{\"@type\":\"Person\",\"@id\":\"https:\/\/fieam.org.br\/sesi\/#\/schema\/person\/e7180bddb56f859ea09b3f217040b3eb\",\"name\":\"ericafrazao\",\"image\":{\"@type\":\"ImageObject\",\"inLanguage\":\"pt-BR\",\"@id\":\"https:\/\/fieam.org.br\/sesi\/#\/schema\/person\/image\/\",\"url\":\"https:\/\/secure.gravatar.com\/avatar\/b8cc7836a492cd7060629baf319b36f9590775d7fdf8d23da267c8660ee5094d?s=96&d=mm&r=g\",\"contentUrl\":\"https:\/\/secure.gravatar.com\/avatar\/b8cc7836a492cd7060629baf319b36f9590775d7fdf8d23da267c8660ee5094d?s=96&d=mm&r=g\",\"caption\":\"ericafrazao\"},\"url\":\"https:\/\/fieam.org.br\/sesi\/author\/ericafrazao\/\"}]}<\/script>\n<!-- \/ Yoast SEO plugin. -->","yoast_head_json":{"title":"COMUNICADO PROCESSO SELETIVO EXTERNO \u2013 N\u00ba 009-2026\/PER \u2013 PROFESSOR DE EDUCA\u00c7\u00c3O REGULAR - SESI","robots":{"index":"index","follow":"follow","max-snippet":"max-snippet:-1","max-image-preview":"max-image-preview:large","max-video-preview":"max-video-preview:-1"},"canonical":"https:\/\/fieam.org.br\/sesi\/comunicado-processo-seletivo-externo-no-009-2026-per-professor-de-educacao-regular\/","og_locale":"pt_BR","og_type":"article","og_title":"COMUNICADO PROCESSO SELETIVO EXTERNO \u2013 N\u00ba 009-2026\/PER \u2013 PROFESSOR DE EDUCA\u00c7\u00c3O REGULAR - SESI","og_description":"COMUNICADO PROCESSO SELETIVO EXTERNO \u2013 N\u00ba 009-2026 C\u00d3DIGO DA VAGA: 001 CARGO: PER \u2013 PROFESSOR DE EDUCA\u00c7\u00c3O REGULAR OCUPA\u00c7\u00c3O: PROFESSOR (EDUCA\u00c7\u00c3O INFANTIL) CURSO DE ATUA\u00c7\u00c3O: PEDAGOGIA C\u00d3DIGO DA VAGA: 002 CARGO: PER \u2013 PROFESSOR DE EDUCA\u00c7\u00c3O REGULAR OCUPA\u00c7\u00c3O: PROFESSOR (1\u00ba AO 2\u00ba ANO) CURSO DE ATUA\u00c7\u00c3O: PEDAGOGIA O Servi\u00e7o Social da Ind\u00fastria (SESI), por meio [&hellip;]","og_url":"https:\/\/fieam.org.br\/sesi\/comunicado-processo-seletivo-externo-no-009-2026-per-professor-de-educacao-regular\/","og_site_name":"SESI","article_published_time":"2026-02-24T13:14:07+00:00","article_modified_time":"2026-03-25T14:30:24+00:00","og_image":[{"width":466,"height":466,"url":"https:\/\/fieam.org.br\/sesi\/wp-content\/uploads\/sites\/14\/2025\/06\/SELECAO-DE-TALENTOS-SENAI-copia-2.png","type":"image\/png"}],"author":"ericafrazao","twitter_card":"summary_large_image","twitter_misc":{"Escrito por":"ericafrazao","Est. tempo de leitura":"1 minuto"},"schema":{"@context":"https:\/\/schema.org","@graph":[{"@type":"Article","@id":"https:\/\/fieam.org.br\/sesi\/comunicado-processo-seletivo-externo-no-009-2026-per-professor-de-educacao-regular\/#article","isPartOf":{"@id":"https:\/\/fieam.org.br\/sesi\/comunicado-processo-seletivo-externo-no-009-2026-per-professor-de-educacao-regular\/"},"author":{"name":"ericafrazao","@id":"https:\/\/fieam.org.br\/sesi\/#\/schema\/person\/e7180bddb56f859ea09b3f217040b3eb"},"headline":"COMUNICADO PROCESSO SELETIVO EXTERNO \u2013 N\u00ba 009-2026\/PER \u2013 PROFESSOR DE EDUCA\u00c7\u00c3O REGULAR","datePublished":"2026-02-24T13:14:07+00:00","dateModified":"2026-03-25T14:30:24+00:00","mainEntityOfPage":{"@id":"https:\/\/fieam.org.br\/sesi\/comunicado-processo-seletivo-externo-no-009-2026-per-professor-de-educacao-regular\/"},"wordCount":159,"commentCount":0,"publisher":{"@id":"https:\/\/fieam.org.br\/sesi\/#organization"},"image":{"@id":"https:\/\/fieam.org.br\/sesi\/comunicado-processo-seletivo-externo-no-009-2026-per-professor-de-educacao-regular\/#primaryimage"},"thumbnailUrl":"https:\/\/fieam.org.br\/sesi\/wp-content\/uploads\/sites\/14\/2025\/06\/SELECAO-DE-TALENTOS-SENAI-copia-2.png","articleSection":["Banner Destaque","selecao"],"inLanguage":"pt-BR","potentialAction":[{"@type":"CommentAction","name":"Comment","target":["https:\/\/fieam.org.br\/sesi\/comunicado-processo-seletivo-externo-no-009-2026-per-professor-de-educacao-regular\/#respond"]}]},{"@type":"WebPage","@id":"https:\/\/fieam.org.br\/sesi\/comunicado-processo-seletivo-externo-no-009-2026-per-professor-de-educacao-regular\/","url":"https:\/\/fieam.org.br\/sesi\/comunicado-processo-seletivo-externo-no-009-2026-per-professor-de-educacao-regular\/","name":"COMUNICADO PROCESSO SELETIVO EXTERNO \u2013 N\u00ba 009-2026\/PER \u2013 PROFESSOR DE EDUCA\u00c7\u00c3O REGULAR - SESI","isPartOf":{"@id":"https:\/\/fieam.org.br\/sesi\/#website"},"primaryImageOfPage":{"@id":"https:\/\/fieam.org.br\/sesi\/comunicado-processo-seletivo-externo-no-009-2026-per-professor-de-educacao-regular\/#primaryimage"},"image":{"@id":"https:\/\/fieam.org.br\/sesi\/comunicado-processo-seletivo-externo-no-009-2026-per-professor-de-educacao-regular\/#primaryimage"},"thumbnailUrl":"https:\/\/fieam.org.br\/sesi\/wp-content\/uploads\/sites\/14\/2025\/06\/SELECAO-DE-TALENTOS-SENAI-copia-2.png","datePublished":"2026-02-24T13:14:07+00:00","dateModified":"2026-03-25T14:30:24+00:00","breadcrumb":{"@id":"https:\/\/fieam.org.br\/sesi\/comunicado-processo-seletivo-externo-no-009-2026-per-professor-de-educacao-regular\/#breadcrumb"},"inLanguage":"pt-BR","potentialAction":[{"@type":"ReadAction","target":["https:\/\/fieam.org.br\/sesi\/comunicado-processo-seletivo-externo-no-009-2026-per-professor-de-educacao-regular\/"]}]},{"@type":"ImageObject","inLanguage":"pt-BR","@id":"https:\/\/fieam.org.br\/sesi\/comunicado-processo-seletivo-externo-no-009-2026-per-professor-de-educacao-regular\/#primaryimage","url":"https:\/\/fieam.org.br\/sesi\/wp-content\/uploads\/sites\/14\/2025\/06\/SELECAO-DE-TALENTOS-SENAI-copia-2.png","contentUrl":"https:\/\/fieam.org.br\/sesi\/wp-content\/uploads\/sites\/14\/2025\/06\/SELECAO-DE-TALENTOS-SENAI-copia-2.png","width":466,"height":466},{"@type":"BreadcrumbList","@id":"https:\/\/fieam.org.br\/sesi\/comunicado-processo-seletivo-externo-no-009-2026-per-professor-de-educacao-regular\/#breadcrumb","itemListElement":[{"@type":"ListItem","position":1,"name":"In\u00edcio","item":"https:\/\/fieam.org.br\/sesi\/"},{"@type":"ListItem","position":2,"name":"COMUNICADO PROCESSO SELETIVO EXTERNO \u2013 N\u00ba 009-2026\/PER \u2013 PROFESSOR DE EDUCA\u00c7\u00c3O REGULAR"}]},{"@type":"WebSite","@id":"https:\/\/fieam.org.br\/sesi\/#website","url":"https:\/\/fieam.org.br\/sesi\/","name":"SESI","description":"Site Oficial!","publisher":{"@id":"https:\/\/fieam.org.br\/sesi\/#organization"},"potentialAction":[{"@type":"SearchAction","target":{"@type":"EntryPoint","urlTemplate":"https:\/\/fieam.org.br\/sesi\/?s={search_term_string}"},"query-input":{"@type":"PropertyValueSpecification","valueRequired":true,"valueName":"search_term_string"}}],"inLanguage":"pt-BR"},{"@type":"Organization","@id":"https:\/\/fieam.org.br\/sesi\/#organization","name":"SESI","url":"https:\/\/fieam.org.br\/sesi\/","logo":{"@type":"ImageObject","inLanguage":"pt-BR","@id":"https:\/\/fieam.org.br\/sesi\/#\/schema\/logo\/image\/","url":"https:\/\/fieam.org.br\/sesi\/wp-content\/uploads\/sites\/14\/2024\/03\/cropped-fav.png","contentUrl":"https:\/\/fieam.org.br\/sesi\/wp-content\/uploads\/sites\/14\/2024\/03\/cropped-fav.png","width":610,"height":589,"caption":"SESI"},"image":{"@id":"https:\/\/fieam.org.br\/sesi\/#\/schema\/logo\/image\/"}},{"@type":"Person","@id":"https:\/\/fieam.org.br\/sesi\/#\/schema\/person\/e7180bddb56f859ea09b3f217040b3eb","name":"ericafrazao","image":{"@type":"ImageObject","inLanguage":"pt-BR","@id":"https:\/\/fieam.org.br\/sesi\/#\/schema\/person\/image\/","url":"https:\/\/secure.gravatar.com\/avatar\/b8cc7836a492cd7060629baf319b36f9590775d7fdf8d23da267c8660ee5094d?s=96&d=mm&r=g","contentUrl":"https:\/\/secure.gravatar.com\/avatar\/b8cc7836a492cd7060629baf319b36f9590775d7fdf8d23da267c8660ee5094d?s=96&d=mm&r=g","caption":"ericafrazao"},"url":"https:\/\/fieam.org.br\/sesi\/author\/ericafrazao\/"}]}},"_links":{"self":[{"href":"https:\/\/fieam.org.br\/sesi\/wp-json\/wp\/v2\/posts\/24154","targetHints":{"allow":["GET"]}}],"collection":[{"href":"https:\/\/fieam.org.br\/sesi\/wp-json\/wp\/v2\/posts"}],"about":[{"href":"https:\/\/fieam.org.br\/sesi\/wp-json\/wp\/v2\/types\/post"}],"author":[{"embeddable":true,"href":"https:\/\/fieam.org.br\/sesi\/wp-json\/wp\/v2\/users\/11"}],"replies":[{"embeddable":true,"href":"https:\/\/fieam.org.br\/sesi\/wp-json\/wp\/v2\/comments?post=24154"}],"version-history":[{"count":7,"href":"https:\/\/fieam.org.br\/sesi\/wp-json\/wp\/v2\/posts\/24154\/revisions"}],"predecessor-version":[{"id":24244,"href":"https:\/\/fieam.org.br\/sesi\/wp-json\/wp\/v2\/posts\/24154\/revisions\/24244"}],"wp:featuredmedia":[{"embeddable":true,"href":"https:\/\/fieam.org.br\/sesi\/wp-json\/wp\/v2\/media\/22091"}],"wp:attachment":[{"href":"https:\/\/fieam.org.br\/sesi\/wp-json\/wp\/v2\/media?parent=24154"}],"wp:term":[{"taxonomy":"category","embeddable":true,"href":"https:\/\/fieam.org.br\/sesi\/wp-json\/wp\/v2\/categories?post=24154"},{"taxonomy":"post_tag","embeddable":true,"href":"https:\/\/fieam.org.br\/sesi\/wp-json\/wp\/v2\/tags?post=24154"}],"curies":[{"name":"wp","href":"https:\/\/api.w.org\/{rel}","templated":true}]}}