{"id":2320,"date":"2011-11-23T14:00:23","date_gmt":"2011-11-23T14:00:23","guid":{"rendered":"http:\/\/www.fieam.org.br\/site\/sesi\/?p=2320"},"modified":"2011-11-23T14:00:23","modified_gmt":"2011-11-23T14:00:23","slug":"sesi-discute-aspectos-psicossociais-no-trabalho","status":"publish","type":"post","link":"https:\/\/fieam.org.br\/sesi\/sesi-discute-aspectos-psicossociais-no-trabalho\/","title":{"rendered":"SESI discute aspectos psicossociais no trabalho"},"content":{"rendered":"<p><a href=\"http:\/\/www.fieam.org.br\/site\/sesi\/files\/2011\/11\/sesi-imagem.jpg\"><img fetchpriority=\"high\" decoding=\"async\" class=\"alignleft size-medium wp-image-2329\" src=\"http:\/\/www.fieam.org.br\/site\/sesi\/files\/2011\/11\/sesi-imagem-233x300.jpg\" alt=\"\" width=\"233\" height=\"300\" srcset=\"https:\/\/fieam.org.br\/sesi\/wp-content\/uploads\/sites\/14\/2011\/11\/sesi-imagem-233x300.jpg 233w, https:\/\/fieam.org.br\/sesi\/wp-content\/uploads\/sites\/14\/2011\/11\/sesi-imagem.jpg 746w\" sizes=\"(max-width: 233px) 100vw, 233px\" \/><\/a>A Incapacidade Laborativa por Transtornos Mentais ser\u00e1 discutida na quinta-feira (24), a partir de 13h30, no 1\u00ba F\u00f3rum em Aspectos Psicossociais no Trabalho, promovido pelo Servi\u00e7o Social da Ind\u00fastria (SESI). O evento ser\u00e1 realizado no Comfort Hotel Manaus (Avenida Mandii, 263 \u2013 Distrito Industrial).\u00a0 As vagas s\u00e3o limitadas e a entrada s\u00e3o duas latas de leite integral (Itamb\u00e9 ou Ninho).<\/p>\n<p>Para o encontro, que ter\u00e1 como tema geral \u201cAspectos Psicossociais no Trabalho\u201d, o SESI convidou especialistas como o m\u00e9dico do Trabalho do Paran\u00e1, Zuher Handar, que ir\u00e1 apresentar a palestra \u201cErgonomia e os Aspectos Psicossociais no Trabalho\u201d.<\/p>\n<p>Est\u00e1 confirmada tamb\u00e9m a participa\u00e7\u00e3o da doutora em Ci\u00eancias e pesquisadora de Psicologia do Trabalho (UFAM), com a palestra \u201cSa\u00fade Mental e Trabalho: Pesquisas Desenvolvidas em Manaus\u201d, Ros\u00e2ngela Dutra, do m\u00e9dico perito do INSS, Evandro Miola, com a palestra \u201cIncapacidade Laborativa por Transtornos Mentais\u201d e de Ricardo Turenko Be\u00e7a, que vai coordenar mesa redonda sobre a tem\u00e1tica do F\u00f3rum.<\/p>\n<p>Na ocasi\u00e3o, ser\u00e1 apresentado o projeto do SESI de sa\u00fade mental \u201cBem Estar Psicossocial\u201d, com a assistente social do SESI, Veremity Pereira e a Premia\u00e7\u00e3o Estadual dos Alunos Vencedores do Concurso Nacional sobre Seguran\u00e7a e Sa\u00fade no Trabalho.<\/p>\n<p>O evento \u00e9 destinado a m\u00e9dicos, enfermeiros e psic\u00f3logos do trabalho, gestores de pessoas, SESMT, assistentes sociais e \u00e1reas afins. Informa\u00e7\u00f5es pelos n\u00fameros: 3186-6617\/3238-8888 ou pelo e-mail: <a href=\"mailto:fabiloa.bichara@fieam.org.br\" target=\"_blank\" rel=\"noopener\">fabiloa.bichara@fieam.org.br<\/a><\/p>\n","protected":false},"excerpt":{"rendered":"<p>A Incapacidade Laborativa por Transtornos Mentais ser\u00e1 discutida na quinta-feira (24), a partir de 13h30, no 1\u00ba F\u00f3rum em Aspectos Psicossociais no Trabalho, promovido pelo Servi\u00e7o Social da Ind\u00fastria (SESI). O evento ser\u00e1 realizado no Comfort Hotel Manaus (Avenida Mandii, 263 \u2013 Distrito Industrial).\u00a0 As vagas s\u00e3o limitadas e a entrada s\u00e3o duas latas de [&hellip;]<\/p>\n","protected":false},"author":1,"featured_media":0,"comment_status":"open","ping_status":"open","sticky":false,"template":"","format":"standard","meta":{"footnotes":""},"categories":[25],"tags":[],"class_list":["post-2320","post","type-post","status-publish","format-standard","hentry","category-news"],"yoast_head":"<!-- This site is optimized with the Yoast SEO plugin v28.2 - https:\/\/yoast.com\/product\/yoast-seo-wordpress\/ -->\n<title>SESI discute aspectos psicossociais no trabalho - SESI<\/title>\n<meta name=\"robots\" content=\"index, follow, max-snippet:-1, max-image-preview:large, max-video-preview:-1\" \/>\n<link rel=\"canonical\" href=\"https:\/\/fieam.org.br\/sesi\/sesi-discute-aspectos-psicossociais-no-trabalho\/\" \/>\n<meta property=\"og:locale\" content=\"pt_BR\" \/>\n<meta property=\"og:type\" content=\"article\" \/>\n<meta property=\"og:title\" content=\"SESI discute aspectos psicossociais no trabalho - SESI\" \/>\n<meta property=\"og:description\" content=\"A Incapacidade Laborativa por Transtornos Mentais ser\u00e1 discutida na quinta-feira (24), a partir de 13h30, no 1\u00ba F\u00f3rum em Aspectos Psicossociais no Trabalho, promovido pelo Servi\u00e7o Social da Ind\u00fastria (SESI). O evento ser\u00e1 realizado no Comfort Hotel Manaus (Avenida Mandii, 263 \u2013 Distrito Industrial).\u00a0 As vagas s\u00e3o limitadas e a entrada s\u00e3o duas latas de [&hellip;]\" \/>\n<meta property=\"og:url\" content=\"https:\/\/fieam.org.br\/sesi\/sesi-discute-aspectos-psicossociais-no-trabalho\/\" \/>\n<meta property=\"og:site_name\" content=\"SESI\" \/>\n<meta property=\"article:published_time\" content=\"2011-11-23T14:00:23+00:00\" \/>\n<meta property=\"og:image\" content=\"https:\/\/fieam.org.br\/sesi\/wp-content\/uploads\/sites\/14\/2011\/11\/sesi-imagem.jpg\" \/>\n\t<meta property=\"og:image:width\" content=\"746\" \/>\n\t<meta property=\"og:image:height\" content=\"960\" \/>\n\t<meta property=\"og:image:type\" content=\"image\/jpeg\" \/>\n<meta name=\"author\" content=\"Autor\" \/>\n<meta name=\"twitter:card\" content=\"summary_large_image\" \/>\n<meta name=\"twitter:label1\" content=\"Escrito por\" \/>\n\t<meta name=\"twitter:data1\" content=\"Autor\" \/>\n\t<meta name=\"twitter:label2\" content=\"Est. tempo de leitura\" \/>\n\t<meta name=\"twitter:data2\" content=\"1 minuto\" \/>\n<script type=\"application\/ld+json\" class=\"yoast-schema-graph\">{\"@context\":\"https:\\\/\\\/schema.org\",\"@graph\":[{\"@type\":\"Article\",\"@id\":\"https:\\\/\\\/fieam.org.br\\\/sesi\\\/sesi-discute-aspectos-psicossociais-no-trabalho\\\/#article\",\"isPartOf\":{\"@id\":\"https:\\\/\\\/fieam.org.br\\\/sesi\\\/sesi-discute-aspectos-psicossociais-no-trabalho\\\/\"},\"author\":{\"name\":\"Autor\",\"@id\":\"https:\\\/\\\/fieam.org.br\\\/sesi\\\/#\\\/schema\\\/person\\\/f54998dd14d5f0695b41444f2b01c31e\"},\"headline\":\"SESI discute aspectos psicossociais no trabalho\",\"datePublished\":\"2011-11-23T14:00:23+00:00\",\"mainEntityOfPage\":{\"@id\":\"https:\\\/\\\/fieam.org.br\\\/sesi\\\/sesi-discute-aspectos-psicossociais-no-trabalho\\\/\"},\"wordCount\":252,\"commentCount\":0,\"publisher\":{\"@id\":\"https:\\\/\\\/fieam.org.br\\\/sesi\\\/#organization\"},\"image\":{\"@id\":\"https:\\\/\\\/fieam.org.br\\\/sesi\\\/sesi-discute-aspectos-psicossociais-no-trabalho\\\/#primaryimage\"},\"thumbnailUrl\":\"http:\\\/\\\/www.fieam.org.br\\\/site\\\/sesi\\\/files\\\/2011\\\/11\\\/sesi-imagem-233x300.jpg\",\"articleSection\":[\"News\"],\"inLanguage\":\"pt-BR\",\"potentialAction\":[{\"@type\":\"CommentAction\",\"name\":\"Comment\",\"target\":[\"https:\\\/\\\/fieam.org.br\\\/sesi\\\/sesi-discute-aspectos-psicossociais-no-trabalho\\\/#respond\"]}]},{\"@type\":\"WebPage\",\"@id\":\"https:\\\/\\\/fieam.org.br\\\/sesi\\\/sesi-discute-aspectos-psicossociais-no-trabalho\\\/\",\"url\":\"https:\\\/\\\/fieam.org.br\\\/sesi\\\/sesi-discute-aspectos-psicossociais-no-trabalho\\\/\",\"name\":\"SESI discute aspectos psicossociais no trabalho - SESI\",\"isPartOf\":{\"@id\":\"https:\\\/\\\/fieam.org.br\\\/sesi\\\/#website\"},\"primaryImageOfPage\":{\"@id\":\"https:\\\/\\\/fieam.org.br\\\/sesi\\\/sesi-discute-aspectos-psicossociais-no-trabalho\\\/#primaryimage\"},\"image\":{\"@id\":\"https:\\\/\\\/fieam.org.br\\\/sesi\\\/sesi-discute-aspectos-psicossociais-no-trabalho\\\/#primaryimage\"},\"thumbnailUrl\":\"http:\\\/\\\/www.fieam.org.br\\\/site\\\/sesi\\\/files\\\/2011\\\/11\\\/sesi-imagem-233x300.jpg\",\"datePublished\":\"2011-11-23T14:00:23+00:00\",\"breadcrumb\":{\"@id\":\"https:\\\/\\\/fieam.org.br\\\/sesi\\\/sesi-discute-aspectos-psicossociais-no-trabalho\\\/#breadcrumb\"},\"inLanguage\":\"pt-BR\",\"potentialAction\":[{\"@type\":\"ReadAction\",\"target\":[\"https:\\\/\\\/fieam.org.br\\\/sesi\\\/sesi-discute-aspectos-psicossociais-no-trabalho\\\/\"]}]},{\"@type\":\"ImageObject\",\"inLanguage\":\"pt-BR\",\"@id\":\"https:\\\/\\\/fieam.org.br\\\/sesi\\\/sesi-discute-aspectos-psicossociais-no-trabalho\\\/#primaryimage\",\"url\":\"http:\\\/\\\/www.fieam.org.br\\\/site\\\/sesi\\\/files\\\/2011\\\/11\\\/sesi-imagem-233x300.jpg\",\"contentUrl\":\"http:\\\/\\\/www.fieam.org.br\\\/site\\\/sesi\\\/files\\\/2011\\\/11\\\/sesi-imagem-233x300.jpg\"},{\"@type\":\"BreadcrumbList\",\"@id\":\"https:\\\/\\\/fieam.org.br\\\/sesi\\\/sesi-discute-aspectos-psicossociais-no-trabalho\\\/#breadcrumb\",\"itemListElement\":[{\"@type\":\"ListItem\",\"position\":1,\"name\":\"In\u00edcio\",\"item\":\"https:\\\/\\\/fieam.org.br\\\/sesi\\\/\"},{\"@type\":\"ListItem\",\"position\":2,\"name\":\"SESI discute aspectos psicossociais no trabalho\"}]},{\"@type\":\"WebSite\",\"@id\":\"https:\\\/\\\/fieam.org.br\\\/sesi\\\/#website\",\"url\":\"https:\\\/\\\/fieam.org.br\\\/sesi\\\/\",\"name\":\"SESI\",\"description\":\"Site Oficial!\",\"publisher\":{\"@id\":\"https:\\\/\\\/fieam.org.br\\\/sesi\\\/#organization\"},\"potentialAction\":[{\"@type\":\"SearchAction\",\"target\":{\"@type\":\"EntryPoint\",\"urlTemplate\":\"https:\\\/\\\/fieam.org.br\\\/sesi\\\/?s={search_term_string}\"},\"query-input\":{\"@type\":\"PropertyValueSpecification\",\"valueRequired\":true,\"valueName\":\"search_term_string\"}}],\"inLanguage\":\"pt-BR\"},{\"@type\":\"Organization\",\"@id\":\"https:\\\/\\\/fieam.org.br\\\/sesi\\\/#organization\",\"name\":\"SESI\",\"url\":\"https:\\\/\\\/fieam.org.br\\\/sesi\\\/\",\"logo\":{\"@type\":\"ImageObject\",\"inLanguage\":\"pt-BR\",\"@id\":\"https:\\\/\\\/fieam.org.br\\\/sesi\\\/#\\\/schema\\\/logo\\\/image\\\/\",\"url\":\"https:\\\/\\\/fieam.org.br\\\/sesi\\\/wp-content\\\/uploads\\\/sites\\\/14\\\/2024\\\/03\\\/cropped-fav.png\",\"contentUrl\":\"https:\\\/\\\/fieam.org.br\\\/sesi\\\/wp-content\\\/uploads\\\/sites\\\/14\\\/2024\\\/03\\\/cropped-fav.png\",\"width\":610,\"height\":589,\"caption\":\"SESI\"},\"image\":{\"@id\":\"https:\\\/\\\/fieam.org.br\\\/sesi\\\/#\\\/schema\\\/logo\\\/image\\\/\"}},{\"@type\":\"Person\",\"@id\":\"https:\\\/\\\/fieam.org.br\\\/sesi\\\/#\\\/schema\\\/person\\\/f54998dd14d5f0695b41444f2b01c31e\",\"name\":\"Autor\",\"image\":{\"@type\":\"ImageObject\",\"inLanguage\":\"pt-BR\",\"@id\":\"https:\\\/\\\/secure.gravatar.com\\\/avatar\\\/3732c223e0e1fad69062a8f770955c9068d37b055204f310a0be18d4069fe380?s=96&d=mm&r=g\",\"url\":\"https:\\\/\\\/secure.gravatar.com\\\/avatar\\\/3732c223e0e1fad69062a8f770955c9068d37b055204f310a0be18d4069fe380?s=96&d=mm&r=g\",\"contentUrl\":\"https:\\\/\\\/secure.gravatar.com\\\/avatar\\\/3732c223e0e1fad69062a8f770955c9068d37b055204f310a0be18d4069fe380?s=96&d=mm&r=g\",\"caption\":\"Autor\"},\"sameAs\":[\"https:\\\/\\\/marketingmassivo.com.br\"],\"url\":\"https:\\\/\\\/fieam.org.br\\\/sesi\\\/author\\\/admin\\\/\"}]}<\/script>\n<!-- \/ Yoast SEO plugin. -->","yoast_head_json":{"title":"SESI discute aspectos psicossociais no trabalho - SESI","robots":{"index":"index","follow":"follow","max-snippet":"max-snippet:-1","max-image-preview":"max-image-preview:large","max-video-preview":"max-video-preview:-1"},"canonical":"https:\/\/fieam.org.br\/sesi\/sesi-discute-aspectos-psicossociais-no-trabalho\/","og_locale":"pt_BR","og_type":"article","og_title":"SESI discute aspectos psicossociais no trabalho - SESI","og_description":"A Incapacidade Laborativa por Transtornos Mentais ser\u00e1 discutida na quinta-feira (24), a partir de 13h30, no 1\u00ba F\u00f3rum em Aspectos Psicossociais no Trabalho, promovido pelo Servi\u00e7o Social da Ind\u00fastria (SESI). O evento ser\u00e1 realizado no Comfort Hotel Manaus (Avenida Mandii, 263 \u2013 Distrito Industrial).\u00a0 As vagas s\u00e3o limitadas e a entrada s\u00e3o duas latas de [&hellip;]","og_url":"https:\/\/fieam.org.br\/sesi\/sesi-discute-aspectos-psicossociais-no-trabalho\/","og_site_name":"SESI","article_published_time":"2011-11-23T14:00:23+00:00","og_image":[{"width":746,"height":960,"url":"https:\/\/fieam.org.br\/sesi\/wp-content\/uploads\/sites\/14\/2011\/11\/sesi-imagem.jpg","type":"image\/jpeg"}],"author":"Autor","twitter_card":"summary_large_image","twitter_misc":{"Escrito por":"Autor","Est. tempo de leitura":"1 minuto"},"schema":{"@context":"https:\/\/schema.org","@graph":[{"@type":"Article","@id":"https:\/\/fieam.org.br\/sesi\/sesi-discute-aspectos-psicossociais-no-trabalho\/#article","isPartOf":{"@id":"https:\/\/fieam.org.br\/sesi\/sesi-discute-aspectos-psicossociais-no-trabalho\/"},"author":{"name":"Autor","@id":"https:\/\/fieam.org.br\/sesi\/#\/schema\/person\/f54998dd14d5f0695b41444f2b01c31e"},"headline":"SESI discute aspectos psicossociais no trabalho","datePublished":"2011-11-23T14:00:23+00:00","mainEntityOfPage":{"@id":"https:\/\/fieam.org.br\/sesi\/sesi-discute-aspectos-psicossociais-no-trabalho\/"},"wordCount":252,"commentCount":0,"publisher":{"@id":"https:\/\/fieam.org.br\/sesi\/#organization"},"image":{"@id":"https:\/\/fieam.org.br\/sesi\/sesi-discute-aspectos-psicossociais-no-trabalho\/#primaryimage"},"thumbnailUrl":"http:\/\/www.fieam.org.br\/site\/sesi\/files\/2011\/11\/sesi-imagem-233x300.jpg","articleSection":["News"],"inLanguage":"pt-BR","potentialAction":[{"@type":"CommentAction","name":"Comment","target":["https:\/\/fieam.org.br\/sesi\/sesi-discute-aspectos-psicossociais-no-trabalho\/#respond"]}]},{"@type":"WebPage","@id":"https:\/\/fieam.org.br\/sesi\/sesi-discute-aspectos-psicossociais-no-trabalho\/","url":"https:\/\/fieam.org.br\/sesi\/sesi-discute-aspectos-psicossociais-no-trabalho\/","name":"SESI discute aspectos psicossociais no trabalho - SESI","isPartOf":{"@id":"https:\/\/fieam.org.br\/sesi\/#website"},"primaryImageOfPage":{"@id":"https:\/\/fieam.org.br\/sesi\/sesi-discute-aspectos-psicossociais-no-trabalho\/#primaryimage"},"image":{"@id":"https:\/\/fieam.org.br\/sesi\/sesi-discute-aspectos-psicossociais-no-trabalho\/#primaryimage"},"thumbnailUrl":"http:\/\/www.fieam.org.br\/site\/sesi\/files\/2011\/11\/sesi-imagem-233x300.jpg","datePublished":"2011-11-23T14:00:23+00:00","breadcrumb":{"@id":"https:\/\/fieam.org.br\/sesi\/sesi-discute-aspectos-psicossociais-no-trabalho\/#breadcrumb"},"inLanguage":"pt-BR","potentialAction":[{"@type":"ReadAction","target":["https:\/\/fieam.org.br\/sesi\/sesi-discute-aspectos-psicossociais-no-trabalho\/"]}]},{"@type":"ImageObject","inLanguage":"pt-BR","@id":"https:\/\/fieam.org.br\/sesi\/sesi-discute-aspectos-psicossociais-no-trabalho\/#primaryimage","url":"http:\/\/www.fieam.org.br\/site\/sesi\/files\/2011\/11\/sesi-imagem-233x300.jpg","contentUrl":"http:\/\/www.fieam.org.br\/site\/sesi\/files\/2011\/11\/sesi-imagem-233x300.jpg"},{"@type":"BreadcrumbList","@id":"https:\/\/fieam.org.br\/sesi\/sesi-discute-aspectos-psicossociais-no-trabalho\/#breadcrumb","itemListElement":[{"@type":"ListItem","position":1,"name":"In\u00edcio","item":"https:\/\/fieam.org.br\/sesi\/"},{"@type":"ListItem","position":2,"name":"SESI discute aspectos psicossociais no trabalho"}]},{"@type":"WebSite","@id":"https:\/\/fieam.org.br\/sesi\/#website","url":"https:\/\/fieam.org.br\/sesi\/","name":"SESI","description":"Site Oficial!","publisher":{"@id":"https:\/\/fieam.org.br\/sesi\/#organization"},"potentialAction":[{"@type":"SearchAction","target":{"@type":"EntryPoint","urlTemplate":"https:\/\/fieam.org.br\/sesi\/?s={search_term_string}"},"query-input":{"@type":"PropertyValueSpecification","valueRequired":true,"valueName":"search_term_string"}}],"inLanguage":"pt-BR"},{"@type":"Organization","@id":"https:\/\/fieam.org.br\/sesi\/#organization","name":"SESI","url":"https:\/\/fieam.org.br\/sesi\/","logo":{"@type":"ImageObject","inLanguage":"pt-BR","@id":"https:\/\/fieam.org.br\/sesi\/#\/schema\/logo\/image\/","url":"https:\/\/fieam.org.br\/sesi\/wp-content\/uploads\/sites\/14\/2024\/03\/cropped-fav.png","contentUrl":"https:\/\/fieam.org.br\/sesi\/wp-content\/uploads\/sites\/14\/2024\/03\/cropped-fav.png","width":610,"height":589,"caption":"SESI"},"image":{"@id":"https:\/\/fieam.org.br\/sesi\/#\/schema\/logo\/image\/"}},{"@type":"Person","@id":"https:\/\/fieam.org.br\/sesi\/#\/schema\/person\/f54998dd14d5f0695b41444f2b01c31e","name":"Autor","image":{"@type":"ImageObject","inLanguage":"pt-BR","@id":"https:\/\/secure.gravatar.com\/avatar\/3732c223e0e1fad69062a8f770955c9068d37b055204f310a0be18d4069fe380?s=96&d=mm&r=g","url":"https:\/\/secure.gravatar.com\/avatar\/3732c223e0e1fad69062a8f770955c9068d37b055204f310a0be18d4069fe380?s=96&d=mm&r=g","contentUrl":"https:\/\/secure.gravatar.com\/avatar\/3732c223e0e1fad69062a8f770955c9068d37b055204f310a0be18d4069fe380?s=96&d=mm&r=g","caption":"Autor"},"sameAs":["https:\/\/marketingmassivo.com.br"],"url":"https:\/\/fieam.org.br\/sesi\/author\/admin\/"}]}},"_links":{"self":[{"href":"https:\/\/fieam.org.br\/sesi\/wp-json\/wp\/v2\/posts\/2320","targetHints":{"allow":["GET"]}}],"collection":[{"href":"https:\/\/fieam.org.br\/sesi\/wp-json\/wp\/v2\/posts"}],"about":[{"href":"https:\/\/fieam.org.br\/sesi\/wp-json\/wp\/v2\/types\/post"}],"author":[{"embeddable":true,"href":"https:\/\/fieam.org.br\/sesi\/wp-json\/wp\/v2\/users\/1"}],"replies":[{"embeddable":true,"href":"https:\/\/fieam.org.br\/sesi\/wp-json\/wp\/v2\/comments?post=2320"}],"version-history":[{"count":0,"href":"https:\/\/fieam.org.br\/sesi\/wp-json\/wp\/v2\/posts\/2320\/revisions"}],"wp:attachment":[{"href":"https:\/\/fieam.org.br\/sesi\/wp-json\/wp\/v2\/media?parent=2320"}],"wp:term":[{"taxonomy":"category","embeddable":true,"href":"https:\/\/fieam.org.br\/sesi\/wp-json\/wp\/v2\/categories?post=2320"},{"taxonomy":"post_tag","embeddable":true,"href":"https:\/\/fieam.org.br\/sesi\/wp-json\/wp\/v2\/tags?post=2320"}],"curies":[{"name":"wp","href":"https:\/\/api.w.org\/{rel}","templated":true}]}}