{"id":2265,"date":"2011-11-17T14:03:49","date_gmt":"2011-11-17T14:03:49","guid":{"rendered":"http:\/\/www.fieam.org.br\/site\/sesi\/?p=2265"},"modified":"2011-11-17T14:03:49","modified_gmt":"2011-11-17T14:03:49","slug":"campanha-carinho-de-verdade-ganha-novos-premios","status":"publish","type":"post","link":"https:\/\/fieam.org.br\/sesi\/campanha-carinho-de-verdade-ganha-novos-premios\/","title":{"rendered":"Campanha Carinho de Verdade ganha novos pr\u00eamios"},"content":{"rendered":"<p><a href=\"http:\/\/www.fieam.org.br\/site\/sesi\/files\/2011\/11\/Carinho-de-Verdade.jpg\"><img decoding=\"async\" class=\"alignleft size-full wp-image-2266\" src=\"http:\/\/www.fieam.org.br\/site\/sesi\/files\/2011\/11\/Carinho-de-Verdade.jpg\" alt=\"\" width=\"200\" height=\"200\" srcset=\"https:\/\/fieam.org.br\/sesi\/wp-content\/uploads\/sites\/14\/2011\/11\/Carinho-de-Verdade.jpg 200w, https:\/\/fieam.org.br\/sesi\/wp-content\/uploads\/sites\/14\/2011\/11\/Carinho-de-Verdade-150x150.jpg 150w\" sizes=\"(max-width: 200px) 100vw, 200px\" \/><\/a>As a\u00e7\u00f5es inovadoras da campanha Carinho de Verdade, iniciativa do Conselho Nacional do SESI contra a explora\u00e7\u00e3o sexual de crian\u00e7as e adolescentes, t\u00eam conquistado o reconhecimento do mercado publicit\u00e1rio, a n\u00edvel nacional e internacional. Al\u00e9m de ter sido premiada nos maiores festivais de publicidade do mundo \u2013 Cannes, Nova Iorque, Clio Awards e INFOCCOM 2011, a campanha venceu duas categorias do Pr\u00eamio Colunistas Bras\u00edlia 2011. A entrega aconteceu na \u00faltima sexta-feira (11\/11).<\/p>\n<p>O \u201cmaior abra\u00e7o do mundo\u201d foi o vencedor da categoria A\u00e7\u00e3o Promocional. Por meio da utiliza\u00e7\u00e3o da t\u00e9cnica <em>mappin<\/em>g, a est\u00e1tua do Cristo Redentor fechou os bra\u00e7os, numa alus\u00e3o ao gesto-s\u00edmbolo da campanha. A proje\u00e7\u00e3o, exibida em outubro de 2010, teve cria\u00e7\u00e3o conjunta das ag\u00eancias Monumenta e Agnelo Pacheco. O v\u00eddeo do abra\u00e7o do Cristo j\u00e1 teve milh\u00f5es de acessos na internet. Clique <a href=\"http:\/\/www.youtube.com\/watch?v=24CLja7sdgI&amp;feature=player_embedded\" target=\"_blank\" rel=\"noopener\">aqui<\/a> para assistir.<\/p>\n<p>O case \u201c50 mil tweets\u201d, da ag\u00eancia Digital Group, \u00a0tamb\u00e9m foi premiado. A a\u00e7\u00e3o realizada em maio deste ano nas redes sociais, em prol do Dia Nacional de Enfrentamento ao Abuso e \u00e0 Explora\u00e7\u00e3o Sexual de Crian\u00e7as e Adolescentes, \u00a0foi vencedora da categoria Pe\u00e7a Publicit\u00e1ria Viral. A id\u00e9ia foi reunir, em um m\u00eas, 50 mil publica\u00e7\u00f5es (tweets) de usu\u00e1rios do Twitter em defesa dos jovens v\u00edtimas de abuso e explora\u00e7\u00e3o sexual. Mas, superando as expectativas, a meta foi atingida em apenas duas semanas. No prazo estimado, foi alcan\u00e7ado o dobro de tweets previstos: mais de 100 mil. Clique <a href=\"http:\/\/vimeo.com\/28490605\" target=\"_blank\" rel=\"noopener\">aqui<\/a> e assista o case.<\/p>\n<p>A campanha Carinho de Verdade conta com o apoio de artistas, atletas, entidades p\u00fablicas e privadas. No total, mais de 120 mil pessoas j\u00e1 abra\u00e7aram a campanha. A \u00faltima a\u00e7\u00e3o do Carinho de Verdade foi a grava\u00e7\u00e3o de um videoclipe com a participa\u00e7\u00e3o de 22 artistas da m\u00fasica brasileira. O v\u00eddeo est\u00e1 dispon\u00edvel no Youtube e j\u00e1 conta com mais de 100 mil acessos.<\/p>\n<p>Para saber mais, acesse <a href=\"http:\/\/www.carinhodeverdade.org.br\/\" target=\"_blank\" rel=\"noopener\">http:\/\/www.carinhodeverdade.org.br\/<\/a>.<\/p>\n","protected":false},"excerpt":{"rendered":"<p>As a\u00e7\u00f5es inovadoras da campanha Carinho de Verdade, iniciativa do Conselho Nacional do SESI contra a explora\u00e7\u00e3o sexual de crian\u00e7as e adolescentes, t\u00eam conquistado o reconhecimento do mercado publicit\u00e1rio, a n\u00edvel nacional e internacional. Al\u00e9m de ter sido premiada nos maiores festivais de publicidade do mundo \u2013 Cannes, Nova Iorque, Clio Awards e INFOCCOM 2011, [&hellip;]<\/p>\n","protected":false},"author":1,"featured_media":0,"comment_status":"open","ping_status":"open","sticky":false,"template":"","format":"standard","meta":{"footnotes":""},"categories":[25],"tags":[],"class_list":["post-2265","post","type-post","status-publish","format-standard","hentry","category-news"],"yoast_head":"<!-- This site is optimized with the Yoast SEO plugin v28.2 - https:\/\/yoast.com\/product\/yoast-seo-wordpress\/ -->\n<title>Campanha Carinho de Verdade ganha novos pr\u00eamios - SESI<\/title>\n<meta name=\"robots\" content=\"index, follow, max-snippet:-1, max-image-preview:large, max-video-preview:-1\" \/>\n<link rel=\"canonical\" href=\"https:\/\/fieam.org.br\/sesi\/campanha-carinho-de-verdade-ganha-novos-premios\/\" \/>\n<meta property=\"og:locale\" content=\"pt_BR\" \/>\n<meta property=\"og:type\" content=\"article\" \/>\n<meta property=\"og:title\" content=\"Campanha Carinho de Verdade ganha novos pr\u00eamios - SESI\" \/>\n<meta property=\"og:description\" content=\"As a\u00e7\u00f5es inovadoras da campanha Carinho de Verdade, iniciativa do Conselho Nacional do SESI contra a explora\u00e7\u00e3o sexual de crian\u00e7as e adolescentes, t\u00eam conquistado o reconhecimento do mercado publicit\u00e1rio, a n\u00edvel nacional e internacional. Al\u00e9m de ter sido premiada nos maiores festivais de publicidade do mundo \u2013 Cannes, Nova Iorque, Clio Awards e INFOCCOM 2011, [&hellip;]\" \/>\n<meta property=\"og:url\" content=\"https:\/\/fieam.org.br\/sesi\/campanha-carinho-de-verdade-ganha-novos-premios\/\" \/>\n<meta property=\"og:site_name\" content=\"SESI\" \/>\n<meta property=\"article:published_time\" content=\"2011-11-17T14:03:49+00:00\" \/>\n<meta property=\"og:image\" content=\"https:\/\/fieam.org.br\/sesi\/wp-content\/uploads\/sites\/14\/2011\/11\/Carinho-de-Verdade.jpg\" \/>\n\t<meta property=\"og:image:width\" content=\"200\" \/>\n\t<meta property=\"og:image:height\" content=\"200\" \/>\n\t<meta property=\"og:image:type\" content=\"image\/jpeg\" \/>\n<meta name=\"author\" content=\"Autor\" \/>\n<meta name=\"twitter:card\" content=\"summary_large_image\" \/>\n<meta name=\"twitter:label1\" content=\"Escrito por\" \/>\n\t<meta name=\"twitter:data1\" content=\"Autor\" \/>\n\t<meta name=\"twitter:label2\" content=\"Est. tempo de leitura\" \/>\n\t<meta name=\"twitter:data2\" content=\"2 minutos\" \/>\n<script type=\"application\/ld+json\" class=\"yoast-schema-graph\">{\"@context\":\"https:\\\/\\\/schema.org\",\"@graph\":[{\"@type\":\"Article\",\"@id\":\"https:\\\/\\\/fieam.org.br\\\/sesi\\\/campanha-carinho-de-verdade-ganha-novos-premios\\\/#article\",\"isPartOf\":{\"@id\":\"https:\\\/\\\/fieam.org.br\\\/sesi\\\/campanha-carinho-de-verdade-ganha-novos-premios\\\/\"},\"author\":{\"name\":\"Autor\",\"@id\":\"https:\\\/\\\/fieam.org.br\\\/sesi\\\/#\\\/schema\\\/person\\\/f54998dd14d5f0695b41444f2b01c31e\"},\"headline\":\"Campanha Carinho de Verdade ganha novos pr\u00eamios\",\"datePublished\":\"2011-11-17T14:03:49+00:00\",\"mainEntityOfPage\":{\"@id\":\"https:\\\/\\\/fieam.org.br\\\/sesi\\\/campanha-carinho-de-verdade-ganha-novos-premios\\\/\"},\"wordCount\":355,\"commentCount\":0,\"publisher\":{\"@id\":\"https:\\\/\\\/fieam.org.br\\\/sesi\\\/#organization\"},\"image\":{\"@id\":\"https:\\\/\\\/fieam.org.br\\\/sesi\\\/campanha-carinho-de-verdade-ganha-novos-premios\\\/#primaryimage\"},\"thumbnailUrl\":\"http:\\\/\\\/www.fieam.org.br\\\/site\\\/sesi\\\/files\\\/2011\\\/11\\\/Carinho-de-Verdade.jpg\",\"articleSection\":[\"News\"],\"inLanguage\":\"pt-BR\",\"potentialAction\":[{\"@type\":\"CommentAction\",\"name\":\"Comment\",\"target\":[\"https:\\\/\\\/fieam.org.br\\\/sesi\\\/campanha-carinho-de-verdade-ganha-novos-premios\\\/#respond\"]}]},{\"@type\":\"WebPage\",\"@id\":\"https:\\\/\\\/fieam.org.br\\\/sesi\\\/campanha-carinho-de-verdade-ganha-novos-premios\\\/\",\"url\":\"https:\\\/\\\/fieam.org.br\\\/sesi\\\/campanha-carinho-de-verdade-ganha-novos-premios\\\/\",\"name\":\"Campanha Carinho de Verdade ganha novos pr\u00eamios - SESI\",\"isPartOf\":{\"@id\":\"https:\\\/\\\/fieam.org.br\\\/sesi\\\/#website\"},\"primaryImageOfPage\":{\"@id\":\"https:\\\/\\\/fieam.org.br\\\/sesi\\\/campanha-carinho-de-verdade-ganha-novos-premios\\\/#primaryimage\"},\"image\":{\"@id\":\"https:\\\/\\\/fieam.org.br\\\/sesi\\\/campanha-carinho-de-verdade-ganha-novos-premios\\\/#primaryimage\"},\"thumbnailUrl\":\"http:\\\/\\\/www.fieam.org.br\\\/site\\\/sesi\\\/files\\\/2011\\\/11\\\/Carinho-de-Verdade.jpg\",\"datePublished\":\"2011-11-17T14:03:49+00:00\",\"breadcrumb\":{\"@id\":\"https:\\\/\\\/fieam.org.br\\\/sesi\\\/campanha-carinho-de-verdade-ganha-novos-premios\\\/#breadcrumb\"},\"inLanguage\":\"pt-BR\",\"potentialAction\":[{\"@type\":\"ReadAction\",\"target\":[\"https:\\\/\\\/fieam.org.br\\\/sesi\\\/campanha-carinho-de-verdade-ganha-novos-premios\\\/\"]}]},{\"@type\":\"ImageObject\",\"inLanguage\":\"pt-BR\",\"@id\":\"https:\\\/\\\/fieam.org.br\\\/sesi\\\/campanha-carinho-de-verdade-ganha-novos-premios\\\/#primaryimage\",\"url\":\"http:\\\/\\\/www.fieam.org.br\\\/site\\\/sesi\\\/files\\\/2011\\\/11\\\/Carinho-de-Verdade.jpg\",\"contentUrl\":\"http:\\\/\\\/www.fieam.org.br\\\/site\\\/sesi\\\/files\\\/2011\\\/11\\\/Carinho-de-Verdade.jpg\"},{\"@type\":\"BreadcrumbList\",\"@id\":\"https:\\\/\\\/fieam.org.br\\\/sesi\\\/campanha-carinho-de-verdade-ganha-novos-premios\\\/#breadcrumb\",\"itemListElement\":[{\"@type\":\"ListItem\",\"position\":1,\"name\":\"In\u00edcio\",\"item\":\"https:\\\/\\\/fieam.org.br\\\/sesi\\\/\"},{\"@type\":\"ListItem\",\"position\":2,\"name\":\"Campanha Carinho de Verdade ganha novos pr\u00eamios\"}]},{\"@type\":\"WebSite\",\"@id\":\"https:\\\/\\\/fieam.org.br\\\/sesi\\\/#website\",\"url\":\"https:\\\/\\\/fieam.org.br\\\/sesi\\\/\",\"name\":\"SESI\",\"description\":\"Site Oficial!\",\"publisher\":{\"@id\":\"https:\\\/\\\/fieam.org.br\\\/sesi\\\/#organization\"},\"potentialAction\":[{\"@type\":\"SearchAction\",\"target\":{\"@type\":\"EntryPoint\",\"urlTemplate\":\"https:\\\/\\\/fieam.org.br\\\/sesi\\\/?s={search_term_string}\"},\"query-input\":{\"@type\":\"PropertyValueSpecification\",\"valueRequired\":true,\"valueName\":\"search_term_string\"}}],\"inLanguage\":\"pt-BR\"},{\"@type\":\"Organization\",\"@id\":\"https:\\\/\\\/fieam.org.br\\\/sesi\\\/#organization\",\"name\":\"SESI\",\"url\":\"https:\\\/\\\/fieam.org.br\\\/sesi\\\/\",\"logo\":{\"@type\":\"ImageObject\",\"inLanguage\":\"pt-BR\",\"@id\":\"https:\\\/\\\/fieam.org.br\\\/sesi\\\/#\\\/schema\\\/logo\\\/image\\\/\",\"url\":\"https:\\\/\\\/fieam.org.br\\\/sesi\\\/wp-content\\\/uploads\\\/sites\\\/14\\\/2024\\\/03\\\/cropped-fav.png\",\"contentUrl\":\"https:\\\/\\\/fieam.org.br\\\/sesi\\\/wp-content\\\/uploads\\\/sites\\\/14\\\/2024\\\/03\\\/cropped-fav.png\",\"width\":610,\"height\":589,\"caption\":\"SESI\"},\"image\":{\"@id\":\"https:\\\/\\\/fieam.org.br\\\/sesi\\\/#\\\/schema\\\/logo\\\/image\\\/\"}},{\"@type\":\"Person\",\"@id\":\"https:\\\/\\\/fieam.org.br\\\/sesi\\\/#\\\/schema\\\/person\\\/f54998dd14d5f0695b41444f2b01c31e\",\"name\":\"Autor\",\"image\":{\"@type\":\"ImageObject\",\"inLanguage\":\"pt-BR\",\"@id\":\"https:\\\/\\\/secure.gravatar.com\\\/avatar\\\/3732c223e0e1fad69062a8f770955c9068d37b055204f310a0be18d4069fe380?s=96&d=mm&r=g\",\"url\":\"https:\\\/\\\/secure.gravatar.com\\\/avatar\\\/3732c223e0e1fad69062a8f770955c9068d37b055204f310a0be18d4069fe380?s=96&d=mm&r=g\",\"contentUrl\":\"https:\\\/\\\/secure.gravatar.com\\\/avatar\\\/3732c223e0e1fad69062a8f770955c9068d37b055204f310a0be18d4069fe380?s=96&d=mm&r=g\",\"caption\":\"Autor\"},\"sameAs\":[\"https:\\\/\\\/marketingmassivo.com.br\"],\"url\":\"https:\\\/\\\/fieam.org.br\\\/sesi\\\/author\\\/admin\\\/\"}]}<\/script>\n<!-- \/ Yoast SEO plugin. -->","yoast_head_json":{"title":"Campanha Carinho de Verdade ganha novos pr\u00eamios - SESI","robots":{"index":"index","follow":"follow","max-snippet":"max-snippet:-1","max-image-preview":"max-image-preview:large","max-video-preview":"max-video-preview:-1"},"canonical":"https:\/\/fieam.org.br\/sesi\/campanha-carinho-de-verdade-ganha-novos-premios\/","og_locale":"pt_BR","og_type":"article","og_title":"Campanha Carinho de Verdade ganha novos pr\u00eamios - SESI","og_description":"As a\u00e7\u00f5es inovadoras da campanha Carinho de Verdade, iniciativa do Conselho Nacional do SESI contra a explora\u00e7\u00e3o sexual de crian\u00e7as e adolescentes, t\u00eam conquistado o reconhecimento do mercado publicit\u00e1rio, a n\u00edvel nacional e internacional. Al\u00e9m de ter sido premiada nos maiores festivais de publicidade do mundo \u2013 Cannes, Nova Iorque, Clio Awards e INFOCCOM 2011, [&hellip;]","og_url":"https:\/\/fieam.org.br\/sesi\/campanha-carinho-de-verdade-ganha-novos-premios\/","og_site_name":"SESI","article_published_time":"2011-11-17T14:03:49+00:00","og_image":[{"width":200,"height":200,"url":"https:\/\/fieam.org.br\/sesi\/wp-content\/uploads\/sites\/14\/2011\/11\/Carinho-de-Verdade.jpg","type":"image\/jpeg"}],"author":"Autor","twitter_card":"summary_large_image","twitter_misc":{"Escrito por":"Autor","Est. tempo de leitura":"2 minutos"},"schema":{"@context":"https:\/\/schema.org","@graph":[{"@type":"Article","@id":"https:\/\/fieam.org.br\/sesi\/campanha-carinho-de-verdade-ganha-novos-premios\/#article","isPartOf":{"@id":"https:\/\/fieam.org.br\/sesi\/campanha-carinho-de-verdade-ganha-novos-premios\/"},"author":{"name":"Autor","@id":"https:\/\/fieam.org.br\/sesi\/#\/schema\/person\/f54998dd14d5f0695b41444f2b01c31e"},"headline":"Campanha Carinho de Verdade ganha novos pr\u00eamios","datePublished":"2011-11-17T14:03:49+00:00","mainEntityOfPage":{"@id":"https:\/\/fieam.org.br\/sesi\/campanha-carinho-de-verdade-ganha-novos-premios\/"},"wordCount":355,"commentCount":0,"publisher":{"@id":"https:\/\/fieam.org.br\/sesi\/#organization"},"image":{"@id":"https:\/\/fieam.org.br\/sesi\/campanha-carinho-de-verdade-ganha-novos-premios\/#primaryimage"},"thumbnailUrl":"http:\/\/www.fieam.org.br\/site\/sesi\/files\/2011\/11\/Carinho-de-Verdade.jpg","articleSection":["News"],"inLanguage":"pt-BR","potentialAction":[{"@type":"CommentAction","name":"Comment","target":["https:\/\/fieam.org.br\/sesi\/campanha-carinho-de-verdade-ganha-novos-premios\/#respond"]}]},{"@type":"WebPage","@id":"https:\/\/fieam.org.br\/sesi\/campanha-carinho-de-verdade-ganha-novos-premios\/","url":"https:\/\/fieam.org.br\/sesi\/campanha-carinho-de-verdade-ganha-novos-premios\/","name":"Campanha Carinho de Verdade ganha novos pr\u00eamios - SESI","isPartOf":{"@id":"https:\/\/fieam.org.br\/sesi\/#website"},"primaryImageOfPage":{"@id":"https:\/\/fieam.org.br\/sesi\/campanha-carinho-de-verdade-ganha-novos-premios\/#primaryimage"},"image":{"@id":"https:\/\/fieam.org.br\/sesi\/campanha-carinho-de-verdade-ganha-novos-premios\/#primaryimage"},"thumbnailUrl":"http:\/\/www.fieam.org.br\/site\/sesi\/files\/2011\/11\/Carinho-de-Verdade.jpg","datePublished":"2011-11-17T14:03:49+00:00","breadcrumb":{"@id":"https:\/\/fieam.org.br\/sesi\/campanha-carinho-de-verdade-ganha-novos-premios\/#breadcrumb"},"inLanguage":"pt-BR","potentialAction":[{"@type":"ReadAction","target":["https:\/\/fieam.org.br\/sesi\/campanha-carinho-de-verdade-ganha-novos-premios\/"]}]},{"@type":"ImageObject","inLanguage":"pt-BR","@id":"https:\/\/fieam.org.br\/sesi\/campanha-carinho-de-verdade-ganha-novos-premios\/#primaryimage","url":"http:\/\/www.fieam.org.br\/site\/sesi\/files\/2011\/11\/Carinho-de-Verdade.jpg","contentUrl":"http:\/\/www.fieam.org.br\/site\/sesi\/files\/2011\/11\/Carinho-de-Verdade.jpg"},{"@type":"BreadcrumbList","@id":"https:\/\/fieam.org.br\/sesi\/campanha-carinho-de-verdade-ganha-novos-premios\/#breadcrumb","itemListElement":[{"@type":"ListItem","position":1,"name":"In\u00edcio","item":"https:\/\/fieam.org.br\/sesi\/"},{"@type":"ListItem","position":2,"name":"Campanha Carinho de Verdade ganha novos pr\u00eamios"}]},{"@type":"WebSite","@id":"https:\/\/fieam.org.br\/sesi\/#website","url":"https:\/\/fieam.org.br\/sesi\/","name":"SESI","description":"Site Oficial!","publisher":{"@id":"https:\/\/fieam.org.br\/sesi\/#organization"},"potentialAction":[{"@type":"SearchAction","target":{"@type":"EntryPoint","urlTemplate":"https:\/\/fieam.org.br\/sesi\/?s={search_term_string}"},"query-input":{"@type":"PropertyValueSpecification","valueRequired":true,"valueName":"search_term_string"}}],"inLanguage":"pt-BR"},{"@type":"Organization","@id":"https:\/\/fieam.org.br\/sesi\/#organization","name":"SESI","url":"https:\/\/fieam.org.br\/sesi\/","logo":{"@type":"ImageObject","inLanguage":"pt-BR","@id":"https:\/\/fieam.org.br\/sesi\/#\/schema\/logo\/image\/","url":"https:\/\/fieam.org.br\/sesi\/wp-content\/uploads\/sites\/14\/2024\/03\/cropped-fav.png","contentUrl":"https:\/\/fieam.org.br\/sesi\/wp-content\/uploads\/sites\/14\/2024\/03\/cropped-fav.png","width":610,"height":589,"caption":"SESI"},"image":{"@id":"https:\/\/fieam.org.br\/sesi\/#\/schema\/logo\/image\/"}},{"@type":"Person","@id":"https:\/\/fieam.org.br\/sesi\/#\/schema\/person\/f54998dd14d5f0695b41444f2b01c31e","name":"Autor","image":{"@type":"ImageObject","inLanguage":"pt-BR","@id":"https:\/\/secure.gravatar.com\/avatar\/3732c223e0e1fad69062a8f770955c9068d37b055204f310a0be18d4069fe380?s=96&d=mm&r=g","url":"https:\/\/secure.gravatar.com\/avatar\/3732c223e0e1fad69062a8f770955c9068d37b055204f310a0be18d4069fe380?s=96&d=mm&r=g","contentUrl":"https:\/\/secure.gravatar.com\/avatar\/3732c223e0e1fad69062a8f770955c9068d37b055204f310a0be18d4069fe380?s=96&d=mm&r=g","caption":"Autor"},"sameAs":["https:\/\/marketingmassivo.com.br"],"url":"https:\/\/fieam.org.br\/sesi\/author\/admin\/"}]}},"_links":{"self":[{"href":"https:\/\/fieam.org.br\/sesi\/wp-json\/wp\/v2\/posts\/2265","targetHints":{"allow":["GET"]}}],"collection":[{"href":"https:\/\/fieam.org.br\/sesi\/wp-json\/wp\/v2\/posts"}],"about":[{"href":"https:\/\/fieam.org.br\/sesi\/wp-json\/wp\/v2\/types\/post"}],"author":[{"embeddable":true,"href":"https:\/\/fieam.org.br\/sesi\/wp-json\/wp\/v2\/users\/1"}],"replies":[{"embeddable":true,"href":"https:\/\/fieam.org.br\/sesi\/wp-json\/wp\/v2\/comments?post=2265"}],"version-history":[{"count":0,"href":"https:\/\/fieam.org.br\/sesi\/wp-json\/wp\/v2\/posts\/2265\/revisions"}],"wp:attachment":[{"href":"https:\/\/fieam.org.br\/sesi\/wp-json\/wp\/v2\/media?parent=2265"}],"wp:term":[{"taxonomy":"category","embeddable":true,"href":"https:\/\/fieam.org.br\/sesi\/wp-json\/wp\/v2\/categories?post=2265"},{"taxonomy":"post_tag","embeddable":true,"href":"https:\/\/fieam.org.br\/sesi\/wp-json\/wp\/v2\/tags?post=2265"}],"curies":[{"name":"wp","href":"https:\/\/api.w.org\/{rel}","templated":true}]}}