{"id":2238,"date":"2011-11-14T15:07:19","date_gmt":"2011-11-14T15:07:19","guid":{"rendered":"http:\/\/www.fieam.org.br\/site\/sesi\/?p=2238"},"modified":"2011-11-14T15:07:19","modified_gmt":"2011-11-14T15:07:19","slug":"escolas-do-sesi-vao-ensinar-sobre-financas-aos-alunos","status":"publish","type":"post","link":"https:\/\/fieam.org.br\/sesi\/escolas-do-sesi-vao-ensinar-sobre-financas-aos-alunos\/","title":{"rendered":"Escolas do SESI v\u00e3o ensinar sobre finan\u00e7as aos alunos"},"content":{"rendered":"<p>&nbsp;<\/p>\n<figure id=\"attachment_2240\" aria-describedby=\"caption-attachment-2240\" style=\"width: 300px\" class=\"wp-caption alignleft\"><span style=\"font-size: small\"><a href=\"http:\/\/www.fieam.org.br\/site\/sesi\/files\/2011\/11\/Cerca-de-50-professores-participaram-do-treinamento.jpg\"><img fetchpriority=\"high\" decoding=\"async\" class=\"size-medium wp-image-2240\" src=\"http:\/\/www.fieam.org.br\/site\/sesi\/files\/2011\/11\/Cerca-de-50-professores-participaram-do-treinamento-300x200.jpg\" alt=\"Cerca de 50 professores participaram do treinamento\" width=\"300\" height=\"200\" srcset=\"https:\/\/fieam.org.br\/sesi\/wp-content\/uploads\/sites\/14\/2011\/11\/Cerca-de-50-professores-participaram-do-treinamento-300x200.jpg 300w, https:\/\/fieam.org.br\/sesi\/wp-content\/uploads\/sites\/14\/2011\/11\/Cerca-de-50-professores-participaram-do-treinamento.jpg 640w\" sizes=\"(max-width: 300px) 100vw, 300px\" \/><\/a><\/span><figcaption id=\"caption-attachment-2240\" class=\"wp-caption-text\">Cerca de 50 professores participaram do treinamento<\/figcaption><\/figure>\n<p><span style=\"font-size: small\">Os alunos do ensino infantil e fundamental da Rede SESI de Educa\u00e7\u00e3o ter\u00e3o acesso a Educa\u00e7\u00e3o Financeira, a partir do ano de 2012. A primeira fase da implementa\u00e7\u00e3o do Programa foi realizada no \u00faltimo dia 5 de novembro, no audit\u00f3rio da unidade 8 \u201cDr. Francisco Garcia\u201d, com o treinamento \u201cFinan\u00e7as Pessoais\u201d para cerca de 50 professores da institui\u00e7\u00e3o.<\/span><\/p>\n<p><span style=\"font-size: small\">De acordo com a professora Lizette Coelho, a iniciativa cumpre o decreto presidencial (7.397) de 23 de dezembro de 2010<span style=\"color: #333333\">,<\/span> no qual a Educa\u00e7\u00e3o Financeira passa a ser obrigat\u00f3ria nos curr\u00edculos escolares. \u201cO <span style=\"color: #1f497d\"><a href=\"http:\/\/www.fieam.org.br\/site\/sesi\/institucional\/\" target=\"_blank\" rel=\"noopener\">SESI<\/a><\/span> n\u00e3o est\u00e1 apenas cumprindo a lei, est\u00e1 investindo no futuro de seus alunos. Nossas crian\u00e7as ir\u00e3o aprender desde cedo, o que n\u00f3s adultos n\u00e3o sabemos: poupar, economizar, cuidar de suas finan\u00e7as\u201d, disse.<\/span><\/p>\n<p><span style=\"font-size: small\">A consultoria DRW Academy realiza a capacita\u00e7\u00e3o, por interm\u00e9dio dos instrutores Rodrigo Caminha e Luciana Peixoto. Segundo Luciana, nesse primeiro dia foram cumpridas duas etapas no programa; o treinamento dos professores com o curso de Finan\u00e7as Pessoais e a habilita\u00e7\u00e3o destes para a utiliza\u00e7\u00e3o do material. \u201cO objetivo do curso \u00e9 fazer com que os professores vivenciem a metodologia, mudem o comportamento e desenvolvam novos h\u00e1bitos financeiros. Desta forma eles poder\u00e3o repassar o conhecimento aos seus alunos\u201d, falou.<\/span><\/p>\n<p>&nbsp;<\/p>\n<figure id=\"attachment_2241\" aria-describedby=\"caption-attachment-2241\" style=\"width: 300px\" class=\"wp-caption alignleft\"><span style=\"font-size: small\"><a href=\"http:\/\/www.fieam.org.br\/site\/sesi\/files\/2011\/11\/Professora-Lizett-e-consultores-da-DRW.jpg\"><img decoding=\"async\" class=\"size-medium wp-image-2241\" src=\"http:\/\/www.fieam.org.br\/site\/sesi\/files\/2011\/11\/Professora-Lizett-e-consultores-da-DRW-300x200.jpg\" alt=\"Professora Lizett e consultores da DRW\" width=\"300\" height=\"200\" srcset=\"https:\/\/fieam.org.br\/sesi\/wp-content\/uploads\/sites\/14\/2011\/11\/Professora-Lizett-e-consultores-da-DRW-300x200.jpg 300w, https:\/\/fieam.org.br\/sesi\/wp-content\/uploads\/sites\/14\/2011\/11\/Professora-Lizett-e-consultores-da-DRW.jpg 640w\" sizes=\"(max-width: 300px) 100vw, 300px\" \/><\/a><\/span><figcaption id=\"caption-attachment-2241\" class=\"wp-caption-text\">Professora Lizett e consultores da DRW<\/figcaption><\/figure>\n<p><span style=\"font-size: small\">De acordo com Caminha, a implementa\u00e7\u00e3o da consultoria dura cerca de 20 horas. \u201cA pr\u00f3xima etapa ser\u00e1 de visitas \u00e0s unidades para que se elabore a melhor estrat\u00e9gia de ministra\u00e7\u00e3o dessa disciplina transversal, que poder\u00e1 ser ministrada durante o ano todo ou em um semestre. Isso fica a crit\u00e9rio da escola\u201d, esclareceu. <\/span><\/p>\n<p><span style=\"font-size: small\">\u201cVivemos numa sociedade consumista, na qual muitos valores foram perdidos. Esse programa traz <a name=\"1338fa940f6889e7__GoBack\"><\/a>metodologia nova, no qual junto com a fam\u00edlia, buscaremos resgatar estes valores e ajudar nossas crian\u00e7as a administrarem sua vida financeira\u201d, disse a professora da unidade 7 de Itacoatiara, Rosilene Peres.<\/span><\/p>\n<table class=\"Bs nH iY\" width=\"8\" cellpadding=\"0\">\n<tbody>\n<tr>\n<td class=\"Bu\"><\/td>\n<\/tr>\n<\/tbody>\n<\/table>\n","protected":false},"excerpt":{"rendered":"<p>&nbsp; Os alunos do ensino infantil e fundamental da Rede SESI de Educa\u00e7\u00e3o ter\u00e3o acesso a Educa\u00e7\u00e3o Financeira, a partir do ano de 2012. A primeira fase da implementa\u00e7\u00e3o do Programa foi realizada no \u00faltimo dia 5 de novembro, no audit\u00f3rio da unidade 8 \u201cDr. Francisco Garcia\u201d, com o treinamento \u201cFinan\u00e7as Pessoais\u201d para cerca de [&hellip;]<\/p>\n","protected":false},"author":1,"featured_media":0,"comment_status":"open","ping_status":"open","sticky":false,"template":"","format":"standard","meta":{"footnotes":""},"categories":[25],"tags":[],"class_list":["post-2238","post","type-post","status-publish","format-standard","hentry","category-news"],"yoast_head":"<!-- This site is optimized with the Yoast SEO plugin v28.2 - https:\/\/yoast.com\/product\/yoast-seo-wordpress\/ -->\n<title>Escolas do SESI v\u00e3o ensinar sobre finan\u00e7as aos alunos - SESI<\/title>\n<meta name=\"robots\" content=\"index, follow, max-snippet:-1, max-image-preview:large, max-video-preview:-1\" \/>\n<link rel=\"canonical\" href=\"https:\/\/fieam.org.br\/sesi\/escolas-do-sesi-vao-ensinar-sobre-financas-aos-alunos\/\" \/>\n<meta property=\"og:locale\" content=\"pt_BR\" \/>\n<meta property=\"og:type\" content=\"article\" \/>\n<meta property=\"og:title\" content=\"Escolas do SESI v\u00e3o ensinar sobre finan\u00e7as aos alunos - SESI\" \/>\n<meta property=\"og:description\" content=\"&nbsp; Os alunos do ensino infantil e fundamental da Rede SESI de Educa\u00e7\u00e3o ter\u00e3o acesso a Educa\u00e7\u00e3o Financeira, a partir do ano de 2012. A primeira fase da implementa\u00e7\u00e3o do Programa foi realizada no \u00faltimo dia 5 de novembro, no audit\u00f3rio da unidade 8 \u201cDr. Francisco Garcia\u201d, com o treinamento \u201cFinan\u00e7as Pessoais\u201d para cerca de [&hellip;]\" \/>\n<meta property=\"og:url\" content=\"https:\/\/fieam.org.br\/sesi\/escolas-do-sesi-vao-ensinar-sobre-financas-aos-alunos\/\" \/>\n<meta property=\"og:site_name\" content=\"SESI\" \/>\n<meta property=\"article:published_time\" content=\"2011-11-14T15:07:19+00:00\" \/>\n<meta property=\"og:image\" content=\"https:\/\/fieam.org.br\/sesi\/wp-content\/uploads\/sites\/14\/2011\/11\/Cerca-de-50-professores-participaram-do-treinamento.jpg\" \/>\n\t<meta property=\"og:image:width\" content=\"640\" \/>\n\t<meta property=\"og:image:height\" content=\"427\" \/>\n\t<meta property=\"og:image:type\" content=\"image\/jpeg\" \/>\n<meta name=\"author\" content=\"Autor\" \/>\n<meta name=\"twitter:card\" content=\"summary_large_image\" \/>\n<meta name=\"twitter:label1\" content=\"Escrito por\" \/>\n\t<meta name=\"twitter:data1\" content=\"Autor\" \/>\n\t<meta name=\"twitter:label2\" content=\"Est. tempo de leitura\" \/>\n\t<meta name=\"twitter:data2\" content=\"2 minutos\" \/>\n<script type=\"application\/ld+json\" class=\"yoast-schema-graph\">{\"@context\":\"https:\\\/\\\/schema.org\",\"@graph\":[{\"@type\":\"Article\",\"@id\":\"https:\\\/\\\/fieam.org.br\\\/sesi\\\/escolas-do-sesi-vao-ensinar-sobre-financas-aos-alunos\\\/#article\",\"isPartOf\":{\"@id\":\"https:\\\/\\\/fieam.org.br\\\/sesi\\\/escolas-do-sesi-vao-ensinar-sobre-financas-aos-alunos\\\/\"},\"author\":{\"name\":\"Autor\",\"@id\":\"https:\\\/\\\/fieam.org.br\\\/sesi\\\/#\\\/schema\\\/person\\\/f54998dd14d5f0695b41444f2b01c31e\"},\"headline\":\"Escolas do SESI v\u00e3o ensinar sobre finan\u00e7as aos alunos\",\"datePublished\":\"2011-11-14T15:07:19+00:00\",\"mainEntityOfPage\":{\"@id\":\"https:\\\/\\\/fieam.org.br\\\/sesi\\\/escolas-do-sesi-vao-ensinar-sobre-financas-aos-alunos\\\/\"},\"wordCount\":359,\"commentCount\":0,\"publisher\":{\"@id\":\"https:\\\/\\\/fieam.org.br\\\/sesi\\\/#organization\"},\"image\":{\"@id\":\"https:\\\/\\\/fieam.org.br\\\/sesi\\\/escolas-do-sesi-vao-ensinar-sobre-financas-aos-alunos\\\/#primaryimage\"},\"thumbnailUrl\":\"http:\\\/\\\/www.fieam.org.br\\\/site\\\/sesi\\\/files\\\/2011\\\/11\\\/Cerca-de-50-professores-participaram-do-treinamento-300x200.jpg\",\"articleSection\":[\"News\"],\"inLanguage\":\"pt-BR\",\"potentialAction\":[{\"@type\":\"CommentAction\",\"name\":\"Comment\",\"target\":[\"https:\\\/\\\/fieam.org.br\\\/sesi\\\/escolas-do-sesi-vao-ensinar-sobre-financas-aos-alunos\\\/#respond\"]}]},{\"@type\":\"WebPage\",\"@id\":\"https:\\\/\\\/fieam.org.br\\\/sesi\\\/escolas-do-sesi-vao-ensinar-sobre-financas-aos-alunos\\\/\",\"url\":\"https:\\\/\\\/fieam.org.br\\\/sesi\\\/escolas-do-sesi-vao-ensinar-sobre-financas-aos-alunos\\\/\",\"name\":\"Escolas do SESI v\u00e3o ensinar sobre finan\u00e7as aos alunos - SESI\",\"isPartOf\":{\"@id\":\"https:\\\/\\\/fieam.org.br\\\/sesi\\\/#website\"},\"primaryImageOfPage\":{\"@id\":\"https:\\\/\\\/fieam.org.br\\\/sesi\\\/escolas-do-sesi-vao-ensinar-sobre-financas-aos-alunos\\\/#primaryimage\"},\"image\":{\"@id\":\"https:\\\/\\\/fieam.org.br\\\/sesi\\\/escolas-do-sesi-vao-ensinar-sobre-financas-aos-alunos\\\/#primaryimage\"},\"thumbnailUrl\":\"http:\\\/\\\/www.fieam.org.br\\\/site\\\/sesi\\\/files\\\/2011\\\/11\\\/Cerca-de-50-professores-participaram-do-treinamento-300x200.jpg\",\"datePublished\":\"2011-11-14T15:07:19+00:00\",\"breadcrumb\":{\"@id\":\"https:\\\/\\\/fieam.org.br\\\/sesi\\\/escolas-do-sesi-vao-ensinar-sobre-financas-aos-alunos\\\/#breadcrumb\"},\"inLanguage\":\"pt-BR\",\"potentialAction\":[{\"@type\":\"ReadAction\",\"target\":[\"https:\\\/\\\/fieam.org.br\\\/sesi\\\/escolas-do-sesi-vao-ensinar-sobre-financas-aos-alunos\\\/\"]}]},{\"@type\":\"ImageObject\",\"inLanguage\":\"pt-BR\",\"@id\":\"https:\\\/\\\/fieam.org.br\\\/sesi\\\/escolas-do-sesi-vao-ensinar-sobre-financas-aos-alunos\\\/#primaryimage\",\"url\":\"http:\\\/\\\/www.fieam.org.br\\\/site\\\/sesi\\\/files\\\/2011\\\/11\\\/Cerca-de-50-professores-participaram-do-treinamento-300x200.jpg\",\"contentUrl\":\"http:\\\/\\\/www.fieam.org.br\\\/site\\\/sesi\\\/files\\\/2011\\\/11\\\/Cerca-de-50-professores-participaram-do-treinamento-300x200.jpg\"},{\"@type\":\"BreadcrumbList\",\"@id\":\"https:\\\/\\\/fieam.org.br\\\/sesi\\\/escolas-do-sesi-vao-ensinar-sobre-financas-aos-alunos\\\/#breadcrumb\",\"itemListElement\":[{\"@type\":\"ListItem\",\"position\":1,\"name\":\"In\u00edcio\",\"item\":\"https:\\\/\\\/fieam.org.br\\\/sesi\\\/\"},{\"@type\":\"ListItem\",\"position\":2,\"name\":\"Escolas do SESI v\u00e3o ensinar sobre finan\u00e7as aos alunos\"}]},{\"@type\":\"WebSite\",\"@id\":\"https:\\\/\\\/fieam.org.br\\\/sesi\\\/#website\",\"url\":\"https:\\\/\\\/fieam.org.br\\\/sesi\\\/\",\"name\":\"SESI\",\"description\":\"Site Oficial!\",\"publisher\":{\"@id\":\"https:\\\/\\\/fieam.org.br\\\/sesi\\\/#organization\"},\"potentialAction\":[{\"@type\":\"SearchAction\",\"target\":{\"@type\":\"EntryPoint\",\"urlTemplate\":\"https:\\\/\\\/fieam.org.br\\\/sesi\\\/?s={search_term_string}\"},\"query-input\":{\"@type\":\"PropertyValueSpecification\",\"valueRequired\":true,\"valueName\":\"search_term_string\"}}],\"inLanguage\":\"pt-BR\"},{\"@type\":\"Organization\",\"@id\":\"https:\\\/\\\/fieam.org.br\\\/sesi\\\/#organization\",\"name\":\"SESI\",\"url\":\"https:\\\/\\\/fieam.org.br\\\/sesi\\\/\",\"logo\":{\"@type\":\"ImageObject\",\"inLanguage\":\"pt-BR\",\"@id\":\"https:\\\/\\\/fieam.org.br\\\/sesi\\\/#\\\/schema\\\/logo\\\/image\\\/\",\"url\":\"https:\\\/\\\/fieam.org.br\\\/sesi\\\/wp-content\\\/uploads\\\/sites\\\/14\\\/2024\\\/03\\\/cropped-fav.png\",\"contentUrl\":\"https:\\\/\\\/fieam.org.br\\\/sesi\\\/wp-content\\\/uploads\\\/sites\\\/14\\\/2024\\\/03\\\/cropped-fav.png\",\"width\":610,\"height\":589,\"caption\":\"SESI\"},\"image\":{\"@id\":\"https:\\\/\\\/fieam.org.br\\\/sesi\\\/#\\\/schema\\\/logo\\\/image\\\/\"}},{\"@type\":\"Person\",\"@id\":\"https:\\\/\\\/fieam.org.br\\\/sesi\\\/#\\\/schema\\\/person\\\/f54998dd14d5f0695b41444f2b01c31e\",\"name\":\"Autor\",\"image\":{\"@type\":\"ImageObject\",\"inLanguage\":\"pt-BR\",\"@id\":\"https:\\\/\\\/secure.gravatar.com\\\/avatar\\\/3732c223e0e1fad69062a8f770955c9068d37b055204f310a0be18d4069fe380?s=96&d=mm&r=g\",\"url\":\"https:\\\/\\\/secure.gravatar.com\\\/avatar\\\/3732c223e0e1fad69062a8f770955c9068d37b055204f310a0be18d4069fe380?s=96&d=mm&r=g\",\"contentUrl\":\"https:\\\/\\\/secure.gravatar.com\\\/avatar\\\/3732c223e0e1fad69062a8f770955c9068d37b055204f310a0be18d4069fe380?s=96&d=mm&r=g\",\"caption\":\"Autor\"},\"sameAs\":[\"https:\\\/\\\/marketingmassivo.com.br\"],\"url\":\"https:\\\/\\\/fieam.org.br\\\/sesi\\\/author\\\/admin\\\/\"}]}<\/script>\n<!-- \/ Yoast SEO plugin. -->","yoast_head_json":{"title":"Escolas do SESI v\u00e3o ensinar sobre finan\u00e7as aos alunos - SESI","robots":{"index":"index","follow":"follow","max-snippet":"max-snippet:-1","max-image-preview":"max-image-preview:large","max-video-preview":"max-video-preview:-1"},"canonical":"https:\/\/fieam.org.br\/sesi\/escolas-do-sesi-vao-ensinar-sobre-financas-aos-alunos\/","og_locale":"pt_BR","og_type":"article","og_title":"Escolas do SESI v\u00e3o ensinar sobre finan\u00e7as aos alunos - SESI","og_description":"&nbsp; Os alunos do ensino infantil e fundamental da Rede SESI de Educa\u00e7\u00e3o ter\u00e3o acesso a Educa\u00e7\u00e3o Financeira, a partir do ano de 2012. A primeira fase da implementa\u00e7\u00e3o do Programa foi realizada no \u00faltimo dia 5 de novembro, no audit\u00f3rio da unidade 8 \u201cDr. Francisco Garcia\u201d, com o treinamento \u201cFinan\u00e7as Pessoais\u201d para cerca de [&hellip;]","og_url":"https:\/\/fieam.org.br\/sesi\/escolas-do-sesi-vao-ensinar-sobre-financas-aos-alunos\/","og_site_name":"SESI","article_published_time":"2011-11-14T15:07:19+00:00","og_image":[{"width":640,"height":427,"url":"https:\/\/fieam.org.br\/sesi\/wp-content\/uploads\/sites\/14\/2011\/11\/Cerca-de-50-professores-participaram-do-treinamento.jpg","type":"image\/jpeg"}],"author":"Autor","twitter_card":"summary_large_image","twitter_misc":{"Escrito por":"Autor","Est. tempo de leitura":"2 minutos"},"schema":{"@context":"https:\/\/schema.org","@graph":[{"@type":"Article","@id":"https:\/\/fieam.org.br\/sesi\/escolas-do-sesi-vao-ensinar-sobre-financas-aos-alunos\/#article","isPartOf":{"@id":"https:\/\/fieam.org.br\/sesi\/escolas-do-sesi-vao-ensinar-sobre-financas-aos-alunos\/"},"author":{"name":"Autor","@id":"https:\/\/fieam.org.br\/sesi\/#\/schema\/person\/f54998dd14d5f0695b41444f2b01c31e"},"headline":"Escolas do SESI v\u00e3o ensinar sobre finan\u00e7as aos alunos","datePublished":"2011-11-14T15:07:19+00:00","mainEntityOfPage":{"@id":"https:\/\/fieam.org.br\/sesi\/escolas-do-sesi-vao-ensinar-sobre-financas-aos-alunos\/"},"wordCount":359,"commentCount":0,"publisher":{"@id":"https:\/\/fieam.org.br\/sesi\/#organization"},"image":{"@id":"https:\/\/fieam.org.br\/sesi\/escolas-do-sesi-vao-ensinar-sobre-financas-aos-alunos\/#primaryimage"},"thumbnailUrl":"http:\/\/www.fieam.org.br\/site\/sesi\/files\/2011\/11\/Cerca-de-50-professores-participaram-do-treinamento-300x200.jpg","articleSection":["News"],"inLanguage":"pt-BR","potentialAction":[{"@type":"CommentAction","name":"Comment","target":["https:\/\/fieam.org.br\/sesi\/escolas-do-sesi-vao-ensinar-sobre-financas-aos-alunos\/#respond"]}]},{"@type":"WebPage","@id":"https:\/\/fieam.org.br\/sesi\/escolas-do-sesi-vao-ensinar-sobre-financas-aos-alunos\/","url":"https:\/\/fieam.org.br\/sesi\/escolas-do-sesi-vao-ensinar-sobre-financas-aos-alunos\/","name":"Escolas do SESI v\u00e3o ensinar sobre finan\u00e7as aos alunos - SESI","isPartOf":{"@id":"https:\/\/fieam.org.br\/sesi\/#website"},"primaryImageOfPage":{"@id":"https:\/\/fieam.org.br\/sesi\/escolas-do-sesi-vao-ensinar-sobre-financas-aos-alunos\/#primaryimage"},"image":{"@id":"https:\/\/fieam.org.br\/sesi\/escolas-do-sesi-vao-ensinar-sobre-financas-aos-alunos\/#primaryimage"},"thumbnailUrl":"http:\/\/www.fieam.org.br\/site\/sesi\/files\/2011\/11\/Cerca-de-50-professores-participaram-do-treinamento-300x200.jpg","datePublished":"2011-11-14T15:07:19+00:00","breadcrumb":{"@id":"https:\/\/fieam.org.br\/sesi\/escolas-do-sesi-vao-ensinar-sobre-financas-aos-alunos\/#breadcrumb"},"inLanguage":"pt-BR","potentialAction":[{"@type":"ReadAction","target":["https:\/\/fieam.org.br\/sesi\/escolas-do-sesi-vao-ensinar-sobre-financas-aos-alunos\/"]}]},{"@type":"ImageObject","inLanguage":"pt-BR","@id":"https:\/\/fieam.org.br\/sesi\/escolas-do-sesi-vao-ensinar-sobre-financas-aos-alunos\/#primaryimage","url":"http:\/\/www.fieam.org.br\/site\/sesi\/files\/2011\/11\/Cerca-de-50-professores-participaram-do-treinamento-300x200.jpg","contentUrl":"http:\/\/www.fieam.org.br\/site\/sesi\/files\/2011\/11\/Cerca-de-50-professores-participaram-do-treinamento-300x200.jpg"},{"@type":"BreadcrumbList","@id":"https:\/\/fieam.org.br\/sesi\/escolas-do-sesi-vao-ensinar-sobre-financas-aos-alunos\/#breadcrumb","itemListElement":[{"@type":"ListItem","position":1,"name":"In\u00edcio","item":"https:\/\/fieam.org.br\/sesi\/"},{"@type":"ListItem","position":2,"name":"Escolas do SESI v\u00e3o ensinar sobre finan\u00e7as aos alunos"}]},{"@type":"WebSite","@id":"https:\/\/fieam.org.br\/sesi\/#website","url":"https:\/\/fieam.org.br\/sesi\/","name":"SESI","description":"Site Oficial!","publisher":{"@id":"https:\/\/fieam.org.br\/sesi\/#organization"},"potentialAction":[{"@type":"SearchAction","target":{"@type":"EntryPoint","urlTemplate":"https:\/\/fieam.org.br\/sesi\/?s={search_term_string}"},"query-input":{"@type":"PropertyValueSpecification","valueRequired":true,"valueName":"search_term_string"}}],"inLanguage":"pt-BR"},{"@type":"Organization","@id":"https:\/\/fieam.org.br\/sesi\/#organization","name":"SESI","url":"https:\/\/fieam.org.br\/sesi\/","logo":{"@type":"ImageObject","inLanguage":"pt-BR","@id":"https:\/\/fieam.org.br\/sesi\/#\/schema\/logo\/image\/","url":"https:\/\/fieam.org.br\/sesi\/wp-content\/uploads\/sites\/14\/2024\/03\/cropped-fav.png","contentUrl":"https:\/\/fieam.org.br\/sesi\/wp-content\/uploads\/sites\/14\/2024\/03\/cropped-fav.png","width":610,"height":589,"caption":"SESI"},"image":{"@id":"https:\/\/fieam.org.br\/sesi\/#\/schema\/logo\/image\/"}},{"@type":"Person","@id":"https:\/\/fieam.org.br\/sesi\/#\/schema\/person\/f54998dd14d5f0695b41444f2b01c31e","name":"Autor","image":{"@type":"ImageObject","inLanguage":"pt-BR","@id":"https:\/\/secure.gravatar.com\/avatar\/3732c223e0e1fad69062a8f770955c9068d37b055204f310a0be18d4069fe380?s=96&d=mm&r=g","url":"https:\/\/secure.gravatar.com\/avatar\/3732c223e0e1fad69062a8f770955c9068d37b055204f310a0be18d4069fe380?s=96&d=mm&r=g","contentUrl":"https:\/\/secure.gravatar.com\/avatar\/3732c223e0e1fad69062a8f770955c9068d37b055204f310a0be18d4069fe380?s=96&d=mm&r=g","caption":"Autor"},"sameAs":["https:\/\/marketingmassivo.com.br"],"url":"https:\/\/fieam.org.br\/sesi\/author\/admin\/"}]}},"_links":{"self":[{"href":"https:\/\/fieam.org.br\/sesi\/wp-json\/wp\/v2\/posts\/2238","targetHints":{"allow":["GET"]}}],"collection":[{"href":"https:\/\/fieam.org.br\/sesi\/wp-json\/wp\/v2\/posts"}],"about":[{"href":"https:\/\/fieam.org.br\/sesi\/wp-json\/wp\/v2\/types\/post"}],"author":[{"embeddable":true,"href":"https:\/\/fieam.org.br\/sesi\/wp-json\/wp\/v2\/users\/1"}],"replies":[{"embeddable":true,"href":"https:\/\/fieam.org.br\/sesi\/wp-json\/wp\/v2\/comments?post=2238"}],"version-history":[{"count":0,"href":"https:\/\/fieam.org.br\/sesi\/wp-json\/wp\/v2\/posts\/2238\/revisions"}],"wp:attachment":[{"href":"https:\/\/fieam.org.br\/sesi\/wp-json\/wp\/v2\/media?parent=2238"}],"wp:term":[{"taxonomy":"category","embeddable":true,"href":"https:\/\/fieam.org.br\/sesi\/wp-json\/wp\/v2\/categories?post=2238"},{"taxonomy":"post_tag","embeddable":true,"href":"https:\/\/fieam.org.br\/sesi\/wp-json\/wp\/v2\/tags?post=2238"}],"curies":[{"name":"wp","href":"https:\/\/api.w.org\/{rel}","templated":true}]}}